{"id":65989,"date":"2021-05-03T17:15:42","date_gmt":"2021-05-03T16:15:42","guid":{"rendered":"https:\/\/www.altominho.tv\/site\/?p=65989"},"modified":"2021-05-03T17:15:47","modified_gmt":"2021-05-03T16:15:47","slug":"indice-de-transmissibilidade-rt-e-incidencia-voltam-a-descer-em-portugal","status":"publish","type":"post","link":"https:\/\/www.altominho.tv\/site\/2021\/05\/03\/indice-de-transmissibilidade-rt-e-incidencia-voltam-a-descer-em-portugal\/","title":{"rendered":"\u00cdndice de transmissibilidade (Rt) e incid\u00eancia voltam a descer em Portugal"},"content":{"rendered":"\n<p>O \u00edndice de transmissibilidade (Rt) do coronav\u00edrus SARS-Cov-2 em Portugal desceu hoje para 0,96 assim como a incid\u00eancia de casos de infe\u00e7\u00e3o por 100.000 habitantes nos \u00faltimos 14 dias que \u00e9 agora de 64,4 segundo dados hoje divulgados.<\/p>\n\n\n\n<p>Os n\u00fameros anteriores destes indicadores, divulgados na sexta-feira, indicavam um Rt de 0,98 e uma incid\u00eancia de 66,9 casos por 100.000 habitantes.<\/p>\n\n\n\n<p>No boletim epidemiol\u00f3gico conjunto da Dire\u00e7\u00e3o-Geral de Sa\u00fade e do Instituto Nacional de Sa\u00fade Doutor Ricardo Jorge (INSA) divulgado hoje, os n\u00fameros relativos apenas a Portugal continental revelam que o Rt tamb\u00e9m desceu de 0,98 para 0,96 sendo tamb\u00e9m registada uma descida de 64,3 para 62,0 em rela\u00e7\u00e3o ao valor m\u00e9dio de novos casos de infe\u00e7\u00e3o por 100.000 habitantes nos \u00faltimos 14 dias.<\/p>\n\n\n\n<p>Estes indicadores \u2013 o \u00edndice de transmissibilidade do v\u00edrus e a taxa de incid\u00eancia de novos casos de covid-19 \u2013 s\u00e3o os dois crit\u00e9rios definidos pelo Governo para a avalia\u00e7\u00e3o continua que est\u00e1 a ser feita do processo de desconfinamento que se iniciou a 15 de mar\u00e7o.<\/p>\n\n\n\n<p>A pandemia de covid-19 provocou, pelo menos, 3.203.937 mortos no mundo, resultantes de mais de 152,7 milh\u00f5es de casos de infe\u00e7\u00e3o, segundo um balan\u00e7o feito pela ag\u00eancia francesa AFP.<\/p>\n\n\n\n<p>Em Portugal, morreram&nbsp; 16.977 pessoas dos 837.457 casos de infe\u00e7\u00e3o confirmados, de acordo com o boletim mais recente da Dire\u00e7\u00e3o-Geral da Sa\u00fade.<\/p>\n\n\n\n<p>A doen\u00e7a \u00e9 transmitida por um novo coronav\u00edrus detetado no final de 2019, em Wuhan, uma cidade do centro da China.<\/p>\n","protected":false},"excerpt":{"rendered":"<p>O \u00edndice de transmissibilidade (Rt) do coronav\u00edrus SARS-Cov-2 em Portugal desceu hoje para 0,96 assim como a incid\u00eancia de casos de infe\u00e7\u00e3o por 100.000 habitantes nos \u00faltimos 14 dias que \u00e9 agora de 64,4 segundo dados hoje divulgados. Os n\u00fameros anteriores destes indicadores, divulgados na sexta-feira, indicavam um Rt de 0,98 e uma incid\u00eancia de [&hellip;]<\/p>\n","protected":false},"author":16,"featured_media":65990,"comment_status":"closed","ping_status":"closed","sticky":false,"template":"","format":"standard","meta":{"_exactmetrics_skip_tracking":false,"_exactmetrics_sitenote_active":false,"_exactmetrics_sitenote_note":"","_exactmetrics_sitenote_category":0,"footnotes":""},"categories":[42722],"tags":[26],"class_list":["post-65989","post","type-post","status-publish","format-standard","has-post-thumbnail","hentry","category-covid-19","tag-saude"],"yoast_head":"<!-- This site is optimized with the Yoast SEO Premium plugin v27.4 (Yoast SEO v27.4) - https:\/\/yoast.com\/product\/yoast-seo-premium-wordpress\/ -->\n<title>\u00cdndice de transmissibilidade (Rt) e incid\u00eancia voltam a descer em Portugal<\/title>\n<meta name=\"robots\" content=\"index, follow, max-snippet:-1, max-image-preview:large, max-video-preview:-1\" \/>\n<link rel=\"canonical\" href=\"https:\/\/www.altominho.tv\/site\/2021\/05\/03\/indice-de-transmissibilidade-rt-e-incidencia-voltam-a-descer-em-portugal\/\" \/>\n<meta property=\"og:locale\" content=\"pt_PT\" \/>\n<meta property=\"og:type\" content=\"article\" \/>\n<meta property=\"og:title\" content=\"\u00cdndice de transmissibilidade (Rt) e incid\u00eancia voltam a descer em Portugal\" \/>\n<meta property=\"og:description\" content=\"O \u00edndice de transmissibilidade (Rt) do coronav\u00edrus SARS-Cov-2 em Portugal desceu hoje para 0,96 assim como a incid\u00eancia de casos de infe\u00e7\u00e3o por 100.000 habitantes nos \u00faltimos 14 dias que \u00e9 agora de 64,4 segundo dados hoje divulgados. Os n\u00fameros anteriores destes indicadores, divulgados na sexta-feira, indicavam um Rt de 0,98 e uma incid\u00eancia de [&hellip;]\" \/>\n<meta property=\"og:url\" content=\"https:\/\/www.altominho.tv\/site\/2021\/05\/03\/indice-de-transmissibilidade-rt-e-incidencia-voltam-a-descer-em-portugal\/\" \/>\n<meta property=\"og:site_name\" content=\"Altominho.tv\" \/>\n<meta property=\"article:publisher\" content=\"https:\/\/www.facebook.com\/altominhotv\" \/>\n<meta property=\"article:published_time\" content=\"2021-05-03T16:15:42+00:00\" \/>\n<meta property=\"article:modified_time\" content=\"2021-05-03T16:15:47+00:00\" \/>\n<meta property=\"og:image\" content=\"https:\/\/www.altominho.tv\/site\/wp-content\/uploads\/2021\/05\/covid11.jpg\" \/>\n\t<meta property=\"og:image:width\" content=\"900\" \/>\n\t<meta property=\"og:image:height\" content=\"508\" \/>\n\t<meta property=\"og:image:type\" content=\"image\/jpeg\" \/>\n<meta name=\"author\" content=\"Andreia Cunha | Lusa\" \/>\n<meta name=\"twitter:card\" content=\"summary_large_image\" \/>\n<meta name=\"twitter:creator\" content=\"@altominhoTV\" \/>\n<meta name=\"twitter:site\" content=\"@altominhoTV\" \/>\n<meta name=\"twitter:label1\" content=\"Escrito por\" \/>\n\t<meta name=\"twitter:data1\" content=\"Andreia Cunha | Lusa\" \/>\n\t<meta name=\"twitter:label2\" content=\"Tempo estimado de leitura\" \/>\n\t<meta name=\"twitter:data2\" content=\"1 minuto\" \/>\n<script type=\"application\/ld+json\" class=\"yoast-schema-graph\">{\"@context\":\"https:\\\/\\\/schema.org\",\"@graph\":[{\"@type\":\"Article\",\"@id\":\"https:\\\/\\\/www.altominho.tv\\\/site\\\/2021\\\/05\\\/03\\\/indice-de-transmissibilidade-rt-e-incidencia-voltam-a-descer-em-portugal\\\/#article\",\"isPartOf\":{\"@id\":\"https:\\\/\\\/www.altominho.tv\\\/site\\\/2021\\\/05\\\/03\\\/indice-de-transmissibilidade-rt-e-incidencia-voltam-a-descer-em-portugal\\\/\"},\"author\":{\"name\":\"Andreia Cunha | Lusa\",\"@id\":\"https:\\\/\\\/www.altominho.tv\\\/site\\\/#\\\/schema\\\/person\\\/dbaf181c01b51ff40c9f461a905d321e\"},\"headline\":\"\u00cdndice de transmissibilidade (Rt) e incid\u00eancia voltam a descer em Portugal\",\"datePublished\":\"2021-05-03T16:15:42+00:00\",\"dateModified\":\"2021-05-03T16:15:47+00:00\",\"mainEntityOfPage\":{\"@id\":\"https:\\\/\\\/www.altominho.tv\\\/site\\\/2021\\\/05\\\/03\\\/indice-de-transmissibilidade-rt-e-incidencia-voltam-a-descer-em-portugal\\\/\"},\"wordCount\":262,\"image\":{\"@id\":\"https:\\\/\\\/www.altominho.tv\\\/site\\\/2021\\\/05\\\/03\\\/indice-de-transmissibilidade-rt-e-incidencia-voltam-a-descer-em-portugal\\\/#primaryimage\"},\"thumbnailUrl\":\"https:\\\/\\\/www.altominho.tv\\\/site\\\/wp-content\\\/uploads\\\/2021\\\/05\\\/covid11.jpg\",\"keywords\":[\"Sa\u00fade\"],\"articleSection\":[\"Coronav\u00edrus\"],\"inLanguage\":\"pt-PT\",\"copyrightYear\":\"2021\",\"copyrightHolder\":{\"@id\":\"https:\\\/\\\/www.altominho.tv\\\/site\\\/#organization\"}},{\"@type\":\"WebPage\",\"@id\":\"https:\\\/\\\/www.altominho.tv\\\/site\\\/2021\\\/05\\\/03\\\/indice-de-transmissibilidade-rt-e-incidencia-voltam-a-descer-em-portugal\\\/\",\"url\":\"https:\\\/\\\/www.altominho.tv\\\/site\\\/2021\\\/05\\\/03\\\/indice-de-transmissibilidade-rt-e-incidencia-voltam-a-descer-em-portugal\\\/\",\"name\":\"\u00cdndice de transmissibilidade (Rt) e incid\u00eancia voltam a descer em Portugal\",\"isPartOf\":{\"@id\":\"https:\\\/\\\/www.altominho.tv\\\/site\\\/#website\"},\"primaryImageOfPage\":{\"@id\":\"https:\\\/\\\/www.altominho.tv\\\/site\\\/2021\\\/05\\\/03\\\/indice-de-transmissibilidade-rt-e-incidencia-voltam-a-descer-em-portugal\\\/#primaryimage\"},\"image\":{\"@id\":\"https:\\\/\\\/www.altominho.tv\\\/site\\\/2021\\\/05\\\/03\\\/indice-de-transmissibilidade-rt-e-incidencia-voltam-a-descer-em-portugal\\\/#primaryimage\"},\"thumbnailUrl\":\"https:\\\/\\\/www.altominho.tv\\\/site\\\/wp-content\\\/uploads\\\/2021\\\/05\\\/covid11.jpg\",\"datePublished\":\"2021-05-03T16:15:42+00:00\",\"dateModified\":\"2021-05-03T16:15:47+00:00\",\"author\":{\"@id\":\"https:\\\/\\\/www.altominho.tv\\\/site\\\/#\\\/schema\\\/person\\\/dbaf181c01b51ff40c9f461a905d321e\"},\"breadcrumb\":{\"@id\":\"https:\\\/\\\/www.altominho.tv\\\/site\\\/2021\\\/05\\\/03\\\/indice-de-transmissibilidade-rt-e-incidencia-voltam-a-descer-em-portugal\\\/#breadcrumb\"},\"inLanguage\":\"pt-PT\",\"potentialAction\":[{\"@type\":\"ReadAction\",\"target\":[\"https:\\\/\\\/www.altominho.tv\\\/site\\\/2021\\\/05\\\/03\\\/indice-de-transmissibilidade-rt-e-incidencia-voltam-a-descer-em-portugal\\\/\"]}]},{\"@type\":\"ImageObject\",\"inLanguage\":\"pt-PT\",\"@id\":\"https:\\\/\\\/www.altominho.tv\\\/site\\\/2021\\\/05\\\/03\\\/indice-de-transmissibilidade-rt-e-incidencia-voltam-a-descer-em-portugal\\\/#primaryimage\",\"url\":\"https:\\\/\\\/www.altominho.tv\\\/site\\\/wp-content\\\/uploads\\\/2021\\\/05\\\/covid11.jpg\",\"contentUrl\":\"https:\\\/\\\/www.altominho.tv\\\/site\\\/wp-content\\\/uploads\\\/2021\\\/05\\\/covid11.jpg\",\"width\":900,\"height\":508},{\"@type\":\"BreadcrumbList\",\"@id\":\"https:\\\/\\\/www.altominho.tv\\\/site\\\/2021\\\/05\\\/03\\\/indice-de-transmissibilidade-rt-e-incidencia-voltam-a-descer-em-portugal\\\/#breadcrumb\",\"itemListElement\":[{\"@type\":\"ListItem\",\"position\":1,\"name\":\"In\u00edcio\",\"item\":\"https:\\\/\\\/www.altominho.tv\\\/site\\\/\"},{\"@type\":\"ListItem\",\"position\":2,\"name\":\"\u00cdndice de transmissibilidade (Rt) e incid\u00eancia voltam a descer em Portugal\"}]},{\"@type\":\"WebSite\",\"@id\":\"https:\\\/\\\/www.altominho.tv\\\/site\\\/#website\",\"url\":\"https:\\\/\\\/www.altominho.tv\\\/site\\\/\",\"name\":\"Altominho.tv\",\"description\":\"A sua regi\u00e3o \u00e0 dist\u00e2ncia de um clique...\",\"potentialAction\":[{\"@type\":\"SearchAction\",\"target\":{\"@type\":\"EntryPoint\",\"urlTemplate\":\"https:\\\/\\\/www.altominho.tv\\\/site\\\/?s={search_term_string}\"},\"query-input\":{\"@type\":\"PropertyValueSpecification\",\"valueRequired\":true,\"valueName\":\"search_term_string\"}}],\"inLanguage\":\"pt-PT\"},{\"@type\":\"Person\",\"@id\":\"https:\\\/\\\/www.altominho.tv\\\/site\\\/#\\\/schema\\\/person\\\/dbaf181c01b51ff40c9f461a905d321e\",\"name\":\"Andreia Cunha | Lusa\",\"image\":{\"@type\":\"ImageObject\",\"inLanguage\":\"pt-PT\",\"@id\":\"https:\\\/\\\/www.altominho.tv\\\/site\\\/wp-content\\\/uploads\\\/2017\\\/11\\\/Andreia_Cunha-1-150x150.jpg\",\"url\":\"https:\\\/\\\/www.altominho.tv\\\/site\\\/wp-content\\\/uploads\\\/2017\\\/11\\\/Andreia_Cunha-1-150x150.jpg\",\"contentUrl\":\"https:\\\/\\\/www.altominho.tv\\\/site\\\/wp-content\\\/uploads\\\/2017\\\/11\\\/Andreia_Cunha-1-150x150.jpg\",\"caption\":\"Andreia Cunha | Lusa\"},\"sameAs\":[\"https:\\\/\\\/www.altominho.tv\\\/site\"],\"url\":\"https:\\\/\\\/www.altominho.tv\\\/site\\\/author\\\/andreiacunhalusa\\\/\"}]}<\/script>\n<!-- \/ Yoast SEO Premium plugin. -->","yoast_head_json":{"title":"\u00cdndice de transmissibilidade (Rt) e incid\u00eancia voltam a descer em Portugal","robots":{"index":"index","follow":"follow","max-snippet":"max-snippet:-1","max-image-preview":"max-image-preview:large","max-video-preview":"max-video-preview:-1"},"canonical":"https:\/\/www.altominho.tv\/site\/2021\/05\/03\/indice-de-transmissibilidade-rt-e-incidencia-voltam-a-descer-em-portugal\/","og_locale":"pt_PT","og_type":"article","og_title":"\u00cdndice de transmissibilidade (Rt) e incid\u00eancia voltam a descer em Portugal","og_description":"O \u00edndice de transmissibilidade (Rt) do coronav\u00edrus SARS-Cov-2 em Portugal desceu hoje para 0,96 assim como a incid\u00eancia de casos de infe\u00e7\u00e3o por 100.000 habitantes nos \u00faltimos 14 dias que \u00e9 agora de 64,4 segundo dados hoje divulgados. Os n\u00fameros anteriores destes indicadores, divulgados na sexta-feira, indicavam um Rt de 0,98 e uma incid\u00eancia de [&hellip;]","og_url":"https:\/\/www.altominho.tv\/site\/2021\/05\/03\/indice-de-transmissibilidade-rt-e-incidencia-voltam-a-descer-em-portugal\/","og_site_name":"Altominho.tv","article_publisher":"https:\/\/www.facebook.com\/altominhotv","article_published_time":"2021-05-03T16:15:42+00:00","article_modified_time":"2021-05-03T16:15:47+00:00","og_image":[{"width":900,"height":508,"url":"https:\/\/www.altominho.tv\/site\/wp-content\/uploads\/2021\/05\/covid11.jpg","type":"image\/jpeg"}],"author":"Andreia Cunha | Lusa","twitter_card":"summary_large_image","twitter_creator":"@altominhoTV","twitter_site":"@altominhoTV","twitter_misc":{"Escrito por":"Andreia Cunha | Lusa","Tempo estimado de leitura":"1 minuto"},"schema":{"@context":"https:\/\/schema.org","@graph":[{"@type":"Article","@id":"https:\/\/www.altominho.tv\/site\/2021\/05\/03\/indice-de-transmissibilidade-rt-e-incidencia-voltam-a-descer-em-portugal\/#article","isPartOf":{"@id":"https:\/\/www.altominho.tv\/site\/2021\/05\/03\/indice-de-transmissibilidade-rt-e-incidencia-voltam-a-descer-em-portugal\/"},"author":{"name":"Andreia Cunha | Lusa","@id":"https:\/\/www.altominho.tv\/site\/#\/schema\/person\/dbaf181c01b51ff40c9f461a905d321e"},"headline":"\u00cdndice de transmissibilidade (Rt) e incid\u00eancia voltam a descer em Portugal","datePublished":"2021-05-03T16:15:42+00:00","dateModified":"2021-05-03T16:15:47+00:00","mainEntityOfPage":{"@id":"https:\/\/www.altominho.tv\/site\/2021\/05\/03\/indice-de-transmissibilidade-rt-e-incidencia-voltam-a-descer-em-portugal\/"},"wordCount":262,"image":{"@id":"https:\/\/www.altominho.tv\/site\/2021\/05\/03\/indice-de-transmissibilidade-rt-e-incidencia-voltam-a-descer-em-portugal\/#primaryimage"},"thumbnailUrl":"https:\/\/www.altominho.tv\/site\/wp-content\/uploads\/2021\/05\/covid11.jpg","keywords":["Sa\u00fade"],"articleSection":["Coronav\u00edrus"],"inLanguage":"pt-PT","copyrightYear":"2021","copyrightHolder":{"@id":"https:\/\/www.altominho.tv\/site\/#organization"}},{"@type":"WebPage","@id":"https:\/\/www.altominho.tv\/site\/2021\/05\/03\/indice-de-transmissibilidade-rt-e-incidencia-voltam-a-descer-em-portugal\/","url":"https:\/\/www.altominho.tv\/site\/2021\/05\/03\/indice-de-transmissibilidade-rt-e-incidencia-voltam-a-descer-em-portugal\/","name":"\u00cdndice de transmissibilidade (Rt) e incid\u00eancia voltam a descer em Portugal","isPartOf":{"@id":"https:\/\/www.altominho.tv\/site\/#website"},"primaryImageOfPage":{"@id":"https:\/\/www.altominho.tv\/site\/2021\/05\/03\/indice-de-transmissibilidade-rt-e-incidencia-voltam-a-descer-em-portugal\/#primaryimage"},"image":{"@id":"https:\/\/www.altominho.tv\/site\/2021\/05\/03\/indice-de-transmissibilidade-rt-e-incidencia-voltam-a-descer-em-portugal\/#primaryimage"},"thumbnailUrl":"https:\/\/www.altominho.tv\/site\/wp-content\/uploads\/2021\/05\/covid11.jpg","datePublished":"2021-05-03T16:15:42+00:00","dateModified":"2021-05-03T16:15:47+00:00","author":{"@id":"https:\/\/www.altominho.tv\/site\/#\/schema\/person\/dbaf181c01b51ff40c9f461a905d321e"},"breadcrumb":{"@id":"https:\/\/www.altominho.tv\/site\/2021\/05\/03\/indice-de-transmissibilidade-rt-e-incidencia-voltam-a-descer-em-portugal\/#breadcrumb"},"inLanguage":"pt-PT","potentialAction":[{"@type":"ReadAction","target":["https:\/\/www.altominho.tv\/site\/2021\/05\/03\/indice-de-transmissibilidade-rt-e-incidencia-voltam-a-descer-em-portugal\/"]}]},{"@type":"ImageObject","inLanguage":"pt-PT","@id":"https:\/\/www.altominho.tv\/site\/2021\/05\/03\/indice-de-transmissibilidade-rt-e-incidencia-voltam-a-descer-em-portugal\/#primaryimage","url":"https:\/\/www.altominho.tv\/site\/wp-content\/uploads\/2021\/05\/covid11.jpg","contentUrl":"https:\/\/www.altominho.tv\/site\/wp-content\/uploads\/2021\/05\/covid11.jpg","width":900,"height":508},{"@type":"BreadcrumbList","@id":"https:\/\/www.altominho.tv\/site\/2021\/05\/03\/indice-de-transmissibilidade-rt-e-incidencia-voltam-a-descer-em-portugal\/#breadcrumb","itemListElement":[{"@type":"ListItem","position":1,"name":"In\u00edcio","item":"https:\/\/www.altominho.tv\/site\/"},{"@type":"ListItem","position":2,"name":"\u00cdndice de transmissibilidade (Rt) e incid\u00eancia voltam a descer em Portugal"}]},{"@type":"WebSite","@id":"https:\/\/www.altominho.tv\/site\/#website","url":"https:\/\/www.altominho.tv\/site\/","name":"Altominho.tv","description":"A sua regi\u00e3o \u00e0 dist\u00e2ncia de um clique...","potentialAction":[{"@type":"SearchAction","target":{"@type":"EntryPoint","urlTemplate":"https:\/\/www.altominho.tv\/site\/?s={search_term_string}"},"query-input":{"@type":"PropertyValueSpecification","valueRequired":true,"valueName":"search_term_string"}}],"inLanguage":"pt-PT"},{"@type":"Person","@id":"https:\/\/www.altominho.tv\/site\/#\/schema\/person\/dbaf181c01b51ff40c9f461a905d321e","name":"Andreia Cunha | Lusa","image":{"@type":"ImageObject","inLanguage":"pt-PT","@id":"https:\/\/www.altominho.tv\/site\/wp-content\/uploads\/2017\/11\/Andreia_Cunha-1-150x150.jpg","url":"https:\/\/www.altominho.tv\/site\/wp-content\/uploads\/2017\/11\/Andreia_Cunha-1-150x150.jpg","contentUrl":"https:\/\/www.altominho.tv\/site\/wp-content\/uploads\/2017\/11\/Andreia_Cunha-1-150x150.jpg","caption":"Andreia Cunha | Lusa"},"sameAs":["https:\/\/www.altominho.tv\/site"],"url":"https:\/\/www.altominho.tv\/site\/author\/andreiacunhalusa\/"}]}},"_links":{"self":[{"href":"https:\/\/www.altominho.tv\/site\/wp-json\/wp\/v2\/posts\/65989","targetHints":{"allow":["GET"]}}],"collection":[{"href":"https:\/\/www.altominho.tv\/site\/wp-json\/wp\/v2\/posts"}],"about":[{"href":"https:\/\/www.altominho.tv\/site\/wp-json\/wp\/v2\/types\/post"}],"author":[{"embeddable":true,"href":"https:\/\/www.altominho.tv\/site\/wp-json\/wp\/v2\/users\/16"}],"replies":[{"embeddable":true,"href":"https:\/\/www.altominho.tv\/site\/wp-json\/wp\/v2\/comments?post=65989"}],"version-history":[{"count":0,"href":"https:\/\/www.altominho.tv\/site\/wp-json\/wp\/v2\/posts\/65989\/revisions"}],"wp:featuredmedia":[{"embeddable":true,"href":"https:\/\/www.altominho.tv\/site\/wp-json\/wp\/v2\/media\/65990"}],"wp:attachment":[{"href":"https:\/\/www.altominho.tv\/site\/wp-json\/wp\/v2\/media?parent=65989"}],"wp:term":[{"taxonomy":"category","embeddable":true,"href":"https:\/\/www.altominho.tv\/site\/wp-json\/wp\/v2\/categories?post=65989"},{"taxonomy":"post_tag","embeddable":true,"href":"https:\/\/www.altominho.tv\/site\/wp-json\/wp\/v2\/tags?post=65989"}],"curies":[{"name":"wp","href":"https:\/\/api.w.org\/{rel}","templated":true}]}}