{"id":65986,"date":"2021-05-03T16:19:12","date_gmt":"2021-05-03T15:19:12","guid":{"rendered":"https:\/\/www.altominho.tv\/site\/?p=65986"},"modified":"2021-05-03T16:19:16","modified_gmt":"2021-05-03T15:19:16","slug":"portugal-volta-a-nao-ter-registo-de-mortes-mas-sobem-internamentos","status":"publish","type":"post","link":"https:\/\/www.altominho.tv\/site\/2021\/05\/03\/portugal-volta-a-nao-ter-registo-de-mortes-mas-sobem-internamentos\/","title":{"rendered":"Portugal volta a n\u00e3o ter registo de mortes mas sobem internamentos"},"content":{"rendered":"\n<p>Portugal voltou hoje a n\u00e3o ter registo de mortes por covid-19, tendo sido notificados 180 novos casos de infe\u00e7\u00e3o pelo coronav\u00edrus SARS-CoV-2 e um aumento no n\u00famero de internamentos, segundo a Dire\u00e7\u00e3o-Geral da Sa\u00fade (DGS).<\/p>\n\n\n\n<p>\u00c9 a quarta vez desde mar\u00e7o de 2020 que Portugal n\u00e3o tem registo de mortes relacionadas com a doen\u00e7a.<\/p>\n\n\n\n<p>O primeiro dia sem registo de \u00f3bitos ocorreu em 03 de agosto de 2020, o segundo foi a 26 de abril e o terceiro a 30 de abril.<\/p>\n\n\n\n<p>Relativamente aos internamentos o boletim de hoje revela que est\u00e3o internados 322 em enfermaria, mais onze do que no domingo, e 90 em cuidados intensivos, mais cinco.<\/p>\n\n\n\n<p>Desde o in\u00edcio da pandemia Portugal j\u00e1 contabilizou 837.457 casos confirmados e 16.977 \u00f3bitos.<\/p>\n\n\n\n<p>H\u00e1 23.356 casos ativos, menos 223 em rela\u00e7\u00e3o a domingo, e o n\u00famero de contactos em vigil\u00e2ncia pelas autoridades de sa\u00fade aumentou em 90, totalizando agora 23.999.<\/p>\n\n\n\n<p>Os dados revelam tamb\u00e9m que 403 pessoas foram dadas como recuperadas, fazendo subir para 797.124 o n\u00famero total desde o in\u00edcio da pandemia em Portugal, em mar\u00e7o de 2020.<\/p>\n\n\n\n<p>De acordo com os mais recentes dados da DGS, Portugal tem atualmente 3.324.285 pessoas vacinadas contra a covid-19, das quais 872.679 j\u00e1 est\u00e3o imunizadas com as duas doses.<\/p>\n\n\n\n<p>O \u00edndice de transmissibilidade (Rt) do coronav\u00edrus SARS-Cov-2 em Portugal desceu hoje para 0,96 assim como a incid\u00eancia de casos de infe\u00e7\u00e3o por 100.000 habitantes nos \u00faltimos 14 dias que \u00e9 agora de 64,4 segundo dados hoje divulgados.<\/p>\n\n\n\n<p>Os n\u00fameros anteriores destes dados, divulgados na sexta-feira, indicavam um Rt de 0,98 e uma incid\u00eancia de 66,9 casos por 100.000 habitantes.<\/p>\n\n\n\n<p>No boletim epidemiol\u00f3gico conjunto da Dire\u00e7\u00e3o-Geral da Sa\u00fade e do Instituto Nacional de Sa\u00fade Doutor Ricardo Jorge (INSA) divulgado hoje, os n\u00fameros relativos apenas a Portugal continental revelam que o Rt tamb\u00e9m desceu de 0,98 para 0,96 sendo tamb\u00e9m registada uma descida de 64,3 para 62,0 em rela\u00e7\u00e3o ao valor m\u00e9dio de novos casos de infe\u00e7\u00e3o por 100.000 habitantes nos \u00faltimos 14 dias.<\/p>\n\n\n\n<p>Os dados do Rt e da incid\u00eancia s\u00e3o atualizados \u00e0 segunda-feira, quarta-feira e sexta-feira.<\/p>\n\n\n\n<p>Na regi\u00e3o de Lisboa e Vale do Tejo foram notificadas 50 novas infe\u00e7\u00f5es, contabilizando-se at\u00e9 agora 316.629 casos e 7.193 mortos.<\/p>\n\n\n\n<p>A regi\u00e3o Norte tem 86 novas infe\u00e7\u00f5es por SARS-CoV-2 e desde o in\u00edcio da pandemia j\u00e1 contabilizou 336.480 casos de infe\u00e7\u00e3o e 5.340 mortes.<\/p>\n\n\n\n<p>Na regi\u00e3o Centro registaram-se mais 11 casos, acumulando-se 118.788 infe\u00e7\u00f5es e 3.015 mortos.<\/p>\n\n\n\n<p>O Alentejo n\u00e3o tem nas \u00faltimas 24 horas qualquer registo de novos casos. Esta regi\u00e3o tem um acumulado desde mar\u00e7o de 2020 de 29.795 infe\u00e7\u00f5es e 971 mortos.<\/p>\n\n\n\n<p>Na regi\u00e3o do Algarve o boletim de hoje revela que foram registados seis novos casos, acumulando-se 21.707 infe\u00e7\u00f5es e 359 mortos.<\/p>\n\n\n\n<p>A regi\u00e3o Aut\u00f3noma da Madeira registou 15 casos, contabilizando 9.267 infe\u00e7\u00f5es e 68 mortes devido \u00e0 covid-19 desde mar\u00e7o de 2020.<\/p>\n\n\n\n<p>Os A\u00e7ores t\u00eam hoje 12 novos casos e contabilizam 4.791 casos e 31 mortos desde o in\u00edcio da pandemia, segundo a DGS.<\/p>\n\n\n\n<p>As autoridades regionais dos A\u00e7ores e da Madeira divulgam diariamente os seus dados, que podem n\u00e3o coincidir com a informa\u00e7\u00e3o divulgada no boletim da DGS.<\/p>\n\n\n\n<p>O novo coronav\u00edrus j\u00e1 infetou em Portugal pelo menos 380.014 homens e 457.127 mulheres, mostram os dados da DGS, segundo os quais h\u00e1 316 casos de sexo desconhecido, que se encontram sob investiga\u00e7\u00e3o, uma vez que esta informa\u00e7\u00e3o n\u00e3o \u00e9 fornecida de forma autom\u00e1tica.<\/p>\n\n\n\n<p>Do total de v\u00edtimas mortais, 8.916 eram homens e 8.061 mulheres.<\/p>\n\n\n\n<p>O maior n\u00famero de \u00f3bitos continua a concentrar-se nos idosos com mais de 80 anos, seguidos da faixa et\u00e1ria entre os 70 e os 79 anos.<\/p>\n\n\n\n<p>Do total de mortes, 11.170 eram pessoas com mais de 80 anos, 3.615 com idades entre os 70 e os 79 anos, e 1.521 tinham entre os 60 e os 69 anos.<\/p>\n\n\n\n<p>A pandemia de covid-19 provocou, pelo menos, 3.203.937 mortos no mundo, resultantes de mais de 152,7 milh\u00f5es de casos de infe\u00e7\u00e3o, segundo um balan\u00e7o feito pela ag\u00eancia francesa AFP.<\/p>\n\n\n\n<p>A doen\u00e7a \u00e9 transmitida por um novo coronav\u00edrus detetado no final de 2019, em Wuhan, uma cidade do centro da China.<\/p>\n","protected":false},"excerpt":{"rendered":"<p>Portugal voltou hoje a n\u00e3o ter registo de mortes por covid-19, tendo sido notificados 180 novos casos de infe\u00e7\u00e3o pelo coronav\u00edrus SARS-CoV-2 e um aumento no n\u00famero de internamentos, segundo a Dire\u00e7\u00e3o-Geral da Sa\u00fade (DGS). \u00c9 a quarta vez desde mar\u00e7o de 2020 que Portugal n\u00e3o tem registo de mortes relacionadas com a doen\u00e7a. O [&hellip;]<\/p>\n","protected":false},"author":16,"featured_media":65987,"comment_status":"closed","ping_status":"closed","sticky":false,"template":"","format":"standard","meta":{"_exactmetrics_skip_tracking":false,"_exactmetrics_sitenote_active":false,"_exactmetrics_sitenote_note":"","_exactmetrics_sitenote_category":0,"footnotes":""},"categories":[42722],"tags":[26],"class_list":["post-65986","post","type-post","status-publish","format-standard","has-post-thumbnail","hentry","category-covid-19","tag-saude"],"yoast_head":"<!-- This site is optimized with the Yoast SEO Premium plugin v27.4 (Yoast SEO v27.4) - https:\/\/yoast.com\/product\/yoast-seo-premium-wordpress\/ -->\n<title>Portugal volta a n\u00e3o ter registo de mortes mas sobem internamentos<\/title>\n<meta name=\"robots\" content=\"index, follow, max-snippet:-1, max-image-preview:large, max-video-preview:-1\" \/>\n<link rel=\"canonical\" href=\"https:\/\/www.altominho.tv\/site\/2021\/05\/03\/portugal-volta-a-nao-ter-registo-de-mortes-mas-sobem-internamentos\/\" \/>\n<meta property=\"og:locale\" content=\"pt_PT\" \/>\n<meta property=\"og:type\" content=\"article\" \/>\n<meta property=\"og:title\" content=\"Portugal volta a n\u00e3o ter registo de mortes mas sobem internamentos\" \/>\n<meta property=\"og:description\" content=\"Portugal voltou hoje a n\u00e3o ter registo de mortes por covid-19, tendo sido notificados 180 novos casos de infe\u00e7\u00e3o pelo coronav\u00edrus SARS-CoV-2 e um aumento no n\u00famero de internamentos, segundo a Dire\u00e7\u00e3o-Geral da Sa\u00fade (DGS). \u00c9 a quarta vez desde mar\u00e7o de 2020 que Portugal n\u00e3o tem registo de mortes relacionadas com a doen\u00e7a. O [&hellip;]\" \/>\n<meta property=\"og:url\" content=\"https:\/\/www.altominho.tv\/site\/2021\/05\/03\/portugal-volta-a-nao-ter-registo-de-mortes-mas-sobem-internamentos\/\" \/>\n<meta property=\"og:site_name\" content=\"Altominho.tv\" \/>\n<meta property=\"article:publisher\" content=\"https:\/\/www.facebook.com\/altominhotv\" \/>\n<meta property=\"article:published_time\" content=\"2021-05-03T15:19:12+00:00\" \/>\n<meta property=\"article:modified_time\" content=\"2021-05-03T15:19:16+00:00\" \/>\n<meta property=\"og:image\" content=\"https:\/\/www.altominho.tv\/site\/wp-content\/uploads\/2021\/05\/covid-hospital.jpg\" \/>\n\t<meta property=\"og:image:width\" content=\"860\" \/>\n\t<meta property=\"og:image:height\" content=\"471\" \/>\n\t<meta property=\"og:image:type\" content=\"image\/jpeg\" \/>\n<meta name=\"author\" content=\"Andreia Cunha | Lusa\" \/>\n<meta name=\"twitter:card\" content=\"summary_large_image\" \/>\n<meta name=\"twitter:creator\" content=\"@altominhoTV\" \/>\n<meta name=\"twitter:site\" content=\"@altominhoTV\" \/>\n<meta name=\"twitter:label1\" content=\"Escrito por\" \/>\n\t<meta name=\"twitter:data1\" content=\"Andreia Cunha | Lusa\" \/>\n\t<meta name=\"twitter:label2\" content=\"Tempo estimado de leitura\" \/>\n\t<meta name=\"twitter:data2\" content=\"3 minutos\" \/>\n<script type=\"application\/ld+json\" class=\"yoast-schema-graph\">{\"@context\":\"https:\\\/\\\/schema.org\",\"@graph\":[{\"@type\":\"Article\",\"@id\":\"https:\\\/\\\/www.altominho.tv\\\/site\\\/2021\\\/05\\\/03\\\/portugal-volta-a-nao-ter-registo-de-mortes-mas-sobem-internamentos\\\/#article\",\"isPartOf\":{\"@id\":\"https:\\\/\\\/www.altominho.tv\\\/site\\\/2021\\\/05\\\/03\\\/portugal-volta-a-nao-ter-registo-de-mortes-mas-sobem-internamentos\\\/\"},\"author\":{\"name\":\"Andreia Cunha | Lusa\",\"@id\":\"https:\\\/\\\/www.altominho.tv\\\/site\\\/#\\\/schema\\\/person\\\/dbaf181c01b51ff40c9f461a905d321e\"},\"headline\":\"Portugal volta a n\u00e3o ter registo de mortes mas sobem internamentos\",\"datePublished\":\"2021-05-03T15:19:12+00:00\",\"dateModified\":\"2021-05-03T15:19:16+00:00\",\"mainEntityOfPage\":{\"@id\":\"https:\\\/\\\/www.altominho.tv\\\/site\\\/2021\\\/05\\\/03\\\/portugal-volta-a-nao-ter-registo-de-mortes-mas-sobem-internamentos\\\/\"},\"wordCount\":690,\"image\":{\"@id\":\"https:\\\/\\\/www.altominho.tv\\\/site\\\/2021\\\/05\\\/03\\\/portugal-volta-a-nao-ter-registo-de-mortes-mas-sobem-internamentos\\\/#primaryimage\"},\"thumbnailUrl\":\"https:\\\/\\\/www.altominho.tv\\\/site\\\/wp-content\\\/uploads\\\/2021\\\/05\\\/covid-hospital.jpg\",\"keywords\":[\"Sa\u00fade\"],\"articleSection\":[\"Coronav\u00edrus\"],\"inLanguage\":\"pt-PT\",\"copyrightYear\":\"2021\",\"copyrightHolder\":{\"@id\":\"https:\\\/\\\/www.altominho.tv\\\/site\\\/#organization\"}},{\"@type\":\"WebPage\",\"@id\":\"https:\\\/\\\/www.altominho.tv\\\/site\\\/2021\\\/05\\\/03\\\/portugal-volta-a-nao-ter-registo-de-mortes-mas-sobem-internamentos\\\/\",\"url\":\"https:\\\/\\\/www.altominho.tv\\\/site\\\/2021\\\/05\\\/03\\\/portugal-volta-a-nao-ter-registo-de-mortes-mas-sobem-internamentos\\\/\",\"name\":\"Portugal volta a n\u00e3o ter registo de mortes mas sobem internamentos\",\"isPartOf\":{\"@id\":\"https:\\\/\\\/www.altominho.tv\\\/site\\\/#website\"},\"primaryImageOfPage\":{\"@id\":\"https:\\\/\\\/www.altominho.tv\\\/site\\\/2021\\\/05\\\/03\\\/portugal-volta-a-nao-ter-registo-de-mortes-mas-sobem-internamentos\\\/#primaryimage\"},\"image\":{\"@id\":\"https:\\\/\\\/www.altominho.tv\\\/site\\\/2021\\\/05\\\/03\\\/portugal-volta-a-nao-ter-registo-de-mortes-mas-sobem-internamentos\\\/#primaryimage\"},\"thumbnailUrl\":\"https:\\\/\\\/www.altominho.tv\\\/site\\\/wp-content\\\/uploads\\\/2021\\\/05\\\/covid-hospital.jpg\",\"datePublished\":\"2021-05-03T15:19:12+00:00\",\"dateModified\":\"2021-05-03T15:19:16+00:00\",\"author\":{\"@id\":\"https:\\\/\\\/www.altominho.tv\\\/site\\\/#\\\/schema\\\/person\\\/dbaf181c01b51ff40c9f461a905d321e\"},\"breadcrumb\":{\"@id\":\"https:\\\/\\\/www.altominho.tv\\\/site\\\/2021\\\/05\\\/03\\\/portugal-volta-a-nao-ter-registo-de-mortes-mas-sobem-internamentos\\\/#breadcrumb\"},\"inLanguage\":\"pt-PT\",\"potentialAction\":[{\"@type\":\"ReadAction\",\"target\":[\"https:\\\/\\\/www.altominho.tv\\\/site\\\/2021\\\/05\\\/03\\\/portugal-volta-a-nao-ter-registo-de-mortes-mas-sobem-internamentos\\\/\"]}]},{\"@type\":\"ImageObject\",\"inLanguage\":\"pt-PT\",\"@id\":\"https:\\\/\\\/www.altominho.tv\\\/site\\\/2021\\\/05\\\/03\\\/portugal-volta-a-nao-ter-registo-de-mortes-mas-sobem-internamentos\\\/#primaryimage\",\"url\":\"https:\\\/\\\/www.altominho.tv\\\/site\\\/wp-content\\\/uploads\\\/2021\\\/05\\\/covid-hospital.jpg\",\"contentUrl\":\"https:\\\/\\\/www.altominho.tv\\\/site\\\/wp-content\\\/uploads\\\/2021\\\/05\\\/covid-hospital.jpg\",\"width\":860,\"height\":471},{\"@type\":\"BreadcrumbList\",\"@id\":\"https:\\\/\\\/www.altominho.tv\\\/site\\\/2021\\\/05\\\/03\\\/portugal-volta-a-nao-ter-registo-de-mortes-mas-sobem-internamentos\\\/#breadcrumb\",\"itemListElement\":[{\"@type\":\"ListItem\",\"position\":1,\"name\":\"In\u00edcio\",\"item\":\"https:\\\/\\\/www.altominho.tv\\\/site\\\/\"},{\"@type\":\"ListItem\",\"position\":2,\"name\":\"Portugal volta a n\u00e3o ter registo de mortes mas sobem internamentos\"}]},{\"@type\":\"WebSite\",\"@id\":\"https:\\\/\\\/www.altominho.tv\\\/site\\\/#website\",\"url\":\"https:\\\/\\\/www.altominho.tv\\\/site\\\/\",\"name\":\"Altominho.tv\",\"description\":\"A sua regi\u00e3o \u00e0 dist\u00e2ncia de um clique...\",\"potentialAction\":[{\"@type\":\"SearchAction\",\"target\":{\"@type\":\"EntryPoint\",\"urlTemplate\":\"https:\\\/\\\/www.altominho.tv\\\/site\\\/?s={search_term_string}\"},\"query-input\":{\"@type\":\"PropertyValueSpecification\",\"valueRequired\":true,\"valueName\":\"search_term_string\"}}],\"inLanguage\":\"pt-PT\"},{\"@type\":\"Person\",\"@id\":\"https:\\\/\\\/www.altominho.tv\\\/site\\\/#\\\/schema\\\/person\\\/dbaf181c01b51ff40c9f461a905d321e\",\"name\":\"Andreia Cunha | Lusa\",\"image\":{\"@type\":\"ImageObject\",\"inLanguage\":\"pt-PT\",\"@id\":\"https:\\\/\\\/www.altominho.tv\\\/site\\\/wp-content\\\/uploads\\\/2017\\\/11\\\/Andreia_Cunha-1-150x150.jpg\",\"url\":\"https:\\\/\\\/www.altominho.tv\\\/site\\\/wp-content\\\/uploads\\\/2017\\\/11\\\/Andreia_Cunha-1-150x150.jpg\",\"contentUrl\":\"https:\\\/\\\/www.altominho.tv\\\/site\\\/wp-content\\\/uploads\\\/2017\\\/11\\\/Andreia_Cunha-1-150x150.jpg\",\"caption\":\"Andreia Cunha | Lusa\"},\"sameAs\":[\"https:\\\/\\\/www.altominho.tv\\\/site\"],\"url\":\"https:\\\/\\\/www.altominho.tv\\\/site\\\/author\\\/andreiacunhalusa\\\/\"}]}<\/script>\n<!-- \/ Yoast SEO Premium plugin. -->","yoast_head_json":{"title":"Portugal volta a n\u00e3o ter registo de mortes mas sobem internamentos","robots":{"index":"index","follow":"follow","max-snippet":"max-snippet:-1","max-image-preview":"max-image-preview:large","max-video-preview":"max-video-preview:-1"},"canonical":"https:\/\/www.altominho.tv\/site\/2021\/05\/03\/portugal-volta-a-nao-ter-registo-de-mortes-mas-sobem-internamentos\/","og_locale":"pt_PT","og_type":"article","og_title":"Portugal volta a n\u00e3o ter registo de mortes mas sobem internamentos","og_description":"Portugal voltou hoje a n\u00e3o ter registo de mortes por covid-19, tendo sido notificados 180 novos casos de infe\u00e7\u00e3o pelo coronav\u00edrus SARS-CoV-2 e um aumento no n\u00famero de internamentos, segundo a Dire\u00e7\u00e3o-Geral da Sa\u00fade (DGS). \u00c9 a quarta vez desde mar\u00e7o de 2020 que Portugal n\u00e3o tem registo de mortes relacionadas com a doen\u00e7a. O [&hellip;]","og_url":"https:\/\/www.altominho.tv\/site\/2021\/05\/03\/portugal-volta-a-nao-ter-registo-de-mortes-mas-sobem-internamentos\/","og_site_name":"Altominho.tv","article_publisher":"https:\/\/www.facebook.com\/altominhotv","article_published_time":"2021-05-03T15:19:12+00:00","article_modified_time":"2021-05-03T15:19:16+00:00","og_image":[{"width":860,"height":471,"url":"https:\/\/www.altominho.tv\/site\/wp-content\/uploads\/2021\/05\/covid-hospital.jpg","type":"image\/jpeg"}],"author":"Andreia Cunha | Lusa","twitter_card":"summary_large_image","twitter_creator":"@altominhoTV","twitter_site":"@altominhoTV","twitter_misc":{"Escrito por":"Andreia Cunha | Lusa","Tempo estimado de leitura":"3 minutos"},"schema":{"@context":"https:\/\/schema.org","@graph":[{"@type":"Article","@id":"https:\/\/www.altominho.tv\/site\/2021\/05\/03\/portugal-volta-a-nao-ter-registo-de-mortes-mas-sobem-internamentos\/#article","isPartOf":{"@id":"https:\/\/www.altominho.tv\/site\/2021\/05\/03\/portugal-volta-a-nao-ter-registo-de-mortes-mas-sobem-internamentos\/"},"author":{"name":"Andreia Cunha | Lusa","@id":"https:\/\/www.altominho.tv\/site\/#\/schema\/person\/dbaf181c01b51ff40c9f461a905d321e"},"headline":"Portugal volta a n\u00e3o ter registo de mortes mas sobem internamentos","datePublished":"2021-05-03T15:19:12+00:00","dateModified":"2021-05-03T15:19:16+00:00","mainEntityOfPage":{"@id":"https:\/\/www.altominho.tv\/site\/2021\/05\/03\/portugal-volta-a-nao-ter-registo-de-mortes-mas-sobem-internamentos\/"},"wordCount":690,"image":{"@id":"https:\/\/www.altominho.tv\/site\/2021\/05\/03\/portugal-volta-a-nao-ter-registo-de-mortes-mas-sobem-internamentos\/#primaryimage"},"thumbnailUrl":"https:\/\/www.altominho.tv\/site\/wp-content\/uploads\/2021\/05\/covid-hospital.jpg","keywords":["Sa\u00fade"],"articleSection":["Coronav\u00edrus"],"inLanguage":"pt-PT","copyrightYear":"2021","copyrightHolder":{"@id":"https:\/\/www.altominho.tv\/site\/#organization"}},{"@type":"WebPage","@id":"https:\/\/www.altominho.tv\/site\/2021\/05\/03\/portugal-volta-a-nao-ter-registo-de-mortes-mas-sobem-internamentos\/","url":"https:\/\/www.altominho.tv\/site\/2021\/05\/03\/portugal-volta-a-nao-ter-registo-de-mortes-mas-sobem-internamentos\/","name":"Portugal volta a n\u00e3o ter registo de mortes mas sobem internamentos","isPartOf":{"@id":"https:\/\/www.altominho.tv\/site\/#website"},"primaryImageOfPage":{"@id":"https:\/\/www.altominho.tv\/site\/2021\/05\/03\/portugal-volta-a-nao-ter-registo-de-mortes-mas-sobem-internamentos\/#primaryimage"},"image":{"@id":"https:\/\/www.altominho.tv\/site\/2021\/05\/03\/portugal-volta-a-nao-ter-registo-de-mortes-mas-sobem-internamentos\/#primaryimage"},"thumbnailUrl":"https:\/\/www.altominho.tv\/site\/wp-content\/uploads\/2021\/05\/covid-hospital.jpg","datePublished":"2021-05-03T15:19:12+00:00","dateModified":"2021-05-03T15:19:16+00:00","author":{"@id":"https:\/\/www.altominho.tv\/site\/#\/schema\/person\/dbaf181c01b51ff40c9f461a905d321e"},"breadcrumb":{"@id":"https:\/\/www.altominho.tv\/site\/2021\/05\/03\/portugal-volta-a-nao-ter-registo-de-mortes-mas-sobem-internamentos\/#breadcrumb"},"inLanguage":"pt-PT","potentialAction":[{"@type":"ReadAction","target":["https:\/\/www.altominho.tv\/site\/2021\/05\/03\/portugal-volta-a-nao-ter-registo-de-mortes-mas-sobem-internamentos\/"]}]},{"@type":"ImageObject","inLanguage":"pt-PT","@id":"https:\/\/www.altominho.tv\/site\/2021\/05\/03\/portugal-volta-a-nao-ter-registo-de-mortes-mas-sobem-internamentos\/#primaryimage","url":"https:\/\/www.altominho.tv\/site\/wp-content\/uploads\/2021\/05\/covid-hospital.jpg","contentUrl":"https:\/\/www.altominho.tv\/site\/wp-content\/uploads\/2021\/05\/covid-hospital.jpg","width":860,"height":471},{"@type":"BreadcrumbList","@id":"https:\/\/www.altominho.tv\/site\/2021\/05\/03\/portugal-volta-a-nao-ter-registo-de-mortes-mas-sobem-internamentos\/#breadcrumb","itemListElement":[{"@type":"ListItem","position":1,"name":"In\u00edcio","item":"https:\/\/www.altominho.tv\/site\/"},{"@type":"ListItem","position":2,"name":"Portugal volta a n\u00e3o ter registo de mortes mas sobem internamentos"}]},{"@type":"WebSite","@id":"https:\/\/www.altominho.tv\/site\/#website","url":"https:\/\/www.altominho.tv\/site\/","name":"Altominho.tv","description":"A sua regi\u00e3o \u00e0 dist\u00e2ncia de um clique...","potentialAction":[{"@type":"SearchAction","target":{"@type":"EntryPoint","urlTemplate":"https:\/\/www.altominho.tv\/site\/?s={search_term_string}"},"query-input":{"@type":"PropertyValueSpecification","valueRequired":true,"valueName":"search_term_string"}}],"inLanguage":"pt-PT"},{"@type":"Person","@id":"https:\/\/www.altominho.tv\/site\/#\/schema\/person\/dbaf181c01b51ff40c9f461a905d321e","name":"Andreia Cunha | Lusa","image":{"@type":"ImageObject","inLanguage":"pt-PT","@id":"https:\/\/www.altominho.tv\/site\/wp-content\/uploads\/2017\/11\/Andreia_Cunha-1-150x150.jpg","url":"https:\/\/www.altominho.tv\/site\/wp-content\/uploads\/2017\/11\/Andreia_Cunha-1-150x150.jpg","contentUrl":"https:\/\/www.altominho.tv\/site\/wp-content\/uploads\/2017\/11\/Andreia_Cunha-1-150x150.jpg","caption":"Andreia Cunha | Lusa"},"sameAs":["https:\/\/www.altominho.tv\/site"],"url":"https:\/\/www.altominho.tv\/site\/author\/andreiacunhalusa\/"}]}},"_links":{"self":[{"href":"https:\/\/www.altominho.tv\/site\/wp-json\/wp\/v2\/posts\/65986","targetHints":{"allow":["GET"]}}],"collection":[{"href":"https:\/\/www.altominho.tv\/site\/wp-json\/wp\/v2\/posts"}],"about":[{"href":"https:\/\/www.altominho.tv\/site\/wp-json\/wp\/v2\/types\/post"}],"author":[{"embeddable":true,"href":"https:\/\/www.altominho.tv\/site\/wp-json\/wp\/v2\/users\/16"}],"replies":[{"embeddable":true,"href":"https:\/\/www.altominho.tv\/site\/wp-json\/wp\/v2\/comments?post=65986"}],"version-history":[{"count":0,"href":"https:\/\/www.altominho.tv\/site\/wp-json\/wp\/v2\/posts\/65986\/revisions"}],"wp:featuredmedia":[{"embeddable":true,"href":"https:\/\/www.altominho.tv\/site\/wp-json\/wp\/v2\/media\/65987"}],"wp:attachment":[{"href":"https:\/\/www.altominho.tv\/site\/wp-json\/wp\/v2\/media?parent=65986"}],"wp:term":[{"taxonomy":"category","embeddable":true,"href":"https:\/\/www.altominho.tv\/site\/wp-json\/wp\/v2\/categories?post=65986"},{"taxonomy":"post_tag","embeddable":true,"href":"https:\/\/www.altominho.tv\/site\/wp-json\/wp\/v2\/tags?post=65986"}],"curies":[{"name":"wp","href":"https:\/\/api.w.org\/{rel}","templated":true}]}}