{"id":65964,"date":"2021-05-03T14:52:13","date_gmt":"2021-05-03T13:52:13","guid":{"rendered":"https:\/\/www.altominho.tv\/site\/?p=65964"},"modified":"2021-05-03T14:53:20","modified_gmt":"2021-05-03T13:53:20","slug":"portugal-e-o-pais-da-ue-com-menos-mortes-diarias-por-milhao-de-habitantes","status":"publish","type":"post","link":"https:\/\/www.altominho.tv\/site\/2021\/05\/03\/portugal-e-o-pais-da-ue-com-menos-mortes-diarias-por-milhao-de-habitantes\/","title":{"rendered":"Portugal \u00e9 o pa\u00eds da UE com menos mortes di\u00e1rias por milh\u00e3o de habitantes"},"content":{"rendered":"<p>Portugal \u00e9 atualmente o pa\u00eds da Uni\u00e3o Europeia com menos mortes di\u00e1rias atribu\u00eddas \u00e0 covid-19 nos \u00faltimos sete dias por milh\u00e3o de habitantes e o segundo com menos casos, segundo o site estat\u00edstico Our World in Data.<\/p>\n<p class=\"text-paragraph\">Com uma m\u00e9dia de 39,72 novos casos di\u00e1rios por milh\u00e3o de habitantes nos \u00faltimos sete dias, Portugal s\u00f3 est\u00e1 atr\u00e1s da Finl\u00e2ndia, que apresenta uma m\u00e9dia de 36,72 para o mesmo indicador.<\/p>\n<p class=\"text-paragraph\">No que toca \u00e0 m\u00e9dia de mortes com covid-19 por milh\u00e3o de habitantes nos \u00faltimos sete dias, Portugal tem a m\u00e9dia m\u00f3vel mais baixa, com 0,17 \u00f3bitos.<\/p>\n<p class=\"text-paragraph\">No resto da Uni\u00e3o Europeia (UE), Chipre \u00e9 o pa\u00eds com maior m\u00e9dia de novos casos di\u00e1rios (656,14 por milh\u00e3o de habitantes), seguido da Su\u00e9cia (498,78), Litu\u00e2nia (439,91), Cro\u00e1cia (436,62) e Pa\u00edses Baixos (400,68).<\/p>\n<p class=\"text-paragraph\">Em todo o mundo, Uruguai \u00e9 o pa\u00eds com mais de um milh\u00e3o de habitantes em situa\u00e7\u00e3o pior neste indicador, com 724,91 novos casos di\u00e1rios por milh\u00e3o de habitantes nos \u00faltimos sete dias, seguido do Bahrain (665,51), Chipre, Cabo Verde (518,77) e Su\u00e9cia.<\/p>\n<p class=\"text-paragraph\">A m\u00e9dia da UE est\u00e1 em 222,85 novos casos di\u00e1rios por milh\u00e3o de habitantes, enquanto a m\u00e9dia mundial se situa em 104,11 nesse indicador.<\/p>\n<p class=\"text-paragraph\">Dos pa\u00edses da UE, a Hungria est\u00e1 em pior situa\u00e7\u00e3o na m\u00e9dia di\u00e1ria de mortes com covid-19 por milh\u00e3o de habitantes nos \u00faltimos sete dias, com 17,41, seguida da Bulg\u00e1ria (12,03), Cro\u00e1cia (11,41), Pol\u00f3nia (10,01), Eslov\u00e1quia (7,09) e Gr\u00e9cia (6,11).<\/p>\n<p class=\"text-paragraph\">A m\u00e9dia mundial neste indicador est\u00e1 em 1,71 e a da UE em 4,46.<\/p>\n<p class=\"text-paragraph\">No resto do mundo, \u00e9 a Maced\u00f3nia do Norte que est\u00e1 com mais mortes di\u00e1rias por milh\u00e3o de habitantes nos \u00faltimos sete dias (17,76), seguida da Hungria, Uruguai (16,37) e B\u00f3snia e Herzegovina (15,15).<\/p>\n<p class=\"text-paragraph\">Dos Estados-membros da UE, \u00e9 Malta que tem a taxa de vacina\u00e7\u00e3o completa da popula\u00e7\u00e3o mais alta (24,51%), mas trata-se de um pa\u00eds com menos de um milh\u00e3o de habitantes.<\/p>\n<p class=\"text-paragraph\">A Hungria tem 21,5% da sua popula\u00e7\u00e3o completamente vacinada, seguida da Litu\u00e2nia (11,17%), It\u00e1lia (10,34%) e Eslov\u00e9nia (10,27%).<\/p>\n<p class=\"text-paragraph\">Portugal tem 8,9% da popula\u00e7\u00e3o completamente vacinada, abaixo da m\u00e9dia da UE, que est\u00e1 em 9,11%, de acordo com o Our World in Data.<\/p>\n","protected":false},"excerpt":{"rendered":"<p>Portugal \u00e9 atualmente o pa\u00eds da Uni\u00e3o Europeia com menos mortes di\u00e1rias atribu\u00eddas \u00e0 covid-19 nos \u00faltimos sete dias por milh\u00e3o de habitantes e o segundo com menos casos, segundo o site estat\u00edstico Our World in Data. Com uma m\u00e9dia de 39,72 novos casos di\u00e1rios por milh\u00e3o de habitantes nos \u00faltimos sete dias, Portugal s\u00f3 [&hellip;]<\/p>\n","protected":false},"author":13,"featured_media":65965,"comment_status":"closed","ping_status":"closed","sticky":false,"template":"","format":"standard","meta":{"_exactmetrics_skip_tracking":false,"_exactmetrics_sitenote_active":false,"_exactmetrics_sitenote_note":"","_exactmetrics_sitenote_category":0,"footnotes":""},"categories":[42722],"tags":[26,27],"class_list":["post-65964","post","type-post","status-publish","format-standard","has-post-thumbnail","hentry","category-covid-19","tag-saude","tag-sociedade"],"yoast_head":"<!-- This site is optimized with the Yoast SEO Premium plugin v27.4 (Yoast SEO v27.4) - https:\/\/yoast.com\/product\/yoast-seo-premium-wordpress\/ -->\n<title>Portugal \u00e9 o pa\u00eds da UE com menos mortes di\u00e1rias por milh\u00e3o de habitantes<\/title>\n<meta name=\"robots\" content=\"index, follow, max-snippet:-1, max-image-preview:large, max-video-preview:-1\" \/>\n<link rel=\"canonical\" href=\"https:\/\/www.altominho.tv\/site\/2021\/05\/03\/portugal-e-o-pais-da-ue-com-menos-mortes-diarias-por-milhao-de-habitantes\/\" \/>\n<meta property=\"og:locale\" content=\"pt_PT\" \/>\n<meta property=\"og:type\" content=\"article\" \/>\n<meta property=\"og:title\" content=\"Portugal \u00e9 o pa\u00eds da UE com menos mortes di\u00e1rias por milh\u00e3o de habitantes\" \/>\n<meta property=\"og:description\" content=\"Portugal \u00e9 atualmente o pa\u00eds da Uni\u00e3o Europeia com menos mortes di\u00e1rias atribu\u00eddas \u00e0 covid-19 nos \u00faltimos sete dias por milh\u00e3o de habitantes e o segundo com menos casos, segundo o site estat\u00edstico Our World in Data. Com uma m\u00e9dia de 39,72 novos casos di\u00e1rios por milh\u00e3o de habitantes nos \u00faltimos sete dias, Portugal s\u00f3 [&hellip;]\" \/>\n<meta property=\"og:url\" content=\"https:\/\/www.altominho.tv\/site\/2021\/05\/03\/portugal-e-o-pais-da-ue-com-menos-mortes-diarias-por-milhao-de-habitantes\/\" \/>\n<meta property=\"og:site_name\" content=\"Altominho.tv\" \/>\n<meta property=\"article:publisher\" content=\"https:\/\/www.facebook.com\/altominhotv\" \/>\n<meta property=\"article:published_time\" content=\"2021-05-03T13:52:13+00:00\" \/>\n<meta property=\"article:modified_time\" content=\"2021-05-03T13:53:20+00:00\" \/>\n<meta property=\"og:image\" content=\"https:\/\/www.altominho.tv\/site\/wp-content\/uploads\/2021\/05\/Funeral_Covid_2.jpg\" \/>\n\t<meta property=\"og:image:width\" content=\"1360\" \/>\n\t<meta property=\"og:image:height\" content=\"907\" \/>\n\t<meta property=\"og:image:type\" content=\"image\/jpeg\" \/>\n<meta name=\"author\" content=\"Lusa\" \/>\n<meta name=\"twitter:card\" content=\"summary_large_image\" \/>\n<meta name=\"twitter:creator\" content=\"@altominhoTV\" \/>\n<meta name=\"twitter:site\" content=\"@altominhoTV\" \/>\n<meta name=\"twitter:label1\" content=\"Escrito por\" \/>\n\t<meta name=\"twitter:data1\" content=\"Lusa\" \/>\n\t<meta name=\"twitter:label2\" content=\"Tempo estimado de leitura\" \/>\n\t<meta name=\"twitter:data2\" content=\"2 minutos\" \/>\n<script type=\"application\/ld+json\" class=\"yoast-schema-graph\">{\"@context\":\"https:\\\/\\\/schema.org\",\"@graph\":[{\"@type\":\"Article\",\"@id\":\"https:\\\/\\\/www.altominho.tv\\\/site\\\/2021\\\/05\\\/03\\\/portugal-e-o-pais-da-ue-com-menos-mortes-diarias-por-milhao-de-habitantes\\\/#article\",\"isPartOf\":{\"@id\":\"https:\\\/\\\/www.altominho.tv\\\/site\\\/2021\\\/05\\\/03\\\/portugal-e-o-pais-da-ue-com-menos-mortes-diarias-por-milhao-de-habitantes\\\/\"},\"author\":{\"name\":\"Lusa\",\"@id\":\"https:\\\/\\\/www.altominho.tv\\\/site\\\/#\\\/schema\\\/person\\\/63f693da3e1899361cbe955c46f3232e\"},\"headline\":\"Portugal \u00e9 o pa\u00eds da UE com menos mortes di\u00e1rias por milh\u00e3o de habitantes\",\"datePublished\":\"2021-05-03T13:52:13+00:00\",\"dateModified\":\"2021-05-03T13:53:20+00:00\",\"mainEntityOfPage\":{\"@id\":\"https:\\\/\\\/www.altominho.tv\\\/site\\\/2021\\\/05\\\/03\\\/portugal-e-o-pais-da-ue-com-menos-mortes-diarias-por-milhao-de-habitantes\\\/\"},\"wordCount\":395,\"image\":{\"@id\":\"https:\\\/\\\/www.altominho.tv\\\/site\\\/2021\\\/05\\\/03\\\/portugal-e-o-pais-da-ue-com-menos-mortes-diarias-por-milhao-de-habitantes\\\/#primaryimage\"},\"thumbnailUrl\":\"https:\\\/\\\/www.altominho.tv\\\/site\\\/wp-content\\\/uploads\\\/2021\\\/05\\\/Funeral_Covid_2.jpg\",\"keywords\":[\"Sa\u00fade\",\"Sociedade\"],\"articleSection\":[\"Coronav\u00edrus\"],\"inLanguage\":\"pt-PT\",\"copyrightYear\":\"2021\",\"copyrightHolder\":{\"@id\":\"https:\\\/\\\/www.altominho.tv\\\/site\\\/#organization\"}},{\"@type\":\"WebPage\",\"@id\":\"https:\\\/\\\/www.altominho.tv\\\/site\\\/2021\\\/05\\\/03\\\/portugal-e-o-pais-da-ue-com-menos-mortes-diarias-por-milhao-de-habitantes\\\/\",\"url\":\"https:\\\/\\\/www.altominho.tv\\\/site\\\/2021\\\/05\\\/03\\\/portugal-e-o-pais-da-ue-com-menos-mortes-diarias-por-milhao-de-habitantes\\\/\",\"name\":\"Portugal \u00e9 o pa\u00eds da UE com menos mortes di\u00e1rias por milh\u00e3o de habitantes\",\"isPartOf\":{\"@id\":\"https:\\\/\\\/www.altominho.tv\\\/site\\\/#website\"},\"primaryImageOfPage\":{\"@id\":\"https:\\\/\\\/www.altominho.tv\\\/site\\\/2021\\\/05\\\/03\\\/portugal-e-o-pais-da-ue-com-menos-mortes-diarias-por-milhao-de-habitantes\\\/#primaryimage\"},\"image\":{\"@id\":\"https:\\\/\\\/www.altominho.tv\\\/site\\\/2021\\\/05\\\/03\\\/portugal-e-o-pais-da-ue-com-menos-mortes-diarias-por-milhao-de-habitantes\\\/#primaryimage\"},\"thumbnailUrl\":\"https:\\\/\\\/www.altominho.tv\\\/site\\\/wp-content\\\/uploads\\\/2021\\\/05\\\/Funeral_Covid_2.jpg\",\"datePublished\":\"2021-05-03T13:52:13+00:00\",\"dateModified\":\"2021-05-03T13:53:20+00:00\",\"author\":{\"@id\":\"https:\\\/\\\/www.altominho.tv\\\/site\\\/#\\\/schema\\\/person\\\/63f693da3e1899361cbe955c46f3232e\"},\"breadcrumb\":{\"@id\":\"https:\\\/\\\/www.altominho.tv\\\/site\\\/2021\\\/05\\\/03\\\/portugal-e-o-pais-da-ue-com-menos-mortes-diarias-por-milhao-de-habitantes\\\/#breadcrumb\"},\"inLanguage\":\"pt-PT\",\"potentialAction\":[{\"@type\":\"ReadAction\",\"target\":[\"https:\\\/\\\/www.altominho.tv\\\/site\\\/2021\\\/05\\\/03\\\/portugal-e-o-pais-da-ue-com-menos-mortes-diarias-por-milhao-de-habitantes\\\/\"]}]},{\"@type\":\"ImageObject\",\"inLanguage\":\"pt-PT\",\"@id\":\"https:\\\/\\\/www.altominho.tv\\\/site\\\/2021\\\/05\\\/03\\\/portugal-e-o-pais-da-ue-com-menos-mortes-diarias-por-milhao-de-habitantes\\\/#primaryimage\",\"url\":\"https:\\\/\\\/www.altominho.tv\\\/site\\\/wp-content\\\/uploads\\\/2021\\\/05\\\/Funeral_Covid_2.jpg\",\"contentUrl\":\"https:\\\/\\\/www.altominho.tv\\\/site\\\/wp-content\\\/uploads\\\/2021\\\/05\\\/Funeral_Covid_2.jpg\",\"width\":1360,\"height\":907},{\"@type\":\"BreadcrumbList\",\"@id\":\"https:\\\/\\\/www.altominho.tv\\\/site\\\/2021\\\/05\\\/03\\\/portugal-e-o-pais-da-ue-com-menos-mortes-diarias-por-milhao-de-habitantes\\\/#breadcrumb\",\"itemListElement\":[{\"@type\":\"ListItem\",\"position\":1,\"name\":\"In\u00edcio\",\"item\":\"https:\\\/\\\/www.altominho.tv\\\/site\\\/\"},{\"@type\":\"ListItem\",\"position\":2,\"name\":\"Portugal \u00e9 o pa\u00eds da UE com menos mortes di\u00e1rias por milh\u00e3o de habitantes\"}]},{\"@type\":\"WebSite\",\"@id\":\"https:\\\/\\\/www.altominho.tv\\\/site\\\/#website\",\"url\":\"https:\\\/\\\/www.altominho.tv\\\/site\\\/\",\"name\":\"Altominho.tv\",\"description\":\"A sua regi\u00e3o \u00e0 dist\u00e2ncia de um clique...\",\"potentialAction\":[{\"@type\":\"SearchAction\",\"target\":{\"@type\":\"EntryPoint\",\"urlTemplate\":\"https:\\\/\\\/www.altominho.tv\\\/site\\\/?s={search_term_string}\"},\"query-input\":{\"@type\":\"PropertyValueSpecification\",\"valueRequired\":true,\"valueName\":\"search_term_string\"}}],\"inLanguage\":\"pt-PT\"},{\"@type\":\"Person\",\"@id\":\"https:\\\/\\\/www.altominho.tv\\\/site\\\/#\\\/schema\\\/person\\\/63f693da3e1899361cbe955c46f3232e\",\"name\":\"Lusa\",\"image\":{\"@type\":\"ImageObject\",\"inLanguage\":\"pt-PT\",\"@id\":\"https:\\\/\\\/www.altominho.tv\\\/site\\\/wp-content\\\/uploads\\\/2019\\\/08\\\/LUSA_Logo.gif\",\"url\":\"https:\\\/\\\/www.altominho.tv\\\/site\\\/wp-content\\\/uploads\\\/2019\\\/08\\\/LUSA_Logo.gif\",\"contentUrl\":\"https:\\\/\\\/www.altominho.tv\\\/site\\\/wp-content\\\/uploads\\\/2019\\\/08\\\/LUSA_Logo.gif\",\"caption\":\"Lusa\"},\"sameAs\":[\"http:\\\/\\\/\\\/\\\/www.altominho.tv\\\/site\"],\"url\":\"https:\\\/\\\/www.altominho.tv\\\/site\\\/author\\\/lusa\\\/\"}]}<\/script>\n<!-- \/ Yoast SEO Premium plugin. -->","yoast_head_json":{"title":"Portugal \u00e9 o pa\u00eds da UE com menos mortes di\u00e1rias por milh\u00e3o de habitantes","robots":{"index":"index","follow":"follow","max-snippet":"max-snippet:-1","max-image-preview":"max-image-preview:large","max-video-preview":"max-video-preview:-1"},"canonical":"https:\/\/www.altominho.tv\/site\/2021\/05\/03\/portugal-e-o-pais-da-ue-com-menos-mortes-diarias-por-milhao-de-habitantes\/","og_locale":"pt_PT","og_type":"article","og_title":"Portugal \u00e9 o pa\u00eds da UE com menos mortes di\u00e1rias por milh\u00e3o de habitantes","og_description":"Portugal \u00e9 atualmente o pa\u00eds da Uni\u00e3o Europeia com menos mortes di\u00e1rias atribu\u00eddas \u00e0 covid-19 nos \u00faltimos sete dias por milh\u00e3o de habitantes e o segundo com menos casos, segundo o site estat\u00edstico Our World in Data. Com uma m\u00e9dia de 39,72 novos casos di\u00e1rios por milh\u00e3o de habitantes nos \u00faltimos sete dias, Portugal s\u00f3 [&hellip;]","og_url":"https:\/\/www.altominho.tv\/site\/2021\/05\/03\/portugal-e-o-pais-da-ue-com-menos-mortes-diarias-por-milhao-de-habitantes\/","og_site_name":"Altominho.tv","article_publisher":"https:\/\/www.facebook.com\/altominhotv","article_published_time":"2021-05-03T13:52:13+00:00","article_modified_time":"2021-05-03T13:53:20+00:00","og_image":[{"width":1360,"height":907,"url":"https:\/\/www.altominho.tv\/site\/wp-content\/uploads\/2021\/05\/Funeral_Covid_2.jpg","type":"image\/jpeg"}],"author":"Lusa","twitter_card":"summary_large_image","twitter_creator":"@altominhoTV","twitter_site":"@altominhoTV","twitter_misc":{"Escrito por":"Lusa","Tempo estimado de leitura":"2 minutos"},"schema":{"@context":"https:\/\/schema.org","@graph":[{"@type":"Article","@id":"https:\/\/www.altominho.tv\/site\/2021\/05\/03\/portugal-e-o-pais-da-ue-com-menos-mortes-diarias-por-milhao-de-habitantes\/#article","isPartOf":{"@id":"https:\/\/www.altominho.tv\/site\/2021\/05\/03\/portugal-e-o-pais-da-ue-com-menos-mortes-diarias-por-milhao-de-habitantes\/"},"author":{"name":"Lusa","@id":"https:\/\/www.altominho.tv\/site\/#\/schema\/person\/63f693da3e1899361cbe955c46f3232e"},"headline":"Portugal \u00e9 o pa\u00eds da UE com menos mortes di\u00e1rias por milh\u00e3o de habitantes","datePublished":"2021-05-03T13:52:13+00:00","dateModified":"2021-05-03T13:53:20+00:00","mainEntityOfPage":{"@id":"https:\/\/www.altominho.tv\/site\/2021\/05\/03\/portugal-e-o-pais-da-ue-com-menos-mortes-diarias-por-milhao-de-habitantes\/"},"wordCount":395,"image":{"@id":"https:\/\/www.altominho.tv\/site\/2021\/05\/03\/portugal-e-o-pais-da-ue-com-menos-mortes-diarias-por-milhao-de-habitantes\/#primaryimage"},"thumbnailUrl":"https:\/\/www.altominho.tv\/site\/wp-content\/uploads\/2021\/05\/Funeral_Covid_2.jpg","keywords":["Sa\u00fade","Sociedade"],"articleSection":["Coronav\u00edrus"],"inLanguage":"pt-PT","copyrightYear":"2021","copyrightHolder":{"@id":"https:\/\/www.altominho.tv\/site\/#organization"}},{"@type":"WebPage","@id":"https:\/\/www.altominho.tv\/site\/2021\/05\/03\/portugal-e-o-pais-da-ue-com-menos-mortes-diarias-por-milhao-de-habitantes\/","url":"https:\/\/www.altominho.tv\/site\/2021\/05\/03\/portugal-e-o-pais-da-ue-com-menos-mortes-diarias-por-milhao-de-habitantes\/","name":"Portugal \u00e9 o pa\u00eds da UE com menos mortes di\u00e1rias por milh\u00e3o de habitantes","isPartOf":{"@id":"https:\/\/www.altominho.tv\/site\/#website"},"primaryImageOfPage":{"@id":"https:\/\/www.altominho.tv\/site\/2021\/05\/03\/portugal-e-o-pais-da-ue-com-menos-mortes-diarias-por-milhao-de-habitantes\/#primaryimage"},"image":{"@id":"https:\/\/www.altominho.tv\/site\/2021\/05\/03\/portugal-e-o-pais-da-ue-com-menos-mortes-diarias-por-milhao-de-habitantes\/#primaryimage"},"thumbnailUrl":"https:\/\/www.altominho.tv\/site\/wp-content\/uploads\/2021\/05\/Funeral_Covid_2.jpg","datePublished":"2021-05-03T13:52:13+00:00","dateModified":"2021-05-03T13:53:20+00:00","author":{"@id":"https:\/\/www.altominho.tv\/site\/#\/schema\/person\/63f693da3e1899361cbe955c46f3232e"},"breadcrumb":{"@id":"https:\/\/www.altominho.tv\/site\/2021\/05\/03\/portugal-e-o-pais-da-ue-com-menos-mortes-diarias-por-milhao-de-habitantes\/#breadcrumb"},"inLanguage":"pt-PT","potentialAction":[{"@type":"ReadAction","target":["https:\/\/www.altominho.tv\/site\/2021\/05\/03\/portugal-e-o-pais-da-ue-com-menos-mortes-diarias-por-milhao-de-habitantes\/"]}]},{"@type":"ImageObject","inLanguage":"pt-PT","@id":"https:\/\/www.altominho.tv\/site\/2021\/05\/03\/portugal-e-o-pais-da-ue-com-menos-mortes-diarias-por-milhao-de-habitantes\/#primaryimage","url":"https:\/\/www.altominho.tv\/site\/wp-content\/uploads\/2021\/05\/Funeral_Covid_2.jpg","contentUrl":"https:\/\/www.altominho.tv\/site\/wp-content\/uploads\/2021\/05\/Funeral_Covid_2.jpg","width":1360,"height":907},{"@type":"BreadcrumbList","@id":"https:\/\/www.altominho.tv\/site\/2021\/05\/03\/portugal-e-o-pais-da-ue-com-menos-mortes-diarias-por-milhao-de-habitantes\/#breadcrumb","itemListElement":[{"@type":"ListItem","position":1,"name":"In\u00edcio","item":"https:\/\/www.altominho.tv\/site\/"},{"@type":"ListItem","position":2,"name":"Portugal \u00e9 o pa\u00eds da UE com menos mortes di\u00e1rias por milh\u00e3o de habitantes"}]},{"@type":"WebSite","@id":"https:\/\/www.altominho.tv\/site\/#website","url":"https:\/\/www.altominho.tv\/site\/","name":"Altominho.tv","description":"A sua regi\u00e3o \u00e0 dist\u00e2ncia de um clique...","potentialAction":[{"@type":"SearchAction","target":{"@type":"EntryPoint","urlTemplate":"https:\/\/www.altominho.tv\/site\/?s={search_term_string}"},"query-input":{"@type":"PropertyValueSpecification","valueRequired":true,"valueName":"search_term_string"}}],"inLanguage":"pt-PT"},{"@type":"Person","@id":"https:\/\/www.altominho.tv\/site\/#\/schema\/person\/63f693da3e1899361cbe955c46f3232e","name":"Lusa","image":{"@type":"ImageObject","inLanguage":"pt-PT","@id":"https:\/\/www.altominho.tv\/site\/wp-content\/uploads\/2019\/08\/LUSA_Logo.gif","url":"https:\/\/www.altominho.tv\/site\/wp-content\/uploads\/2019\/08\/LUSA_Logo.gif","contentUrl":"https:\/\/www.altominho.tv\/site\/wp-content\/uploads\/2019\/08\/LUSA_Logo.gif","caption":"Lusa"},"sameAs":["http:\/\/\/\/www.altominho.tv\/site"],"url":"https:\/\/www.altominho.tv\/site\/author\/lusa\/"}]}},"_links":{"self":[{"href":"https:\/\/www.altominho.tv\/site\/wp-json\/wp\/v2\/posts\/65964","targetHints":{"allow":["GET"]}}],"collection":[{"href":"https:\/\/www.altominho.tv\/site\/wp-json\/wp\/v2\/posts"}],"about":[{"href":"https:\/\/www.altominho.tv\/site\/wp-json\/wp\/v2\/types\/post"}],"author":[{"embeddable":true,"href":"https:\/\/www.altominho.tv\/site\/wp-json\/wp\/v2\/users\/13"}],"replies":[{"embeddable":true,"href":"https:\/\/www.altominho.tv\/site\/wp-json\/wp\/v2\/comments?post=65964"}],"version-history":[{"count":0,"href":"https:\/\/www.altominho.tv\/site\/wp-json\/wp\/v2\/posts\/65964\/revisions"}],"wp:featuredmedia":[{"embeddable":true,"href":"https:\/\/www.altominho.tv\/site\/wp-json\/wp\/v2\/media\/65965"}],"wp:attachment":[{"href":"https:\/\/www.altominho.tv\/site\/wp-json\/wp\/v2\/media?parent=65964"}],"wp:term":[{"taxonomy":"category","embeddable":true,"href":"https:\/\/www.altominho.tv\/site\/wp-json\/wp\/v2\/categories?post=65964"},{"taxonomy":"post_tag","embeddable":true,"href":"https:\/\/www.altominho.tv\/site\/wp-json\/wp\/v2\/tags?post=65964"}],"curies":[{"name":"wp","href":"https:\/\/api.w.org\/{rel}","templated":true}]}}