{"id":65954,"date":"2021-05-03T11:12:50","date_gmt":"2021-05-03T10:12:50","guid":{"rendered":"https:\/\/www.altominho.tv\/site\/?p=65954"},"modified":"2021-05-03T11:12:55","modified_gmt":"2021-05-03T10:12:55","slug":"bruxelas-propoe-reabrir-fronteiras-da-ue-a-estrangeiros-ja-vacinados","status":"publish","type":"post","link":"https:\/\/www.altominho.tv\/site\/2021\/05\/03\/bruxelas-propoe-reabrir-fronteiras-da-ue-a-estrangeiros-ja-vacinados\/","title":{"rendered":"Bruxelas prop\u00f5e reabrir fronteiras da UE a estrangeiros j\u00e1 vacinados"},"content":{"rendered":"\n<p>A Comiss\u00e3o Europeia prop\u00f4s hoje aos Estados-membros um al\u00edvio das atuais restri\u00e7\u00f5es \u00e0s viagens n\u00e3o essenciais para a Uni\u00e3o Europeia, sugerindo designadamente que seja permitida a entrada a cidad\u00e3os de pa\u00edses terceiros j\u00e1 vacinados contra a covid-19.<\/p>\n\n\n\n<p>Tendo em conta \u201co progresso das campanhas de vacina\u00e7\u00e3o e a evolu\u00e7\u00e3o da situa\u00e7\u00e3o epidemiol\u00f3gica a n\u00edvel mundial\u201d, o executivo comunit\u00e1rio prop\u00f5e aos 27 que reabram as fronteiras externas &#8220;a todas as pessoas provenientes de pa\u00edses com uma boa situa\u00e7\u00e3o epidemiol\u00f3gica, mas tamb\u00e9m a todas as pessoas que tenham recebido a \u00faltima dose recomendada de uma vacina autorizada pela UE\u201d, diz a Comiss\u00e3o em comunicado.<\/p>\n\n\n\n<p>Bruxelas admite alargar este \u2018corredor\u2019 aos cidad\u00e3os de pa\u00edses terceiros que j\u00e1 tenham recebido as doses recomendadas de vacinas que tenham conclu\u00eddo o processo de listagem de utiliza\u00e7\u00e3o de emerg\u00eancia da Organiza\u00e7\u00e3o Mundial da Sa\u00fade (OMS).<\/p>\n\n\n\n<p>A Comiss\u00e3o defende que, \u201cat\u00e9 que o Certificado Verde Digital esteja operacional, os Estados-membros devem poder aceitar certificados de pa\u00edses n\u00e3o comunit\u00e1rios com base na legisla\u00e7\u00e3o nacional, tendo em conta a capacidade de verificar a autenticidade, validade e integridade do certificado, e se este cont\u00e9m todos os dados relevantes\u201d.<\/p>\n\n\n\n<p>\u201cOs Estados-membros poder\u00e3o considerar a cria\u00e7\u00e3o de um portal que permita aos viajantes solicitar o reconhecimento de um certificado de vacina\u00e7\u00e3o emitido por um pa\u00eds n\u00e3o comunit\u00e1rio como prova fi\u00e1vel de vacina\u00e7\u00e3o e\/ou para a emiss\u00e3o de um Certificado Verde Digital\u201d, sugere.<\/p>\n\n\n\n<p>Al\u00e9m disso, a Comiss\u00e3o prop\u00f5e aumentar, de acordo com a evolu\u00e7\u00e3o da situa\u00e7\u00e3o epidemiol\u00f3gica na UE, o valor m\u00e1ximo de refer\u00eancia de novos casos de covid-19 utilizado para determinar uma lista de pa\u00edses a partir dos quais todas as viagens devem ser permitidas, o que, assinala, \u201cdever\u00e1 permitir ao Conselho alargar esta lista\u201d, atualmente composta apenas por sete pa\u00edses.<\/p>\n\n\n\n<p>Por outro lado, Bruxelas admite que o surgimento de variantes \u201cpreocupantes\u201d do coronav\u00edrus exige uma vigil\u00e2ncia cont\u00ednua, pelo que, \u201ccomo contrapeso\u201d, prop\u00f5e um novo mecanismo de &#8220;trav\u00e3o de emerg\u00eancia&#8221;, a ser coordenado a n\u00edvel da UE, e que limitaria o risco de tais variantes entrarem na UE.<\/p>\n\n\n\n<p>\u201cTal permitir\u00e1 aos Estados-membros agir rapidamente e limitar temporariamente a um m\u00ednimo estrito todas as viagens a partir dos pa\u00edses afetados durante o tempo necess\u00e1rio para p\u00f4r em pr\u00e1tica medidas sanit\u00e1rias adequadas\u201d, sustenta a Comiss\u00e3o Europeia.<\/p>\n\n\n\n<p>Esta proposta dever\u00e1 ser analisada pelos Estados-membros j\u00e1 na pr\u00f3xima quarta-feira, numa reuni\u00e3o dos embaixadores dos 27 junto da UE, atualmente sob presid\u00eancia portuguesa.<\/p>\n\n\n\n<p>A pandemia de covid-19 provocou, pelo menos, 3.194.716 mortos no mundo, resultantes de mais de 152 milh\u00f5es de casos de infe\u00e7\u00e3o, segundo um balan\u00e7o feito pela ag\u00eancia francesa AFP.<\/p>\n\n\n\n<p>A doen\u00e7a \u00e9 transmitida por um novo coronav\u00edrus detetado no final de 2019, em Wuhan, uma cidade do centro da China.<\/p>\n","protected":false},"excerpt":{"rendered":"<p>A Comiss\u00e3o Europeia prop\u00f4s hoje aos Estados-membros um al\u00edvio das atuais restri\u00e7\u00f5es \u00e0s viagens n\u00e3o essenciais para a Uni\u00e3o Europeia, sugerindo designadamente que seja permitida a entrada a cidad\u00e3os de pa\u00edses terceiros j\u00e1 vacinados contra a covid-19. Tendo em conta \u201co progresso das campanhas de vacina\u00e7\u00e3o e a evolu\u00e7\u00e3o da situa\u00e7\u00e3o epidemiol\u00f3gica a n\u00edvel mundial\u201d, [&hellip;]<\/p>\n","protected":false},"author":7,"featured_media":65955,"comment_status":"closed","ping_status":"closed","sticky":false,"template":"","format":"standard","meta":{"_exactmetrics_skip_tracking":false,"_exactmetrics_sitenote_active":false,"_exactmetrics_sitenote_note":"","_exactmetrics_sitenote_category":0,"footnotes":""},"categories":[42722],"tags":[26,27],"class_list":["post-65954","post","type-post","status-publish","format-standard","has-post-thumbnail","hentry","category-covid-19","tag-saude","tag-sociedade"],"yoast_head":"<!-- This site is optimized with the Yoast SEO Premium plugin v27.4 (Yoast SEO v27.4) - https:\/\/yoast.com\/product\/yoast-seo-premium-wordpress\/ -->\n<title>Bruxelas prop\u00f5e reabrir fronteiras da UE a estrangeiros j\u00e1 vacinados<\/title>\n<meta name=\"robots\" content=\"index, follow, max-snippet:-1, max-image-preview:large, max-video-preview:-1\" \/>\n<link rel=\"canonical\" href=\"https:\/\/www.altominho.tv\/site\/2021\/05\/03\/bruxelas-propoe-reabrir-fronteiras-da-ue-a-estrangeiros-ja-vacinados\/\" \/>\n<meta property=\"og:locale\" content=\"pt_PT\" \/>\n<meta property=\"og:type\" content=\"article\" \/>\n<meta property=\"og:title\" content=\"Bruxelas prop\u00f5e reabrir fronteiras da UE a estrangeiros j\u00e1 vacinados\" \/>\n<meta property=\"og:description\" content=\"A Comiss\u00e3o Europeia prop\u00f4s hoje aos Estados-membros um al\u00edvio das atuais restri\u00e7\u00f5es \u00e0s viagens n\u00e3o essenciais para a Uni\u00e3o Europeia, sugerindo designadamente que seja permitida a entrada a cidad\u00e3os de pa\u00edses terceiros j\u00e1 vacinados contra a covid-19. Tendo em conta \u201co progresso das campanhas de vacina\u00e7\u00e3o e a evolu\u00e7\u00e3o da situa\u00e7\u00e3o epidemiol\u00f3gica a n\u00edvel mundial\u201d, [&hellip;]\" \/>\n<meta property=\"og:url\" content=\"https:\/\/www.altominho.tv\/site\/2021\/05\/03\/bruxelas-propoe-reabrir-fronteiras-da-ue-a-estrangeiros-ja-vacinados\/\" \/>\n<meta property=\"og:site_name\" content=\"Altominho.tv\" \/>\n<meta property=\"article:publisher\" content=\"https:\/\/www.facebook.com\/altominhotv\" \/>\n<meta property=\"article:published_time\" content=\"2021-05-03T10:12:50+00:00\" \/>\n<meta property=\"article:modified_time\" content=\"2021-05-03T10:12:55+00:00\" \/>\n<meta property=\"og:image\" content=\"https:\/\/www.altominho.tv\/site\/wp-content\/uploads\/2021\/05\/viagens.jpg\" \/>\n\t<meta property=\"og:image:width\" content=\"1024\" \/>\n\t<meta property=\"og:image:height\" content=\"576\" \/>\n\t<meta property=\"og:image:type\" content=\"image\/jpeg\" \/>\n<meta name=\"author\" content=\"Andreia Cunha\" \/>\n<meta name=\"twitter:card\" content=\"summary_large_image\" \/>\n<meta name=\"twitter:creator\" content=\"@altominhoTV\" \/>\n<meta name=\"twitter:site\" content=\"@altominhoTV\" \/>\n<meta name=\"twitter:label1\" content=\"Escrito por\" \/>\n\t<meta name=\"twitter:data1\" content=\"Andreia Cunha\" \/>\n\t<meta name=\"twitter:label2\" content=\"Tempo estimado de leitura\" \/>\n\t<meta name=\"twitter:data2\" content=\"3 minutos\" \/>\n<script type=\"application\/ld+json\" class=\"yoast-schema-graph\">{\"@context\":\"https:\\\/\\\/schema.org\",\"@graph\":[{\"@type\":\"Article\",\"@id\":\"https:\\\/\\\/www.altominho.tv\\\/site\\\/2021\\\/05\\\/03\\\/bruxelas-propoe-reabrir-fronteiras-da-ue-a-estrangeiros-ja-vacinados\\\/#article\",\"isPartOf\":{\"@id\":\"https:\\\/\\\/www.altominho.tv\\\/site\\\/2021\\\/05\\\/03\\\/bruxelas-propoe-reabrir-fronteiras-da-ue-a-estrangeiros-ja-vacinados\\\/\"},\"author\":{\"name\":\"Andreia Cunha\",\"@id\":\"https:\\\/\\\/www.altominho.tv\\\/site\\\/#\\\/schema\\\/person\\\/a0e4ef6d041f98ca284393d8f1d97153\"},\"headline\":\"Bruxelas prop\u00f5e reabrir fronteiras da UE a estrangeiros j\u00e1 vacinados\",\"datePublished\":\"2021-05-03T10:12:50+00:00\",\"dateModified\":\"2021-05-03T10:12:55+00:00\",\"mainEntityOfPage\":{\"@id\":\"https:\\\/\\\/www.altominho.tv\\\/site\\\/2021\\\/05\\\/03\\\/bruxelas-propoe-reabrir-fronteiras-da-ue-a-estrangeiros-ja-vacinados\\\/\"},\"wordCount\":526,\"image\":{\"@id\":\"https:\\\/\\\/www.altominho.tv\\\/site\\\/2021\\\/05\\\/03\\\/bruxelas-propoe-reabrir-fronteiras-da-ue-a-estrangeiros-ja-vacinados\\\/#primaryimage\"},\"thumbnailUrl\":\"https:\\\/\\\/www.altominho.tv\\\/site\\\/wp-content\\\/uploads\\\/2021\\\/05\\\/viagens.jpg\",\"keywords\":[\"Sa\u00fade\",\"Sociedade\"],\"articleSection\":[\"Coronav\u00edrus\"],\"inLanguage\":\"pt-PT\",\"copyrightYear\":\"2021\",\"copyrightHolder\":{\"@id\":\"https:\\\/\\\/www.altominho.tv\\\/site\\\/#organization\"}},{\"@type\":\"WebPage\",\"@id\":\"https:\\\/\\\/www.altominho.tv\\\/site\\\/2021\\\/05\\\/03\\\/bruxelas-propoe-reabrir-fronteiras-da-ue-a-estrangeiros-ja-vacinados\\\/\",\"url\":\"https:\\\/\\\/www.altominho.tv\\\/site\\\/2021\\\/05\\\/03\\\/bruxelas-propoe-reabrir-fronteiras-da-ue-a-estrangeiros-ja-vacinados\\\/\",\"name\":\"Bruxelas prop\u00f5e reabrir fronteiras da UE a estrangeiros j\u00e1 vacinados\",\"isPartOf\":{\"@id\":\"https:\\\/\\\/www.altominho.tv\\\/site\\\/#website\"},\"primaryImageOfPage\":{\"@id\":\"https:\\\/\\\/www.altominho.tv\\\/site\\\/2021\\\/05\\\/03\\\/bruxelas-propoe-reabrir-fronteiras-da-ue-a-estrangeiros-ja-vacinados\\\/#primaryimage\"},\"image\":{\"@id\":\"https:\\\/\\\/www.altominho.tv\\\/site\\\/2021\\\/05\\\/03\\\/bruxelas-propoe-reabrir-fronteiras-da-ue-a-estrangeiros-ja-vacinados\\\/#primaryimage\"},\"thumbnailUrl\":\"https:\\\/\\\/www.altominho.tv\\\/site\\\/wp-content\\\/uploads\\\/2021\\\/05\\\/viagens.jpg\",\"datePublished\":\"2021-05-03T10:12:50+00:00\",\"dateModified\":\"2021-05-03T10:12:55+00:00\",\"author\":{\"@id\":\"https:\\\/\\\/www.altominho.tv\\\/site\\\/#\\\/schema\\\/person\\\/a0e4ef6d041f98ca284393d8f1d97153\"},\"breadcrumb\":{\"@id\":\"https:\\\/\\\/www.altominho.tv\\\/site\\\/2021\\\/05\\\/03\\\/bruxelas-propoe-reabrir-fronteiras-da-ue-a-estrangeiros-ja-vacinados\\\/#breadcrumb\"},\"inLanguage\":\"pt-PT\",\"potentialAction\":[{\"@type\":\"ReadAction\",\"target\":[\"https:\\\/\\\/www.altominho.tv\\\/site\\\/2021\\\/05\\\/03\\\/bruxelas-propoe-reabrir-fronteiras-da-ue-a-estrangeiros-ja-vacinados\\\/\"]}]},{\"@type\":\"ImageObject\",\"inLanguage\":\"pt-PT\",\"@id\":\"https:\\\/\\\/www.altominho.tv\\\/site\\\/2021\\\/05\\\/03\\\/bruxelas-propoe-reabrir-fronteiras-da-ue-a-estrangeiros-ja-vacinados\\\/#primaryimage\",\"url\":\"https:\\\/\\\/www.altominho.tv\\\/site\\\/wp-content\\\/uploads\\\/2021\\\/05\\\/viagens.jpg\",\"contentUrl\":\"https:\\\/\\\/www.altominho.tv\\\/site\\\/wp-content\\\/uploads\\\/2021\\\/05\\\/viagens.jpg\",\"width\":1024,\"height\":576},{\"@type\":\"BreadcrumbList\",\"@id\":\"https:\\\/\\\/www.altominho.tv\\\/site\\\/2021\\\/05\\\/03\\\/bruxelas-propoe-reabrir-fronteiras-da-ue-a-estrangeiros-ja-vacinados\\\/#breadcrumb\",\"itemListElement\":[{\"@type\":\"ListItem\",\"position\":1,\"name\":\"In\u00edcio\",\"item\":\"https:\\\/\\\/www.altominho.tv\\\/site\\\/\"},{\"@type\":\"ListItem\",\"position\":2,\"name\":\"Bruxelas prop\u00f5e reabrir fronteiras da UE a estrangeiros j\u00e1 vacinados\"}]},{\"@type\":\"WebSite\",\"@id\":\"https:\\\/\\\/www.altominho.tv\\\/site\\\/#website\",\"url\":\"https:\\\/\\\/www.altominho.tv\\\/site\\\/\",\"name\":\"Altominho.tv\",\"description\":\"A sua regi\u00e3o \u00e0 dist\u00e2ncia de um clique...\",\"potentialAction\":[{\"@type\":\"SearchAction\",\"target\":{\"@type\":\"EntryPoint\",\"urlTemplate\":\"https:\\\/\\\/www.altominho.tv\\\/site\\\/?s={search_term_string}\"},\"query-input\":{\"@type\":\"PropertyValueSpecification\",\"valueRequired\":true,\"valueName\":\"search_term_string\"}}],\"inLanguage\":\"pt-PT\"},{\"@type\":\"Person\",\"@id\":\"https:\\\/\\\/www.altominho.tv\\\/site\\\/#\\\/schema\\\/person\\\/a0e4ef6d041f98ca284393d8f1d97153\",\"name\":\"Andreia Cunha\",\"image\":{\"@type\":\"ImageObject\",\"inLanguage\":\"pt-PT\",\"@id\":\"https:\\\/\\\/www.altominho.tv\\\/site\\\/wp-content\\\/uploads\\\/2017\\\/11\\\/Andreia_Cunha-1-150x150.jpg\",\"url\":\"https:\\\/\\\/www.altominho.tv\\\/site\\\/wp-content\\\/uploads\\\/2017\\\/11\\\/Andreia_Cunha-1-150x150.jpg\",\"contentUrl\":\"https:\\\/\\\/www.altominho.tv\\\/site\\\/wp-content\\\/uploads\\\/2017\\\/11\\\/Andreia_Cunha-1-150x150.jpg\",\"caption\":\"Andreia Cunha\"},\"url\":\"https:\\\/\\\/www.altominho.tv\\\/site\\\/author\\\/andreiacunha\\\/\"}]}<\/script>\n<!-- \/ Yoast SEO Premium plugin. -->","yoast_head_json":{"title":"Bruxelas prop\u00f5e reabrir fronteiras da UE a estrangeiros j\u00e1 vacinados","robots":{"index":"index","follow":"follow","max-snippet":"max-snippet:-1","max-image-preview":"max-image-preview:large","max-video-preview":"max-video-preview:-1"},"canonical":"https:\/\/www.altominho.tv\/site\/2021\/05\/03\/bruxelas-propoe-reabrir-fronteiras-da-ue-a-estrangeiros-ja-vacinados\/","og_locale":"pt_PT","og_type":"article","og_title":"Bruxelas prop\u00f5e reabrir fronteiras da UE a estrangeiros j\u00e1 vacinados","og_description":"A Comiss\u00e3o Europeia prop\u00f4s hoje aos Estados-membros um al\u00edvio das atuais restri\u00e7\u00f5es \u00e0s viagens n\u00e3o essenciais para a Uni\u00e3o Europeia, sugerindo designadamente que seja permitida a entrada a cidad\u00e3os de pa\u00edses terceiros j\u00e1 vacinados contra a covid-19. Tendo em conta \u201co progresso das campanhas de vacina\u00e7\u00e3o e a evolu\u00e7\u00e3o da situa\u00e7\u00e3o epidemiol\u00f3gica a n\u00edvel mundial\u201d, [&hellip;]","og_url":"https:\/\/www.altominho.tv\/site\/2021\/05\/03\/bruxelas-propoe-reabrir-fronteiras-da-ue-a-estrangeiros-ja-vacinados\/","og_site_name":"Altominho.tv","article_publisher":"https:\/\/www.facebook.com\/altominhotv","article_published_time":"2021-05-03T10:12:50+00:00","article_modified_time":"2021-05-03T10:12:55+00:00","og_image":[{"width":1024,"height":576,"url":"https:\/\/www.altominho.tv\/site\/wp-content\/uploads\/2021\/05\/viagens.jpg","type":"image\/jpeg"}],"author":"Andreia Cunha","twitter_card":"summary_large_image","twitter_creator":"@altominhoTV","twitter_site":"@altominhoTV","twitter_misc":{"Escrito por":"Andreia Cunha","Tempo estimado de leitura":"3 minutos"},"schema":{"@context":"https:\/\/schema.org","@graph":[{"@type":"Article","@id":"https:\/\/www.altominho.tv\/site\/2021\/05\/03\/bruxelas-propoe-reabrir-fronteiras-da-ue-a-estrangeiros-ja-vacinados\/#article","isPartOf":{"@id":"https:\/\/www.altominho.tv\/site\/2021\/05\/03\/bruxelas-propoe-reabrir-fronteiras-da-ue-a-estrangeiros-ja-vacinados\/"},"author":{"name":"Andreia Cunha","@id":"https:\/\/www.altominho.tv\/site\/#\/schema\/person\/a0e4ef6d041f98ca284393d8f1d97153"},"headline":"Bruxelas prop\u00f5e reabrir fronteiras da UE a estrangeiros j\u00e1 vacinados","datePublished":"2021-05-03T10:12:50+00:00","dateModified":"2021-05-03T10:12:55+00:00","mainEntityOfPage":{"@id":"https:\/\/www.altominho.tv\/site\/2021\/05\/03\/bruxelas-propoe-reabrir-fronteiras-da-ue-a-estrangeiros-ja-vacinados\/"},"wordCount":526,"image":{"@id":"https:\/\/www.altominho.tv\/site\/2021\/05\/03\/bruxelas-propoe-reabrir-fronteiras-da-ue-a-estrangeiros-ja-vacinados\/#primaryimage"},"thumbnailUrl":"https:\/\/www.altominho.tv\/site\/wp-content\/uploads\/2021\/05\/viagens.jpg","keywords":["Sa\u00fade","Sociedade"],"articleSection":["Coronav\u00edrus"],"inLanguage":"pt-PT","copyrightYear":"2021","copyrightHolder":{"@id":"https:\/\/www.altominho.tv\/site\/#organization"}},{"@type":"WebPage","@id":"https:\/\/www.altominho.tv\/site\/2021\/05\/03\/bruxelas-propoe-reabrir-fronteiras-da-ue-a-estrangeiros-ja-vacinados\/","url":"https:\/\/www.altominho.tv\/site\/2021\/05\/03\/bruxelas-propoe-reabrir-fronteiras-da-ue-a-estrangeiros-ja-vacinados\/","name":"Bruxelas prop\u00f5e reabrir fronteiras da UE a estrangeiros j\u00e1 vacinados","isPartOf":{"@id":"https:\/\/www.altominho.tv\/site\/#website"},"primaryImageOfPage":{"@id":"https:\/\/www.altominho.tv\/site\/2021\/05\/03\/bruxelas-propoe-reabrir-fronteiras-da-ue-a-estrangeiros-ja-vacinados\/#primaryimage"},"image":{"@id":"https:\/\/www.altominho.tv\/site\/2021\/05\/03\/bruxelas-propoe-reabrir-fronteiras-da-ue-a-estrangeiros-ja-vacinados\/#primaryimage"},"thumbnailUrl":"https:\/\/www.altominho.tv\/site\/wp-content\/uploads\/2021\/05\/viagens.jpg","datePublished":"2021-05-03T10:12:50+00:00","dateModified":"2021-05-03T10:12:55+00:00","author":{"@id":"https:\/\/www.altominho.tv\/site\/#\/schema\/person\/a0e4ef6d041f98ca284393d8f1d97153"},"breadcrumb":{"@id":"https:\/\/www.altominho.tv\/site\/2021\/05\/03\/bruxelas-propoe-reabrir-fronteiras-da-ue-a-estrangeiros-ja-vacinados\/#breadcrumb"},"inLanguage":"pt-PT","potentialAction":[{"@type":"ReadAction","target":["https:\/\/www.altominho.tv\/site\/2021\/05\/03\/bruxelas-propoe-reabrir-fronteiras-da-ue-a-estrangeiros-ja-vacinados\/"]}]},{"@type":"ImageObject","inLanguage":"pt-PT","@id":"https:\/\/www.altominho.tv\/site\/2021\/05\/03\/bruxelas-propoe-reabrir-fronteiras-da-ue-a-estrangeiros-ja-vacinados\/#primaryimage","url":"https:\/\/www.altominho.tv\/site\/wp-content\/uploads\/2021\/05\/viagens.jpg","contentUrl":"https:\/\/www.altominho.tv\/site\/wp-content\/uploads\/2021\/05\/viagens.jpg","width":1024,"height":576},{"@type":"BreadcrumbList","@id":"https:\/\/www.altominho.tv\/site\/2021\/05\/03\/bruxelas-propoe-reabrir-fronteiras-da-ue-a-estrangeiros-ja-vacinados\/#breadcrumb","itemListElement":[{"@type":"ListItem","position":1,"name":"In\u00edcio","item":"https:\/\/www.altominho.tv\/site\/"},{"@type":"ListItem","position":2,"name":"Bruxelas prop\u00f5e reabrir fronteiras da UE a estrangeiros j\u00e1 vacinados"}]},{"@type":"WebSite","@id":"https:\/\/www.altominho.tv\/site\/#website","url":"https:\/\/www.altominho.tv\/site\/","name":"Altominho.tv","description":"A sua regi\u00e3o \u00e0 dist\u00e2ncia de um clique...","potentialAction":[{"@type":"SearchAction","target":{"@type":"EntryPoint","urlTemplate":"https:\/\/www.altominho.tv\/site\/?s={search_term_string}"},"query-input":{"@type":"PropertyValueSpecification","valueRequired":true,"valueName":"search_term_string"}}],"inLanguage":"pt-PT"},{"@type":"Person","@id":"https:\/\/www.altominho.tv\/site\/#\/schema\/person\/a0e4ef6d041f98ca284393d8f1d97153","name":"Andreia Cunha","image":{"@type":"ImageObject","inLanguage":"pt-PT","@id":"https:\/\/www.altominho.tv\/site\/wp-content\/uploads\/2017\/11\/Andreia_Cunha-1-150x150.jpg","url":"https:\/\/www.altominho.tv\/site\/wp-content\/uploads\/2017\/11\/Andreia_Cunha-1-150x150.jpg","contentUrl":"https:\/\/www.altominho.tv\/site\/wp-content\/uploads\/2017\/11\/Andreia_Cunha-1-150x150.jpg","caption":"Andreia Cunha"},"url":"https:\/\/www.altominho.tv\/site\/author\/andreiacunha\/"}]}},"_links":{"self":[{"href":"https:\/\/www.altominho.tv\/site\/wp-json\/wp\/v2\/posts\/65954","targetHints":{"allow":["GET"]}}],"collection":[{"href":"https:\/\/www.altominho.tv\/site\/wp-json\/wp\/v2\/posts"}],"about":[{"href":"https:\/\/www.altominho.tv\/site\/wp-json\/wp\/v2\/types\/post"}],"author":[{"embeddable":true,"href":"https:\/\/www.altominho.tv\/site\/wp-json\/wp\/v2\/users\/7"}],"replies":[{"embeddable":true,"href":"https:\/\/www.altominho.tv\/site\/wp-json\/wp\/v2\/comments?post=65954"}],"version-history":[{"count":0,"href":"https:\/\/www.altominho.tv\/site\/wp-json\/wp\/v2\/posts\/65954\/revisions"}],"wp:featuredmedia":[{"embeddable":true,"href":"https:\/\/www.altominho.tv\/site\/wp-json\/wp\/v2\/media\/65955"}],"wp:attachment":[{"href":"https:\/\/www.altominho.tv\/site\/wp-json\/wp\/v2\/media?parent=65954"}],"wp:term":[{"taxonomy":"category","embeddable":true,"href":"https:\/\/www.altominho.tv\/site\/wp-json\/wp\/v2\/categories?post=65954"},{"taxonomy":"post_tag","embeddable":true,"href":"https:\/\/www.altominho.tv\/site\/wp-json\/wp\/v2\/tags?post=65954"}],"curies":[{"name":"wp","href":"https:\/\/api.w.org\/{rel}","templated":true}]}}