{"id":65929,"date":"2021-05-02T15:08:34","date_gmt":"2021-05-02T14:08:34","guid":{"rendered":"https:\/\/www.altominho.tv\/site\/?p=65929"},"modified":"2021-05-02T15:08:37","modified_gmt":"2021-05-02T14:08:37","slug":"portugal-com-uma-morte-e-330-novos-casos-nas-ultimas-24-horas","status":"publish","type":"post","link":"https:\/\/www.altominho.tv\/site\/2021\/05\/02\/portugal-com-uma-morte-e-330-novos-casos-nas-ultimas-24-horas\/","title":{"rendered":"Portugal com uma morte e 330 novos casos nas \u00faltimas 24 horas"},"content":{"rendered":"<p>Portugal registou hoje uma morte atribu\u00edda \u00e0 covid-19, 330 novos casos de infe\u00e7\u00e3o pelo coronav\u00edrus SARS-CoV-2 e um aumento no n\u00famero de internamentos em enfermaria e cuidados intensivos, segundo a Dire\u00e7\u00e3o-Geral da Sa\u00fade (DGS).<\/p>\n<p class=\"text-paragraph\">De acordo com o boletim da DGS, est\u00e3o hoje internados em enfermaria 311 doentes, mais nove em rela\u00e7\u00e3o a s\u00e1bado, e 85 em unidades de cuidados intensivos (mais um).<\/p>\n<p class=\"text-paragraph\">A morte registada nas \u00faltimas 24 horas ocorreu na regi\u00e3o do Algarve<\/p>\n<p class=\"text-paragraph\">Relativamente ao n\u00famero de novos casos, os valores de hoje s\u00e3o semelhantes aos registados nas \u00faltimas semanas, com oscila\u00e7\u00f5es di\u00e1rias.<\/p>\n<p class=\"text-paragraph\">Desde o in\u00edcio da pandemia Portugal j\u00e1 contabilizou 837.277 casos confirmados e 16.977 \u00f3bitos.<\/p>\n<p class=\"text-paragraph\">H\u00e1 23.579 casos ativos, mais 85 em rela\u00e7\u00e3o a s\u00e1bado, e o n\u00famero de contactos em vigil\u00e2ncia pelas autoridades de sa\u00fade tamb\u00e9m diminuiu em 97, totalizando agora 23.909.<\/p>\n<p class=\"text-paragraph\">Os dados revelam tamb\u00e9m que 244 pessoas foram dadas como recuperadas, fazendo subir para 796.721 o n\u00famero total desde o in\u00edcio da pandemia em Portugal, em mar\u00e7o de 2020.<\/p>\n<p class=\"text-paragraph\">De acordo com os mais recentes dados da DGS, Portugal tem atualmente 3.303.560 pessoas vacinadas contra a covid-19, das quais 870.552 j\u00e1 est\u00e3o imunizadas com as duas doses.<\/p>\n<p class=\"text-paragraph\">O \u00edndice de transmissibilidade (Rt) do coronav\u00edrus SARS-Cov-2 \u00e9 atualmente de 0,98 e a incid\u00eancia de casos de infe\u00e7\u00e3o por 100.000 habitantes nos \u00faltimos 14 dias \u00e9 agora de 66,9.<\/p>\n<p class=\"text-paragraph\">Os dados do Rt e da incid\u00eancia s\u00e3o atualizados \u00e0 segunda-feira, quarta-feira e sexta-feira.<\/p>\n<p class=\"text-paragraph\">Na regi\u00e3o de Lisboa e Vale do Tejo foram notificadas 76 novas infe\u00e7\u00f5es, contabilizando-se at\u00e9 agora 316.579 casos e 7.193 mortos.<\/p>\n<p class=\"text-paragraph\">A regi\u00e3o Norte tem 160 novas infe\u00e7\u00f5es por SARS-CoV-2 e desde o in\u00edcio da pandemia j\u00e1 contabilizou 336.394 casos de infe\u00e7\u00e3o e 5.340 mortes.<\/p>\n<p class=\"text-paragraph\">Na regi\u00e3o Centro registaram-se mais 37 casos, acumulando-se 118.777 infe\u00e7\u00f5es e 3.015 mortos.<\/p>\n<p class=\"text-paragraph\">No Alentejo foram assinalados mais cinco casos, totalizando 29.795 infe\u00e7\u00f5es e 971 mortos desde o in\u00edcio da pandemia.<\/p>\n<p class=\"text-paragraph\">Na regi\u00e3o do Algarve o boletim de hoje revela que foram registados 14 novos casos, acumulando-se 21.701 infe\u00e7\u00f5es e 359 mortos.<\/p>\n<p class=\"text-paragraph\">A regi\u00e3o Aut\u00f3noma da Madeira registou 24 casos, contabilizando 9.252 infe\u00e7\u00f5es e 68 mortes devido \u00e0 covid-19 desde mar\u00e7o de 2020.<\/p>\n<p class=\"text-paragraph\">Os A\u00e7ores t\u00eam hoje 14 novos casos e contabilizam 4.779 casos e 31 mortos desde o in\u00edcio da pandemia, segundo a DGS.<\/p>\n<p class=\"text-paragraph\">As autoridades regionais dos A\u00e7ores e da Madeira divulgam diariamente os seus dados, que podem n\u00e3o coincidir com a informa\u00e7\u00e3o divulgada no boletim da DGS.<\/p>\n<p class=\"text-paragraph\">O novo coronav\u00edrus j\u00e1 infetou em Portugal pelo menos 379.924 homens e 457.037 mulheres, mostram os dados da DGS, segundo os quais h\u00e1 316 casos de sexo desconhecido, que se encontram sob investiga\u00e7\u00e3o, uma vez que esta informa\u00e7\u00e3o n\u00e3o \u00e9 fornecida de forma autom\u00e1tica.<\/p>\n<p class=\"text-paragraph\">Do total de v\u00edtimas mortais, 8.916 eram homens e 8.061 mulheres.<\/p>\n<p class=\"text-paragraph\">O maior n\u00famero de \u00f3bitos continua a concentrar-se nos idosos com mais de 80 anos, seguidos da faixa et\u00e1ria entre os 70 e os 79 anos.<\/p>\n<p class=\"text-paragraph\">Do total de mortes, 11.170 eram pessoas com mais de 80 anos, 3.615 com idades entre os 70 e os 79 anos, e 1.521 tinham entre os 60 e os 69 anos.<\/p>\n<p class=\"text-paragraph\">A pandemia de covid-19 provocou, pelo menos, 3.194.716 mortos no mundo, resultantes de mais de 152 milh\u00f5es de casos de infe\u00e7\u00e3o, segundo um balan\u00e7o feito pela ag\u00eancia francesa AFP.<\/p>\n","protected":false},"excerpt":{"rendered":"<p>Portugal registou hoje uma morte atribu\u00edda \u00e0 covid-19, 330 novos casos de infe\u00e7\u00e3o pelo coronav\u00edrus SARS-CoV-2 e um aumento no n\u00famero de internamentos em enfermaria e cuidados intensivos, segundo a Dire\u00e7\u00e3o-Geral da Sa\u00fade (DGS). De acordo com o boletim da DGS, est\u00e3o hoje internados em enfermaria 311 doentes, mais nove em rela\u00e7\u00e3o a s\u00e1bado, e [&hellip;]<\/p>\n","protected":false},"author":13,"featured_media":64368,"comment_status":"closed","ping_status":"closed","sticky":false,"template":"","format":"standard","meta":{"_exactmetrics_skip_tracking":false,"_exactmetrics_sitenote_active":false,"_exactmetrics_sitenote_note":"","_exactmetrics_sitenote_category":0,"footnotes":""},"categories":[42722],"tags":[26,27],"class_list":["post-65929","post","type-post","status-publish","format-standard","has-post-thumbnail","hentry","category-covid-19","tag-saude","tag-sociedade"],"yoast_head":"<!-- This site is optimized with the Yoast SEO Premium plugin v27.4 (Yoast SEO v27.4) - https:\/\/yoast.com\/product\/yoast-seo-premium-wordpress\/ -->\n<title>Portugal com uma morte e 330 novos casos nas \u00faltimas 24 horas<\/title>\n<meta name=\"robots\" content=\"index, follow, max-snippet:-1, max-image-preview:large, max-video-preview:-1\" \/>\n<link rel=\"canonical\" href=\"https:\/\/www.altominho.tv\/site\/2021\/05\/02\/portugal-com-uma-morte-e-330-novos-casos-nas-ultimas-24-horas\/\" \/>\n<meta property=\"og:locale\" content=\"pt_PT\" \/>\n<meta property=\"og:type\" content=\"article\" \/>\n<meta property=\"og:title\" content=\"Portugal com uma morte e 330 novos casos nas \u00faltimas 24 horas\" \/>\n<meta property=\"og:description\" content=\"Portugal registou hoje uma morte atribu\u00edda \u00e0 covid-19, 330 novos casos de infe\u00e7\u00e3o pelo coronav\u00edrus SARS-CoV-2 e um aumento no n\u00famero de internamentos em enfermaria e cuidados intensivos, segundo a Dire\u00e7\u00e3o-Geral da Sa\u00fade (DGS). De acordo com o boletim da DGS, est\u00e3o hoje internados em enfermaria 311 doentes, mais nove em rela\u00e7\u00e3o a s\u00e1bado, e [&hellip;]\" \/>\n<meta property=\"og:url\" content=\"https:\/\/www.altominho.tv\/site\/2021\/05\/02\/portugal-com-uma-morte-e-330-novos-casos-nas-ultimas-24-horas\/\" \/>\n<meta property=\"og:site_name\" content=\"Altominho.tv\" \/>\n<meta property=\"article:publisher\" content=\"https:\/\/www.facebook.com\/altominhotv\" \/>\n<meta property=\"article:published_time\" content=\"2021-05-02T14:08:34+00:00\" \/>\n<meta property=\"article:modified_time\" content=\"2021-05-02T14:08:37+00:00\" \/>\n<meta property=\"og:image\" content=\"https:\/\/www.altominho.tv\/site\/wp-content\/uploads\/2021\/03\/Untitled-Project-8-740x416-1.jpeg\" \/>\n\t<meta property=\"og:image:width\" content=\"740\" \/>\n\t<meta property=\"og:image:height\" content=\"416\" \/>\n\t<meta property=\"og:image:type\" content=\"image\/jpeg\" \/>\n<meta name=\"author\" content=\"Lusa\" \/>\n<meta name=\"twitter:card\" content=\"summary_large_image\" \/>\n<meta name=\"twitter:creator\" content=\"@altominhoTV\" \/>\n<meta name=\"twitter:site\" content=\"@altominhoTV\" \/>\n<meta name=\"twitter:label1\" content=\"Escrito por\" \/>\n\t<meta name=\"twitter:data1\" content=\"Lusa\" \/>\n\t<meta name=\"twitter:label2\" content=\"Tempo estimado de leitura\" \/>\n\t<meta name=\"twitter:data2\" content=\"3 minutos\" \/>\n<script type=\"application\/ld+json\" class=\"yoast-schema-graph\">{\"@context\":\"https:\\\/\\\/schema.org\",\"@graph\":[{\"@type\":\"Article\",\"@id\":\"https:\\\/\\\/www.altominho.tv\\\/site\\\/2021\\\/05\\\/02\\\/portugal-com-uma-morte-e-330-novos-casos-nas-ultimas-24-horas\\\/#article\",\"isPartOf\":{\"@id\":\"https:\\\/\\\/www.altominho.tv\\\/site\\\/2021\\\/05\\\/02\\\/portugal-com-uma-morte-e-330-novos-casos-nas-ultimas-24-horas\\\/\"},\"author\":{\"name\":\"Lusa\",\"@id\":\"https:\\\/\\\/www.altominho.tv\\\/site\\\/#\\\/schema\\\/person\\\/63f693da3e1899361cbe955c46f3232e\"},\"headline\":\"Portugal com uma morte e 330 novos casos nas \u00faltimas 24 horas\",\"datePublished\":\"2021-05-02T14:08:34+00:00\",\"dateModified\":\"2021-05-02T14:08:37+00:00\",\"mainEntityOfPage\":{\"@id\":\"https:\\\/\\\/www.altominho.tv\\\/site\\\/2021\\\/05\\\/02\\\/portugal-com-uma-morte-e-330-novos-casos-nas-ultimas-24-horas\\\/\"},\"wordCount\":556,\"image\":{\"@id\":\"https:\\\/\\\/www.altominho.tv\\\/site\\\/2021\\\/05\\\/02\\\/portugal-com-uma-morte-e-330-novos-casos-nas-ultimas-24-horas\\\/#primaryimage\"},\"thumbnailUrl\":\"https:\\\/\\\/www.altominho.tv\\\/site\\\/wp-content\\\/uploads\\\/2021\\\/03\\\/Untitled-Project-8-740x416-1.jpeg\",\"keywords\":[\"Sa\u00fade\",\"Sociedade\"],\"articleSection\":[\"Coronav\u00edrus\"],\"inLanguage\":\"pt-PT\",\"copyrightYear\":\"2021\",\"copyrightHolder\":{\"@id\":\"https:\\\/\\\/www.altominho.tv\\\/site\\\/#organization\"}},{\"@type\":\"WebPage\",\"@id\":\"https:\\\/\\\/www.altominho.tv\\\/site\\\/2021\\\/05\\\/02\\\/portugal-com-uma-morte-e-330-novos-casos-nas-ultimas-24-horas\\\/\",\"url\":\"https:\\\/\\\/www.altominho.tv\\\/site\\\/2021\\\/05\\\/02\\\/portugal-com-uma-morte-e-330-novos-casos-nas-ultimas-24-horas\\\/\",\"name\":\"Portugal com uma morte e 330 novos casos nas \u00faltimas 24 horas\",\"isPartOf\":{\"@id\":\"https:\\\/\\\/www.altominho.tv\\\/site\\\/#website\"},\"primaryImageOfPage\":{\"@id\":\"https:\\\/\\\/www.altominho.tv\\\/site\\\/2021\\\/05\\\/02\\\/portugal-com-uma-morte-e-330-novos-casos-nas-ultimas-24-horas\\\/#primaryimage\"},\"image\":{\"@id\":\"https:\\\/\\\/www.altominho.tv\\\/site\\\/2021\\\/05\\\/02\\\/portugal-com-uma-morte-e-330-novos-casos-nas-ultimas-24-horas\\\/#primaryimage\"},\"thumbnailUrl\":\"https:\\\/\\\/www.altominho.tv\\\/site\\\/wp-content\\\/uploads\\\/2021\\\/03\\\/Untitled-Project-8-740x416-1.jpeg\",\"datePublished\":\"2021-05-02T14:08:34+00:00\",\"dateModified\":\"2021-05-02T14:08:37+00:00\",\"author\":{\"@id\":\"https:\\\/\\\/www.altominho.tv\\\/site\\\/#\\\/schema\\\/person\\\/63f693da3e1899361cbe955c46f3232e\"},\"breadcrumb\":{\"@id\":\"https:\\\/\\\/www.altominho.tv\\\/site\\\/2021\\\/05\\\/02\\\/portugal-com-uma-morte-e-330-novos-casos-nas-ultimas-24-horas\\\/#breadcrumb\"},\"inLanguage\":\"pt-PT\",\"potentialAction\":[{\"@type\":\"ReadAction\",\"target\":[\"https:\\\/\\\/www.altominho.tv\\\/site\\\/2021\\\/05\\\/02\\\/portugal-com-uma-morte-e-330-novos-casos-nas-ultimas-24-horas\\\/\"]}]},{\"@type\":\"ImageObject\",\"inLanguage\":\"pt-PT\",\"@id\":\"https:\\\/\\\/www.altominho.tv\\\/site\\\/2021\\\/05\\\/02\\\/portugal-com-uma-morte-e-330-novos-casos-nas-ultimas-24-horas\\\/#primaryimage\",\"url\":\"https:\\\/\\\/www.altominho.tv\\\/site\\\/wp-content\\\/uploads\\\/2021\\\/03\\\/Untitled-Project-8-740x416-1.jpeg\",\"contentUrl\":\"https:\\\/\\\/www.altominho.tv\\\/site\\\/wp-content\\\/uploads\\\/2021\\\/03\\\/Untitled-Project-8-740x416-1.jpeg\",\"width\":740,\"height\":416},{\"@type\":\"BreadcrumbList\",\"@id\":\"https:\\\/\\\/www.altominho.tv\\\/site\\\/2021\\\/05\\\/02\\\/portugal-com-uma-morte-e-330-novos-casos-nas-ultimas-24-horas\\\/#breadcrumb\",\"itemListElement\":[{\"@type\":\"ListItem\",\"position\":1,\"name\":\"In\u00edcio\",\"item\":\"https:\\\/\\\/www.altominho.tv\\\/site\\\/\"},{\"@type\":\"ListItem\",\"position\":2,\"name\":\"Portugal com uma morte e 330 novos casos nas \u00faltimas 24 horas\"}]},{\"@type\":\"WebSite\",\"@id\":\"https:\\\/\\\/www.altominho.tv\\\/site\\\/#website\",\"url\":\"https:\\\/\\\/www.altominho.tv\\\/site\\\/\",\"name\":\"Altominho.tv\",\"description\":\"A sua regi\u00e3o \u00e0 dist\u00e2ncia de um clique...\",\"potentialAction\":[{\"@type\":\"SearchAction\",\"target\":{\"@type\":\"EntryPoint\",\"urlTemplate\":\"https:\\\/\\\/www.altominho.tv\\\/site\\\/?s={search_term_string}\"},\"query-input\":{\"@type\":\"PropertyValueSpecification\",\"valueRequired\":true,\"valueName\":\"search_term_string\"}}],\"inLanguage\":\"pt-PT\"},{\"@type\":\"Person\",\"@id\":\"https:\\\/\\\/www.altominho.tv\\\/site\\\/#\\\/schema\\\/person\\\/63f693da3e1899361cbe955c46f3232e\",\"name\":\"Lusa\",\"image\":{\"@type\":\"ImageObject\",\"inLanguage\":\"pt-PT\",\"@id\":\"https:\\\/\\\/www.altominho.tv\\\/site\\\/wp-content\\\/uploads\\\/2019\\\/08\\\/LUSA_Logo.gif\",\"url\":\"https:\\\/\\\/www.altominho.tv\\\/site\\\/wp-content\\\/uploads\\\/2019\\\/08\\\/LUSA_Logo.gif\",\"contentUrl\":\"https:\\\/\\\/www.altominho.tv\\\/site\\\/wp-content\\\/uploads\\\/2019\\\/08\\\/LUSA_Logo.gif\",\"caption\":\"Lusa\"},\"sameAs\":[\"http:\\\/\\\/\\\/\\\/www.altominho.tv\\\/site\"],\"url\":\"https:\\\/\\\/www.altominho.tv\\\/site\\\/author\\\/lusa\\\/\"}]}<\/script>\n<!-- \/ Yoast SEO Premium plugin. -->","yoast_head_json":{"title":"Portugal com uma morte e 330 novos casos nas \u00faltimas 24 horas","robots":{"index":"index","follow":"follow","max-snippet":"max-snippet:-1","max-image-preview":"max-image-preview:large","max-video-preview":"max-video-preview:-1"},"canonical":"https:\/\/www.altominho.tv\/site\/2021\/05\/02\/portugal-com-uma-morte-e-330-novos-casos-nas-ultimas-24-horas\/","og_locale":"pt_PT","og_type":"article","og_title":"Portugal com uma morte e 330 novos casos nas \u00faltimas 24 horas","og_description":"Portugal registou hoje uma morte atribu\u00edda \u00e0 covid-19, 330 novos casos de infe\u00e7\u00e3o pelo coronav\u00edrus SARS-CoV-2 e um aumento no n\u00famero de internamentos em enfermaria e cuidados intensivos, segundo a Dire\u00e7\u00e3o-Geral da Sa\u00fade (DGS). De acordo com o boletim da DGS, est\u00e3o hoje internados em enfermaria 311 doentes, mais nove em rela\u00e7\u00e3o a s\u00e1bado, e [&hellip;]","og_url":"https:\/\/www.altominho.tv\/site\/2021\/05\/02\/portugal-com-uma-morte-e-330-novos-casos-nas-ultimas-24-horas\/","og_site_name":"Altominho.tv","article_publisher":"https:\/\/www.facebook.com\/altominhotv","article_published_time":"2021-05-02T14:08:34+00:00","article_modified_time":"2021-05-02T14:08:37+00:00","og_image":[{"width":740,"height":416,"url":"https:\/\/www.altominho.tv\/site\/wp-content\/uploads\/2021\/03\/Untitled-Project-8-740x416-1.jpeg","type":"image\/jpeg"}],"author":"Lusa","twitter_card":"summary_large_image","twitter_creator":"@altominhoTV","twitter_site":"@altominhoTV","twitter_misc":{"Escrito por":"Lusa","Tempo estimado de leitura":"3 minutos"},"schema":{"@context":"https:\/\/schema.org","@graph":[{"@type":"Article","@id":"https:\/\/www.altominho.tv\/site\/2021\/05\/02\/portugal-com-uma-morte-e-330-novos-casos-nas-ultimas-24-horas\/#article","isPartOf":{"@id":"https:\/\/www.altominho.tv\/site\/2021\/05\/02\/portugal-com-uma-morte-e-330-novos-casos-nas-ultimas-24-horas\/"},"author":{"name":"Lusa","@id":"https:\/\/www.altominho.tv\/site\/#\/schema\/person\/63f693da3e1899361cbe955c46f3232e"},"headline":"Portugal com uma morte e 330 novos casos nas \u00faltimas 24 horas","datePublished":"2021-05-02T14:08:34+00:00","dateModified":"2021-05-02T14:08:37+00:00","mainEntityOfPage":{"@id":"https:\/\/www.altominho.tv\/site\/2021\/05\/02\/portugal-com-uma-morte-e-330-novos-casos-nas-ultimas-24-horas\/"},"wordCount":556,"image":{"@id":"https:\/\/www.altominho.tv\/site\/2021\/05\/02\/portugal-com-uma-morte-e-330-novos-casos-nas-ultimas-24-horas\/#primaryimage"},"thumbnailUrl":"https:\/\/www.altominho.tv\/site\/wp-content\/uploads\/2021\/03\/Untitled-Project-8-740x416-1.jpeg","keywords":["Sa\u00fade","Sociedade"],"articleSection":["Coronav\u00edrus"],"inLanguage":"pt-PT","copyrightYear":"2021","copyrightHolder":{"@id":"https:\/\/www.altominho.tv\/site\/#organization"}},{"@type":"WebPage","@id":"https:\/\/www.altominho.tv\/site\/2021\/05\/02\/portugal-com-uma-morte-e-330-novos-casos-nas-ultimas-24-horas\/","url":"https:\/\/www.altominho.tv\/site\/2021\/05\/02\/portugal-com-uma-morte-e-330-novos-casos-nas-ultimas-24-horas\/","name":"Portugal com uma morte e 330 novos casos nas \u00faltimas 24 horas","isPartOf":{"@id":"https:\/\/www.altominho.tv\/site\/#website"},"primaryImageOfPage":{"@id":"https:\/\/www.altominho.tv\/site\/2021\/05\/02\/portugal-com-uma-morte-e-330-novos-casos-nas-ultimas-24-horas\/#primaryimage"},"image":{"@id":"https:\/\/www.altominho.tv\/site\/2021\/05\/02\/portugal-com-uma-morte-e-330-novos-casos-nas-ultimas-24-horas\/#primaryimage"},"thumbnailUrl":"https:\/\/www.altominho.tv\/site\/wp-content\/uploads\/2021\/03\/Untitled-Project-8-740x416-1.jpeg","datePublished":"2021-05-02T14:08:34+00:00","dateModified":"2021-05-02T14:08:37+00:00","author":{"@id":"https:\/\/www.altominho.tv\/site\/#\/schema\/person\/63f693da3e1899361cbe955c46f3232e"},"breadcrumb":{"@id":"https:\/\/www.altominho.tv\/site\/2021\/05\/02\/portugal-com-uma-morte-e-330-novos-casos-nas-ultimas-24-horas\/#breadcrumb"},"inLanguage":"pt-PT","potentialAction":[{"@type":"ReadAction","target":["https:\/\/www.altominho.tv\/site\/2021\/05\/02\/portugal-com-uma-morte-e-330-novos-casos-nas-ultimas-24-horas\/"]}]},{"@type":"ImageObject","inLanguage":"pt-PT","@id":"https:\/\/www.altominho.tv\/site\/2021\/05\/02\/portugal-com-uma-morte-e-330-novos-casos-nas-ultimas-24-horas\/#primaryimage","url":"https:\/\/www.altominho.tv\/site\/wp-content\/uploads\/2021\/03\/Untitled-Project-8-740x416-1.jpeg","contentUrl":"https:\/\/www.altominho.tv\/site\/wp-content\/uploads\/2021\/03\/Untitled-Project-8-740x416-1.jpeg","width":740,"height":416},{"@type":"BreadcrumbList","@id":"https:\/\/www.altominho.tv\/site\/2021\/05\/02\/portugal-com-uma-morte-e-330-novos-casos-nas-ultimas-24-horas\/#breadcrumb","itemListElement":[{"@type":"ListItem","position":1,"name":"In\u00edcio","item":"https:\/\/www.altominho.tv\/site\/"},{"@type":"ListItem","position":2,"name":"Portugal com uma morte e 330 novos casos nas \u00faltimas 24 horas"}]},{"@type":"WebSite","@id":"https:\/\/www.altominho.tv\/site\/#website","url":"https:\/\/www.altominho.tv\/site\/","name":"Altominho.tv","description":"A sua regi\u00e3o \u00e0 dist\u00e2ncia de um clique...","potentialAction":[{"@type":"SearchAction","target":{"@type":"EntryPoint","urlTemplate":"https:\/\/www.altominho.tv\/site\/?s={search_term_string}"},"query-input":{"@type":"PropertyValueSpecification","valueRequired":true,"valueName":"search_term_string"}}],"inLanguage":"pt-PT"},{"@type":"Person","@id":"https:\/\/www.altominho.tv\/site\/#\/schema\/person\/63f693da3e1899361cbe955c46f3232e","name":"Lusa","image":{"@type":"ImageObject","inLanguage":"pt-PT","@id":"https:\/\/www.altominho.tv\/site\/wp-content\/uploads\/2019\/08\/LUSA_Logo.gif","url":"https:\/\/www.altominho.tv\/site\/wp-content\/uploads\/2019\/08\/LUSA_Logo.gif","contentUrl":"https:\/\/www.altominho.tv\/site\/wp-content\/uploads\/2019\/08\/LUSA_Logo.gif","caption":"Lusa"},"sameAs":["http:\/\/\/\/www.altominho.tv\/site"],"url":"https:\/\/www.altominho.tv\/site\/author\/lusa\/"}]}},"_links":{"self":[{"href":"https:\/\/www.altominho.tv\/site\/wp-json\/wp\/v2\/posts\/65929","targetHints":{"allow":["GET"]}}],"collection":[{"href":"https:\/\/www.altominho.tv\/site\/wp-json\/wp\/v2\/posts"}],"about":[{"href":"https:\/\/www.altominho.tv\/site\/wp-json\/wp\/v2\/types\/post"}],"author":[{"embeddable":true,"href":"https:\/\/www.altominho.tv\/site\/wp-json\/wp\/v2\/users\/13"}],"replies":[{"embeddable":true,"href":"https:\/\/www.altominho.tv\/site\/wp-json\/wp\/v2\/comments?post=65929"}],"version-history":[{"count":0,"href":"https:\/\/www.altominho.tv\/site\/wp-json\/wp\/v2\/posts\/65929\/revisions"}],"wp:featuredmedia":[{"embeddable":true,"href":"https:\/\/www.altominho.tv\/site\/wp-json\/wp\/v2\/media\/64368"}],"wp:attachment":[{"href":"https:\/\/www.altominho.tv\/site\/wp-json\/wp\/v2\/media?parent=65929"}],"wp:term":[{"taxonomy":"category","embeddable":true,"href":"https:\/\/www.altominho.tv\/site\/wp-json\/wp\/v2\/categories?post=65929"},{"taxonomy":"post_tag","embeddable":true,"href":"https:\/\/www.altominho.tv\/site\/wp-json\/wp\/v2\/tags?post=65929"}],"curies":[{"name":"wp","href":"https:\/\/api.w.org\/{rel}","templated":true}]}}