{"id":65833,"date":"2021-04-29T15:06:23","date_gmt":"2021-04-29T14:06:23","guid":{"rendered":"https:\/\/www.altominho.tv\/site\/?p=65833"},"modified":"2021-04-29T15:06:28","modified_gmt":"2021-04-29T14:06:28","slug":"portugal-com-mais-470-casos-e-uma-morte-nas-ultimas-24-horas","status":"publish","type":"post","link":"https:\/\/www.altominho.tv\/site\/2021\/04\/29\/portugal-com-mais-470-casos-e-uma-morte-nas-ultimas-24-horas\/","title":{"rendered":"Portugal com mais 470 casos e uma morte nas \u00faltimas 24 horas"},"content":{"rendered":"\n<p>Portugal teve nas \u00faltimas 24 horas mais 470 casos confirmados de infe\u00e7\u00e3o pelo SARS-CoV-2 e uma morte atribu\u00edda \u00e0 covid-19, num dia em que os internamentos voltam a descer, anunciou a Dire\u00e7\u00e3o-Geral da Sa\u00fade (DGS).<\/p>\n\n\n\n<p>No boletim epidemiol\u00f3gico emitido hoje, a DGS indica que h\u00e1 menos oito pessoas internadas com covid-19 desde quarta-feira. Nos hospitais est\u00e3o ainda 324 doentes com covid-19 e mais uma pessoa em unidades de cuidados intensivos, onde no total est\u00e3o 89 doentes.<\/p>\n\n\n\n<p>O n\u00famero de casos ativos est\u00e1 em 23.733, menos 76 do que na quarta-feira, e o n\u00famero de contactos em vigil\u00e2ncia desceu para 24.315, menos 397 do que no dia anterior.<\/p>\n\n\n\n<p>Nas \u00faltimas 24 horas foram dadas como recuperadas 545 pessoas, que totalizam agora 795.326 desde o in\u00edcio da pandemia.<\/p>\n","protected":false},"excerpt":{"rendered":"<p>Portugal teve nas \u00faltimas 24 horas mais 470 casos confirmados de infe\u00e7\u00e3o pelo SARS-CoV-2 e uma morte atribu\u00edda \u00e0 covid-19, num dia em que os internamentos voltam a descer, anunciou a Dire\u00e7\u00e3o-Geral da Sa\u00fade (DGS). No boletim epidemiol\u00f3gico emitido hoje, a DGS indica que h\u00e1 menos oito pessoas internadas com covid-19 desde quarta-feira. Nos hospitais [&hellip;]<\/p>\n","protected":false},"author":16,"featured_media":65835,"comment_status":"closed","ping_status":"closed","sticky":false,"template":"","format":"standard","meta":{"_exactmetrics_skip_tracking":false,"_exactmetrics_sitenote_active":false,"_exactmetrics_sitenote_note":"","_exactmetrics_sitenote_category":0,"footnotes":""},"categories":[42722],"tags":[26],"class_list":["post-65833","post","type-post","status-publish","format-standard","has-post-thumbnail","hentry","category-covid-19","tag-saude"],"yoast_head":"<!-- This site is optimized with the Yoast SEO Premium plugin v27.4 (Yoast SEO v27.4) - https:\/\/yoast.com\/product\/yoast-seo-premium-wordpress\/ -->\n<title>Portugal com mais 470 casos e uma morte nas \u00faltimas 24 horas<\/title>\n<meta name=\"robots\" content=\"index, follow, max-snippet:-1, max-image-preview:large, max-video-preview:-1\" \/>\n<link rel=\"canonical\" href=\"https:\/\/www.altominho.tv\/site\/2021\/04\/29\/portugal-com-mais-470-casos-e-uma-morte-nas-ultimas-24-horas\/\" \/>\n<meta property=\"og:locale\" content=\"pt_PT\" \/>\n<meta property=\"og:type\" content=\"article\" \/>\n<meta property=\"og:title\" content=\"Portugal com mais 470 casos e uma morte nas \u00faltimas 24 horas\" \/>\n<meta property=\"og:description\" content=\"Portugal teve nas \u00faltimas 24 horas mais 470 casos confirmados de infe\u00e7\u00e3o pelo SARS-CoV-2 e uma morte atribu\u00edda \u00e0 covid-19, num dia em que os internamentos voltam a descer, anunciou a Dire\u00e7\u00e3o-Geral da Sa\u00fade (DGS). No boletim epidemiol\u00f3gico emitido hoje, a DGS indica que h\u00e1 menos oito pessoas internadas com covid-19 desde quarta-feira. Nos hospitais [&hellip;]\" \/>\n<meta property=\"og:url\" content=\"https:\/\/www.altominho.tv\/site\/2021\/04\/29\/portugal-com-mais-470-casos-e-uma-morte-nas-ultimas-24-horas\/\" \/>\n<meta property=\"og:site_name\" content=\"Altominho.tv\" \/>\n<meta property=\"article:publisher\" content=\"https:\/\/www.facebook.com\/altominhotv\" \/>\n<meta property=\"article:published_time\" content=\"2021-04-29T14:06:23+00:00\" \/>\n<meta property=\"article:modified_time\" content=\"2021-04-29T14:06:28+00:00\" \/>\n<meta property=\"og:image\" content=\"https:\/\/www.altominho.tv\/site\/wp-content\/uploads\/2021\/04\/covid-hospitais.jpg\" \/>\n\t<meta property=\"og:image:width\" content=\"860\" \/>\n\t<meta property=\"og:image:height\" content=\"472\" \/>\n\t<meta property=\"og:image:type\" content=\"image\/jpeg\" \/>\n<meta name=\"author\" content=\"Andreia Cunha | Lusa\" \/>\n<meta name=\"twitter:card\" content=\"summary_large_image\" \/>\n<meta name=\"twitter:creator\" content=\"@altominhoTV\" \/>\n<meta name=\"twitter:site\" content=\"@altominhoTV\" \/>\n<meta name=\"twitter:label1\" content=\"Escrito por\" \/>\n\t<meta name=\"twitter:data1\" content=\"Andreia Cunha | Lusa\" \/>\n\t<meta name=\"twitter:label2\" content=\"Tempo estimado de leitura\" \/>\n\t<meta name=\"twitter:data2\" content=\"1 minuto\" \/>\n<script type=\"application\/ld+json\" class=\"yoast-schema-graph\">{\"@context\":\"https:\\\/\\\/schema.org\",\"@graph\":[{\"@type\":\"Article\",\"@id\":\"https:\\\/\\\/www.altominho.tv\\\/site\\\/2021\\\/04\\\/29\\\/portugal-com-mais-470-casos-e-uma-morte-nas-ultimas-24-horas\\\/#article\",\"isPartOf\":{\"@id\":\"https:\\\/\\\/www.altominho.tv\\\/site\\\/2021\\\/04\\\/29\\\/portugal-com-mais-470-casos-e-uma-morte-nas-ultimas-24-horas\\\/\"},\"author\":{\"name\":\"Andreia Cunha | Lusa\",\"@id\":\"https:\\\/\\\/www.altominho.tv\\\/site\\\/#\\\/schema\\\/person\\\/dbaf181c01b51ff40c9f461a905d321e\"},\"headline\":\"Portugal com mais 470 casos e uma morte nas \u00faltimas 24 horas\",\"datePublished\":\"2021-04-29T14:06:23+00:00\",\"dateModified\":\"2021-04-29T14:06:28+00:00\",\"mainEntityOfPage\":{\"@id\":\"https:\\\/\\\/www.altominho.tv\\\/site\\\/2021\\\/04\\\/29\\\/portugal-com-mais-470-casos-e-uma-morte-nas-ultimas-24-horas\\\/\"},\"wordCount\":135,\"image\":{\"@id\":\"https:\\\/\\\/www.altominho.tv\\\/site\\\/2021\\\/04\\\/29\\\/portugal-com-mais-470-casos-e-uma-morte-nas-ultimas-24-horas\\\/#primaryimage\"},\"thumbnailUrl\":\"https:\\\/\\\/www.altominho.tv\\\/site\\\/wp-content\\\/uploads\\\/2021\\\/04\\\/covid-hospitais.jpg\",\"keywords\":[\"Sa\u00fade\"],\"articleSection\":[\"Coronav\u00edrus\"],\"inLanguage\":\"pt-PT\",\"copyrightYear\":\"2021\",\"copyrightHolder\":{\"@id\":\"https:\\\/\\\/www.altominho.tv\\\/site\\\/#organization\"}},{\"@type\":\"WebPage\",\"@id\":\"https:\\\/\\\/www.altominho.tv\\\/site\\\/2021\\\/04\\\/29\\\/portugal-com-mais-470-casos-e-uma-morte-nas-ultimas-24-horas\\\/\",\"url\":\"https:\\\/\\\/www.altominho.tv\\\/site\\\/2021\\\/04\\\/29\\\/portugal-com-mais-470-casos-e-uma-morte-nas-ultimas-24-horas\\\/\",\"name\":\"Portugal com mais 470 casos e uma morte nas \u00faltimas 24 horas\",\"isPartOf\":{\"@id\":\"https:\\\/\\\/www.altominho.tv\\\/site\\\/#website\"},\"primaryImageOfPage\":{\"@id\":\"https:\\\/\\\/www.altominho.tv\\\/site\\\/2021\\\/04\\\/29\\\/portugal-com-mais-470-casos-e-uma-morte-nas-ultimas-24-horas\\\/#primaryimage\"},\"image\":{\"@id\":\"https:\\\/\\\/www.altominho.tv\\\/site\\\/2021\\\/04\\\/29\\\/portugal-com-mais-470-casos-e-uma-morte-nas-ultimas-24-horas\\\/#primaryimage\"},\"thumbnailUrl\":\"https:\\\/\\\/www.altominho.tv\\\/site\\\/wp-content\\\/uploads\\\/2021\\\/04\\\/covid-hospitais.jpg\",\"datePublished\":\"2021-04-29T14:06:23+00:00\",\"dateModified\":\"2021-04-29T14:06:28+00:00\",\"author\":{\"@id\":\"https:\\\/\\\/www.altominho.tv\\\/site\\\/#\\\/schema\\\/person\\\/dbaf181c01b51ff40c9f461a905d321e\"},\"breadcrumb\":{\"@id\":\"https:\\\/\\\/www.altominho.tv\\\/site\\\/2021\\\/04\\\/29\\\/portugal-com-mais-470-casos-e-uma-morte-nas-ultimas-24-horas\\\/#breadcrumb\"},\"inLanguage\":\"pt-PT\",\"potentialAction\":[{\"@type\":\"ReadAction\",\"target\":[\"https:\\\/\\\/www.altominho.tv\\\/site\\\/2021\\\/04\\\/29\\\/portugal-com-mais-470-casos-e-uma-morte-nas-ultimas-24-horas\\\/\"]}]},{\"@type\":\"ImageObject\",\"inLanguage\":\"pt-PT\",\"@id\":\"https:\\\/\\\/www.altominho.tv\\\/site\\\/2021\\\/04\\\/29\\\/portugal-com-mais-470-casos-e-uma-morte-nas-ultimas-24-horas\\\/#primaryimage\",\"url\":\"https:\\\/\\\/www.altominho.tv\\\/site\\\/wp-content\\\/uploads\\\/2021\\\/04\\\/covid-hospitais.jpg\",\"contentUrl\":\"https:\\\/\\\/www.altominho.tv\\\/site\\\/wp-content\\\/uploads\\\/2021\\\/04\\\/covid-hospitais.jpg\",\"width\":860,\"height\":472},{\"@type\":\"BreadcrumbList\",\"@id\":\"https:\\\/\\\/www.altominho.tv\\\/site\\\/2021\\\/04\\\/29\\\/portugal-com-mais-470-casos-e-uma-morte-nas-ultimas-24-horas\\\/#breadcrumb\",\"itemListElement\":[{\"@type\":\"ListItem\",\"position\":1,\"name\":\"In\u00edcio\",\"item\":\"https:\\\/\\\/www.altominho.tv\\\/site\\\/\"},{\"@type\":\"ListItem\",\"position\":2,\"name\":\"Portugal com mais 470 casos e uma morte nas \u00faltimas 24 horas\"}]},{\"@type\":\"WebSite\",\"@id\":\"https:\\\/\\\/www.altominho.tv\\\/site\\\/#website\",\"url\":\"https:\\\/\\\/www.altominho.tv\\\/site\\\/\",\"name\":\"Altominho.tv\",\"description\":\"A sua regi\u00e3o \u00e0 dist\u00e2ncia de um clique...\",\"potentialAction\":[{\"@type\":\"SearchAction\",\"target\":{\"@type\":\"EntryPoint\",\"urlTemplate\":\"https:\\\/\\\/www.altominho.tv\\\/site\\\/?s={search_term_string}\"},\"query-input\":{\"@type\":\"PropertyValueSpecification\",\"valueRequired\":true,\"valueName\":\"search_term_string\"}}],\"inLanguage\":\"pt-PT\"},{\"@type\":\"Person\",\"@id\":\"https:\\\/\\\/www.altominho.tv\\\/site\\\/#\\\/schema\\\/person\\\/dbaf181c01b51ff40c9f461a905d321e\",\"name\":\"Andreia Cunha | Lusa\",\"image\":{\"@type\":\"ImageObject\",\"inLanguage\":\"pt-PT\",\"@id\":\"https:\\\/\\\/www.altominho.tv\\\/site\\\/wp-content\\\/uploads\\\/2017\\\/11\\\/Andreia_Cunha-1-150x150.jpg\",\"url\":\"https:\\\/\\\/www.altominho.tv\\\/site\\\/wp-content\\\/uploads\\\/2017\\\/11\\\/Andreia_Cunha-1-150x150.jpg\",\"contentUrl\":\"https:\\\/\\\/www.altominho.tv\\\/site\\\/wp-content\\\/uploads\\\/2017\\\/11\\\/Andreia_Cunha-1-150x150.jpg\",\"caption\":\"Andreia Cunha | Lusa\"},\"sameAs\":[\"https:\\\/\\\/www.altominho.tv\\\/site\"],\"url\":\"https:\\\/\\\/www.altominho.tv\\\/site\\\/author\\\/andreiacunhalusa\\\/\"}]}<\/script>\n<!-- \/ Yoast SEO Premium plugin. -->","yoast_head_json":{"title":"Portugal com mais 470 casos e uma morte nas \u00faltimas 24 horas","robots":{"index":"index","follow":"follow","max-snippet":"max-snippet:-1","max-image-preview":"max-image-preview:large","max-video-preview":"max-video-preview:-1"},"canonical":"https:\/\/www.altominho.tv\/site\/2021\/04\/29\/portugal-com-mais-470-casos-e-uma-morte-nas-ultimas-24-horas\/","og_locale":"pt_PT","og_type":"article","og_title":"Portugal com mais 470 casos e uma morte nas \u00faltimas 24 horas","og_description":"Portugal teve nas \u00faltimas 24 horas mais 470 casos confirmados de infe\u00e7\u00e3o pelo SARS-CoV-2 e uma morte atribu\u00edda \u00e0 covid-19, num dia em que os internamentos voltam a descer, anunciou a Dire\u00e7\u00e3o-Geral da Sa\u00fade (DGS). No boletim epidemiol\u00f3gico emitido hoje, a DGS indica que h\u00e1 menos oito pessoas internadas com covid-19 desde quarta-feira. Nos hospitais [&hellip;]","og_url":"https:\/\/www.altominho.tv\/site\/2021\/04\/29\/portugal-com-mais-470-casos-e-uma-morte-nas-ultimas-24-horas\/","og_site_name":"Altominho.tv","article_publisher":"https:\/\/www.facebook.com\/altominhotv","article_published_time":"2021-04-29T14:06:23+00:00","article_modified_time":"2021-04-29T14:06:28+00:00","og_image":[{"width":860,"height":472,"url":"https:\/\/www.altominho.tv\/site\/wp-content\/uploads\/2021\/04\/covid-hospitais.jpg","type":"image\/jpeg"}],"author":"Andreia Cunha | Lusa","twitter_card":"summary_large_image","twitter_creator":"@altominhoTV","twitter_site":"@altominhoTV","twitter_misc":{"Escrito por":"Andreia Cunha | Lusa","Tempo estimado de leitura":"1 minuto"},"schema":{"@context":"https:\/\/schema.org","@graph":[{"@type":"Article","@id":"https:\/\/www.altominho.tv\/site\/2021\/04\/29\/portugal-com-mais-470-casos-e-uma-morte-nas-ultimas-24-horas\/#article","isPartOf":{"@id":"https:\/\/www.altominho.tv\/site\/2021\/04\/29\/portugal-com-mais-470-casos-e-uma-morte-nas-ultimas-24-horas\/"},"author":{"name":"Andreia Cunha | Lusa","@id":"https:\/\/www.altominho.tv\/site\/#\/schema\/person\/dbaf181c01b51ff40c9f461a905d321e"},"headline":"Portugal com mais 470 casos e uma morte nas \u00faltimas 24 horas","datePublished":"2021-04-29T14:06:23+00:00","dateModified":"2021-04-29T14:06:28+00:00","mainEntityOfPage":{"@id":"https:\/\/www.altominho.tv\/site\/2021\/04\/29\/portugal-com-mais-470-casos-e-uma-morte-nas-ultimas-24-horas\/"},"wordCount":135,"image":{"@id":"https:\/\/www.altominho.tv\/site\/2021\/04\/29\/portugal-com-mais-470-casos-e-uma-morte-nas-ultimas-24-horas\/#primaryimage"},"thumbnailUrl":"https:\/\/www.altominho.tv\/site\/wp-content\/uploads\/2021\/04\/covid-hospitais.jpg","keywords":["Sa\u00fade"],"articleSection":["Coronav\u00edrus"],"inLanguage":"pt-PT","copyrightYear":"2021","copyrightHolder":{"@id":"https:\/\/www.altominho.tv\/site\/#organization"}},{"@type":"WebPage","@id":"https:\/\/www.altominho.tv\/site\/2021\/04\/29\/portugal-com-mais-470-casos-e-uma-morte-nas-ultimas-24-horas\/","url":"https:\/\/www.altominho.tv\/site\/2021\/04\/29\/portugal-com-mais-470-casos-e-uma-morte-nas-ultimas-24-horas\/","name":"Portugal com mais 470 casos e uma morte nas \u00faltimas 24 horas","isPartOf":{"@id":"https:\/\/www.altominho.tv\/site\/#website"},"primaryImageOfPage":{"@id":"https:\/\/www.altominho.tv\/site\/2021\/04\/29\/portugal-com-mais-470-casos-e-uma-morte-nas-ultimas-24-horas\/#primaryimage"},"image":{"@id":"https:\/\/www.altominho.tv\/site\/2021\/04\/29\/portugal-com-mais-470-casos-e-uma-morte-nas-ultimas-24-horas\/#primaryimage"},"thumbnailUrl":"https:\/\/www.altominho.tv\/site\/wp-content\/uploads\/2021\/04\/covid-hospitais.jpg","datePublished":"2021-04-29T14:06:23+00:00","dateModified":"2021-04-29T14:06:28+00:00","author":{"@id":"https:\/\/www.altominho.tv\/site\/#\/schema\/person\/dbaf181c01b51ff40c9f461a905d321e"},"breadcrumb":{"@id":"https:\/\/www.altominho.tv\/site\/2021\/04\/29\/portugal-com-mais-470-casos-e-uma-morte-nas-ultimas-24-horas\/#breadcrumb"},"inLanguage":"pt-PT","potentialAction":[{"@type":"ReadAction","target":["https:\/\/www.altominho.tv\/site\/2021\/04\/29\/portugal-com-mais-470-casos-e-uma-morte-nas-ultimas-24-horas\/"]}]},{"@type":"ImageObject","inLanguage":"pt-PT","@id":"https:\/\/www.altominho.tv\/site\/2021\/04\/29\/portugal-com-mais-470-casos-e-uma-morte-nas-ultimas-24-horas\/#primaryimage","url":"https:\/\/www.altominho.tv\/site\/wp-content\/uploads\/2021\/04\/covid-hospitais.jpg","contentUrl":"https:\/\/www.altominho.tv\/site\/wp-content\/uploads\/2021\/04\/covid-hospitais.jpg","width":860,"height":472},{"@type":"BreadcrumbList","@id":"https:\/\/www.altominho.tv\/site\/2021\/04\/29\/portugal-com-mais-470-casos-e-uma-morte-nas-ultimas-24-horas\/#breadcrumb","itemListElement":[{"@type":"ListItem","position":1,"name":"In\u00edcio","item":"https:\/\/www.altominho.tv\/site\/"},{"@type":"ListItem","position":2,"name":"Portugal com mais 470 casos e uma morte nas \u00faltimas 24 horas"}]},{"@type":"WebSite","@id":"https:\/\/www.altominho.tv\/site\/#website","url":"https:\/\/www.altominho.tv\/site\/","name":"Altominho.tv","description":"A sua regi\u00e3o \u00e0 dist\u00e2ncia de um clique...","potentialAction":[{"@type":"SearchAction","target":{"@type":"EntryPoint","urlTemplate":"https:\/\/www.altominho.tv\/site\/?s={search_term_string}"},"query-input":{"@type":"PropertyValueSpecification","valueRequired":true,"valueName":"search_term_string"}}],"inLanguage":"pt-PT"},{"@type":"Person","@id":"https:\/\/www.altominho.tv\/site\/#\/schema\/person\/dbaf181c01b51ff40c9f461a905d321e","name":"Andreia Cunha | Lusa","image":{"@type":"ImageObject","inLanguage":"pt-PT","@id":"https:\/\/www.altominho.tv\/site\/wp-content\/uploads\/2017\/11\/Andreia_Cunha-1-150x150.jpg","url":"https:\/\/www.altominho.tv\/site\/wp-content\/uploads\/2017\/11\/Andreia_Cunha-1-150x150.jpg","contentUrl":"https:\/\/www.altominho.tv\/site\/wp-content\/uploads\/2017\/11\/Andreia_Cunha-1-150x150.jpg","caption":"Andreia Cunha | Lusa"},"sameAs":["https:\/\/www.altominho.tv\/site"],"url":"https:\/\/www.altominho.tv\/site\/author\/andreiacunhalusa\/"}]}},"_links":{"self":[{"href":"https:\/\/www.altominho.tv\/site\/wp-json\/wp\/v2\/posts\/65833","targetHints":{"allow":["GET"]}}],"collection":[{"href":"https:\/\/www.altominho.tv\/site\/wp-json\/wp\/v2\/posts"}],"about":[{"href":"https:\/\/www.altominho.tv\/site\/wp-json\/wp\/v2\/types\/post"}],"author":[{"embeddable":true,"href":"https:\/\/www.altominho.tv\/site\/wp-json\/wp\/v2\/users\/16"}],"replies":[{"embeddable":true,"href":"https:\/\/www.altominho.tv\/site\/wp-json\/wp\/v2\/comments?post=65833"}],"version-history":[{"count":0,"href":"https:\/\/www.altominho.tv\/site\/wp-json\/wp\/v2\/posts\/65833\/revisions"}],"wp:featuredmedia":[{"embeddable":true,"href":"https:\/\/www.altominho.tv\/site\/wp-json\/wp\/v2\/media\/65835"}],"wp:attachment":[{"href":"https:\/\/www.altominho.tv\/site\/wp-json\/wp\/v2\/media?parent=65833"}],"wp:term":[{"taxonomy":"category","embeddable":true,"href":"https:\/\/www.altominho.tv\/site\/wp-json\/wp\/v2\/categories?post=65833"},{"taxonomy":"post_tag","embeddable":true,"href":"https:\/\/www.altominho.tv\/site\/wp-json\/wp\/v2\/tags?post=65833"}],"curies":[{"name":"wp","href":"https:\/\/api.w.org\/{rel}","templated":true}]}}