{"id":65798,"date":"2021-04-29T08:51:18","date_gmt":"2021-04-29T07:51:18","guid":{"rendered":"https:\/\/www.altominho.tv\/site\/?p=65798"},"modified":"2021-04-29T08:51:23","modified_gmt":"2021-04-29T07:51:23","slug":"governo-adota-medidas-para-ultima-fase-do-desconfinamento","status":"publish","type":"post","link":"https:\/\/www.altominho.tv\/site\/2021\/04\/29\/governo-adota-medidas-para-ultima-fase-do-desconfinamento\/","title":{"rendered":"Governo adota medidas para \u00faltima fase do desconfinamento"},"content":{"rendered":"\n<p>O Governo aprova hoje medidas para a \u00faltima fase do plano de desconfinamento que dever\u00e3o incluir o regresso dos grandes eventos exteriores, de todas as modalidades desportivas e o levantamento de restri\u00e7\u00f5es hor\u00e1rias dos restaurantes, caf\u00e9s e pastelarias.<\/p>\n\n\n\n<p>As medidas de desconfinamento das restri\u00e7\u00f5es tomadas para conter a pandemia de covid-19 entram em vigor na segunda-feira, dia 03 de maio, j\u00e1 fora do per\u00edodo do estado de emerg\u00eancia, que termina na sexta-feira e n\u00e3o ser\u00e1 prolongado, por decis\u00e3o do Presidente da Rep\u00fablica.<\/p>\n\n\n\n<p>Al\u00e9m do regresso dos grandes eventos exteriores e dos interiores, neste caso em grupo com diminui\u00e7\u00e3o da lota\u00e7\u00e3o, a quarta e \u00faltima fase do plano de desconfinamento prev\u00ea o levantamento das restri\u00e7\u00f5es hor\u00e1rias dos restaurantes, caf\u00e9s e pastelarias, que t\u00eam de limitar a seis o n\u00famero de pessoas nas mesas, no interior, e a 10, nas esplanadas.<\/p>\n\n\n\n<p>O regresso de todas as modalidades desportivas e da atividade f\u00edsica ao ar livre e nos gin\u00e1sios, bem como dos casamentos e batizados, embora com apenas 50% da lota\u00e7\u00e3o, constam tamb\u00e9m do plano.<\/p>\n\n\n\n<p>O plano de desconfinamento do executivo prev\u00ea quatro fases de reabertura &#8211; tr\u00eas j\u00e1 avan\u00e7aram em 15 de mar\u00e7o, 05 e 19 de abril &#8211; , a e a quarta e \u00faltima ser\u00e1 em 03 de maio, segunda-feira.<\/p>\n\n\n\n<p>As medidas podem, contudo, ser revistas se Portugal ultrapassar os 120 novos casos de infe\u00e7\u00e3o com o novo coronav\u00edrus por 100 mil habitantes em 14 dias ou, ainda, se o \u00edndice de transmissibilidade (Rt) do v\u00edrus SARS-CoV-2 ultrapassar 1.<\/p>\n\n\n\n<p>A \u00faltima fase de desconfinamento vai decorrer j\u00e1 fora do per\u00edodo do estado de emerg\u00eancia, que termina ao fim de 173 dias consecutivos, depois de ter sido decretado por Marcelo Rebelo de Sousa por 15 vezes desde que se registaram os primeiros casos de cont\u00e1gios pelo novo coronav\u00edrus em mar\u00e7o do ano passado.<\/p>\n\n\n\n<p>Na comunica\u00e7\u00e3o ao pa\u00eds em que anunciou a sua op\u00e7\u00e3o por n\u00e3o renovar o estado de exce\u00e7\u00e3o, na ter\u00e7a-feira, Marcelo agradeceu aos portugueses o esfor\u00e7o de cumprimentos das medidas restritivas, mas avisou que poder\u00e1 voltar a decretar a emerg\u00eancia se a situa\u00e7\u00e3o voltar a complicar-se.<\/p>\n\n\n\n<p>&#8220;Se necess\u00e1rio for, n\u00e3o hesitarei em avan\u00e7ar com novo estado de emerg\u00eancia, se o presente passo n\u00e3o deparar ou n\u00e3o puder deparar com a resposta baseada na confian\u00e7a essencial para todos n\u00f3s&#8221;, declarou o chefe de Estado.<\/p>\n\n\n\n<p>Nos termos da Constitui\u00e7\u00e3o, o estado de emerg\u00eancia, que permite a suspens\u00e3o do exerc\u00edcio de alguns direitos, liberdades e garantias, n\u00e3o pode durar mais de 15 dias, sem preju\u00edzo de eventuais renova\u00e7\u00f5es com o mesmo limite temporal.<\/p>\n\n\n\n<p>O estado de emerg\u00eancia tem permitido a ado\u00e7\u00e3o de medidas restritivas aos direitos \u00e0 liberdade e de desloca\u00e7\u00e3o &#8211; como o confinamento de doentes com covid-19, de infetados e de pessoas em vigil\u00e2ncia ativa ou os limites \u00e0 circula\u00e7\u00e3o.<\/p>\n\n\n\n<p>A pandemia de covid-19 provocou, pelo menos, 3.137.725 mortos no mundo, resultantes de mais de 148,6 milh\u00f5es de casos de infe\u00e7\u00e3o, segundo um balan\u00e7o feito pela ag\u00eancia francesa AFP.<\/p>\n\n\n\n<p>Em Portugal, morreram 16.973 pessoas dos 835.563 casos de infe\u00e7\u00e3o confirmados, de acordo com o boletim mais recente da Dire\u00e7\u00e3o-Geral da Sa\u00fade.<\/p>\n\n\n\n<p>A doen\u00e7a \u00e9 transmitida por um novo coronav\u00edrus detetado no final de 2019, em Wuhan, uma cidade do centro da China.<\/p>\n","protected":false},"excerpt":{"rendered":"<p>O Governo aprova hoje medidas para a \u00faltima fase do plano de desconfinamento que dever\u00e3o incluir o regresso dos grandes eventos exteriores, de todas as modalidades desportivas e o levantamento de restri\u00e7\u00f5es hor\u00e1rias dos restaurantes, caf\u00e9s e pastelarias. As medidas de desconfinamento das restri\u00e7\u00f5es tomadas para conter a pandemia de covid-19 entram em vigor na [&hellip;]<\/p>\n","protected":false},"author":16,"featured_media":65799,"comment_status":"closed","ping_status":"closed","sticky":false,"template":"","format":"standard","meta":{"_exactmetrics_skip_tracking":false,"_exactmetrics_sitenote_active":false,"_exactmetrics_sitenote_note":"","_exactmetrics_sitenote_category":0,"footnotes":""},"categories":[42722],"tags":[26,27],"class_list":["post-65798","post","type-post","status-publish","format-standard","has-post-thumbnail","hentry","category-covid-19","tag-saude","tag-sociedade"],"yoast_head":"<!-- This site is optimized with the Yoast SEO Premium plugin v27.4 (Yoast SEO v27.4) - https:\/\/yoast.com\/product\/yoast-seo-premium-wordpress\/ -->\n<title>Governo adota medidas para \u00faltima fase do desconfinamento<\/title>\n<meta name=\"robots\" content=\"index, follow, max-snippet:-1, max-image-preview:large, max-video-preview:-1\" \/>\n<link rel=\"canonical\" href=\"https:\/\/www.altominho.tv\/site\/2021\/04\/29\/governo-adota-medidas-para-ultima-fase-do-desconfinamento\/\" \/>\n<meta property=\"og:locale\" content=\"pt_PT\" \/>\n<meta property=\"og:type\" content=\"article\" \/>\n<meta property=\"og:title\" content=\"Governo adota medidas para \u00faltima fase do desconfinamento\" \/>\n<meta property=\"og:description\" content=\"O Governo aprova hoje medidas para a \u00faltima fase do plano de desconfinamento que dever\u00e3o incluir o regresso dos grandes eventos exteriores, de todas as modalidades desportivas e o levantamento de restri\u00e7\u00f5es hor\u00e1rias dos restaurantes, caf\u00e9s e pastelarias. As medidas de desconfinamento das restri\u00e7\u00f5es tomadas para conter a pandemia de covid-19 entram em vigor na [&hellip;]\" \/>\n<meta property=\"og:url\" content=\"https:\/\/www.altominho.tv\/site\/2021\/04\/29\/governo-adota-medidas-para-ultima-fase-do-desconfinamento\/\" \/>\n<meta property=\"og:site_name\" content=\"Altominho.tv\" \/>\n<meta property=\"article:publisher\" content=\"https:\/\/www.facebook.com\/altominhotv\" \/>\n<meta property=\"article:published_time\" content=\"2021-04-29T07:51:18+00:00\" \/>\n<meta property=\"article:modified_time\" content=\"2021-04-29T07:51:23+00:00\" \/>\n<meta property=\"og:image\" content=\"https:\/\/www.altominho.tv\/site\/wp-content\/uploads\/2021\/04\/AC.jpg\" \/>\n\t<meta property=\"og:image:width\" content=\"1920\" \/>\n\t<meta property=\"og:image:height\" content=\"1080\" \/>\n\t<meta property=\"og:image:type\" content=\"image\/jpeg\" \/>\n<meta name=\"author\" content=\"Andreia Cunha | Lusa\" \/>\n<meta name=\"twitter:card\" content=\"summary_large_image\" \/>\n<meta name=\"twitter:creator\" content=\"@altominhoTV\" \/>\n<meta name=\"twitter:site\" content=\"@altominhoTV\" \/>\n<meta name=\"twitter:label1\" content=\"Escrito por\" \/>\n\t<meta name=\"twitter:data1\" content=\"Andreia Cunha | Lusa\" \/>\n\t<meta name=\"twitter:label2\" content=\"Tempo estimado de leitura\" \/>\n\t<meta name=\"twitter:data2\" content=\"3 minutos\" \/>\n<script type=\"application\/ld+json\" class=\"yoast-schema-graph\">{\"@context\":\"https:\\\/\\\/schema.org\",\"@graph\":[{\"@type\":\"Article\",\"@id\":\"https:\\\/\\\/www.altominho.tv\\\/site\\\/2021\\\/04\\\/29\\\/governo-adota-medidas-para-ultima-fase-do-desconfinamento\\\/#article\",\"isPartOf\":{\"@id\":\"https:\\\/\\\/www.altominho.tv\\\/site\\\/2021\\\/04\\\/29\\\/governo-adota-medidas-para-ultima-fase-do-desconfinamento\\\/\"},\"author\":{\"name\":\"Andreia Cunha | Lusa\",\"@id\":\"https:\\\/\\\/www.altominho.tv\\\/site\\\/#\\\/schema\\\/person\\\/dbaf181c01b51ff40c9f461a905d321e\"},\"headline\":\"Governo adota medidas para \u00faltima fase do desconfinamento\",\"datePublished\":\"2021-04-29T07:51:18+00:00\",\"dateModified\":\"2021-04-29T07:51:23+00:00\",\"mainEntityOfPage\":{\"@id\":\"https:\\\/\\\/www.altominho.tv\\\/site\\\/2021\\\/04\\\/29\\\/governo-adota-medidas-para-ultima-fase-do-desconfinamento\\\/\"},\"wordCount\":588,\"image\":{\"@id\":\"https:\\\/\\\/www.altominho.tv\\\/site\\\/2021\\\/04\\\/29\\\/governo-adota-medidas-para-ultima-fase-do-desconfinamento\\\/#primaryimage\"},\"thumbnailUrl\":\"https:\\\/\\\/www.altominho.tv\\\/site\\\/wp-content\\\/uploads\\\/2021\\\/04\\\/AC.jpg\",\"keywords\":[\"Sa\u00fade\",\"Sociedade\"],\"articleSection\":[\"Coronav\u00edrus\"],\"inLanguage\":\"pt-PT\",\"copyrightYear\":\"2021\",\"copyrightHolder\":{\"@id\":\"https:\\\/\\\/www.altominho.tv\\\/site\\\/#organization\"}},{\"@type\":\"WebPage\",\"@id\":\"https:\\\/\\\/www.altominho.tv\\\/site\\\/2021\\\/04\\\/29\\\/governo-adota-medidas-para-ultima-fase-do-desconfinamento\\\/\",\"url\":\"https:\\\/\\\/www.altominho.tv\\\/site\\\/2021\\\/04\\\/29\\\/governo-adota-medidas-para-ultima-fase-do-desconfinamento\\\/\",\"name\":\"Governo adota medidas para \u00faltima fase do desconfinamento\",\"isPartOf\":{\"@id\":\"https:\\\/\\\/www.altominho.tv\\\/site\\\/#website\"},\"primaryImageOfPage\":{\"@id\":\"https:\\\/\\\/www.altominho.tv\\\/site\\\/2021\\\/04\\\/29\\\/governo-adota-medidas-para-ultima-fase-do-desconfinamento\\\/#primaryimage\"},\"image\":{\"@id\":\"https:\\\/\\\/www.altominho.tv\\\/site\\\/2021\\\/04\\\/29\\\/governo-adota-medidas-para-ultima-fase-do-desconfinamento\\\/#primaryimage\"},\"thumbnailUrl\":\"https:\\\/\\\/www.altominho.tv\\\/site\\\/wp-content\\\/uploads\\\/2021\\\/04\\\/AC.jpg\",\"datePublished\":\"2021-04-29T07:51:18+00:00\",\"dateModified\":\"2021-04-29T07:51:23+00:00\",\"author\":{\"@id\":\"https:\\\/\\\/www.altominho.tv\\\/site\\\/#\\\/schema\\\/person\\\/dbaf181c01b51ff40c9f461a905d321e\"},\"breadcrumb\":{\"@id\":\"https:\\\/\\\/www.altominho.tv\\\/site\\\/2021\\\/04\\\/29\\\/governo-adota-medidas-para-ultima-fase-do-desconfinamento\\\/#breadcrumb\"},\"inLanguage\":\"pt-PT\",\"potentialAction\":[{\"@type\":\"ReadAction\",\"target\":[\"https:\\\/\\\/www.altominho.tv\\\/site\\\/2021\\\/04\\\/29\\\/governo-adota-medidas-para-ultima-fase-do-desconfinamento\\\/\"]}]},{\"@type\":\"ImageObject\",\"inLanguage\":\"pt-PT\",\"@id\":\"https:\\\/\\\/www.altominho.tv\\\/site\\\/2021\\\/04\\\/29\\\/governo-adota-medidas-para-ultima-fase-do-desconfinamento\\\/#primaryimage\",\"url\":\"https:\\\/\\\/www.altominho.tv\\\/site\\\/wp-content\\\/uploads\\\/2021\\\/04\\\/AC.jpg\",\"contentUrl\":\"https:\\\/\\\/www.altominho.tv\\\/site\\\/wp-content\\\/uploads\\\/2021\\\/04\\\/AC.jpg\",\"width\":1920,\"height\":1080},{\"@type\":\"BreadcrumbList\",\"@id\":\"https:\\\/\\\/www.altominho.tv\\\/site\\\/2021\\\/04\\\/29\\\/governo-adota-medidas-para-ultima-fase-do-desconfinamento\\\/#breadcrumb\",\"itemListElement\":[{\"@type\":\"ListItem\",\"position\":1,\"name\":\"In\u00edcio\",\"item\":\"https:\\\/\\\/www.altominho.tv\\\/site\\\/\"},{\"@type\":\"ListItem\",\"position\":2,\"name\":\"Governo adota medidas para \u00faltima fase do desconfinamento\"}]},{\"@type\":\"WebSite\",\"@id\":\"https:\\\/\\\/www.altominho.tv\\\/site\\\/#website\",\"url\":\"https:\\\/\\\/www.altominho.tv\\\/site\\\/\",\"name\":\"Altominho.tv\",\"description\":\"A sua regi\u00e3o \u00e0 dist\u00e2ncia de um clique...\",\"potentialAction\":[{\"@type\":\"SearchAction\",\"target\":{\"@type\":\"EntryPoint\",\"urlTemplate\":\"https:\\\/\\\/www.altominho.tv\\\/site\\\/?s={search_term_string}\"},\"query-input\":{\"@type\":\"PropertyValueSpecification\",\"valueRequired\":true,\"valueName\":\"search_term_string\"}}],\"inLanguage\":\"pt-PT\"},{\"@type\":\"Person\",\"@id\":\"https:\\\/\\\/www.altominho.tv\\\/site\\\/#\\\/schema\\\/person\\\/dbaf181c01b51ff40c9f461a905d321e\",\"name\":\"Andreia Cunha | Lusa\",\"image\":{\"@type\":\"ImageObject\",\"inLanguage\":\"pt-PT\",\"@id\":\"https:\\\/\\\/www.altominho.tv\\\/site\\\/wp-content\\\/uploads\\\/2017\\\/11\\\/Andreia_Cunha-1-150x150.jpg\",\"url\":\"https:\\\/\\\/www.altominho.tv\\\/site\\\/wp-content\\\/uploads\\\/2017\\\/11\\\/Andreia_Cunha-1-150x150.jpg\",\"contentUrl\":\"https:\\\/\\\/www.altominho.tv\\\/site\\\/wp-content\\\/uploads\\\/2017\\\/11\\\/Andreia_Cunha-1-150x150.jpg\",\"caption\":\"Andreia Cunha | Lusa\"},\"sameAs\":[\"https:\\\/\\\/www.altominho.tv\\\/site\"],\"url\":\"https:\\\/\\\/www.altominho.tv\\\/site\\\/author\\\/andreiacunhalusa\\\/\"}]}<\/script>\n<!-- \/ Yoast SEO Premium plugin. -->","yoast_head_json":{"title":"Governo adota medidas para \u00faltima fase do desconfinamento","robots":{"index":"index","follow":"follow","max-snippet":"max-snippet:-1","max-image-preview":"max-image-preview:large","max-video-preview":"max-video-preview:-1"},"canonical":"https:\/\/www.altominho.tv\/site\/2021\/04\/29\/governo-adota-medidas-para-ultima-fase-do-desconfinamento\/","og_locale":"pt_PT","og_type":"article","og_title":"Governo adota medidas para \u00faltima fase do desconfinamento","og_description":"O Governo aprova hoje medidas para a \u00faltima fase do plano de desconfinamento que dever\u00e3o incluir o regresso dos grandes eventos exteriores, de todas as modalidades desportivas e o levantamento de restri\u00e7\u00f5es hor\u00e1rias dos restaurantes, caf\u00e9s e pastelarias. As medidas de desconfinamento das restri\u00e7\u00f5es tomadas para conter a pandemia de covid-19 entram em vigor na [&hellip;]","og_url":"https:\/\/www.altominho.tv\/site\/2021\/04\/29\/governo-adota-medidas-para-ultima-fase-do-desconfinamento\/","og_site_name":"Altominho.tv","article_publisher":"https:\/\/www.facebook.com\/altominhotv","article_published_time":"2021-04-29T07:51:18+00:00","article_modified_time":"2021-04-29T07:51:23+00:00","og_image":[{"width":1920,"height":1080,"url":"https:\/\/www.altominho.tv\/site\/wp-content\/uploads\/2021\/04\/AC.jpg","type":"image\/jpeg"}],"author":"Andreia Cunha | Lusa","twitter_card":"summary_large_image","twitter_creator":"@altominhoTV","twitter_site":"@altominhoTV","twitter_misc":{"Escrito por":"Andreia Cunha | Lusa","Tempo estimado de leitura":"3 minutos"},"schema":{"@context":"https:\/\/schema.org","@graph":[{"@type":"Article","@id":"https:\/\/www.altominho.tv\/site\/2021\/04\/29\/governo-adota-medidas-para-ultima-fase-do-desconfinamento\/#article","isPartOf":{"@id":"https:\/\/www.altominho.tv\/site\/2021\/04\/29\/governo-adota-medidas-para-ultima-fase-do-desconfinamento\/"},"author":{"name":"Andreia Cunha | Lusa","@id":"https:\/\/www.altominho.tv\/site\/#\/schema\/person\/dbaf181c01b51ff40c9f461a905d321e"},"headline":"Governo adota medidas para \u00faltima fase do desconfinamento","datePublished":"2021-04-29T07:51:18+00:00","dateModified":"2021-04-29T07:51:23+00:00","mainEntityOfPage":{"@id":"https:\/\/www.altominho.tv\/site\/2021\/04\/29\/governo-adota-medidas-para-ultima-fase-do-desconfinamento\/"},"wordCount":588,"image":{"@id":"https:\/\/www.altominho.tv\/site\/2021\/04\/29\/governo-adota-medidas-para-ultima-fase-do-desconfinamento\/#primaryimage"},"thumbnailUrl":"https:\/\/www.altominho.tv\/site\/wp-content\/uploads\/2021\/04\/AC.jpg","keywords":["Sa\u00fade","Sociedade"],"articleSection":["Coronav\u00edrus"],"inLanguage":"pt-PT","copyrightYear":"2021","copyrightHolder":{"@id":"https:\/\/www.altominho.tv\/site\/#organization"}},{"@type":"WebPage","@id":"https:\/\/www.altominho.tv\/site\/2021\/04\/29\/governo-adota-medidas-para-ultima-fase-do-desconfinamento\/","url":"https:\/\/www.altominho.tv\/site\/2021\/04\/29\/governo-adota-medidas-para-ultima-fase-do-desconfinamento\/","name":"Governo adota medidas para \u00faltima fase do desconfinamento","isPartOf":{"@id":"https:\/\/www.altominho.tv\/site\/#website"},"primaryImageOfPage":{"@id":"https:\/\/www.altominho.tv\/site\/2021\/04\/29\/governo-adota-medidas-para-ultima-fase-do-desconfinamento\/#primaryimage"},"image":{"@id":"https:\/\/www.altominho.tv\/site\/2021\/04\/29\/governo-adota-medidas-para-ultima-fase-do-desconfinamento\/#primaryimage"},"thumbnailUrl":"https:\/\/www.altominho.tv\/site\/wp-content\/uploads\/2021\/04\/AC.jpg","datePublished":"2021-04-29T07:51:18+00:00","dateModified":"2021-04-29T07:51:23+00:00","author":{"@id":"https:\/\/www.altominho.tv\/site\/#\/schema\/person\/dbaf181c01b51ff40c9f461a905d321e"},"breadcrumb":{"@id":"https:\/\/www.altominho.tv\/site\/2021\/04\/29\/governo-adota-medidas-para-ultima-fase-do-desconfinamento\/#breadcrumb"},"inLanguage":"pt-PT","potentialAction":[{"@type":"ReadAction","target":["https:\/\/www.altominho.tv\/site\/2021\/04\/29\/governo-adota-medidas-para-ultima-fase-do-desconfinamento\/"]}]},{"@type":"ImageObject","inLanguage":"pt-PT","@id":"https:\/\/www.altominho.tv\/site\/2021\/04\/29\/governo-adota-medidas-para-ultima-fase-do-desconfinamento\/#primaryimage","url":"https:\/\/www.altominho.tv\/site\/wp-content\/uploads\/2021\/04\/AC.jpg","contentUrl":"https:\/\/www.altominho.tv\/site\/wp-content\/uploads\/2021\/04\/AC.jpg","width":1920,"height":1080},{"@type":"BreadcrumbList","@id":"https:\/\/www.altominho.tv\/site\/2021\/04\/29\/governo-adota-medidas-para-ultima-fase-do-desconfinamento\/#breadcrumb","itemListElement":[{"@type":"ListItem","position":1,"name":"In\u00edcio","item":"https:\/\/www.altominho.tv\/site\/"},{"@type":"ListItem","position":2,"name":"Governo adota medidas para \u00faltima fase do desconfinamento"}]},{"@type":"WebSite","@id":"https:\/\/www.altominho.tv\/site\/#website","url":"https:\/\/www.altominho.tv\/site\/","name":"Altominho.tv","description":"A sua regi\u00e3o \u00e0 dist\u00e2ncia de um clique...","potentialAction":[{"@type":"SearchAction","target":{"@type":"EntryPoint","urlTemplate":"https:\/\/www.altominho.tv\/site\/?s={search_term_string}"},"query-input":{"@type":"PropertyValueSpecification","valueRequired":true,"valueName":"search_term_string"}}],"inLanguage":"pt-PT"},{"@type":"Person","@id":"https:\/\/www.altominho.tv\/site\/#\/schema\/person\/dbaf181c01b51ff40c9f461a905d321e","name":"Andreia Cunha | Lusa","image":{"@type":"ImageObject","inLanguage":"pt-PT","@id":"https:\/\/www.altominho.tv\/site\/wp-content\/uploads\/2017\/11\/Andreia_Cunha-1-150x150.jpg","url":"https:\/\/www.altominho.tv\/site\/wp-content\/uploads\/2017\/11\/Andreia_Cunha-1-150x150.jpg","contentUrl":"https:\/\/www.altominho.tv\/site\/wp-content\/uploads\/2017\/11\/Andreia_Cunha-1-150x150.jpg","caption":"Andreia Cunha | Lusa"},"sameAs":["https:\/\/www.altominho.tv\/site"],"url":"https:\/\/www.altominho.tv\/site\/author\/andreiacunhalusa\/"}]}},"_links":{"self":[{"href":"https:\/\/www.altominho.tv\/site\/wp-json\/wp\/v2\/posts\/65798","targetHints":{"allow":["GET"]}}],"collection":[{"href":"https:\/\/www.altominho.tv\/site\/wp-json\/wp\/v2\/posts"}],"about":[{"href":"https:\/\/www.altominho.tv\/site\/wp-json\/wp\/v2\/types\/post"}],"author":[{"embeddable":true,"href":"https:\/\/www.altominho.tv\/site\/wp-json\/wp\/v2\/users\/16"}],"replies":[{"embeddable":true,"href":"https:\/\/www.altominho.tv\/site\/wp-json\/wp\/v2\/comments?post=65798"}],"version-history":[{"count":0,"href":"https:\/\/www.altominho.tv\/site\/wp-json\/wp\/v2\/posts\/65798\/revisions"}],"wp:featuredmedia":[{"embeddable":true,"href":"https:\/\/www.altominho.tv\/site\/wp-json\/wp\/v2\/media\/65799"}],"wp:attachment":[{"href":"https:\/\/www.altominho.tv\/site\/wp-json\/wp\/v2\/media?parent=65798"}],"wp:term":[{"taxonomy":"category","embeddable":true,"href":"https:\/\/www.altominho.tv\/site\/wp-json\/wp\/v2\/categories?post=65798"},{"taxonomy":"post_tag","embeddable":true,"href":"https:\/\/www.altominho.tv\/site\/wp-json\/wp\/v2\/tags?post=65798"}],"curies":[{"name":"wp","href":"https:\/\/api.w.org\/{rel}","templated":true}]}}