{"id":65751,"date":"2021-04-28T14:25:49","date_gmt":"2021-04-28T13:25:49","guid":{"rendered":"https:\/\/www.altominho.tv\/site\/?p=65751"},"modified":"2021-05-04T15:28:20","modified_gmt":"2021-05-04T14:28:20","slug":"valenca-espera-ha-anos-por-antigo-posto-da-guarda-para-residencia-universitaria","status":"publish","type":"post","link":"https:\/\/www.altominho.tv\/site\/2021\/04\/28\/valenca-espera-ha-anos-por-antigo-posto-da-guarda-para-residencia-universitaria\/","title":{"rendered":"Valen\u00e7a espera h\u00e1 anos por antigo posto da guarda para resid\u00eancia universit\u00e1ria"},"content":{"rendered":"<p>O presidente da C\u00e2mara de Valen\u00e7a disse, esta quarta-feira, aguardar &#8220;h\u00e1 anos&#8221; pela transfer\u00eancia do antigo posto da Guarda Fiscal, do Estado para o munic\u00edpio para, em parceria com a escola de ci\u00eancias empresariais o transformar em resid\u00eancia universit\u00e1ria.<\/p>\n<p>Em declara\u00e7\u00f5es \u00e0 ag\u00eancia Lusa, Manuel Lopes estimou em cerca de &#8220;meio milh\u00e3o de euros&#8221; o investimento que ser\u00e1 necess\u00e1rio efetuar para transformar o edif\u00edcio, desativado h\u00e1 muitos anos e em avan\u00e7ado estado de degrada\u00e7\u00e3o, em resid\u00eancia para acolher os alunos que frequentam a Escola Superior de Ci\u00eancias Empresariais (ESCE) do Instituto Polit\u00e9cnico de Viana do Castelo (IPVC)&#8221;.<\/p>\n<p>O im\u00f3vel, situado a cerca de 20 metros da esta\u00e7\u00e3o de caminhos de ferro, &#8220;encontra-se desativado h\u00e1 muitos anos e em muito mau estado de conserva\u00e7\u00e3o&#8221;.<\/p>\n<p>Para o autarca, &#8220;seria uma mais-valia para Valen\u00e7a, por permitir a reabilita\u00e7\u00e3o de um edif\u00edcio atualmente em total abandono e garantir alojamento aos alunos da ESCE, grande parte deles oriunda de zonas fora do concelho e que necessitam dessa resposta. \u00c9 um grande anseio, poder colmatar esta lacuna da resid\u00eancia estudantil&#8221;.<\/p>\n<p>&#8220;Estimamos que o investimento rondar\u00e1 o meio milh\u00e3o de euros, mas \u00e9 uma previs\u00e3o porque n\u00e3o temos acesso ao espa\u00e7o, atualmente, sob a al\u00e7ada do Minist\u00e9rio das Finan\u00e7as&#8221;, referiu o autarca.<\/p>\n<p>Manuel Lopes adiantou que a C\u00e2mara de Valen\u00e7a pediu, &#8220;h\u00e1 cerca de quatro a cinco anos, a transfer\u00eancia do im\u00f3vel do Minist\u00e9rio das Finan\u00e7as para a autarquia&#8221;, mas ainda sem sucesso.<\/p>\n<p>O autarca aproveitou a presen\u00e7a, na segunda-feira, do primeiro-ministro, na inaugura\u00e7\u00e3o da moderniza\u00e7\u00e3o da Linha do Minho e da requalifica\u00e7\u00e3o da escola sede do agrupamento Muralhas do Minho, para pedir a interven\u00e7\u00e3o de Ant\u00f3nio Costa na agiliza\u00e7\u00e3o do processo.<\/p>\n<p>&#8220;Elucidei o primeiro-ministro dessa situa\u00e7\u00e3o. Que o edif\u00edcio est\u00e1 numa esta\u00e7\u00e3o que agora vai ter muito mais fluxo de passageiros e visitantes e que com aquela degrada\u00e7\u00e3o tinha muito mau aspeto. Acredito que agora o assunto possa andar&#8221;, adiantou.<\/p>\n<p>Segundo Manuel Lopes, s\u00e3o instala\u00e7\u00f5es de &#8220;grande dimens\u00e3o onde estava situada a resid\u00eancia do comandante do posto Guarda Fiscal, as oficinas, refeit\u00f3rio, barbearia, entre outros servi\u00e7os&#8221;.<\/p>\n<p>&#8220;Daria solu\u00e7\u00e3o a uma grande parte do alojamento estudantil, porque \u00e9 bastante grande&#8221;, referiu.<\/p>\n<p>A ESCE foi fundada em 12 de novembro de 2001 e est\u00e1 instalada em terrenos da Quinta da Mota, cedidos pela C\u00e2mara de Valen\u00e7a ao IPVC.<\/p>\n<p>Com cerca de 30 mil metros quadrados e implantada nas proximidades da zona escolar e desportiva da cidade, a Quinta da Mota destaca-se pela sua fachada do s\u00e9culo XVIII.<\/p>\n<p>Na semana passada, em declara\u00e7\u00f5es \u00e0 Lusa, a prop\u00f3sito de um outro projeto para a constru\u00e7\u00e3o de nova resid\u00eancia universit\u00e1ria em Viana do Castelo, o presidente do IPVC, Carlos Rodrigues disse &#8220;estar a ser ultimado o estudo pr\u00e9vio&#8221; do equipamento. &#8220;Dentro de tr\u00eas semanas a um m\u00eas contamos ter o processo fechado para lan\u00e7armos, com o patroc\u00ednio da Ordem dos Arquitetos, um concurso de ideias&#8221;, referiu.<\/p>\n<p>Anteriormente, o respons\u00e1vel j\u00e1 tinha dito que a nova resid\u00eancia universit\u00e1ria do IPVC est\u00e1 prevista para os terrenos da Escola Superior de Tecnologia e Gest\u00e3o, situada na avenida do Atl\u00e2ntico, junto \u00e0 Praia Norte, em Viana do Castelo.<\/p>\n<p>O equipamento &#8220;com entre 350 e 400 camas&#8221; ainda n\u00e3o tem definido o valor do investimento, mas que o presidente do IPVC estimou &#8220;em v\u00e1rios milh\u00f5es de euros&#8221;.<\/p>\n<p>Com cerca de cinco mil alunos, o IPVC tem seis escolas &#8211; de Educa\u00e7\u00e3o, Tecnologia e Gest\u00e3o, Agr\u00e1ria, Enfermagem, Ci\u00eancias Empresariais, Desporto e Lazer -, ministrando 28 licenciaturas, 40 mestrados, 34 Cursos de T\u00e9cnicos Superiores Profissionais (CTESP) e outras forma\u00e7\u00f5es de car\u00e1ter profissionalizante.<\/p>\n<p>Al\u00e9m das escolas superiores de sa\u00fade, educa\u00e7\u00e3o e tecnologia e gest\u00e3o, situadas em Viana do Castelo, o IPVC tem escolas superiores instaladas em Ponte de Lima (Agr\u00e1ria), Valen\u00e7a (Ci\u00eancias Empresariais) e Melga\u00e7o (Desporto e Lazer).<\/p>\n","protected":false},"excerpt":{"rendered":"<p>O presidente da C\u00e2mara de Valen\u00e7a disse, esta quarta-feira, aguardar &#8220;h\u00e1 anos&#8221; pela transfer\u00eancia do antigo posto da Guarda Fiscal, do Estado para o munic\u00edpio para, em parceria com a escola de ci\u00eancias empresariais o transformar em resid\u00eancia universit\u00e1ria. Em declara\u00e7\u00f5es \u00e0 ag\u00eancia Lusa, Manuel Lopes estimou em cerca de &#8220;meio milh\u00e3o de euros&#8221; o [&hellip;]<\/p>\n","protected":false},"author":13,"featured_media":65757,"comment_status":"closed","ping_status":"closed","sticky":false,"template":"","format":"standard","meta":{"_exactmetrics_skip_tracking":false,"_exactmetrics_sitenote_active":false,"_exactmetrics_sitenote_note":"","_exactmetrics_sitenote_category":0,"footnotes":""},"categories":[13],"tags":[22,27],"class_list":["post-65751","post","type-post","status-publish","format-standard","has-post-thumbnail","hentry","category-valenca","tag-educacao","tag-sociedade"],"yoast_head":"<!-- This site is optimized with the Yoast SEO Premium plugin v27.5 (Yoast SEO v27.5) - https:\/\/yoast.com\/product\/yoast-seo-premium-wordpress\/ -->\n<title>Valen\u00e7a espera h\u00e1 anos por antigo posto da guarda para resid\u00eancia universit\u00e1ria<\/title>\n<meta name=\"robots\" content=\"index, follow, max-snippet:-1, max-image-preview:large, max-video-preview:-1\" \/>\n<link rel=\"canonical\" href=\"https:\/\/www.altominho.tv\/site\/2021\/04\/28\/valenca-espera-ha-anos-por-antigo-posto-da-guarda-para-residencia-universitaria\/\" \/>\n<meta property=\"og:locale\" content=\"pt_PT\" \/>\n<meta property=\"og:type\" content=\"article\" \/>\n<meta property=\"og:title\" content=\"Valen\u00e7a espera h\u00e1 anos por antigo posto da guarda para resid\u00eancia universit\u00e1ria\" \/>\n<meta property=\"og:description\" content=\"O presidente da C\u00e2mara de Valen\u00e7a disse, esta quarta-feira, aguardar &#8220;h\u00e1 anos&#8221; pela transfer\u00eancia do antigo posto da Guarda Fiscal, do Estado para o munic\u00edpio para, em parceria com a escola de ci\u00eancias empresariais o transformar em resid\u00eancia universit\u00e1ria. Em declara\u00e7\u00f5es \u00e0 ag\u00eancia Lusa, Manuel Lopes estimou em cerca de &#8220;meio milh\u00e3o de euros&#8221; o [&hellip;]\" \/>\n<meta property=\"og:url\" content=\"https:\/\/www.altominho.tv\/site\/2021\/04\/28\/valenca-espera-ha-anos-por-antigo-posto-da-guarda-para-residencia-universitaria\/\" \/>\n<meta property=\"og:site_name\" content=\"Altominho.tv\" \/>\n<meta property=\"article:publisher\" content=\"https:\/\/www.facebook.com\/altominhotv\" \/>\n<meta property=\"article:published_time\" content=\"2021-04-28T13:25:49+00:00\" \/>\n<meta property=\"article:modified_time\" content=\"2021-05-04T14:28:20+00:00\" \/>\n<meta property=\"og:image\" content=\"https:\/\/www.altominho.tv\/site\/wp-content\/uploads\/2021\/04\/Manuel-Lopes-escola.jpg\" \/>\n\t<meta property=\"og:image:width\" content=\"793\" \/>\n\t<meta property=\"og:image:height\" content=\"438\" \/>\n\t<meta property=\"og:image:type\" content=\"image\/jpeg\" \/>\n<meta name=\"author\" content=\"Lusa\" \/>\n<meta name=\"twitter:card\" content=\"summary_large_image\" \/>\n<meta name=\"twitter:creator\" content=\"@altominhoTV\" \/>\n<meta name=\"twitter:site\" content=\"@altominhoTV\" \/>\n<meta name=\"twitter:label1\" content=\"Escrito por\" \/>\n\t<meta name=\"twitter:data1\" content=\"Lusa\" \/>\n\t<meta name=\"twitter:label2\" content=\"Tempo estimado de leitura\" \/>\n\t<meta name=\"twitter:data2\" content=\"3 minutos\" \/>\n<script type=\"application\/ld+json\" class=\"yoast-schema-graph\">{\"@context\":\"https:\\\/\\\/schema.org\",\"@graph\":[{\"@type\":\"Article\",\"@id\":\"https:\\\/\\\/www.altominho.tv\\\/site\\\/2021\\\/04\\\/28\\\/valenca-espera-ha-anos-por-antigo-posto-da-guarda-para-residencia-universitaria\\\/#article\",\"isPartOf\":{\"@id\":\"https:\\\/\\\/www.altominho.tv\\\/site\\\/2021\\\/04\\\/28\\\/valenca-espera-ha-anos-por-antigo-posto-da-guarda-para-residencia-universitaria\\\/\"},\"author\":{\"name\":\"Lusa\",\"@id\":\"https:\\\/\\\/www.altominho.tv\\\/site\\\/#\\\/schema\\\/person\\\/63f693da3e1899361cbe955c46f3232e\"},\"headline\":\"Valen\u00e7a espera h\u00e1 anos por antigo posto da guarda para resid\u00eancia universit\u00e1ria\",\"datePublished\":\"2021-04-28T13:25:49+00:00\",\"dateModified\":\"2021-05-04T14:28:20+00:00\",\"mainEntityOfPage\":{\"@id\":\"https:\\\/\\\/www.altominho.tv\\\/site\\\/2021\\\/04\\\/28\\\/valenca-espera-ha-anos-por-antigo-posto-da-guarda-para-residencia-universitaria\\\/\"},\"wordCount\":710,\"image\":{\"@id\":\"https:\\\/\\\/www.altominho.tv\\\/site\\\/2021\\\/04\\\/28\\\/valenca-espera-ha-anos-por-antigo-posto-da-guarda-para-residencia-universitaria\\\/#primaryimage\"},\"thumbnailUrl\":\"https:\\\/\\\/www.altominho.tv\\\/site\\\/wp-content\\\/uploads\\\/2021\\\/04\\\/Manuel-Lopes-escola.jpg\",\"keywords\":[\"Educa\u00e7\u00e3o\",\"Sociedade\"],\"articleSection\":[\"Valen\u00e7a\"],\"inLanguage\":\"pt-PT\",\"copyrightYear\":\"2021\",\"copyrightHolder\":{\"@id\":\"https:\\\/\\\/www.altominho.tv\\\/site\\\/#organization\"}},{\"@type\":\"WebPage\",\"@id\":\"https:\\\/\\\/www.altominho.tv\\\/site\\\/2021\\\/04\\\/28\\\/valenca-espera-ha-anos-por-antigo-posto-da-guarda-para-residencia-universitaria\\\/\",\"url\":\"https:\\\/\\\/www.altominho.tv\\\/site\\\/2021\\\/04\\\/28\\\/valenca-espera-ha-anos-por-antigo-posto-da-guarda-para-residencia-universitaria\\\/\",\"name\":\"Valen\u00e7a espera h\u00e1 anos por antigo posto da guarda para resid\u00eancia universit\u00e1ria\",\"isPartOf\":{\"@id\":\"https:\\\/\\\/www.altominho.tv\\\/site\\\/#website\"},\"primaryImageOfPage\":{\"@id\":\"https:\\\/\\\/www.altominho.tv\\\/site\\\/2021\\\/04\\\/28\\\/valenca-espera-ha-anos-por-antigo-posto-da-guarda-para-residencia-universitaria\\\/#primaryimage\"},\"image\":{\"@id\":\"https:\\\/\\\/www.altominho.tv\\\/site\\\/2021\\\/04\\\/28\\\/valenca-espera-ha-anos-por-antigo-posto-da-guarda-para-residencia-universitaria\\\/#primaryimage\"},\"thumbnailUrl\":\"https:\\\/\\\/www.altominho.tv\\\/site\\\/wp-content\\\/uploads\\\/2021\\\/04\\\/Manuel-Lopes-escola.jpg\",\"datePublished\":\"2021-04-28T13:25:49+00:00\",\"dateModified\":\"2021-05-04T14:28:20+00:00\",\"author\":{\"@id\":\"https:\\\/\\\/www.altominho.tv\\\/site\\\/#\\\/schema\\\/person\\\/63f693da3e1899361cbe955c46f3232e\"},\"breadcrumb\":{\"@id\":\"https:\\\/\\\/www.altominho.tv\\\/site\\\/2021\\\/04\\\/28\\\/valenca-espera-ha-anos-por-antigo-posto-da-guarda-para-residencia-universitaria\\\/#breadcrumb\"},\"inLanguage\":\"pt-PT\",\"potentialAction\":[{\"@type\":\"ReadAction\",\"target\":[\"https:\\\/\\\/www.altominho.tv\\\/site\\\/2021\\\/04\\\/28\\\/valenca-espera-ha-anos-por-antigo-posto-da-guarda-para-residencia-universitaria\\\/\"]}]},{\"@type\":\"ImageObject\",\"inLanguage\":\"pt-PT\",\"@id\":\"https:\\\/\\\/www.altominho.tv\\\/site\\\/2021\\\/04\\\/28\\\/valenca-espera-ha-anos-por-antigo-posto-da-guarda-para-residencia-universitaria\\\/#primaryimage\",\"url\":\"https:\\\/\\\/www.altominho.tv\\\/site\\\/wp-content\\\/uploads\\\/2021\\\/04\\\/Manuel-Lopes-escola.jpg\",\"contentUrl\":\"https:\\\/\\\/www.altominho.tv\\\/site\\\/wp-content\\\/uploads\\\/2021\\\/04\\\/Manuel-Lopes-escola.jpg\",\"width\":793,\"height\":438},{\"@type\":\"BreadcrumbList\",\"@id\":\"https:\\\/\\\/www.altominho.tv\\\/site\\\/2021\\\/04\\\/28\\\/valenca-espera-ha-anos-por-antigo-posto-da-guarda-para-residencia-universitaria\\\/#breadcrumb\",\"itemListElement\":[{\"@type\":\"ListItem\",\"position\":1,\"name\":\"In\u00edcio\",\"item\":\"https:\\\/\\\/www.altominho.tv\\\/site\\\/\"},{\"@type\":\"ListItem\",\"position\":2,\"name\":\"Valen\u00e7a espera h\u00e1 anos por antigo posto da guarda para resid\u00eancia universit\u00e1ria\"}]},{\"@type\":\"WebSite\",\"@id\":\"https:\\\/\\\/www.altominho.tv\\\/site\\\/#website\",\"url\":\"https:\\\/\\\/www.altominho.tv\\\/site\\\/\",\"name\":\"Altominho.tv\",\"description\":\"A sua regi\u00e3o \u00e0 dist\u00e2ncia de um clique...\",\"potentialAction\":[{\"@type\":\"SearchAction\",\"target\":{\"@type\":\"EntryPoint\",\"urlTemplate\":\"https:\\\/\\\/www.altominho.tv\\\/site\\\/?s={search_term_string}\"},\"query-input\":{\"@type\":\"PropertyValueSpecification\",\"valueRequired\":true,\"valueName\":\"search_term_string\"}}],\"inLanguage\":\"pt-PT\"},{\"@type\":\"Person\",\"@id\":\"https:\\\/\\\/www.altominho.tv\\\/site\\\/#\\\/schema\\\/person\\\/63f693da3e1899361cbe955c46f3232e\",\"name\":\"Lusa\",\"image\":{\"@type\":\"ImageObject\",\"inLanguage\":\"pt-PT\",\"@id\":\"https:\\\/\\\/www.altominho.tv\\\/site\\\/wp-content\\\/uploads\\\/2019\\\/08\\\/LUSA_Logo.gif\",\"url\":\"https:\\\/\\\/www.altominho.tv\\\/site\\\/wp-content\\\/uploads\\\/2019\\\/08\\\/LUSA_Logo.gif\",\"contentUrl\":\"https:\\\/\\\/www.altominho.tv\\\/site\\\/wp-content\\\/uploads\\\/2019\\\/08\\\/LUSA_Logo.gif\",\"caption\":\"Lusa\"},\"sameAs\":[\"http:\\\/\\\/\\\/\\\/www.altominho.tv\\\/site\"],\"url\":\"https:\\\/\\\/www.altominho.tv\\\/site\\\/author\\\/lusa\\\/\"}]}<\/script>\n<!-- \/ Yoast SEO Premium plugin. -->","yoast_head_json":{"title":"Valen\u00e7a espera h\u00e1 anos por antigo posto da guarda para resid\u00eancia universit\u00e1ria","robots":{"index":"index","follow":"follow","max-snippet":"max-snippet:-1","max-image-preview":"max-image-preview:large","max-video-preview":"max-video-preview:-1"},"canonical":"https:\/\/www.altominho.tv\/site\/2021\/04\/28\/valenca-espera-ha-anos-por-antigo-posto-da-guarda-para-residencia-universitaria\/","og_locale":"pt_PT","og_type":"article","og_title":"Valen\u00e7a espera h\u00e1 anos por antigo posto da guarda para resid\u00eancia universit\u00e1ria","og_description":"O presidente da C\u00e2mara de Valen\u00e7a disse, esta quarta-feira, aguardar &#8220;h\u00e1 anos&#8221; pela transfer\u00eancia do antigo posto da Guarda Fiscal, do Estado para o munic\u00edpio para, em parceria com a escola de ci\u00eancias empresariais o transformar em resid\u00eancia universit\u00e1ria. Em declara\u00e7\u00f5es \u00e0 ag\u00eancia Lusa, Manuel Lopes estimou em cerca de &#8220;meio milh\u00e3o de euros&#8221; o [&hellip;]","og_url":"https:\/\/www.altominho.tv\/site\/2021\/04\/28\/valenca-espera-ha-anos-por-antigo-posto-da-guarda-para-residencia-universitaria\/","og_site_name":"Altominho.tv","article_publisher":"https:\/\/www.facebook.com\/altominhotv","article_published_time":"2021-04-28T13:25:49+00:00","article_modified_time":"2021-05-04T14:28:20+00:00","og_image":[{"width":793,"height":438,"url":"https:\/\/www.altominho.tv\/site\/wp-content\/uploads\/2021\/04\/Manuel-Lopes-escola.jpg","type":"image\/jpeg"}],"author":"Lusa","twitter_card":"summary_large_image","twitter_creator":"@altominhoTV","twitter_site":"@altominhoTV","twitter_misc":{"Escrito por":"Lusa","Tempo estimado de leitura":"3 minutos"},"schema":{"@context":"https:\/\/schema.org","@graph":[{"@type":"Article","@id":"https:\/\/www.altominho.tv\/site\/2021\/04\/28\/valenca-espera-ha-anos-por-antigo-posto-da-guarda-para-residencia-universitaria\/#article","isPartOf":{"@id":"https:\/\/www.altominho.tv\/site\/2021\/04\/28\/valenca-espera-ha-anos-por-antigo-posto-da-guarda-para-residencia-universitaria\/"},"author":{"name":"Lusa","@id":"https:\/\/www.altominho.tv\/site\/#\/schema\/person\/63f693da3e1899361cbe955c46f3232e"},"headline":"Valen\u00e7a espera h\u00e1 anos por antigo posto da guarda para resid\u00eancia universit\u00e1ria","datePublished":"2021-04-28T13:25:49+00:00","dateModified":"2021-05-04T14:28:20+00:00","mainEntityOfPage":{"@id":"https:\/\/www.altominho.tv\/site\/2021\/04\/28\/valenca-espera-ha-anos-por-antigo-posto-da-guarda-para-residencia-universitaria\/"},"wordCount":710,"image":{"@id":"https:\/\/www.altominho.tv\/site\/2021\/04\/28\/valenca-espera-ha-anos-por-antigo-posto-da-guarda-para-residencia-universitaria\/#primaryimage"},"thumbnailUrl":"https:\/\/www.altominho.tv\/site\/wp-content\/uploads\/2021\/04\/Manuel-Lopes-escola.jpg","keywords":["Educa\u00e7\u00e3o","Sociedade"],"articleSection":["Valen\u00e7a"],"inLanguage":"pt-PT","copyrightYear":"2021","copyrightHolder":{"@id":"https:\/\/www.altominho.tv\/site\/#organization"}},{"@type":"WebPage","@id":"https:\/\/www.altominho.tv\/site\/2021\/04\/28\/valenca-espera-ha-anos-por-antigo-posto-da-guarda-para-residencia-universitaria\/","url":"https:\/\/www.altominho.tv\/site\/2021\/04\/28\/valenca-espera-ha-anos-por-antigo-posto-da-guarda-para-residencia-universitaria\/","name":"Valen\u00e7a espera h\u00e1 anos por antigo posto da guarda para resid\u00eancia universit\u00e1ria","isPartOf":{"@id":"https:\/\/www.altominho.tv\/site\/#website"},"primaryImageOfPage":{"@id":"https:\/\/www.altominho.tv\/site\/2021\/04\/28\/valenca-espera-ha-anos-por-antigo-posto-da-guarda-para-residencia-universitaria\/#primaryimage"},"image":{"@id":"https:\/\/www.altominho.tv\/site\/2021\/04\/28\/valenca-espera-ha-anos-por-antigo-posto-da-guarda-para-residencia-universitaria\/#primaryimage"},"thumbnailUrl":"https:\/\/www.altominho.tv\/site\/wp-content\/uploads\/2021\/04\/Manuel-Lopes-escola.jpg","datePublished":"2021-04-28T13:25:49+00:00","dateModified":"2021-05-04T14:28:20+00:00","author":{"@id":"https:\/\/www.altominho.tv\/site\/#\/schema\/person\/63f693da3e1899361cbe955c46f3232e"},"breadcrumb":{"@id":"https:\/\/www.altominho.tv\/site\/2021\/04\/28\/valenca-espera-ha-anos-por-antigo-posto-da-guarda-para-residencia-universitaria\/#breadcrumb"},"inLanguage":"pt-PT","potentialAction":[{"@type":"ReadAction","target":["https:\/\/www.altominho.tv\/site\/2021\/04\/28\/valenca-espera-ha-anos-por-antigo-posto-da-guarda-para-residencia-universitaria\/"]}]},{"@type":"ImageObject","inLanguage":"pt-PT","@id":"https:\/\/www.altominho.tv\/site\/2021\/04\/28\/valenca-espera-ha-anos-por-antigo-posto-da-guarda-para-residencia-universitaria\/#primaryimage","url":"https:\/\/www.altominho.tv\/site\/wp-content\/uploads\/2021\/04\/Manuel-Lopes-escola.jpg","contentUrl":"https:\/\/www.altominho.tv\/site\/wp-content\/uploads\/2021\/04\/Manuel-Lopes-escola.jpg","width":793,"height":438},{"@type":"BreadcrumbList","@id":"https:\/\/www.altominho.tv\/site\/2021\/04\/28\/valenca-espera-ha-anos-por-antigo-posto-da-guarda-para-residencia-universitaria\/#breadcrumb","itemListElement":[{"@type":"ListItem","position":1,"name":"In\u00edcio","item":"https:\/\/www.altominho.tv\/site\/"},{"@type":"ListItem","position":2,"name":"Valen\u00e7a espera h\u00e1 anos por antigo posto da guarda para resid\u00eancia universit\u00e1ria"}]},{"@type":"WebSite","@id":"https:\/\/www.altominho.tv\/site\/#website","url":"https:\/\/www.altominho.tv\/site\/","name":"Altominho.tv","description":"A sua regi\u00e3o \u00e0 dist\u00e2ncia de um clique...","potentialAction":[{"@type":"SearchAction","target":{"@type":"EntryPoint","urlTemplate":"https:\/\/www.altominho.tv\/site\/?s={search_term_string}"},"query-input":{"@type":"PropertyValueSpecification","valueRequired":true,"valueName":"search_term_string"}}],"inLanguage":"pt-PT"},{"@type":"Person","@id":"https:\/\/www.altominho.tv\/site\/#\/schema\/person\/63f693da3e1899361cbe955c46f3232e","name":"Lusa","image":{"@type":"ImageObject","inLanguage":"pt-PT","@id":"https:\/\/www.altominho.tv\/site\/wp-content\/uploads\/2019\/08\/LUSA_Logo.gif","url":"https:\/\/www.altominho.tv\/site\/wp-content\/uploads\/2019\/08\/LUSA_Logo.gif","contentUrl":"https:\/\/www.altominho.tv\/site\/wp-content\/uploads\/2019\/08\/LUSA_Logo.gif","caption":"Lusa"},"sameAs":["http:\/\/\/\/www.altominho.tv\/site"],"url":"https:\/\/www.altominho.tv\/site\/author\/lusa\/"}]}},"_links":{"self":[{"href":"https:\/\/www.altominho.tv\/site\/wp-json\/wp\/v2\/posts\/65751","targetHints":{"allow":["GET"]}}],"collection":[{"href":"https:\/\/www.altominho.tv\/site\/wp-json\/wp\/v2\/posts"}],"about":[{"href":"https:\/\/www.altominho.tv\/site\/wp-json\/wp\/v2\/types\/post"}],"author":[{"embeddable":true,"href":"https:\/\/www.altominho.tv\/site\/wp-json\/wp\/v2\/users\/13"}],"replies":[{"embeddable":true,"href":"https:\/\/www.altominho.tv\/site\/wp-json\/wp\/v2\/comments?post=65751"}],"version-history":[{"count":0,"href":"https:\/\/www.altominho.tv\/site\/wp-json\/wp\/v2\/posts\/65751\/revisions"}],"wp:featuredmedia":[{"embeddable":true,"href":"https:\/\/www.altominho.tv\/site\/wp-json\/wp\/v2\/media\/65757"}],"wp:attachment":[{"href":"https:\/\/www.altominho.tv\/site\/wp-json\/wp\/v2\/media?parent=65751"}],"wp:term":[{"taxonomy":"category","embeddable":true,"href":"https:\/\/www.altominho.tv\/site\/wp-json\/wp\/v2\/categories?post=65751"},{"taxonomy":"post_tag","embeddable":true,"href":"https:\/\/www.altominho.tv\/site\/wp-json\/wp\/v2\/tags?post=65751"}],"curies":[{"name":"wp","href":"https:\/\/api.w.org\/{rel}","templated":true}]}}