{"id":65711,"date":"2021-04-27T11:36:03","date_gmt":"2021-04-27T10:36:03","guid":{"rendered":"https:\/\/www.altominho.tv\/site\/?p=65711"},"modified":"2021-04-27T11:36:08","modified_gmt":"2021-04-27T10:36:08","slug":"norte-mantem-tendencia-crescente-e-no-algarve-incidencia-tem-baixado","status":"publish","type":"post","link":"https:\/\/www.altominho.tv\/site\/2021\/04\/27\/norte-mantem-tendencia-crescente-e-no-algarve-incidencia-tem-baixado\/","title":{"rendered":"Norte mant\u00e9m tend\u00eancia crescente e no Algarve incid\u00eancia tem baixado"},"content":{"rendered":"<p>A regi\u00e3o Norte mant\u00e9m uma tend\u00eancia crescente na infe\u00e7\u00e3o por SARS-Cov-2, mas inferior aos 120 casos \/100 mil habitantes, e no Algarve a incid\u00eancia tem diminu\u00eddo, mas ainda com valores acima da m\u00e9dia nacional, segundo os dados hoje divulgados.<\/p>\n<p class=\"text-paragraph\">De acordo com os dados revelados na reuni\u00e3o do Infarmed (Lisboa) sobre a situa\u00e7\u00e3o epidemiol\u00f3gica no pa\u00eds por Andr\u00e9 Peralta Santos, da Dire\u00e7\u00e3o-Geral da Sa\u00fade (DGS), nas \u00faltimas duas semanas regista-se uma tend\u00eancia est\u00e1vel da incid\u00eancia cumulativa a 14 dias, o que o especialista considerou \u201cum bom sinal\u201d.<\/p>\n<p class=\"text-paragraph\">O especialista frisou que h\u00e1 uma heterogeneidade na incid\u00eancia a 14 dias no territ\u00f3rio nacional, mas ainda com alguns concelhos com uma incid\u00eancia superior a 120 casos\/100 mil habitantes, e que h\u00e1 uma tend\u00eancia decrescente nos grandes centros urbanos, \u201co que estabiliza a incid\u00eancia nacional\u201d, disse.<\/p>\n<p class=\"text-paragraph\">Andr\u00e9 Peralta Santos afirmou ainda que na \u00faltima semana, pela densidade populacional e pelo n\u00famero de habitantes se registou um crescimento nos concelhos do Norte como Paredes, Pa\u00e7os de Ferreira e Penafiel, o que , segundo o especialista, \u201ccausa alguma preocupa\u00e7\u00e3o\u201d.<\/p>\n<p class=\"text-paragraph\">Apontou ainda como &#8220;boa not\u00edcia&#8221; a invers\u00e3o da tend\u00eancia da incid\u00eancia da infe\u00e7\u00e3o em Odemira (Alentejo). Apesar de continuar elevada, sublinhou, \u201ciniciou j\u00e1 uma invers\u00e3o e est\u00e1 com uma tend\u00eancia decrescente\u201d.<\/p>\n","protected":false},"excerpt":{"rendered":"<p>A regi\u00e3o Norte mant\u00e9m uma tend\u00eancia crescente na infe\u00e7\u00e3o por SARS-Cov-2, mas inferior aos 120 casos \/100 mil habitantes, e no Algarve a incid\u00eancia tem diminu\u00eddo, mas ainda com valores acima da m\u00e9dia nacional, segundo os dados hoje divulgados. De acordo com os dados revelados na reuni\u00e3o do Infarmed (Lisboa) sobre a situa\u00e7\u00e3o epidemiol\u00f3gica no [&hellip;]<\/p>\n","protected":false},"author":10,"featured_media":65713,"comment_status":"closed","ping_status":"closed","sticky":false,"template":"","format":"standard","meta":{"_exactmetrics_skip_tracking":false,"_exactmetrics_sitenote_active":false,"_exactmetrics_sitenote_note":"","_exactmetrics_sitenote_category":0,"footnotes":""},"categories":[42722],"tags":[26,27],"class_list":["post-65711","post","type-post","status-publish","format-standard","has-post-thumbnail","hentry","category-covid-19","tag-saude","tag-sociedade"],"yoast_head":"<!-- This site is optimized with the Yoast SEO Premium plugin v27.4 (Yoast SEO v27.4) - https:\/\/yoast.com\/product\/yoast-seo-premium-wordpress\/ -->\n<title>Norte mant\u00e9m tend\u00eancia crescente e no Algarve incid\u00eancia tem baixado<\/title>\n<meta name=\"robots\" content=\"index, follow, max-snippet:-1, max-image-preview:large, max-video-preview:-1\" \/>\n<link rel=\"canonical\" href=\"https:\/\/www.altominho.tv\/site\/2021\/04\/27\/norte-mantem-tendencia-crescente-e-no-algarve-incidencia-tem-baixado\/\" \/>\n<meta property=\"og:locale\" content=\"pt_PT\" \/>\n<meta property=\"og:type\" content=\"article\" \/>\n<meta property=\"og:title\" content=\"Norte mant\u00e9m tend\u00eancia crescente e no Algarve incid\u00eancia tem baixado\" \/>\n<meta property=\"og:description\" content=\"A regi\u00e3o Norte mant\u00e9m uma tend\u00eancia crescente na infe\u00e7\u00e3o por SARS-Cov-2, mas inferior aos 120 casos \/100 mil habitantes, e no Algarve a incid\u00eancia tem diminu\u00eddo, mas ainda com valores acima da m\u00e9dia nacional, segundo os dados hoje divulgados. De acordo com os dados revelados na reuni\u00e3o do Infarmed (Lisboa) sobre a situa\u00e7\u00e3o epidemiol\u00f3gica no [&hellip;]\" \/>\n<meta property=\"og:url\" content=\"https:\/\/www.altominho.tv\/site\/2021\/04\/27\/norte-mantem-tendencia-crescente-e-no-algarve-incidencia-tem-baixado\/\" \/>\n<meta property=\"og:site_name\" content=\"Altominho.tv\" \/>\n<meta property=\"article:publisher\" content=\"https:\/\/www.facebook.com\/altominhotv\" \/>\n<meta property=\"article:published_time\" content=\"2021-04-27T10:36:03+00:00\" \/>\n<meta property=\"article:modified_time\" content=\"2021-04-27T10:36:08+00:00\" \/>\n<meta property=\"og:image\" content=\"https:\/\/www.altominho.tv\/site\/wp-content\/uploads\/2021\/04\/COVID-19.jpg\" \/>\n\t<meta property=\"og:image:width\" content=\"800\" \/>\n\t<meta property=\"og:image:height\" content=\"500\" \/>\n\t<meta property=\"og:image:type\" content=\"image\/jpeg\" \/>\n<meta name=\"author\" content=\"Andreia Barreiro\" \/>\n<meta name=\"twitter:card\" content=\"summary_large_image\" \/>\n<meta name=\"twitter:creator\" content=\"@altominhoTV\" \/>\n<meta name=\"twitter:site\" content=\"@altominhoTV\" \/>\n<meta name=\"twitter:label1\" content=\"Escrito por\" \/>\n\t<meta name=\"twitter:data1\" content=\"Andreia Barreiro\" \/>\n\t<meta name=\"twitter:label2\" content=\"Tempo estimado de leitura\" \/>\n\t<meta name=\"twitter:data2\" content=\"1 minuto\" \/>\n<script type=\"application\/ld+json\" class=\"yoast-schema-graph\">{\"@context\":\"https:\\\/\\\/schema.org\",\"@graph\":[{\"@type\":\"Article\",\"@id\":\"https:\\\/\\\/www.altominho.tv\\\/site\\\/2021\\\/04\\\/27\\\/norte-mantem-tendencia-crescente-e-no-algarve-incidencia-tem-baixado\\\/#article\",\"isPartOf\":{\"@id\":\"https:\\\/\\\/www.altominho.tv\\\/site\\\/2021\\\/04\\\/27\\\/norte-mantem-tendencia-crescente-e-no-algarve-incidencia-tem-baixado\\\/\"},\"author\":{\"name\":\"Andreia Barreiro\",\"@id\":\"https:\\\/\\\/www.altominho.tv\\\/site\\\/#\\\/schema\\\/person\\\/4fa0996d8841f9d6cbb84eb43c555c2c\"},\"headline\":\"Norte mant\u00e9m tend\u00eancia crescente e no Algarve incid\u00eancia tem baixado\",\"datePublished\":\"2021-04-27T10:36:03+00:00\",\"dateModified\":\"2021-04-27T10:36:08+00:00\",\"mainEntityOfPage\":{\"@id\":\"https:\\\/\\\/www.altominho.tv\\\/site\\\/2021\\\/04\\\/27\\\/norte-mantem-tendencia-crescente-e-no-algarve-incidencia-tem-baixado\\\/\"},\"wordCount\":243,\"image\":{\"@id\":\"https:\\\/\\\/www.altominho.tv\\\/site\\\/2021\\\/04\\\/27\\\/norte-mantem-tendencia-crescente-e-no-algarve-incidencia-tem-baixado\\\/#primaryimage\"},\"thumbnailUrl\":\"https:\\\/\\\/www.altominho.tv\\\/site\\\/wp-content\\\/uploads\\\/2021\\\/04\\\/COVID-19.jpg\",\"keywords\":[\"Sa\u00fade\",\"Sociedade\"],\"articleSection\":[\"Coronav\u00edrus\"],\"inLanguage\":\"pt-PT\",\"copyrightYear\":\"2021\",\"copyrightHolder\":{\"@id\":\"https:\\\/\\\/www.altominho.tv\\\/site\\\/#organization\"}},{\"@type\":\"WebPage\",\"@id\":\"https:\\\/\\\/www.altominho.tv\\\/site\\\/2021\\\/04\\\/27\\\/norte-mantem-tendencia-crescente-e-no-algarve-incidencia-tem-baixado\\\/\",\"url\":\"https:\\\/\\\/www.altominho.tv\\\/site\\\/2021\\\/04\\\/27\\\/norte-mantem-tendencia-crescente-e-no-algarve-incidencia-tem-baixado\\\/\",\"name\":\"Norte mant\u00e9m tend\u00eancia crescente e no Algarve incid\u00eancia tem baixado\",\"isPartOf\":{\"@id\":\"https:\\\/\\\/www.altominho.tv\\\/site\\\/#website\"},\"primaryImageOfPage\":{\"@id\":\"https:\\\/\\\/www.altominho.tv\\\/site\\\/2021\\\/04\\\/27\\\/norte-mantem-tendencia-crescente-e-no-algarve-incidencia-tem-baixado\\\/#primaryimage\"},\"image\":{\"@id\":\"https:\\\/\\\/www.altominho.tv\\\/site\\\/2021\\\/04\\\/27\\\/norte-mantem-tendencia-crescente-e-no-algarve-incidencia-tem-baixado\\\/#primaryimage\"},\"thumbnailUrl\":\"https:\\\/\\\/www.altominho.tv\\\/site\\\/wp-content\\\/uploads\\\/2021\\\/04\\\/COVID-19.jpg\",\"datePublished\":\"2021-04-27T10:36:03+00:00\",\"dateModified\":\"2021-04-27T10:36:08+00:00\",\"author\":{\"@id\":\"https:\\\/\\\/www.altominho.tv\\\/site\\\/#\\\/schema\\\/person\\\/4fa0996d8841f9d6cbb84eb43c555c2c\"},\"breadcrumb\":{\"@id\":\"https:\\\/\\\/www.altominho.tv\\\/site\\\/2021\\\/04\\\/27\\\/norte-mantem-tendencia-crescente-e-no-algarve-incidencia-tem-baixado\\\/#breadcrumb\"},\"inLanguage\":\"pt-PT\",\"potentialAction\":[{\"@type\":\"ReadAction\",\"target\":[\"https:\\\/\\\/www.altominho.tv\\\/site\\\/2021\\\/04\\\/27\\\/norte-mantem-tendencia-crescente-e-no-algarve-incidencia-tem-baixado\\\/\"]}]},{\"@type\":\"ImageObject\",\"inLanguage\":\"pt-PT\",\"@id\":\"https:\\\/\\\/www.altominho.tv\\\/site\\\/2021\\\/04\\\/27\\\/norte-mantem-tendencia-crescente-e-no-algarve-incidencia-tem-baixado\\\/#primaryimage\",\"url\":\"https:\\\/\\\/www.altominho.tv\\\/site\\\/wp-content\\\/uploads\\\/2021\\\/04\\\/COVID-19.jpg\",\"contentUrl\":\"https:\\\/\\\/www.altominho.tv\\\/site\\\/wp-content\\\/uploads\\\/2021\\\/04\\\/COVID-19.jpg\",\"width\":800,\"height\":500},{\"@type\":\"BreadcrumbList\",\"@id\":\"https:\\\/\\\/www.altominho.tv\\\/site\\\/2021\\\/04\\\/27\\\/norte-mantem-tendencia-crescente-e-no-algarve-incidencia-tem-baixado\\\/#breadcrumb\",\"itemListElement\":[{\"@type\":\"ListItem\",\"position\":1,\"name\":\"In\u00edcio\",\"item\":\"https:\\\/\\\/www.altominho.tv\\\/site\\\/\"},{\"@type\":\"ListItem\",\"position\":2,\"name\":\"Norte mant\u00e9m tend\u00eancia crescente e no Algarve incid\u00eancia tem baixado\"}]},{\"@type\":\"WebSite\",\"@id\":\"https:\\\/\\\/www.altominho.tv\\\/site\\\/#website\",\"url\":\"https:\\\/\\\/www.altominho.tv\\\/site\\\/\",\"name\":\"Altominho.tv\",\"description\":\"A sua regi\u00e3o \u00e0 dist\u00e2ncia de um clique...\",\"potentialAction\":[{\"@type\":\"SearchAction\",\"target\":{\"@type\":\"EntryPoint\",\"urlTemplate\":\"https:\\\/\\\/www.altominho.tv\\\/site\\\/?s={search_term_string}\"},\"query-input\":{\"@type\":\"PropertyValueSpecification\",\"valueRequired\":true,\"valueName\":\"search_term_string\"}}],\"inLanguage\":\"pt-PT\"},{\"@type\":\"Person\",\"@id\":\"https:\\\/\\\/www.altominho.tv\\\/site\\\/#\\\/schema\\\/person\\\/4fa0996d8841f9d6cbb84eb43c555c2c\",\"name\":\"Andreia Barreiro\",\"image\":{\"@type\":\"ImageObject\",\"inLanguage\":\"pt-PT\",\"@id\":\"https:\\\/\\\/www.altominho.tv\\\/site\\\/wp-content\\\/uploads\\\/2021\\\/01\\\/132443895_3480358142084005_3574327946369834311_o-150x150.jpg\",\"url\":\"https:\\\/\\\/www.altominho.tv\\\/site\\\/wp-content\\\/uploads\\\/2021\\\/01\\\/132443895_3480358142084005_3574327946369834311_o-150x150.jpg\",\"contentUrl\":\"https:\\\/\\\/www.altominho.tv\\\/site\\\/wp-content\\\/uploads\\\/2021\\\/01\\\/132443895_3480358142084005_3574327946369834311_o-150x150.jpg\",\"caption\":\"Andreia Barreiro\"},\"url\":\"https:\\\/\\\/www.altominho.tv\\\/site\\\/author\\\/andreiabarreiro\\\/\"}]}<\/script>\n<!-- \/ Yoast SEO Premium plugin. -->","yoast_head_json":{"title":"Norte mant\u00e9m tend\u00eancia crescente e no Algarve incid\u00eancia tem baixado","robots":{"index":"index","follow":"follow","max-snippet":"max-snippet:-1","max-image-preview":"max-image-preview:large","max-video-preview":"max-video-preview:-1"},"canonical":"https:\/\/www.altominho.tv\/site\/2021\/04\/27\/norte-mantem-tendencia-crescente-e-no-algarve-incidencia-tem-baixado\/","og_locale":"pt_PT","og_type":"article","og_title":"Norte mant\u00e9m tend\u00eancia crescente e no Algarve incid\u00eancia tem baixado","og_description":"A regi\u00e3o Norte mant\u00e9m uma tend\u00eancia crescente na infe\u00e7\u00e3o por SARS-Cov-2, mas inferior aos 120 casos \/100 mil habitantes, e no Algarve a incid\u00eancia tem diminu\u00eddo, mas ainda com valores acima da m\u00e9dia nacional, segundo os dados hoje divulgados. De acordo com os dados revelados na reuni\u00e3o do Infarmed (Lisboa) sobre a situa\u00e7\u00e3o epidemiol\u00f3gica no [&hellip;]","og_url":"https:\/\/www.altominho.tv\/site\/2021\/04\/27\/norte-mantem-tendencia-crescente-e-no-algarve-incidencia-tem-baixado\/","og_site_name":"Altominho.tv","article_publisher":"https:\/\/www.facebook.com\/altominhotv","article_published_time":"2021-04-27T10:36:03+00:00","article_modified_time":"2021-04-27T10:36:08+00:00","og_image":[{"width":800,"height":500,"url":"https:\/\/www.altominho.tv\/site\/wp-content\/uploads\/2021\/04\/COVID-19.jpg","type":"image\/jpeg"}],"author":"Andreia Barreiro","twitter_card":"summary_large_image","twitter_creator":"@altominhoTV","twitter_site":"@altominhoTV","twitter_misc":{"Escrito por":"Andreia Barreiro","Tempo estimado de leitura":"1 minuto"},"schema":{"@context":"https:\/\/schema.org","@graph":[{"@type":"Article","@id":"https:\/\/www.altominho.tv\/site\/2021\/04\/27\/norte-mantem-tendencia-crescente-e-no-algarve-incidencia-tem-baixado\/#article","isPartOf":{"@id":"https:\/\/www.altominho.tv\/site\/2021\/04\/27\/norte-mantem-tendencia-crescente-e-no-algarve-incidencia-tem-baixado\/"},"author":{"name":"Andreia Barreiro","@id":"https:\/\/www.altominho.tv\/site\/#\/schema\/person\/4fa0996d8841f9d6cbb84eb43c555c2c"},"headline":"Norte mant\u00e9m tend\u00eancia crescente e no Algarve incid\u00eancia tem baixado","datePublished":"2021-04-27T10:36:03+00:00","dateModified":"2021-04-27T10:36:08+00:00","mainEntityOfPage":{"@id":"https:\/\/www.altominho.tv\/site\/2021\/04\/27\/norte-mantem-tendencia-crescente-e-no-algarve-incidencia-tem-baixado\/"},"wordCount":243,"image":{"@id":"https:\/\/www.altominho.tv\/site\/2021\/04\/27\/norte-mantem-tendencia-crescente-e-no-algarve-incidencia-tem-baixado\/#primaryimage"},"thumbnailUrl":"https:\/\/www.altominho.tv\/site\/wp-content\/uploads\/2021\/04\/COVID-19.jpg","keywords":["Sa\u00fade","Sociedade"],"articleSection":["Coronav\u00edrus"],"inLanguage":"pt-PT","copyrightYear":"2021","copyrightHolder":{"@id":"https:\/\/www.altominho.tv\/site\/#organization"}},{"@type":"WebPage","@id":"https:\/\/www.altominho.tv\/site\/2021\/04\/27\/norte-mantem-tendencia-crescente-e-no-algarve-incidencia-tem-baixado\/","url":"https:\/\/www.altominho.tv\/site\/2021\/04\/27\/norte-mantem-tendencia-crescente-e-no-algarve-incidencia-tem-baixado\/","name":"Norte mant\u00e9m tend\u00eancia crescente e no Algarve incid\u00eancia tem baixado","isPartOf":{"@id":"https:\/\/www.altominho.tv\/site\/#website"},"primaryImageOfPage":{"@id":"https:\/\/www.altominho.tv\/site\/2021\/04\/27\/norte-mantem-tendencia-crescente-e-no-algarve-incidencia-tem-baixado\/#primaryimage"},"image":{"@id":"https:\/\/www.altominho.tv\/site\/2021\/04\/27\/norte-mantem-tendencia-crescente-e-no-algarve-incidencia-tem-baixado\/#primaryimage"},"thumbnailUrl":"https:\/\/www.altominho.tv\/site\/wp-content\/uploads\/2021\/04\/COVID-19.jpg","datePublished":"2021-04-27T10:36:03+00:00","dateModified":"2021-04-27T10:36:08+00:00","author":{"@id":"https:\/\/www.altominho.tv\/site\/#\/schema\/person\/4fa0996d8841f9d6cbb84eb43c555c2c"},"breadcrumb":{"@id":"https:\/\/www.altominho.tv\/site\/2021\/04\/27\/norte-mantem-tendencia-crescente-e-no-algarve-incidencia-tem-baixado\/#breadcrumb"},"inLanguage":"pt-PT","potentialAction":[{"@type":"ReadAction","target":["https:\/\/www.altominho.tv\/site\/2021\/04\/27\/norte-mantem-tendencia-crescente-e-no-algarve-incidencia-tem-baixado\/"]}]},{"@type":"ImageObject","inLanguage":"pt-PT","@id":"https:\/\/www.altominho.tv\/site\/2021\/04\/27\/norte-mantem-tendencia-crescente-e-no-algarve-incidencia-tem-baixado\/#primaryimage","url":"https:\/\/www.altominho.tv\/site\/wp-content\/uploads\/2021\/04\/COVID-19.jpg","contentUrl":"https:\/\/www.altominho.tv\/site\/wp-content\/uploads\/2021\/04\/COVID-19.jpg","width":800,"height":500},{"@type":"BreadcrumbList","@id":"https:\/\/www.altominho.tv\/site\/2021\/04\/27\/norte-mantem-tendencia-crescente-e-no-algarve-incidencia-tem-baixado\/#breadcrumb","itemListElement":[{"@type":"ListItem","position":1,"name":"In\u00edcio","item":"https:\/\/www.altominho.tv\/site\/"},{"@type":"ListItem","position":2,"name":"Norte mant\u00e9m tend\u00eancia crescente e no Algarve incid\u00eancia tem baixado"}]},{"@type":"WebSite","@id":"https:\/\/www.altominho.tv\/site\/#website","url":"https:\/\/www.altominho.tv\/site\/","name":"Altominho.tv","description":"A sua regi\u00e3o \u00e0 dist\u00e2ncia de um clique...","potentialAction":[{"@type":"SearchAction","target":{"@type":"EntryPoint","urlTemplate":"https:\/\/www.altominho.tv\/site\/?s={search_term_string}"},"query-input":{"@type":"PropertyValueSpecification","valueRequired":true,"valueName":"search_term_string"}}],"inLanguage":"pt-PT"},{"@type":"Person","@id":"https:\/\/www.altominho.tv\/site\/#\/schema\/person\/4fa0996d8841f9d6cbb84eb43c555c2c","name":"Andreia Barreiro","image":{"@type":"ImageObject","inLanguage":"pt-PT","@id":"https:\/\/www.altominho.tv\/site\/wp-content\/uploads\/2021\/01\/132443895_3480358142084005_3574327946369834311_o-150x150.jpg","url":"https:\/\/www.altominho.tv\/site\/wp-content\/uploads\/2021\/01\/132443895_3480358142084005_3574327946369834311_o-150x150.jpg","contentUrl":"https:\/\/www.altominho.tv\/site\/wp-content\/uploads\/2021\/01\/132443895_3480358142084005_3574327946369834311_o-150x150.jpg","caption":"Andreia Barreiro"},"url":"https:\/\/www.altominho.tv\/site\/author\/andreiabarreiro\/"}]}},"_links":{"self":[{"href":"https:\/\/www.altominho.tv\/site\/wp-json\/wp\/v2\/posts\/65711","targetHints":{"allow":["GET"]}}],"collection":[{"href":"https:\/\/www.altominho.tv\/site\/wp-json\/wp\/v2\/posts"}],"about":[{"href":"https:\/\/www.altominho.tv\/site\/wp-json\/wp\/v2\/types\/post"}],"author":[{"embeddable":true,"href":"https:\/\/www.altominho.tv\/site\/wp-json\/wp\/v2\/users\/10"}],"replies":[{"embeddable":true,"href":"https:\/\/www.altominho.tv\/site\/wp-json\/wp\/v2\/comments?post=65711"}],"version-history":[{"count":0,"href":"https:\/\/www.altominho.tv\/site\/wp-json\/wp\/v2\/posts\/65711\/revisions"}],"wp:featuredmedia":[{"embeddable":true,"href":"https:\/\/www.altominho.tv\/site\/wp-json\/wp\/v2\/media\/65713"}],"wp:attachment":[{"href":"https:\/\/www.altominho.tv\/site\/wp-json\/wp\/v2\/media?parent=65711"}],"wp:term":[{"taxonomy":"category","embeddable":true,"href":"https:\/\/www.altominho.tv\/site\/wp-json\/wp\/v2\/categories?post=65711"},{"taxonomy":"post_tag","embeddable":true,"href":"https:\/\/www.altominho.tv\/site\/wp-json\/wp\/v2\/tags?post=65711"}],"curies":[{"name":"wp","href":"https:\/\/api.w.org\/{rel}","templated":true}]}}