{"id":65651,"date":"2021-04-25T16:09:57","date_gmt":"2021-04-25T15:09:57","guid":{"rendered":"https:\/\/www.altominho.tv\/site\/?p=65651"},"modified":"2021-04-25T16:09:59","modified_gmt":"2021-04-25T15:09:59","slug":"portugal-regista-seis-mortes-e-478-novas-infecoes","status":"publish","type":"post","link":"https:\/\/www.altominho.tv\/site\/2021\/04\/25\/portugal-regista-seis-mortes-e-478-novas-infecoes\/","title":{"rendered":"Portugal regista seis mortes e 478 novas infe\u00e7\u00f5es"},"content":{"rendered":"<p>Portugal regista hoje seis mortes atribu\u00eddas \u00e0 covid-19\u00a0e 478 novos casos de infe\u00e7\u00e3o pelo coronav\u00edrus SARS-CoV-2, segundo o\u00a0boletim di\u00e1rio da Dire\u00e7\u00e3o-Geral da Sa\u00fade (DGS).<\/p>\n<p class=\"text-paragraph\">De acordo com o boletim da DGS, est\u00e3o hoje internados em enfermaria 348 doentes, mais seis do que no s\u00e1bado, e 98 em unidades de cuidados intensivos, o mesmo valor da v\u00e9spera.<\/p>\n<p class=\"text-paragraph\">Recuperaram da doen\u00e7a desde s\u00e1bado 308 pessoas, elevando para 792.685 o n\u00famero total de recuperados desde o in\u00edcio da pandemia em Portugal, em mar\u00e7o de 2020.<\/p>\n<p class=\"text-paragraph\">Desde o in\u00edcio da pandemia Portugal j\u00e1 contabilizou 834.442 casos confirmados e 16.965 \u00f3bitos.<\/p>\n<p class=\"text-paragraph\">H\u00e1 24.792 casos ativos em Portugal, mais 164 em rela\u00e7\u00e3o a s\u00e1bado, e 24.313 pessoas est\u00e3o em vigil\u00e2ncia pelas autoridades de sa\u00fade, mais 511 do que no dia anterior.<\/p>\n<p class=\"text-paragraph\">De acordo com os mais recentes dados do Minist\u00e9rio da Sa\u00fade, at\u00e9 ao fim de s\u00e1bado Portugal tinha 2.900.151 pessoas vacinadas contra a covid-19, das quais 786.452 imunizadas com as duas doses.<\/p>\n<p class=\"text-paragraph\">As mortes anunciadas hoje verificaram-se no Norte (dois \u00f3bitos), no Centro (mais dois \u00f3bitos), uma na regi\u00e3o de Lisboa e Vale do Tejo e outra no Algarve.<\/p>\n<p class=\"text-paragraph\">Na regi\u00e3o de Lisboa e Vale do Tejo foram notificadas 134 novas infe\u00e7\u00f5es, contabilizando-se at\u00e9 agora 315.758 casos e 7.191 mortos.<\/p>\n<p class=\"text-paragraph\">A regi\u00e3o Norte tem 172 novas infe\u00e7\u00f5es por SARS-CoV-2 e desde o in\u00edcio da pandemia j\u00e1 contabilizou 335.149 casos de infe\u00e7\u00e3o e 5.337 mortes.<\/p>\n<p class=\"text-paragraph\">Estas duas regi\u00f5es t\u00eam hoje, em conjunto, 64% do total de novas infe\u00e7\u00f5es.<\/p>\n<p class=\"text-paragraph\">Na regi\u00e3o Centro registaram-se mais 42 casos, acumulando-se 118.464 infe\u00e7\u00f5es e 3.011 mortos.<\/p>\n<p class=\"text-paragraph\">No Alentejo foram assinalados mais 51 casos, totalizando 29.722 infe\u00e7\u00f5es e 970 mortos desde o in\u00edcio da pandemia.<\/p>\n<p class=\"text-paragraph\">Na regi\u00e3o do Algarve o boletim de hoje revela que foram registados 30 novos casos, acumulando-se 21.563\u00a0infe\u00e7\u00f5es e 357 mortos.<\/p>\n<p class=\"text-paragraph\">A regi\u00e3o Aut\u00f3noma da Madeira registou mais 35 casos, contabilizando 9.122 infe\u00e7\u00f5es e 68 mortes devido \u00e0 covid-19 desde mar\u00e7o de 2020.<\/p>\n<p class=\"text-paragraph\">Os A\u00e7ores t\u00eam hoje 14 novos casos e contabilizam 4.650 casos e 31 mortos desde o in\u00edcio da pandemia, segundo a DGS.<\/p>\n<p class=\"text-paragraph\">As autoridades regionais dos A\u00e7ores e da Madeira divulgam diariamente os seus dados, que podem n\u00e3o coincidir com a informa\u00e7\u00e3o divulgada no boletim da DGS.<\/p>\n<p class=\"text-paragraph\">O novo coronav\u00edrus j\u00e1 infetou em Portugal pelo menos 378.523\u00a0homens e 455.613\u00a0mulheres, mostram os dados da DGS, segundo os quais h\u00e1 306 casos de sexo desconhecido, que se encontram sob investiga\u00e7\u00e3o, uma vez que esta informa\u00e7\u00e3o n\u00e3o \u00e9 fornecida de forma autom\u00e1tica.<\/p>\n<p class=\"text-paragraph\">Do total de v\u00edtimas mortais, 8.909 eram homens e 8.056 mulheres.<\/p>\n<p class=\"text-paragraph\">O maior n\u00famero de \u00f3bitos continua a concentrar-se nos idosos com mais de 80 anos, seguidos da faixa et\u00e1ria entre os 70 e os 79 anos.<\/p>\n<p class=\"text-paragraph\">Do total de mortes, 11.166 eram pessoas com mais de 80 anos, 3.610 com idades entre os 70 e os 79 anos e 1.518 tinham entre os 60 e os 69 anos.<\/p>\n<p class=\"text-paragraph\">Na sexta-feira foi divulgado que o\u00a0\u00edndice de transmissibilidade (Rt) do coronav\u00edrus SARS-Cov-2 em Portugal manteve-se nos 0,98 (0,99 no Continente) enquanto a incid\u00eancia de casos de infe\u00e7\u00e3o por 100.000 habitantes nos \u00faltimos 14 dias desceu para 72,1.<\/p>\n<p class=\"text-paragraph\">Os dados do Rt e da incid\u00eancia s\u00e3o atualizados \u00e0 segunda-feira, quarta-feira e sexta-feira.<\/p>\n<p class=\"text-paragraph\">A pandemia de covid-19 provocou, pelo menos, 3.100.659 mortos no mundo, resultantes de mais de 146,3\u00a0milh\u00f5es de casos de infe\u00e7\u00e3o, segundo um balan\u00e7o feito pela ag\u00eancia francesa AFP.<\/p>\n","protected":false},"excerpt":{"rendered":"<p>Portugal regista hoje seis mortes atribu\u00eddas \u00e0 covid-19\u00a0e 478 novos casos de infe\u00e7\u00e3o pelo coronav\u00edrus SARS-CoV-2, segundo o\u00a0boletim di\u00e1rio da Dire\u00e7\u00e3o-Geral da Sa\u00fade (DGS). De acordo com o boletim da DGS, est\u00e3o hoje internados em enfermaria 348 doentes, mais seis do que no s\u00e1bado, e 98 em unidades de cuidados intensivos, o mesmo valor da [&hellip;]<\/p>\n","protected":false},"author":13,"featured_media":64602,"comment_status":"closed","ping_status":"closed","sticky":false,"template":"","format":"standard","meta":{"_exactmetrics_skip_tracking":false,"_exactmetrics_sitenote_active":false,"_exactmetrics_sitenote_note":"","_exactmetrics_sitenote_category":0,"footnotes":""},"categories":[42722],"tags":[26,27],"class_list":["post-65651","post","type-post","status-publish","format-standard","has-post-thumbnail","hentry","category-covid-19","tag-saude","tag-sociedade"],"yoast_head":"<!-- This site is optimized with the Yoast SEO Premium plugin v27.4 (Yoast SEO v27.4) - https:\/\/yoast.com\/product\/yoast-seo-premium-wordpress\/ -->\n<title>Portugal regista seis mortes e 478 novas infe\u00e7\u00f5es<\/title>\n<meta name=\"robots\" content=\"index, follow, max-snippet:-1, max-image-preview:large, max-video-preview:-1\" \/>\n<link rel=\"canonical\" href=\"https:\/\/www.altominho.tv\/site\/2021\/04\/25\/portugal-regista-seis-mortes-e-478-novas-infecoes\/\" \/>\n<meta property=\"og:locale\" content=\"pt_PT\" \/>\n<meta property=\"og:type\" content=\"article\" \/>\n<meta property=\"og:title\" content=\"Portugal regista seis mortes e 478 novas infe\u00e7\u00f5es\" \/>\n<meta property=\"og:description\" content=\"Portugal regista hoje seis mortes atribu\u00eddas \u00e0 covid-19\u00a0e 478 novos casos de infe\u00e7\u00e3o pelo coronav\u00edrus SARS-CoV-2, segundo o\u00a0boletim di\u00e1rio da Dire\u00e7\u00e3o-Geral da Sa\u00fade (DGS). De acordo com o boletim da DGS, est\u00e3o hoje internados em enfermaria 348 doentes, mais seis do que no s\u00e1bado, e 98 em unidades de cuidados intensivos, o mesmo valor da [&hellip;]\" \/>\n<meta property=\"og:url\" content=\"https:\/\/www.altominho.tv\/site\/2021\/04\/25\/portugal-regista-seis-mortes-e-478-novas-infecoes\/\" \/>\n<meta property=\"og:site_name\" content=\"Altominho.tv\" \/>\n<meta property=\"article:publisher\" content=\"https:\/\/www.facebook.com\/altominhotv\" \/>\n<meta property=\"article:published_time\" content=\"2021-04-25T15:09:57+00:00\" \/>\n<meta property=\"article:modified_time\" content=\"2021-04-25T15:09:59+00:00\" \/>\n<meta property=\"og:image\" content=\"https:\/\/www.altominho.tv\/site\/wp-content\/uploads\/2021\/03\/COVID-19.jpg\" \/>\n\t<meta property=\"og:image:width\" content=\"800\" \/>\n\t<meta property=\"og:image:height\" content=\"500\" \/>\n\t<meta property=\"og:image:type\" content=\"image\/jpeg\" \/>\n<meta name=\"author\" content=\"Lusa\" \/>\n<meta name=\"twitter:card\" content=\"summary_large_image\" \/>\n<meta name=\"twitter:creator\" content=\"@altominhoTV\" \/>\n<meta name=\"twitter:site\" content=\"@altominhoTV\" \/>\n<meta name=\"twitter:label1\" content=\"Escrito por\" \/>\n\t<meta name=\"twitter:data1\" content=\"Lusa\" \/>\n\t<meta name=\"twitter:label2\" content=\"Tempo estimado de leitura\" \/>\n\t<meta name=\"twitter:data2\" content=\"3 minutos\" \/>\n<script type=\"application\/ld+json\" class=\"yoast-schema-graph\">{\"@context\":\"https:\\\/\\\/schema.org\",\"@graph\":[{\"@type\":\"Article\",\"@id\":\"https:\\\/\\\/www.altominho.tv\\\/site\\\/2021\\\/04\\\/25\\\/portugal-regista-seis-mortes-e-478-novas-infecoes\\\/#article\",\"isPartOf\":{\"@id\":\"https:\\\/\\\/www.altominho.tv\\\/site\\\/2021\\\/04\\\/25\\\/portugal-regista-seis-mortes-e-478-novas-infecoes\\\/\"},\"author\":{\"name\":\"Lusa\",\"@id\":\"https:\\\/\\\/www.altominho.tv\\\/site\\\/#\\\/schema\\\/person\\\/63f693da3e1899361cbe955c46f3232e\"},\"headline\":\"Portugal regista seis mortes e 478 novas infe\u00e7\u00f5es\",\"datePublished\":\"2021-04-25T15:09:57+00:00\",\"dateModified\":\"2021-04-25T15:09:59+00:00\",\"mainEntityOfPage\":{\"@id\":\"https:\\\/\\\/www.altominho.tv\\\/site\\\/2021\\\/04\\\/25\\\/portugal-regista-seis-mortes-e-478-novas-infecoes\\\/\"},\"wordCount\":569,\"image\":{\"@id\":\"https:\\\/\\\/www.altominho.tv\\\/site\\\/2021\\\/04\\\/25\\\/portugal-regista-seis-mortes-e-478-novas-infecoes\\\/#primaryimage\"},\"thumbnailUrl\":\"https:\\\/\\\/www.altominho.tv\\\/site\\\/wp-content\\\/uploads\\\/2021\\\/03\\\/COVID-19.jpg\",\"keywords\":[\"Sa\u00fade\",\"Sociedade\"],\"articleSection\":[\"Coronav\u00edrus\"],\"inLanguage\":\"pt-PT\",\"copyrightYear\":\"2021\",\"copyrightHolder\":{\"@id\":\"https:\\\/\\\/www.altominho.tv\\\/site\\\/#organization\"}},{\"@type\":\"WebPage\",\"@id\":\"https:\\\/\\\/www.altominho.tv\\\/site\\\/2021\\\/04\\\/25\\\/portugal-regista-seis-mortes-e-478-novas-infecoes\\\/\",\"url\":\"https:\\\/\\\/www.altominho.tv\\\/site\\\/2021\\\/04\\\/25\\\/portugal-regista-seis-mortes-e-478-novas-infecoes\\\/\",\"name\":\"Portugal regista seis mortes e 478 novas infe\u00e7\u00f5es\",\"isPartOf\":{\"@id\":\"https:\\\/\\\/www.altominho.tv\\\/site\\\/#website\"},\"primaryImageOfPage\":{\"@id\":\"https:\\\/\\\/www.altominho.tv\\\/site\\\/2021\\\/04\\\/25\\\/portugal-regista-seis-mortes-e-478-novas-infecoes\\\/#primaryimage\"},\"image\":{\"@id\":\"https:\\\/\\\/www.altominho.tv\\\/site\\\/2021\\\/04\\\/25\\\/portugal-regista-seis-mortes-e-478-novas-infecoes\\\/#primaryimage\"},\"thumbnailUrl\":\"https:\\\/\\\/www.altominho.tv\\\/site\\\/wp-content\\\/uploads\\\/2021\\\/03\\\/COVID-19.jpg\",\"datePublished\":\"2021-04-25T15:09:57+00:00\",\"dateModified\":\"2021-04-25T15:09:59+00:00\",\"author\":{\"@id\":\"https:\\\/\\\/www.altominho.tv\\\/site\\\/#\\\/schema\\\/person\\\/63f693da3e1899361cbe955c46f3232e\"},\"breadcrumb\":{\"@id\":\"https:\\\/\\\/www.altominho.tv\\\/site\\\/2021\\\/04\\\/25\\\/portugal-regista-seis-mortes-e-478-novas-infecoes\\\/#breadcrumb\"},\"inLanguage\":\"pt-PT\",\"potentialAction\":[{\"@type\":\"ReadAction\",\"target\":[\"https:\\\/\\\/www.altominho.tv\\\/site\\\/2021\\\/04\\\/25\\\/portugal-regista-seis-mortes-e-478-novas-infecoes\\\/\"]}]},{\"@type\":\"ImageObject\",\"inLanguage\":\"pt-PT\",\"@id\":\"https:\\\/\\\/www.altominho.tv\\\/site\\\/2021\\\/04\\\/25\\\/portugal-regista-seis-mortes-e-478-novas-infecoes\\\/#primaryimage\",\"url\":\"https:\\\/\\\/www.altominho.tv\\\/site\\\/wp-content\\\/uploads\\\/2021\\\/03\\\/COVID-19.jpg\",\"contentUrl\":\"https:\\\/\\\/www.altominho.tv\\\/site\\\/wp-content\\\/uploads\\\/2021\\\/03\\\/COVID-19.jpg\",\"width\":800,\"height\":500},{\"@type\":\"BreadcrumbList\",\"@id\":\"https:\\\/\\\/www.altominho.tv\\\/site\\\/2021\\\/04\\\/25\\\/portugal-regista-seis-mortes-e-478-novas-infecoes\\\/#breadcrumb\",\"itemListElement\":[{\"@type\":\"ListItem\",\"position\":1,\"name\":\"In\u00edcio\",\"item\":\"https:\\\/\\\/www.altominho.tv\\\/site\\\/\"},{\"@type\":\"ListItem\",\"position\":2,\"name\":\"Portugal regista seis mortes e 478 novas infe\u00e7\u00f5es\"}]},{\"@type\":\"WebSite\",\"@id\":\"https:\\\/\\\/www.altominho.tv\\\/site\\\/#website\",\"url\":\"https:\\\/\\\/www.altominho.tv\\\/site\\\/\",\"name\":\"Altominho.tv\",\"description\":\"A sua regi\u00e3o \u00e0 dist\u00e2ncia de um clique...\",\"potentialAction\":[{\"@type\":\"SearchAction\",\"target\":{\"@type\":\"EntryPoint\",\"urlTemplate\":\"https:\\\/\\\/www.altominho.tv\\\/site\\\/?s={search_term_string}\"},\"query-input\":{\"@type\":\"PropertyValueSpecification\",\"valueRequired\":true,\"valueName\":\"search_term_string\"}}],\"inLanguage\":\"pt-PT\"},{\"@type\":\"Person\",\"@id\":\"https:\\\/\\\/www.altominho.tv\\\/site\\\/#\\\/schema\\\/person\\\/63f693da3e1899361cbe955c46f3232e\",\"name\":\"Lusa\",\"image\":{\"@type\":\"ImageObject\",\"inLanguage\":\"pt-PT\",\"@id\":\"https:\\\/\\\/www.altominho.tv\\\/site\\\/wp-content\\\/uploads\\\/2019\\\/08\\\/LUSA_Logo.gif\",\"url\":\"https:\\\/\\\/www.altominho.tv\\\/site\\\/wp-content\\\/uploads\\\/2019\\\/08\\\/LUSA_Logo.gif\",\"contentUrl\":\"https:\\\/\\\/www.altominho.tv\\\/site\\\/wp-content\\\/uploads\\\/2019\\\/08\\\/LUSA_Logo.gif\",\"caption\":\"Lusa\"},\"sameAs\":[\"http:\\\/\\\/\\\/\\\/www.altominho.tv\\\/site\"],\"url\":\"https:\\\/\\\/www.altominho.tv\\\/site\\\/author\\\/lusa\\\/\"}]}<\/script>\n<!-- \/ Yoast SEO Premium plugin. -->","yoast_head_json":{"title":"Portugal regista seis mortes e 478 novas infe\u00e7\u00f5es","robots":{"index":"index","follow":"follow","max-snippet":"max-snippet:-1","max-image-preview":"max-image-preview:large","max-video-preview":"max-video-preview:-1"},"canonical":"https:\/\/www.altominho.tv\/site\/2021\/04\/25\/portugal-regista-seis-mortes-e-478-novas-infecoes\/","og_locale":"pt_PT","og_type":"article","og_title":"Portugal regista seis mortes e 478 novas infe\u00e7\u00f5es","og_description":"Portugal regista hoje seis mortes atribu\u00eddas \u00e0 covid-19\u00a0e 478 novos casos de infe\u00e7\u00e3o pelo coronav\u00edrus SARS-CoV-2, segundo o\u00a0boletim di\u00e1rio da Dire\u00e7\u00e3o-Geral da Sa\u00fade (DGS). De acordo com o boletim da DGS, est\u00e3o hoje internados em enfermaria 348 doentes, mais seis do que no s\u00e1bado, e 98 em unidades de cuidados intensivos, o mesmo valor da [&hellip;]","og_url":"https:\/\/www.altominho.tv\/site\/2021\/04\/25\/portugal-regista-seis-mortes-e-478-novas-infecoes\/","og_site_name":"Altominho.tv","article_publisher":"https:\/\/www.facebook.com\/altominhotv","article_published_time":"2021-04-25T15:09:57+00:00","article_modified_time":"2021-04-25T15:09:59+00:00","og_image":[{"width":800,"height":500,"url":"https:\/\/www.altominho.tv\/site\/wp-content\/uploads\/2021\/03\/COVID-19.jpg","type":"image\/jpeg"}],"author":"Lusa","twitter_card":"summary_large_image","twitter_creator":"@altominhoTV","twitter_site":"@altominhoTV","twitter_misc":{"Escrito por":"Lusa","Tempo estimado de leitura":"3 minutos"},"schema":{"@context":"https:\/\/schema.org","@graph":[{"@type":"Article","@id":"https:\/\/www.altominho.tv\/site\/2021\/04\/25\/portugal-regista-seis-mortes-e-478-novas-infecoes\/#article","isPartOf":{"@id":"https:\/\/www.altominho.tv\/site\/2021\/04\/25\/portugal-regista-seis-mortes-e-478-novas-infecoes\/"},"author":{"name":"Lusa","@id":"https:\/\/www.altominho.tv\/site\/#\/schema\/person\/63f693da3e1899361cbe955c46f3232e"},"headline":"Portugal regista seis mortes e 478 novas infe\u00e7\u00f5es","datePublished":"2021-04-25T15:09:57+00:00","dateModified":"2021-04-25T15:09:59+00:00","mainEntityOfPage":{"@id":"https:\/\/www.altominho.tv\/site\/2021\/04\/25\/portugal-regista-seis-mortes-e-478-novas-infecoes\/"},"wordCount":569,"image":{"@id":"https:\/\/www.altominho.tv\/site\/2021\/04\/25\/portugal-regista-seis-mortes-e-478-novas-infecoes\/#primaryimage"},"thumbnailUrl":"https:\/\/www.altominho.tv\/site\/wp-content\/uploads\/2021\/03\/COVID-19.jpg","keywords":["Sa\u00fade","Sociedade"],"articleSection":["Coronav\u00edrus"],"inLanguage":"pt-PT","copyrightYear":"2021","copyrightHolder":{"@id":"https:\/\/www.altominho.tv\/site\/#organization"}},{"@type":"WebPage","@id":"https:\/\/www.altominho.tv\/site\/2021\/04\/25\/portugal-regista-seis-mortes-e-478-novas-infecoes\/","url":"https:\/\/www.altominho.tv\/site\/2021\/04\/25\/portugal-regista-seis-mortes-e-478-novas-infecoes\/","name":"Portugal regista seis mortes e 478 novas infe\u00e7\u00f5es","isPartOf":{"@id":"https:\/\/www.altominho.tv\/site\/#website"},"primaryImageOfPage":{"@id":"https:\/\/www.altominho.tv\/site\/2021\/04\/25\/portugal-regista-seis-mortes-e-478-novas-infecoes\/#primaryimage"},"image":{"@id":"https:\/\/www.altominho.tv\/site\/2021\/04\/25\/portugal-regista-seis-mortes-e-478-novas-infecoes\/#primaryimage"},"thumbnailUrl":"https:\/\/www.altominho.tv\/site\/wp-content\/uploads\/2021\/03\/COVID-19.jpg","datePublished":"2021-04-25T15:09:57+00:00","dateModified":"2021-04-25T15:09:59+00:00","author":{"@id":"https:\/\/www.altominho.tv\/site\/#\/schema\/person\/63f693da3e1899361cbe955c46f3232e"},"breadcrumb":{"@id":"https:\/\/www.altominho.tv\/site\/2021\/04\/25\/portugal-regista-seis-mortes-e-478-novas-infecoes\/#breadcrumb"},"inLanguage":"pt-PT","potentialAction":[{"@type":"ReadAction","target":["https:\/\/www.altominho.tv\/site\/2021\/04\/25\/portugal-regista-seis-mortes-e-478-novas-infecoes\/"]}]},{"@type":"ImageObject","inLanguage":"pt-PT","@id":"https:\/\/www.altominho.tv\/site\/2021\/04\/25\/portugal-regista-seis-mortes-e-478-novas-infecoes\/#primaryimage","url":"https:\/\/www.altominho.tv\/site\/wp-content\/uploads\/2021\/03\/COVID-19.jpg","contentUrl":"https:\/\/www.altominho.tv\/site\/wp-content\/uploads\/2021\/03\/COVID-19.jpg","width":800,"height":500},{"@type":"BreadcrumbList","@id":"https:\/\/www.altominho.tv\/site\/2021\/04\/25\/portugal-regista-seis-mortes-e-478-novas-infecoes\/#breadcrumb","itemListElement":[{"@type":"ListItem","position":1,"name":"In\u00edcio","item":"https:\/\/www.altominho.tv\/site\/"},{"@type":"ListItem","position":2,"name":"Portugal regista seis mortes e 478 novas infe\u00e7\u00f5es"}]},{"@type":"WebSite","@id":"https:\/\/www.altominho.tv\/site\/#website","url":"https:\/\/www.altominho.tv\/site\/","name":"Altominho.tv","description":"A sua regi\u00e3o \u00e0 dist\u00e2ncia de um clique...","potentialAction":[{"@type":"SearchAction","target":{"@type":"EntryPoint","urlTemplate":"https:\/\/www.altominho.tv\/site\/?s={search_term_string}"},"query-input":{"@type":"PropertyValueSpecification","valueRequired":true,"valueName":"search_term_string"}}],"inLanguage":"pt-PT"},{"@type":"Person","@id":"https:\/\/www.altominho.tv\/site\/#\/schema\/person\/63f693da3e1899361cbe955c46f3232e","name":"Lusa","image":{"@type":"ImageObject","inLanguage":"pt-PT","@id":"https:\/\/www.altominho.tv\/site\/wp-content\/uploads\/2019\/08\/LUSA_Logo.gif","url":"https:\/\/www.altominho.tv\/site\/wp-content\/uploads\/2019\/08\/LUSA_Logo.gif","contentUrl":"https:\/\/www.altominho.tv\/site\/wp-content\/uploads\/2019\/08\/LUSA_Logo.gif","caption":"Lusa"},"sameAs":["http:\/\/\/\/www.altominho.tv\/site"],"url":"https:\/\/www.altominho.tv\/site\/author\/lusa\/"}]}},"_links":{"self":[{"href":"https:\/\/www.altominho.tv\/site\/wp-json\/wp\/v2\/posts\/65651","targetHints":{"allow":["GET"]}}],"collection":[{"href":"https:\/\/www.altominho.tv\/site\/wp-json\/wp\/v2\/posts"}],"about":[{"href":"https:\/\/www.altominho.tv\/site\/wp-json\/wp\/v2\/types\/post"}],"author":[{"embeddable":true,"href":"https:\/\/www.altominho.tv\/site\/wp-json\/wp\/v2\/users\/13"}],"replies":[{"embeddable":true,"href":"https:\/\/www.altominho.tv\/site\/wp-json\/wp\/v2\/comments?post=65651"}],"version-history":[{"count":0,"href":"https:\/\/www.altominho.tv\/site\/wp-json\/wp\/v2\/posts\/65651\/revisions"}],"wp:featuredmedia":[{"embeddable":true,"href":"https:\/\/www.altominho.tv\/site\/wp-json\/wp\/v2\/media\/64602"}],"wp:attachment":[{"href":"https:\/\/www.altominho.tv\/site\/wp-json\/wp\/v2\/media?parent=65651"}],"wp:term":[{"taxonomy":"category","embeddable":true,"href":"https:\/\/www.altominho.tv\/site\/wp-json\/wp\/v2\/categories?post=65651"},{"taxonomy":"post_tag","embeddable":true,"href":"https:\/\/www.altominho.tv\/site\/wp-json\/wp\/v2\/tags?post=65651"}],"curies":[{"name":"wp","href":"https:\/\/api.w.org\/{rel}","templated":true}]}}