{"id":65589,"date":"2021-04-23T12:10:56","date_gmt":"2021-04-23T11:10:56","guid":{"rendered":"https:\/\/www.altominho.tv\/site\/?p=65589"},"modified":"2021-04-30T11:17:29","modified_gmt":"2021-04-30T10:17:29","slug":"pj-faz-buscas-em-navio-russo-atracado-em-viana-do-castelo","status":"publish","type":"post","link":"https:\/\/www.altominho.tv\/site\/2021\/04\/23\/pj-faz-buscas-em-navio-russo-atracado-em-viana-do-castelo\/","title":{"rendered":"PJ faz buscas em navio russo atracado em Viana do Castelo"},"content":{"rendered":"\n<p>A Pol\u00edcia Judici\u00e1ria (PJ) est\u00e1 hoje de manh\u00e3 a fazer buscas num navio mercante de pavilh\u00e3o russo atracado no porto de mar de Viana do Castelo, disse \u00e0 Lusa fonte policial.<\/p>\n\n\n\n<p>De acordo com a mesma fonte, o navio atracou no porto comercial de Viana do Castelo para descarregar material, sendo que a opera\u00e7\u00e3o da PJ foi desencadeada na sequ\u00eancia de informa\u00e7\u00f5es transmitidas por autoridades estrangeiras.<\/p>\n\n\n\n<p>Outra fonte policial disse \u00e0 Lusa que a opera\u00e7\u00e3o conta com a participa\u00e7\u00e3o do Grupo Cinot\u00e9cnico da Unidade Especial de Pol\u00edcia da PSP.<\/p>\n","protected":false},"excerpt":{"rendered":"<p>A Pol\u00edcia Judici\u00e1ria (PJ) est\u00e1 hoje de manh\u00e3 a fazer buscas num navio mercante de pavilh\u00e3o russo atracado no porto de mar de Viana do Castelo, disse \u00e0 Lusa fonte policial. De acordo com a mesma fonte, o navio atracou no porto comercial de Viana do Castelo para descarregar material, sendo que a opera\u00e7\u00e3o da [&hellip;]<\/p>\n","protected":false},"author":16,"featured_media":65590,"comment_status":"closed","ping_status":"closed","sticky":false,"template":"","format":"standard","meta":{"_exactmetrics_skip_tracking":false,"_exactmetrics_sitenote_active":false,"_exactmetrics_sitenote_note":"","_exactmetrics_sitenote_category":0,"footnotes":""},"categories":[14],"tags":[27],"class_list":["post-65589","post","type-post","status-publish","format-standard","has-post-thumbnail","hentry","category-viana-do-castelo","tag-sociedade"],"yoast_head":"<!-- This site is optimized with the Yoast SEO Premium plugin v27.5 (Yoast SEO v27.5) - https:\/\/yoast.com\/product\/yoast-seo-premium-wordpress\/ -->\n<title>PJ faz buscas em navio russo atracado em Viana do Castelo<\/title>\n<meta name=\"robots\" content=\"index, follow, max-snippet:-1, max-image-preview:large, max-video-preview:-1\" \/>\n<link rel=\"canonical\" href=\"https:\/\/www.altominho.tv\/site\/2021\/04\/23\/pj-faz-buscas-em-navio-russo-atracado-em-viana-do-castelo\/\" \/>\n<meta property=\"og:locale\" content=\"pt_PT\" \/>\n<meta property=\"og:type\" content=\"article\" \/>\n<meta property=\"og:title\" content=\"PJ faz buscas em navio russo atracado em Viana do Castelo\" \/>\n<meta property=\"og:description\" content=\"A Pol\u00edcia Judici\u00e1ria (PJ) est\u00e1 hoje de manh\u00e3 a fazer buscas num navio mercante de pavilh\u00e3o russo atracado no porto de mar de Viana do Castelo, disse \u00e0 Lusa fonte policial. De acordo com a mesma fonte, o navio atracou no porto comercial de Viana do Castelo para descarregar material, sendo que a opera\u00e7\u00e3o da [&hellip;]\" \/>\n<meta property=\"og:url\" content=\"https:\/\/www.altominho.tv\/site\/2021\/04\/23\/pj-faz-buscas-em-navio-russo-atracado-em-viana-do-castelo\/\" \/>\n<meta property=\"og:site_name\" content=\"Altominho.tv\" \/>\n<meta property=\"article:publisher\" content=\"https:\/\/www.facebook.com\/altominhotv\" \/>\n<meta property=\"article:published_time\" content=\"2021-04-23T11:10:56+00:00\" \/>\n<meta property=\"article:modified_time\" content=\"2021-04-30T10:17:29+00:00\" \/>\n<meta property=\"og:image\" content=\"https:\/\/www.altominho.tv\/site\/wp-content\/uploads\/2021\/04\/PJ.jpg\" \/>\n\t<meta property=\"og:image:width\" content=\"1770\" \/>\n\t<meta property=\"og:image:height\" content=\"794\" \/>\n\t<meta property=\"og:image:type\" content=\"image\/jpeg\" \/>\n<meta name=\"author\" content=\"Andreia Cunha | Lusa\" \/>\n<meta name=\"twitter:card\" content=\"summary_large_image\" \/>\n<meta name=\"twitter:creator\" content=\"@altominhoTV\" \/>\n<meta name=\"twitter:site\" content=\"@altominhoTV\" \/>\n<meta name=\"twitter:label1\" content=\"Escrito por\" \/>\n\t<meta name=\"twitter:data1\" content=\"Andreia Cunha | Lusa\" \/>\n<script type=\"application\/ld+json\" class=\"yoast-schema-graph\">{\"@context\":\"https:\\\/\\\/schema.org\",\"@graph\":[{\"@type\":\"Article\",\"@id\":\"https:\\\/\\\/www.altominho.tv\\\/site\\\/2021\\\/04\\\/23\\\/pj-faz-buscas-em-navio-russo-atracado-em-viana-do-castelo\\\/#article\",\"isPartOf\":{\"@id\":\"https:\\\/\\\/www.altominho.tv\\\/site\\\/2021\\\/04\\\/23\\\/pj-faz-buscas-em-navio-russo-atracado-em-viana-do-castelo\\\/\"},\"author\":{\"name\":\"Andreia Cunha | Lusa\",\"@id\":\"https:\\\/\\\/www.altominho.tv\\\/site\\\/#\\\/schema\\\/person\\\/dbaf181c01b51ff40c9f461a905d321e\"},\"headline\":\"PJ faz buscas em navio russo atracado em Viana do Castelo\",\"datePublished\":\"2021-04-23T11:10:56+00:00\",\"dateModified\":\"2021-04-30T10:17:29+00:00\",\"mainEntityOfPage\":{\"@id\":\"https:\\\/\\\/www.altominho.tv\\\/site\\\/2021\\\/04\\\/23\\\/pj-faz-buscas-em-navio-russo-atracado-em-viana-do-castelo\\\/\"},\"wordCount\":108,\"image\":{\"@id\":\"https:\\\/\\\/www.altominho.tv\\\/site\\\/2021\\\/04\\\/23\\\/pj-faz-buscas-em-navio-russo-atracado-em-viana-do-castelo\\\/#primaryimage\"},\"thumbnailUrl\":\"https:\\\/\\\/www.altominho.tv\\\/site\\\/wp-content\\\/uploads\\\/2021\\\/04\\\/PJ.jpg\",\"keywords\":[\"Sociedade\"],\"articleSection\":[\"Viana do Castelo\"],\"inLanguage\":\"pt-PT\",\"copyrightYear\":\"2021\",\"copyrightHolder\":{\"@id\":\"https:\\\/\\\/www.altominho.tv\\\/site\\\/#organization\"}},{\"@type\":\"WebPage\",\"@id\":\"https:\\\/\\\/www.altominho.tv\\\/site\\\/2021\\\/04\\\/23\\\/pj-faz-buscas-em-navio-russo-atracado-em-viana-do-castelo\\\/\",\"url\":\"https:\\\/\\\/www.altominho.tv\\\/site\\\/2021\\\/04\\\/23\\\/pj-faz-buscas-em-navio-russo-atracado-em-viana-do-castelo\\\/\",\"name\":\"PJ faz buscas em navio russo atracado em Viana do Castelo\",\"isPartOf\":{\"@id\":\"https:\\\/\\\/www.altominho.tv\\\/site\\\/#website\"},\"primaryImageOfPage\":{\"@id\":\"https:\\\/\\\/www.altominho.tv\\\/site\\\/2021\\\/04\\\/23\\\/pj-faz-buscas-em-navio-russo-atracado-em-viana-do-castelo\\\/#primaryimage\"},\"image\":{\"@id\":\"https:\\\/\\\/www.altominho.tv\\\/site\\\/2021\\\/04\\\/23\\\/pj-faz-buscas-em-navio-russo-atracado-em-viana-do-castelo\\\/#primaryimage\"},\"thumbnailUrl\":\"https:\\\/\\\/www.altominho.tv\\\/site\\\/wp-content\\\/uploads\\\/2021\\\/04\\\/PJ.jpg\",\"datePublished\":\"2021-04-23T11:10:56+00:00\",\"dateModified\":\"2021-04-30T10:17:29+00:00\",\"author\":{\"@id\":\"https:\\\/\\\/www.altominho.tv\\\/site\\\/#\\\/schema\\\/person\\\/dbaf181c01b51ff40c9f461a905d321e\"},\"breadcrumb\":{\"@id\":\"https:\\\/\\\/www.altominho.tv\\\/site\\\/2021\\\/04\\\/23\\\/pj-faz-buscas-em-navio-russo-atracado-em-viana-do-castelo\\\/#breadcrumb\"},\"inLanguage\":\"pt-PT\",\"potentialAction\":[{\"@type\":\"ReadAction\",\"target\":[\"https:\\\/\\\/www.altominho.tv\\\/site\\\/2021\\\/04\\\/23\\\/pj-faz-buscas-em-navio-russo-atracado-em-viana-do-castelo\\\/\"]}]},{\"@type\":\"ImageObject\",\"inLanguage\":\"pt-PT\",\"@id\":\"https:\\\/\\\/www.altominho.tv\\\/site\\\/2021\\\/04\\\/23\\\/pj-faz-buscas-em-navio-russo-atracado-em-viana-do-castelo\\\/#primaryimage\",\"url\":\"https:\\\/\\\/www.altominho.tv\\\/site\\\/wp-content\\\/uploads\\\/2021\\\/04\\\/PJ.jpg\",\"contentUrl\":\"https:\\\/\\\/www.altominho.tv\\\/site\\\/wp-content\\\/uploads\\\/2021\\\/04\\\/PJ.jpg\",\"width\":1770,\"height\":794},{\"@type\":\"BreadcrumbList\",\"@id\":\"https:\\\/\\\/www.altominho.tv\\\/site\\\/2021\\\/04\\\/23\\\/pj-faz-buscas-em-navio-russo-atracado-em-viana-do-castelo\\\/#breadcrumb\",\"itemListElement\":[{\"@type\":\"ListItem\",\"position\":1,\"name\":\"In\u00edcio\",\"item\":\"https:\\\/\\\/www.altominho.tv\\\/site\\\/\"},{\"@type\":\"ListItem\",\"position\":2,\"name\":\"PJ faz buscas em navio russo atracado em Viana do Castelo\"}]},{\"@type\":\"WebSite\",\"@id\":\"https:\\\/\\\/www.altominho.tv\\\/site\\\/#website\",\"url\":\"https:\\\/\\\/www.altominho.tv\\\/site\\\/\",\"name\":\"Altominho.tv\",\"description\":\"A sua regi\u00e3o \u00e0 dist\u00e2ncia de um clique...\",\"potentialAction\":[{\"@type\":\"SearchAction\",\"target\":{\"@type\":\"EntryPoint\",\"urlTemplate\":\"https:\\\/\\\/www.altominho.tv\\\/site\\\/?s={search_term_string}\"},\"query-input\":{\"@type\":\"PropertyValueSpecification\",\"valueRequired\":true,\"valueName\":\"search_term_string\"}}],\"inLanguage\":\"pt-PT\"},{\"@type\":\"Person\",\"@id\":\"https:\\\/\\\/www.altominho.tv\\\/site\\\/#\\\/schema\\\/person\\\/dbaf181c01b51ff40c9f461a905d321e\",\"name\":\"Andreia Cunha | Lusa\",\"image\":{\"@type\":\"ImageObject\",\"inLanguage\":\"pt-PT\",\"@id\":\"https:\\\/\\\/www.altominho.tv\\\/site\\\/wp-content\\\/uploads\\\/2017\\\/11\\\/Andreia_Cunha-1-150x150.jpg\",\"url\":\"https:\\\/\\\/www.altominho.tv\\\/site\\\/wp-content\\\/uploads\\\/2017\\\/11\\\/Andreia_Cunha-1-150x150.jpg\",\"contentUrl\":\"https:\\\/\\\/www.altominho.tv\\\/site\\\/wp-content\\\/uploads\\\/2017\\\/11\\\/Andreia_Cunha-1-150x150.jpg\",\"caption\":\"Andreia Cunha | Lusa\"},\"sameAs\":[\"https:\\\/\\\/www.altominho.tv\\\/site\"],\"url\":\"https:\\\/\\\/www.altominho.tv\\\/site\\\/author\\\/andreiacunhalusa\\\/\"}]}<\/script>\n<!-- \/ Yoast SEO Premium plugin. -->","yoast_head_json":{"title":"PJ faz buscas em navio russo atracado em Viana do Castelo","robots":{"index":"index","follow":"follow","max-snippet":"max-snippet:-1","max-image-preview":"max-image-preview:large","max-video-preview":"max-video-preview:-1"},"canonical":"https:\/\/www.altominho.tv\/site\/2021\/04\/23\/pj-faz-buscas-em-navio-russo-atracado-em-viana-do-castelo\/","og_locale":"pt_PT","og_type":"article","og_title":"PJ faz buscas em navio russo atracado em Viana do Castelo","og_description":"A Pol\u00edcia Judici\u00e1ria (PJ) est\u00e1 hoje de manh\u00e3 a fazer buscas num navio mercante de pavilh\u00e3o russo atracado no porto de mar de Viana do Castelo, disse \u00e0 Lusa fonte policial. De acordo com a mesma fonte, o navio atracou no porto comercial de Viana do Castelo para descarregar material, sendo que a opera\u00e7\u00e3o da [&hellip;]","og_url":"https:\/\/www.altominho.tv\/site\/2021\/04\/23\/pj-faz-buscas-em-navio-russo-atracado-em-viana-do-castelo\/","og_site_name":"Altominho.tv","article_publisher":"https:\/\/www.facebook.com\/altominhotv","article_published_time":"2021-04-23T11:10:56+00:00","article_modified_time":"2021-04-30T10:17:29+00:00","og_image":[{"width":1770,"height":794,"url":"https:\/\/www.altominho.tv\/site\/wp-content\/uploads\/2021\/04\/PJ.jpg","type":"image\/jpeg"}],"author":"Andreia Cunha | Lusa","twitter_card":"summary_large_image","twitter_creator":"@altominhoTV","twitter_site":"@altominhoTV","twitter_misc":{"Escrito por":"Andreia Cunha | Lusa"},"schema":{"@context":"https:\/\/schema.org","@graph":[{"@type":"Article","@id":"https:\/\/www.altominho.tv\/site\/2021\/04\/23\/pj-faz-buscas-em-navio-russo-atracado-em-viana-do-castelo\/#article","isPartOf":{"@id":"https:\/\/www.altominho.tv\/site\/2021\/04\/23\/pj-faz-buscas-em-navio-russo-atracado-em-viana-do-castelo\/"},"author":{"name":"Andreia Cunha | Lusa","@id":"https:\/\/www.altominho.tv\/site\/#\/schema\/person\/dbaf181c01b51ff40c9f461a905d321e"},"headline":"PJ faz buscas em navio russo atracado em Viana do Castelo","datePublished":"2021-04-23T11:10:56+00:00","dateModified":"2021-04-30T10:17:29+00:00","mainEntityOfPage":{"@id":"https:\/\/www.altominho.tv\/site\/2021\/04\/23\/pj-faz-buscas-em-navio-russo-atracado-em-viana-do-castelo\/"},"wordCount":108,"image":{"@id":"https:\/\/www.altominho.tv\/site\/2021\/04\/23\/pj-faz-buscas-em-navio-russo-atracado-em-viana-do-castelo\/#primaryimage"},"thumbnailUrl":"https:\/\/www.altominho.tv\/site\/wp-content\/uploads\/2021\/04\/PJ.jpg","keywords":["Sociedade"],"articleSection":["Viana do Castelo"],"inLanguage":"pt-PT","copyrightYear":"2021","copyrightHolder":{"@id":"https:\/\/www.altominho.tv\/site\/#organization"}},{"@type":"WebPage","@id":"https:\/\/www.altominho.tv\/site\/2021\/04\/23\/pj-faz-buscas-em-navio-russo-atracado-em-viana-do-castelo\/","url":"https:\/\/www.altominho.tv\/site\/2021\/04\/23\/pj-faz-buscas-em-navio-russo-atracado-em-viana-do-castelo\/","name":"PJ faz buscas em navio russo atracado em Viana do Castelo","isPartOf":{"@id":"https:\/\/www.altominho.tv\/site\/#website"},"primaryImageOfPage":{"@id":"https:\/\/www.altominho.tv\/site\/2021\/04\/23\/pj-faz-buscas-em-navio-russo-atracado-em-viana-do-castelo\/#primaryimage"},"image":{"@id":"https:\/\/www.altominho.tv\/site\/2021\/04\/23\/pj-faz-buscas-em-navio-russo-atracado-em-viana-do-castelo\/#primaryimage"},"thumbnailUrl":"https:\/\/www.altominho.tv\/site\/wp-content\/uploads\/2021\/04\/PJ.jpg","datePublished":"2021-04-23T11:10:56+00:00","dateModified":"2021-04-30T10:17:29+00:00","author":{"@id":"https:\/\/www.altominho.tv\/site\/#\/schema\/person\/dbaf181c01b51ff40c9f461a905d321e"},"breadcrumb":{"@id":"https:\/\/www.altominho.tv\/site\/2021\/04\/23\/pj-faz-buscas-em-navio-russo-atracado-em-viana-do-castelo\/#breadcrumb"},"inLanguage":"pt-PT","potentialAction":[{"@type":"ReadAction","target":["https:\/\/www.altominho.tv\/site\/2021\/04\/23\/pj-faz-buscas-em-navio-russo-atracado-em-viana-do-castelo\/"]}]},{"@type":"ImageObject","inLanguage":"pt-PT","@id":"https:\/\/www.altominho.tv\/site\/2021\/04\/23\/pj-faz-buscas-em-navio-russo-atracado-em-viana-do-castelo\/#primaryimage","url":"https:\/\/www.altominho.tv\/site\/wp-content\/uploads\/2021\/04\/PJ.jpg","contentUrl":"https:\/\/www.altominho.tv\/site\/wp-content\/uploads\/2021\/04\/PJ.jpg","width":1770,"height":794},{"@type":"BreadcrumbList","@id":"https:\/\/www.altominho.tv\/site\/2021\/04\/23\/pj-faz-buscas-em-navio-russo-atracado-em-viana-do-castelo\/#breadcrumb","itemListElement":[{"@type":"ListItem","position":1,"name":"In\u00edcio","item":"https:\/\/www.altominho.tv\/site\/"},{"@type":"ListItem","position":2,"name":"PJ faz buscas em navio russo atracado em Viana do Castelo"}]},{"@type":"WebSite","@id":"https:\/\/www.altominho.tv\/site\/#website","url":"https:\/\/www.altominho.tv\/site\/","name":"Altominho.tv","description":"A sua regi\u00e3o \u00e0 dist\u00e2ncia de um clique...","potentialAction":[{"@type":"SearchAction","target":{"@type":"EntryPoint","urlTemplate":"https:\/\/www.altominho.tv\/site\/?s={search_term_string}"},"query-input":{"@type":"PropertyValueSpecification","valueRequired":true,"valueName":"search_term_string"}}],"inLanguage":"pt-PT"},{"@type":"Person","@id":"https:\/\/www.altominho.tv\/site\/#\/schema\/person\/dbaf181c01b51ff40c9f461a905d321e","name":"Andreia Cunha | Lusa","image":{"@type":"ImageObject","inLanguage":"pt-PT","@id":"https:\/\/www.altominho.tv\/site\/wp-content\/uploads\/2017\/11\/Andreia_Cunha-1-150x150.jpg","url":"https:\/\/www.altominho.tv\/site\/wp-content\/uploads\/2017\/11\/Andreia_Cunha-1-150x150.jpg","contentUrl":"https:\/\/www.altominho.tv\/site\/wp-content\/uploads\/2017\/11\/Andreia_Cunha-1-150x150.jpg","caption":"Andreia Cunha | Lusa"},"sameAs":["https:\/\/www.altominho.tv\/site"],"url":"https:\/\/www.altominho.tv\/site\/author\/andreiacunhalusa\/"}]}},"_links":{"self":[{"href":"https:\/\/www.altominho.tv\/site\/wp-json\/wp\/v2\/posts\/65589","targetHints":{"allow":["GET"]}}],"collection":[{"href":"https:\/\/www.altominho.tv\/site\/wp-json\/wp\/v2\/posts"}],"about":[{"href":"https:\/\/www.altominho.tv\/site\/wp-json\/wp\/v2\/types\/post"}],"author":[{"embeddable":true,"href":"https:\/\/www.altominho.tv\/site\/wp-json\/wp\/v2\/users\/16"}],"replies":[{"embeddable":true,"href":"https:\/\/www.altominho.tv\/site\/wp-json\/wp\/v2\/comments?post=65589"}],"version-history":[{"count":0,"href":"https:\/\/www.altominho.tv\/site\/wp-json\/wp\/v2\/posts\/65589\/revisions"}],"wp:featuredmedia":[{"embeddable":true,"href":"https:\/\/www.altominho.tv\/site\/wp-json\/wp\/v2\/media\/65590"}],"wp:attachment":[{"href":"https:\/\/www.altominho.tv\/site\/wp-json\/wp\/v2\/media?parent=65589"}],"wp:term":[{"taxonomy":"category","embeddable":true,"href":"https:\/\/www.altominho.tv\/site\/wp-json\/wp\/v2\/categories?post=65589"},{"taxonomy":"post_tag","embeddable":true,"href":"https:\/\/www.altominho.tv\/site\/wp-json\/wp\/v2\/tags?post=65589"}],"curies":[{"name":"wp","href":"https:\/\/api.w.org\/{rel}","templated":true}]}}