{"id":65526,"date":"2021-04-22T16:54:44","date_gmt":"2021-04-22T15:54:44","guid":{"rendered":"https:\/\/www.altominho.tv\/site\/?p=65526"},"modified":"2021-04-30T11:30:23","modified_gmt":"2021-04-30T10:30:23","slug":"dia-mundial-do-livro-assinalado-em-melgaco-com-livros-e-rosas","status":"publish","type":"post","link":"https:\/\/www.altominho.tv\/site\/2021\/04\/22\/dia-mundial-do-livro-assinalado-em-melgaco-com-livros-e-rosas\/","title":{"rendered":"Dia Mundial do Livro assinalado em Melga\u00e7o com livros e rosas"},"content":{"rendered":"<p><strong>O munic\u00edpio de Melga\u00e7o vai oferecer livros e rosas para assinalar o Dia Mundial do Livro, que se comemora na sexta-feira.<\/strong><\/p>\n<p>Em comunicado, a autarquia adianta que quem visitar a Biblioteca Municipal de Melga\u00e7o e o polo de Castro Laboreiro vai receber uma rosa e um exemplar da obra \u201cMelga\u00e7o, mem\u00f3rias dos tempos passado e presente\u201d, da autoria de J. Marques Rocha, no qual o antigo jornalista da RTP procura retratar todas as obras realizadas ao longo do per\u00edodo compreendido entre 1982 e 2007.<\/p>\n<p>&#8220;A partir de dezembro de 1982 e at\u00e9 princ\u00edpios do s\u00e9culo XXI, o \u00edmpeto empreendedor que impulsionou o crescimento de Melga\u00e7o, foi verdadeiramente not\u00e1vel, pioneiro e arrojado a v\u00e1rios n\u00edveis. Num enorme salto qualitativo para a modernidade, Melga\u00e7o posicionou-se \u00e0 frente do seu tempo e, em muitos aspectos, \u00e0 frente dos demais concelhos portugueses, em geral, e dos do Alto Minho em particular&#8221;, l\u00ea-se no resumo da obra dedicada a este concelho.<\/p>\n<p>O Dia Mundial do Livro \u00e9 comemorado, desde 1996 e por decis\u00e3o da UNESCO, a 23 de abril, e trata-se de uma data simb\u00f3lica para a literatura, j\u00e1 que, segundo os v\u00e1rios calend\u00e1rios, neste dia desapareceram importantes escritores como Cervantes e Shakespeare, entre outros.<\/p>\n<p>A ideia da comemora\u00e7\u00e3o teve origem na Catalunha. A 23 de abril, dia de S\u00e3o Jorge, uma rosa \u00e9 oferecida a quem comprar um livro. Mais recentemente, a troca de uma rosa por um livro tornou-se uma tradi\u00e7\u00e3o em v\u00e1rios pa\u00edses do mundo.<\/p>\n","protected":false},"excerpt":{"rendered":"<p>O munic\u00edpio de Melga\u00e7o vai oferecer livros e rosas para assinalar o Dia Mundial do Livro, que se comemora na sexta-feira. Em comunicado, a autarquia adianta que quem visitar a Biblioteca Municipal de Melga\u00e7o e o polo de Castro Laboreiro vai receber uma rosa e um exemplar da obra \u201cMelga\u00e7o, mem\u00f3rias dos tempos passado e [&hellip;]<\/p>\n","protected":false},"author":12,"featured_media":65549,"comment_status":"closed","ping_status":"closed","sticky":false,"template":"","format":"standard","meta":{"_exactmetrics_skip_tracking":false,"_exactmetrics_sitenote_active":false,"_exactmetrics_sitenote_note":"","_exactmetrics_sitenote_category":0,"footnotes":""},"categories":[8],"tags":[19],"class_list":["post-65526","post","type-post","status-publish","format-standard","has-post-thumbnail","hentry","category-melgaco","tag-cultura"],"yoast_head":"<!-- This site is optimized with the Yoast SEO Premium plugin v27.4 (Yoast SEO v27.4) - https:\/\/yoast.com\/product\/yoast-seo-premium-wordpress\/ -->\n<title>Dia Mundial do Livro assinalado em Melga\u00e7o com livros e rosas<\/title>\n<meta name=\"robots\" content=\"index, follow, max-snippet:-1, max-image-preview:large, max-video-preview:-1\" \/>\n<link rel=\"canonical\" href=\"https:\/\/www.altominho.tv\/site\/2021\/04\/22\/dia-mundial-do-livro-assinalado-em-melgaco-com-livros-e-rosas\/\" \/>\n<meta property=\"og:locale\" content=\"pt_PT\" \/>\n<meta property=\"og:type\" content=\"article\" \/>\n<meta property=\"og:title\" content=\"Dia Mundial do Livro assinalado em Melga\u00e7o com livros e rosas\" \/>\n<meta property=\"og:description\" content=\"O munic\u00edpio de Melga\u00e7o vai oferecer livros e rosas para assinalar o Dia Mundial do Livro, que se comemora na sexta-feira. Em comunicado, a autarquia adianta que quem visitar a Biblioteca Municipal de Melga\u00e7o e o polo de Castro Laboreiro vai receber uma rosa e um exemplar da obra \u201cMelga\u00e7o, mem\u00f3rias dos tempos passado e [&hellip;]\" \/>\n<meta property=\"og:url\" content=\"https:\/\/www.altominho.tv\/site\/2021\/04\/22\/dia-mundial-do-livro-assinalado-em-melgaco-com-livros-e-rosas\/\" \/>\n<meta property=\"og:site_name\" content=\"Altominho.tv\" \/>\n<meta property=\"article:publisher\" content=\"https:\/\/www.facebook.com\/altominhotv\" \/>\n<meta property=\"article:published_time\" content=\"2021-04-22T15:54:44+00:00\" \/>\n<meta property=\"article:modified_time\" content=\"2021-04-30T10:30:23+00:00\" \/>\n<meta property=\"og:image\" content=\"https:\/\/www.altominho.tv\/site\/wp-content\/uploads\/2021\/04\/Rosa-Livro.jpeg\" \/>\n\t<meta property=\"og:image:width\" content=\"1000\" \/>\n\t<meta property=\"og:image:height\" content=\"625\" \/>\n\t<meta property=\"og:image:type\" content=\"image\/jpeg\" \/>\n<meta name=\"author\" content=\"Andreia Ferreira\" \/>\n<meta name=\"twitter:card\" content=\"summary_large_image\" \/>\n<meta name=\"twitter:creator\" content=\"@altominhoTV\" \/>\n<meta name=\"twitter:site\" content=\"@altominhoTV\" \/>\n<meta name=\"twitter:label1\" content=\"Escrito por\" \/>\n\t<meta name=\"twitter:data1\" content=\"Andreia Ferreira\" \/>\n\t<meta name=\"twitter:label2\" content=\"Tempo estimado de leitura\" \/>\n\t<meta name=\"twitter:data2\" content=\"1 minuto\" \/>\n<script type=\"application\/ld+json\" class=\"yoast-schema-graph\">{\"@context\":\"https:\\\/\\\/schema.org\",\"@graph\":[{\"@type\":\"Article\",\"@id\":\"https:\\\/\\\/www.altominho.tv\\\/site\\\/2021\\\/04\\\/22\\\/dia-mundial-do-livro-assinalado-em-melgaco-com-livros-e-rosas\\\/#article\",\"isPartOf\":{\"@id\":\"https:\\\/\\\/www.altominho.tv\\\/site\\\/2021\\\/04\\\/22\\\/dia-mundial-do-livro-assinalado-em-melgaco-com-livros-e-rosas\\\/\"},\"author\":{\"name\":\"Andreia Ferreira\",\"@id\":\"https:\\\/\\\/www.altominho.tv\\\/site\\\/#\\\/schema\\\/person\\\/d9be4265364723f14ea8e0d56a1d38cd\"},\"headline\":\"Dia Mundial do Livro assinalado em Melga\u00e7o com livros e rosas\",\"datePublished\":\"2021-04-22T15:54:44+00:00\",\"dateModified\":\"2021-04-30T10:30:23+00:00\",\"mainEntityOfPage\":{\"@id\":\"https:\\\/\\\/www.altominho.tv\\\/site\\\/2021\\\/04\\\/22\\\/dia-mundial-do-livro-assinalado-em-melgaco-com-livros-e-rosas\\\/\"},\"wordCount\":268,\"image\":{\"@id\":\"https:\\\/\\\/www.altominho.tv\\\/site\\\/2021\\\/04\\\/22\\\/dia-mundial-do-livro-assinalado-em-melgaco-com-livros-e-rosas\\\/#primaryimage\"},\"thumbnailUrl\":\"https:\\\/\\\/www.altominho.tv\\\/site\\\/wp-content\\\/uploads\\\/2021\\\/04\\\/Rosa-Livro.jpeg\",\"keywords\":[\"Cultura\"],\"articleSection\":[\"Melga\u00e7o\"],\"inLanguage\":\"pt-PT\",\"copyrightYear\":\"2021\",\"copyrightHolder\":{\"@id\":\"https:\\\/\\\/www.altominho.tv\\\/site\\\/#organization\"}},{\"@type\":\"WebPage\",\"@id\":\"https:\\\/\\\/www.altominho.tv\\\/site\\\/2021\\\/04\\\/22\\\/dia-mundial-do-livro-assinalado-em-melgaco-com-livros-e-rosas\\\/\",\"url\":\"https:\\\/\\\/www.altominho.tv\\\/site\\\/2021\\\/04\\\/22\\\/dia-mundial-do-livro-assinalado-em-melgaco-com-livros-e-rosas\\\/\",\"name\":\"Dia Mundial do Livro assinalado em Melga\u00e7o com livros e rosas\",\"isPartOf\":{\"@id\":\"https:\\\/\\\/www.altominho.tv\\\/site\\\/#website\"},\"primaryImageOfPage\":{\"@id\":\"https:\\\/\\\/www.altominho.tv\\\/site\\\/2021\\\/04\\\/22\\\/dia-mundial-do-livro-assinalado-em-melgaco-com-livros-e-rosas\\\/#primaryimage\"},\"image\":{\"@id\":\"https:\\\/\\\/www.altominho.tv\\\/site\\\/2021\\\/04\\\/22\\\/dia-mundial-do-livro-assinalado-em-melgaco-com-livros-e-rosas\\\/#primaryimage\"},\"thumbnailUrl\":\"https:\\\/\\\/www.altominho.tv\\\/site\\\/wp-content\\\/uploads\\\/2021\\\/04\\\/Rosa-Livro.jpeg\",\"datePublished\":\"2021-04-22T15:54:44+00:00\",\"dateModified\":\"2021-04-30T10:30:23+00:00\",\"author\":{\"@id\":\"https:\\\/\\\/www.altominho.tv\\\/site\\\/#\\\/schema\\\/person\\\/d9be4265364723f14ea8e0d56a1d38cd\"},\"breadcrumb\":{\"@id\":\"https:\\\/\\\/www.altominho.tv\\\/site\\\/2021\\\/04\\\/22\\\/dia-mundial-do-livro-assinalado-em-melgaco-com-livros-e-rosas\\\/#breadcrumb\"},\"inLanguage\":\"pt-PT\",\"potentialAction\":[{\"@type\":\"ReadAction\",\"target\":[\"https:\\\/\\\/www.altominho.tv\\\/site\\\/2021\\\/04\\\/22\\\/dia-mundial-do-livro-assinalado-em-melgaco-com-livros-e-rosas\\\/\"]}]},{\"@type\":\"ImageObject\",\"inLanguage\":\"pt-PT\",\"@id\":\"https:\\\/\\\/www.altominho.tv\\\/site\\\/2021\\\/04\\\/22\\\/dia-mundial-do-livro-assinalado-em-melgaco-com-livros-e-rosas\\\/#primaryimage\",\"url\":\"https:\\\/\\\/www.altominho.tv\\\/site\\\/wp-content\\\/uploads\\\/2021\\\/04\\\/Rosa-Livro.jpeg\",\"contentUrl\":\"https:\\\/\\\/www.altominho.tv\\\/site\\\/wp-content\\\/uploads\\\/2021\\\/04\\\/Rosa-Livro.jpeg\",\"width\":1000,\"height\":625},{\"@type\":\"BreadcrumbList\",\"@id\":\"https:\\\/\\\/www.altominho.tv\\\/site\\\/2021\\\/04\\\/22\\\/dia-mundial-do-livro-assinalado-em-melgaco-com-livros-e-rosas\\\/#breadcrumb\",\"itemListElement\":[{\"@type\":\"ListItem\",\"position\":1,\"name\":\"In\u00edcio\",\"item\":\"https:\\\/\\\/www.altominho.tv\\\/site\\\/\"},{\"@type\":\"ListItem\",\"position\":2,\"name\":\"Dia Mundial do Livro assinalado em Melga\u00e7o com livros e rosas\"}]},{\"@type\":\"WebSite\",\"@id\":\"https:\\\/\\\/www.altominho.tv\\\/site\\\/#website\",\"url\":\"https:\\\/\\\/www.altominho.tv\\\/site\\\/\",\"name\":\"Altominho.tv\",\"description\":\"A sua regi\u00e3o \u00e0 dist\u00e2ncia de um clique...\",\"potentialAction\":[{\"@type\":\"SearchAction\",\"target\":{\"@type\":\"EntryPoint\",\"urlTemplate\":\"https:\\\/\\\/www.altominho.tv\\\/site\\\/?s={search_term_string}\"},\"query-input\":{\"@type\":\"PropertyValueSpecification\",\"valueRequired\":true,\"valueName\":\"search_term_string\"}}],\"inLanguage\":\"pt-PT\"},{\"@type\":\"Person\",\"@id\":\"https:\\\/\\\/www.altominho.tv\\\/site\\\/#\\\/schema\\\/person\\\/d9be4265364723f14ea8e0d56a1d38cd\",\"name\":\"Andreia Ferreira\",\"image\":{\"@type\":\"ImageObject\",\"inLanguage\":\"pt-PT\",\"@id\":\"https:\\\/\\\/www.altominho.tv\\\/site\\\/wp-content\\\/uploads\\\/2021\\\/01\\\/AndreiaFerreira-150x150.jpg\",\"url\":\"https:\\\/\\\/www.altominho.tv\\\/site\\\/wp-content\\\/uploads\\\/2021\\\/01\\\/AndreiaFerreira-150x150.jpg\",\"contentUrl\":\"https:\\\/\\\/www.altominho.tv\\\/site\\\/wp-content\\\/uploads\\\/2021\\\/01\\\/AndreiaFerreira-150x150.jpg\",\"caption\":\"Andreia Ferreira\"},\"url\":\"https:\\\/\\\/www.altominho.tv\\\/site\\\/author\\\/andreiaferreira\\\/\"}]}<\/script>\n<!-- \/ Yoast SEO Premium plugin. -->","yoast_head_json":{"title":"Dia Mundial do Livro assinalado em Melga\u00e7o com livros e rosas","robots":{"index":"index","follow":"follow","max-snippet":"max-snippet:-1","max-image-preview":"max-image-preview:large","max-video-preview":"max-video-preview:-1"},"canonical":"https:\/\/www.altominho.tv\/site\/2021\/04\/22\/dia-mundial-do-livro-assinalado-em-melgaco-com-livros-e-rosas\/","og_locale":"pt_PT","og_type":"article","og_title":"Dia Mundial do Livro assinalado em Melga\u00e7o com livros e rosas","og_description":"O munic\u00edpio de Melga\u00e7o vai oferecer livros e rosas para assinalar o Dia Mundial do Livro, que se comemora na sexta-feira. Em comunicado, a autarquia adianta que quem visitar a Biblioteca Municipal de Melga\u00e7o e o polo de Castro Laboreiro vai receber uma rosa e um exemplar da obra \u201cMelga\u00e7o, mem\u00f3rias dos tempos passado e [&hellip;]","og_url":"https:\/\/www.altominho.tv\/site\/2021\/04\/22\/dia-mundial-do-livro-assinalado-em-melgaco-com-livros-e-rosas\/","og_site_name":"Altominho.tv","article_publisher":"https:\/\/www.facebook.com\/altominhotv","article_published_time":"2021-04-22T15:54:44+00:00","article_modified_time":"2021-04-30T10:30:23+00:00","og_image":[{"width":1000,"height":625,"url":"https:\/\/www.altominho.tv\/site\/wp-content\/uploads\/2021\/04\/Rosa-Livro.jpeg","type":"image\/jpeg"}],"author":"Andreia Ferreira","twitter_card":"summary_large_image","twitter_creator":"@altominhoTV","twitter_site":"@altominhoTV","twitter_misc":{"Escrito por":"Andreia Ferreira","Tempo estimado de leitura":"1 minuto"},"schema":{"@context":"https:\/\/schema.org","@graph":[{"@type":"Article","@id":"https:\/\/www.altominho.tv\/site\/2021\/04\/22\/dia-mundial-do-livro-assinalado-em-melgaco-com-livros-e-rosas\/#article","isPartOf":{"@id":"https:\/\/www.altominho.tv\/site\/2021\/04\/22\/dia-mundial-do-livro-assinalado-em-melgaco-com-livros-e-rosas\/"},"author":{"name":"Andreia Ferreira","@id":"https:\/\/www.altominho.tv\/site\/#\/schema\/person\/d9be4265364723f14ea8e0d56a1d38cd"},"headline":"Dia Mundial do Livro assinalado em Melga\u00e7o com livros e rosas","datePublished":"2021-04-22T15:54:44+00:00","dateModified":"2021-04-30T10:30:23+00:00","mainEntityOfPage":{"@id":"https:\/\/www.altominho.tv\/site\/2021\/04\/22\/dia-mundial-do-livro-assinalado-em-melgaco-com-livros-e-rosas\/"},"wordCount":268,"image":{"@id":"https:\/\/www.altominho.tv\/site\/2021\/04\/22\/dia-mundial-do-livro-assinalado-em-melgaco-com-livros-e-rosas\/#primaryimage"},"thumbnailUrl":"https:\/\/www.altominho.tv\/site\/wp-content\/uploads\/2021\/04\/Rosa-Livro.jpeg","keywords":["Cultura"],"articleSection":["Melga\u00e7o"],"inLanguage":"pt-PT","copyrightYear":"2021","copyrightHolder":{"@id":"https:\/\/www.altominho.tv\/site\/#organization"}},{"@type":"WebPage","@id":"https:\/\/www.altominho.tv\/site\/2021\/04\/22\/dia-mundial-do-livro-assinalado-em-melgaco-com-livros-e-rosas\/","url":"https:\/\/www.altominho.tv\/site\/2021\/04\/22\/dia-mundial-do-livro-assinalado-em-melgaco-com-livros-e-rosas\/","name":"Dia Mundial do Livro assinalado em Melga\u00e7o com livros e rosas","isPartOf":{"@id":"https:\/\/www.altominho.tv\/site\/#website"},"primaryImageOfPage":{"@id":"https:\/\/www.altominho.tv\/site\/2021\/04\/22\/dia-mundial-do-livro-assinalado-em-melgaco-com-livros-e-rosas\/#primaryimage"},"image":{"@id":"https:\/\/www.altominho.tv\/site\/2021\/04\/22\/dia-mundial-do-livro-assinalado-em-melgaco-com-livros-e-rosas\/#primaryimage"},"thumbnailUrl":"https:\/\/www.altominho.tv\/site\/wp-content\/uploads\/2021\/04\/Rosa-Livro.jpeg","datePublished":"2021-04-22T15:54:44+00:00","dateModified":"2021-04-30T10:30:23+00:00","author":{"@id":"https:\/\/www.altominho.tv\/site\/#\/schema\/person\/d9be4265364723f14ea8e0d56a1d38cd"},"breadcrumb":{"@id":"https:\/\/www.altominho.tv\/site\/2021\/04\/22\/dia-mundial-do-livro-assinalado-em-melgaco-com-livros-e-rosas\/#breadcrumb"},"inLanguage":"pt-PT","potentialAction":[{"@type":"ReadAction","target":["https:\/\/www.altominho.tv\/site\/2021\/04\/22\/dia-mundial-do-livro-assinalado-em-melgaco-com-livros-e-rosas\/"]}]},{"@type":"ImageObject","inLanguage":"pt-PT","@id":"https:\/\/www.altominho.tv\/site\/2021\/04\/22\/dia-mundial-do-livro-assinalado-em-melgaco-com-livros-e-rosas\/#primaryimage","url":"https:\/\/www.altominho.tv\/site\/wp-content\/uploads\/2021\/04\/Rosa-Livro.jpeg","contentUrl":"https:\/\/www.altominho.tv\/site\/wp-content\/uploads\/2021\/04\/Rosa-Livro.jpeg","width":1000,"height":625},{"@type":"BreadcrumbList","@id":"https:\/\/www.altominho.tv\/site\/2021\/04\/22\/dia-mundial-do-livro-assinalado-em-melgaco-com-livros-e-rosas\/#breadcrumb","itemListElement":[{"@type":"ListItem","position":1,"name":"In\u00edcio","item":"https:\/\/www.altominho.tv\/site\/"},{"@type":"ListItem","position":2,"name":"Dia Mundial do Livro assinalado em Melga\u00e7o com livros e rosas"}]},{"@type":"WebSite","@id":"https:\/\/www.altominho.tv\/site\/#website","url":"https:\/\/www.altominho.tv\/site\/","name":"Altominho.tv","description":"A sua regi\u00e3o \u00e0 dist\u00e2ncia de um clique...","potentialAction":[{"@type":"SearchAction","target":{"@type":"EntryPoint","urlTemplate":"https:\/\/www.altominho.tv\/site\/?s={search_term_string}"},"query-input":{"@type":"PropertyValueSpecification","valueRequired":true,"valueName":"search_term_string"}}],"inLanguage":"pt-PT"},{"@type":"Person","@id":"https:\/\/www.altominho.tv\/site\/#\/schema\/person\/d9be4265364723f14ea8e0d56a1d38cd","name":"Andreia Ferreira","image":{"@type":"ImageObject","inLanguage":"pt-PT","@id":"https:\/\/www.altominho.tv\/site\/wp-content\/uploads\/2021\/01\/AndreiaFerreira-150x150.jpg","url":"https:\/\/www.altominho.tv\/site\/wp-content\/uploads\/2021\/01\/AndreiaFerreira-150x150.jpg","contentUrl":"https:\/\/www.altominho.tv\/site\/wp-content\/uploads\/2021\/01\/AndreiaFerreira-150x150.jpg","caption":"Andreia Ferreira"},"url":"https:\/\/www.altominho.tv\/site\/author\/andreiaferreira\/"}]}},"_links":{"self":[{"href":"https:\/\/www.altominho.tv\/site\/wp-json\/wp\/v2\/posts\/65526","targetHints":{"allow":["GET"]}}],"collection":[{"href":"https:\/\/www.altominho.tv\/site\/wp-json\/wp\/v2\/posts"}],"about":[{"href":"https:\/\/www.altominho.tv\/site\/wp-json\/wp\/v2\/types\/post"}],"author":[{"embeddable":true,"href":"https:\/\/www.altominho.tv\/site\/wp-json\/wp\/v2\/users\/12"}],"replies":[{"embeddable":true,"href":"https:\/\/www.altominho.tv\/site\/wp-json\/wp\/v2\/comments?post=65526"}],"version-history":[{"count":0,"href":"https:\/\/www.altominho.tv\/site\/wp-json\/wp\/v2\/posts\/65526\/revisions"}],"wp:featuredmedia":[{"embeddable":true,"href":"https:\/\/www.altominho.tv\/site\/wp-json\/wp\/v2\/media\/65549"}],"wp:attachment":[{"href":"https:\/\/www.altominho.tv\/site\/wp-json\/wp\/v2\/media?parent=65526"}],"wp:term":[{"taxonomy":"category","embeddable":true,"href":"https:\/\/www.altominho.tv\/site\/wp-json\/wp\/v2\/categories?post=65526"},{"taxonomy":"post_tag","embeddable":true,"href":"https:\/\/www.altominho.tv\/site\/wp-json\/wp\/v2\/tags?post=65526"}],"curies":[{"name":"wp","href":"https:\/\/api.w.org\/{rel}","templated":true}]}}