{"id":65477,"date":"2021-04-20T16:58:31","date_gmt":"2021-04-20T15:58:31","guid":{"rendered":"https:\/\/www.altominho.tv\/site\/?p=65477"},"modified":"2021-05-05T11:49:11","modified_gmt":"2021-05-05T10:49:11","slug":"alto-minho-e-galiza-falam-em-ambiente-infernal-na-fronteira-e-insistem-em-fim-de-calvario","status":"publish","type":"post","link":"https:\/\/www.altominho.tv\/site\/2021\/04\/20\/alto-minho-e-galiza-falam-em-ambiente-infernal-na-fronteira-e-insistem-em-fim-de-calvario\/","title":{"rendered":"Alto Minho e Galiza falam em \u201cambiente infernal\u201d na fronteira e insistem em fim de \u201ccalv\u00e1rio\u201d"},"content":{"rendered":"<p>O Agrupamento Europeu de Coopera\u00e7\u00e3o Territorial (AECT) Rio Minho classificou de &#8220;inferno&#8221; o &#8220;ambiente&#8221; vivido esta ter\u00e7a-feira de manh\u00e3 na fronteira entre Valen\u00e7a e Tui, na Galiza, apelando ao fim do &#8220;calv\u00e1rio&#8221; de trabalhadores e empres\u00e1rios transfronteiri\u00e7os.<\/p>\n<p>&#8220;Legalmente n\u00e3o sabemos o que fazer mais. Interven\u00e7\u00f5es ilegais? N\u00e3o sabemos fazer&#8221;, refere o AECT Rio Minho numa nota enviada \u00e0 imprensa.<\/p>\n<p>O agrupamento reafirmou &#8220;a necessidade de reabertura urgente das fronteiras, bem como a compensa\u00e7\u00e3o financeira para trabalhadores e empres\u00e1rios transfronteiri\u00e7os, devido aos elevados preju\u00edzos provocados por esta decis\u00e3o injusta e desproporcionada, no tempo e na forma&#8221;.<\/p>\n<p>&#8220;Os respons\u00e1veis pol\u00edticos por esta ru\u00edna socioecon\u00f3mica transfronteiri\u00e7a t\u00eam de assumir as suas responsabilidades&#8221;, sustenta o agrupamento com sede em Valen\u00e7a.<\/p>\n<p>Na sexta-feira, o Minist\u00e9rio da Administra\u00e7\u00e3o Interna (MAI) avan\u00e7ou que o controlo de pessoas nas fronteiras terrestres e fluviais entre Portugal e Espanha vai prolongar-se por mais 15 dias, mantendo-se em todos os Pontos de Passagem Autorizados (PPA) os hor\u00e1rios e as regras estabelecidas.<\/p>\n<p>Atualmente, das oito passagens que ligam o distrito de Viana do Castelo \u00e0s Galiza, o atravessamento da fronteira durante 24 horas apenas est\u00e1 autorizado na ponte nova de Valen\u00e7a. H\u00e1 ainda em Mon\u00e7\u00e3o, Melga\u00e7o, no Lindoso, Ponte da Barca, pontos de passagem que est\u00e3o dispon\u00edveis nos dias \u00fateis, das 07h00 \u00e0s 09h00 e das 18h00 \u00e0s 20h00.<\/p>\n<p>Na manh\u00e3 de hoje, segundo o AECT Rio Minho, &#8220;o ponto de passagem autorizado Valen\u00e7a-Tui, viveu, um ambiente infernal, com dezenas de quil\u00f3metros de filas para entrar em Portugal, com a passagem pelo controlo do Servi\u00e7o de Estrangeiros e Fronteiras a demorar uma m\u00e9dia de duas horas&#8221;.<\/p>\n<p>&#8220;Ao buzin\u00e3o aud\u00edvel de revolta, v\u00e1rios trabalhadores transfronteiri\u00e7os fizeram chegar o seu testemunho desesperante ao AECT Rio Minho, por \u2018email&#8217;, telefone, nas redes sociais\u201d, descreveu.<\/p>\n<p>\u201cApesar de evocar sensibilidade para o assunto, o ministro da Administra\u00e7\u00e3o Interna do Governo de Portugal, Eduardo Cabrita, tem mantido uma posi\u00e7\u00e3o completamente inflex\u00edvel e intransigente, sendo da sua inteira responsabilidade e compet\u00eancia esta afronta aos trabalhadores e empres\u00e1rios transfronteiri\u00e7os&#8221;, sustentou o agrupamento.<\/p>\n<p>Segundo o AECT Rio Minho, &#8220;quer no primeiro confinamento em 2020, quer neste segundo encerramento de fronteiras decretado no in\u00edcio do ano, o munic\u00edpio de Vila Nova de Cerveira e o AECT Rio Minho encetaram todas as dilig\u00eancias consideradas legalmente dispon\u00edveis&#8221;.<\/p>\n<p>Adianta ter ainda remetido &#8220;of\u00edcios e dossi\u00eas de testemunhos de trabalhadores e empres\u00e1rios ao Presidente da Rep\u00fablica, aos primeiros-ministros de Portugal e de Espanha, aos ministros da Administra\u00e7\u00e3o Interna, dos Neg\u00f3cios Estrangeiros, da Economia, do Trabalho, da Coes\u00e3o Territorial&#8221;, estabelecido &#8220;contactos com os deputados na Assembleia da Rep\u00fablica&#8221;, realizado &#8220;uma reuni\u00e3o de sensibiliza\u00e7\u00e3o junto da Comiss\u00e3o Europeia, reuni\u00f5es com uma comitiva de eurodeputados portugueses e galegos confer\u00eancias de imprensa, um estudo sobre os preju\u00edzos socioecon\u00f3micos provocados por estes encerramentos&#8221;.<\/p>\n<p>&#8220;Nunca quisemos colocar em causa a defesa da sa\u00fade p\u00fablica. Apenas queremos que haja bom senso pol\u00edtico para com os milhares de trabalhadores e empres\u00e1rios transfronteiri\u00e7os, e que vivem diariamente um calv\u00e1rio, um desgaste f\u00edsico e emocional para exercer as suas fun\u00e7\u00f5es laborais, sendo afunilados por um \u00fanico ponto de passagem autorizado&#8221;, sustentou.<\/p>\n<p>Com sede em Valen\u00e7a, o AECT Rio Minho abrange 26 concelhos: os 10 munic\u00edpios do distrito de Viana do Castelo que comp\u00f5e a Comunidade Intermunicipal (CIM) do Alto Minho e 16 concelhos galegos da prov\u00edncia de Pontevedra.<\/p>\n","protected":false},"excerpt":{"rendered":"<p>O Agrupamento Europeu de Coopera\u00e7\u00e3o Territorial (AECT) Rio Minho classificou de &#8220;inferno&#8221; o &#8220;ambiente&#8221; vivido esta ter\u00e7a-feira de manh\u00e3 na fronteira entre Valen\u00e7a e Tui, na Galiza, apelando ao fim do &#8220;calv\u00e1rio&#8221; de trabalhadores e empres\u00e1rios transfronteiri\u00e7os. &#8220;Legalmente n\u00e3o sabemos o que fazer mais. Interven\u00e7\u00f5es ilegais? N\u00e3o sabemos fazer&#8221;, refere o AECT Rio Minho numa [&hellip;]<\/p>\n","protected":false},"author":15,"featured_media":60910,"comment_status":"closed","ping_status":"closed","sticky":false,"template":"","format":"standard","meta":{"_exactmetrics_skip_tracking":false,"footnotes":""},"categories":[73],"tags":[27],"class_list":["post-65477","post","type-post","status-publish","format-standard","has-post-thumbnail","hentry","category-alto-minho","tag-sociedade"],"yoast_head":"<!-- This site is optimized with the Yoast SEO Premium plugin v28.3 (Yoast SEO v28.3) - https:\/\/yoast.com\/product\/yoast-seo-premium-wordpress\/ -->\n<title>Alto Minho e Galiza falam em \u201cambiente infernal\u201d na fronteira e insistem em fim de \u201ccalv\u00e1rio\u201d<\/title>\n<meta name=\"robots\" content=\"index, follow, max-snippet:-1, max-image-preview:large, max-video-preview:-1\" \/>\n<link rel=\"canonical\" href=\"https:\/\/www.altominho.tv\/site\/2021\/04\/20\/alto-minho-e-galiza-falam-em-ambiente-infernal-na-fronteira-e-insistem-em-fim-de-calvario\/\" \/>\n<meta property=\"og:locale\" content=\"pt_PT\" \/>\n<meta property=\"og:type\" content=\"article\" \/>\n<meta property=\"og:title\" content=\"Alto Minho e Galiza falam em \u201cambiente infernal\u201d na fronteira e insistem em fim de \u201ccalv\u00e1rio\u201d\" \/>\n<meta property=\"og:description\" content=\"O Agrupamento Europeu de Coopera\u00e7\u00e3o Territorial (AECT) Rio Minho classificou de &#8220;inferno&#8221; o &#8220;ambiente&#8221; vivido esta ter\u00e7a-feira de manh\u00e3 na fronteira entre Valen\u00e7a e Tui, na Galiza, apelando ao fim do &#8220;calv\u00e1rio&#8221; de trabalhadores e empres\u00e1rios transfronteiri\u00e7os. &#8220;Legalmente n\u00e3o sabemos o que fazer mais. Interven\u00e7\u00f5es ilegais? N\u00e3o sabemos fazer&#8221;, refere o AECT Rio Minho numa [&hellip;]\" \/>\n<meta property=\"og:url\" content=\"https:\/\/www.altominho.tv\/site\/2021\/04\/20\/alto-minho-e-galiza-falam-em-ambiente-infernal-na-fronteira-e-insistem-em-fim-de-calvario\/\" \/>\n<meta property=\"og:site_name\" content=\"Altominho.tv\" \/>\n<meta property=\"article:publisher\" content=\"https:\/\/www.facebook.com\/altominhotv\" \/>\n<meta property=\"article:published_time\" content=\"2021-04-20T15:58:31+00:00\" \/>\n<meta property=\"article:modified_time\" content=\"2021-05-05T10:49:11+00:00\" \/>\n<meta property=\"og:image\" content=\"https:\/\/www.altominho.tv\/site\/wp-content\/uploads\/2021\/02\/Fecho-de-Fronteiras.jpg\" \/>\n\t<meta property=\"og:image:width\" content=\"1920\" \/>\n\t<meta property=\"og:image:height\" content=\"1080\" \/>\n\t<meta property=\"og:image:type\" content=\"image\/jpeg\" \/>\n<meta name=\"author\" content=\"Andreia Ferreira | Lusa\" \/>\n<meta name=\"twitter:card\" content=\"summary_large_image\" \/>\n<meta name=\"twitter:creator\" content=\"@altominhoTV\" \/>\n<meta name=\"twitter:site\" content=\"@altominhoTV\" \/>\n<meta name=\"twitter:label1\" content=\"Escrito por\" \/>\n\t<meta name=\"twitter:data1\" content=\"Andreia Ferreira | Lusa\" \/>\n\t<meta name=\"twitter:label2\" content=\"Tempo estimado de leitura\" \/>\n\t<meta name=\"twitter:data2\" content=\"3 minutos\" \/>\n<script type=\"application\/ld+json\" class=\"yoast-schema-graph\">{\"@context\":\"https:\\\/\\\/schema.org\",\"@graph\":[{\"@type\":\"Article\",\"@id\":\"https:\\\/\\\/www.altominho.tv\\\/site\\\/2021\\\/04\\\/20\\\/alto-minho-e-galiza-falam-em-ambiente-infernal-na-fronteira-e-insistem-em-fim-de-calvario\\\/#article\",\"isPartOf\":{\"@id\":\"https:\\\/\\\/www.altominho.tv\\\/site\\\/2021\\\/04\\\/20\\\/alto-minho-e-galiza-falam-em-ambiente-infernal-na-fronteira-e-insistem-em-fim-de-calvario\\\/\"},\"author\":{\"name\":\"Andreia Ferreira | Lusa\",\"@id\":\"https:\\\/\\\/www.altominho.tv\\\/site\\\/#\\\/schema\\\/person\\\/a0bff6dc1041aadd46fa81887444b017\"},\"headline\":\"Alto Minho e Galiza falam em \u201cambiente infernal\u201d na fronteira e insistem em fim de \u201ccalv\u00e1rio\u201d\",\"datePublished\":\"2021-04-20T15:58:31+00:00\",\"dateModified\":\"2021-05-05T10:49:11+00:00\",\"mainEntityOfPage\":{\"@id\":\"https:\\\/\\\/www.altominho.tv\\\/site\\\/2021\\\/04\\\/20\\\/alto-minho-e-galiza-falam-em-ambiente-infernal-na-fronteira-e-insistem-em-fim-de-calvario\\\/\"},\"wordCount\":627,\"image\":{\"@id\":\"https:\\\/\\\/www.altominho.tv\\\/site\\\/2021\\\/04\\\/20\\\/alto-minho-e-galiza-falam-em-ambiente-infernal-na-fronteira-e-insistem-em-fim-de-calvario\\\/#primaryimage\"},\"thumbnailUrl\":\"https:\\\/\\\/www.altominho.tv\\\/site\\\/wp-content\\\/uploads\\\/2021\\\/02\\\/Fecho-de-Fronteiras.jpg\",\"keywords\":[\"Sociedade\"],\"articleSection\":[\"Alto Minho\"],\"inLanguage\":\"pt-PT\",\"copyrightYear\":\"2021\",\"copyrightHolder\":{\"@id\":\"https:\\\/\\\/www.altominho.tv\\\/site\\\/#organization\"}},{\"@type\":\"WebPage\",\"@id\":\"https:\\\/\\\/www.altominho.tv\\\/site\\\/2021\\\/04\\\/20\\\/alto-minho-e-galiza-falam-em-ambiente-infernal-na-fronteira-e-insistem-em-fim-de-calvario\\\/\",\"url\":\"https:\\\/\\\/www.altominho.tv\\\/site\\\/2021\\\/04\\\/20\\\/alto-minho-e-galiza-falam-em-ambiente-infernal-na-fronteira-e-insistem-em-fim-de-calvario\\\/\",\"name\":\"Alto Minho e Galiza falam em \u201cambiente infernal\u201d na fronteira e insistem em fim de \u201ccalv\u00e1rio\u201d\",\"isPartOf\":{\"@id\":\"https:\\\/\\\/www.altominho.tv\\\/site\\\/#website\"},\"primaryImageOfPage\":{\"@id\":\"https:\\\/\\\/www.altominho.tv\\\/site\\\/2021\\\/04\\\/20\\\/alto-minho-e-galiza-falam-em-ambiente-infernal-na-fronteira-e-insistem-em-fim-de-calvario\\\/#primaryimage\"},\"image\":{\"@id\":\"https:\\\/\\\/www.altominho.tv\\\/site\\\/2021\\\/04\\\/20\\\/alto-minho-e-galiza-falam-em-ambiente-infernal-na-fronteira-e-insistem-em-fim-de-calvario\\\/#primaryimage\"},\"thumbnailUrl\":\"https:\\\/\\\/www.altominho.tv\\\/site\\\/wp-content\\\/uploads\\\/2021\\\/02\\\/Fecho-de-Fronteiras.jpg\",\"datePublished\":\"2021-04-20T15:58:31+00:00\",\"dateModified\":\"2021-05-05T10:49:11+00:00\",\"author\":{\"@id\":\"https:\\\/\\\/www.altominho.tv\\\/site\\\/#\\\/schema\\\/person\\\/a0bff6dc1041aadd46fa81887444b017\"},\"breadcrumb\":{\"@id\":\"https:\\\/\\\/www.altominho.tv\\\/site\\\/2021\\\/04\\\/20\\\/alto-minho-e-galiza-falam-em-ambiente-infernal-na-fronteira-e-insistem-em-fim-de-calvario\\\/#breadcrumb\"},\"inLanguage\":\"pt-PT\",\"potentialAction\":[{\"@type\":\"ReadAction\",\"target\":[\"https:\\\/\\\/www.altominho.tv\\\/site\\\/2021\\\/04\\\/20\\\/alto-minho-e-galiza-falam-em-ambiente-infernal-na-fronteira-e-insistem-em-fim-de-calvario\\\/\"]}]},{\"@type\":\"ImageObject\",\"inLanguage\":\"pt-PT\",\"@id\":\"https:\\\/\\\/www.altominho.tv\\\/site\\\/2021\\\/04\\\/20\\\/alto-minho-e-galiza-falam-em-ambiente-infernal-na-fronteira-e-insistem-em-fim-de-calvario\\\/#primaryimage\",\"url\":\"https:\\\/\\\/www.altominho.tv\\\/site\\\/wp-content\\\/uploads\\\/2021\\\/02\\\/Fecho-de-Fronteiras.jpg\",\"contentUrl\":\"https:\\\/\\\/www.altominho.tv\\\/site\\\/wp-content\\\/uploads\\\/2021\\\/02\\\/Fecho-de-Fronteiras.jpg\",\"width\":1920,\"height\":1080},{\"@type\":\"BreadcrumbList\",\"@id\":\"https:\\\/\\\/www.altominho.tv\\\/site\\\/2021\\\/04\\\/20\\\/alto-minho-e-galiza-falam-em-ambiente-infernal-na-fronteira-e-insistem-em-fim-de-calvario\\\/#breadcrumb\",\"itemListElement\":[{\"@type\":\"ListItem\",\"position\":1,\"name\":\"In\u00edcio\",\"item\":\"https:\\\/\\\/www.altominho.tv\\\/site\\\/\"},{\"@type\":\"ListItem\",\"position\":2,\"name\":\"Alto Minho e Galiza falam em \u201cambiente infernal\u201d na fronteira e insistem em fim de \u201ccalv\u00e1rio\u201d\"}]},{\"@type\":\"WebSite\",\"@id\":\"https:\\\/\\\/www.altominho.tv\\\/site\\\/#website\",\"url\":\"https:\\\/\\\/www.altominho.tv\\\/site\\\/\",\"name\":\"Altominho.tv\",\"description\":\"A sua regi\u00e3o \u00e0 dist\u00e2ncia de um clique...\",\"potentialAction\":[{\"@type\":\"SearchAction\",\"target\":{\"@type\":\"EntryPoint\",\"urlTemplate\":\"https:\\\/\\\/www.altominho.tv\\\/site\\\/?s={search_term_string}\"},\"query-input\":{\"@type\":\"PropertyValueSpecification\",\"valueRequired\":true,\"valueName\":\"search_term_string\"}}],\"inLanguage\":\"pt-PT\"},{\"@type\":\"Person\",\"@id\":\"https:\\\/\\\/www.altominho.tv\\\/site\\\/#\\\/schema\\\/person\\\/a0bff6dc1041aadd46fa81887444b017\",\"name\":\"Andreia Ferreira | Lusa\",\"image\":{\"@type\":\"ImageObject\",\"inLanguage\":\"pt-PT\",\"@id\":\"https:\\\/\\\/www.altominho.tv\\\/site\\\/wp-content\\\/uploads\\\/2018\\\/04\\\/Andreia-150x150.jpg\",\"url\":\"https:\\\/\\\/www.altominho.tv\\\/site\\\/wp-content\\\/uploads\\\/2018\\\/04\\\/Andreia-150x150.jpg\",\"contentUrl\":\"https:\\\/\\\/www.altominho.tv\\\/site\\\/wp-content\\\/uploads\\\/2018\\\/04\\\/Andreia-150x150.jpg\",\"caption\":\"Andreia Ferreira | Lusa\"},\"sameAs\":[\"https:\\\/\\\/www.altominho.tv\\\/site\"],\"url\":\"https:\\\/\\\/www.altominho.tv\\\/site\\\/author\\\/andreiaferreiralusa\\\/\"}]}<\/script>\n<!-- \/ Yoast SEO Premium plugin. -->","yoast_head_json":{"title":"Alto Minho e Galiza falam em \u201cambiente infernal\u201d na fronteira e insistem em fim de \u201ccalv\u00e1rio\u201d","robots":{"index":"index","follow":"follow","max-snippet":"max-snippet:-1","max-image-preview":"max-image-preview:large","max-video-preview":"max-video-preview:-1"},"canonical":"https:\/\/www.altominho.tv\/site\/2021\/04\/20\/alto-minho-e-galiza-falam-em-ambiente-infernal-na-fronteira-e-insistem-em-fim-de-calvario\/","og_locale":"pt_PT","og_type":"article","og_title":"Alto Minho e Galiza falam em \u201cambiente infernal\u201d na fronteira e insistem em fim de \u201ccalv\u00e1rio\u201d","og_description":"O Agrupamento Europeu de Coopera\u00e7\u00e3o Territorial (AECT) Rio Minho classificou de &#8220;inferno&#8221; o &#8220;ambiente&#8221; vivido esta ter\u00e7a-feira de manh\u00e3 na fronteira entre Valen\u00e7a e Tui, na Galiza, apelando ao fim do &#8220;calv\u00e1rio&#8221; de trabalhadores e empres\u00e1rios transfronteiri\u00e7os. &#8220;Legalmente n\u00e3o sabemos o que fazer mais. Interven\u00e7\u00f5es ilegais? N\u00e3o sabemos fazer&#8221;, refere o AECT Rio Minho numa [&hellip;]","og_url":"https:\/\/www.altominho.tv\/site\/2021\/04\/20\/alto-minho-e-galiza-falam-em-ambiente-infernal-na-fronteira-e-insistem-em-fim-de-calvario\/","og_site_name":"Altominho.tv","article_publisher":"https:\/\/www.facebook.com\/altominhotv","article_published_time":"2021-04-20T15:58:31+00:00","article_modified_time":"2021-05-05T10:49:11+00:00","og_image":[{"width":1920,"height":1080,"url":"https:\/\/www.altominho.tv\/site\/wp-content\/uploads\/2021\/02\/Fecho-de-Fronteiras.jpg","type":"image\/jpeg"}],"author":"Andreia Ferreira | Lusa","twitter_card":"summary_large_image","twitter_creator":"@altominhoTV","twitter_site":"@altominhoTV","twitter_misc":{"Escrito por":"Andreia Ferreira | Lusa","Tempo estimado de leitura":"3 minutos"},"schema":{"@context":"https:\/\/schema.org","@graph":[{"@type":"Article","@id":"https:\/\/www.altominho.tv\/site\/2021\/04\/20\/alto-minho-e-galiza-falam-em-ambiente-infernal-na-fronteira-e-insistem-em-fim-de-calvario\/#article","isPartOf":{"@id":"https:\/\/www.altominho.tv\/site\/2021\/04\/20\/alto-minho-e-galiza-falam-em-ambiente-infernal-na-fronteira-e-insistem-em-fim-de-calvario\/"},"author":{"name":"Andreia Ferreira | Lusa","@id":"https:\/\/www.altominho.tv\/site\/#\/schema\/person\/a0bff6dc1041aadd46fa81887444b017"},"headline":"Alto Minho e Galiza falam em \u201cambiente infernal\u201d na fronteira e insistem em fim de \u201ccalv\u00e1rio\u201d","datePublished":"2021-04-20T15:58:31+00:00","dateModified":"2021-05-05T10:49:11+00:00","mainEntityOfPage":{"@id":"https:\/\/www.altominho.tv\/site\/2021\/04\/20\/alto-minho-e-galiza-falam-em-ambiente-infernal-na-fronteira-e-insistem-em-fim-de-calvario\/"},"wordCount":627,"image":{"@id":"https:\/\/www.altominho.tv\/site\/2021\/04\/20\/alto-minho-e-galiza-falam-em-ambiente-infernal-na-fronteira-e-insistem-em-fim-de-calvario\/#primaryimage"},"thumbnailUrl":"https:\/\/www.altominho.tv\/site\/wp-content\/uploads\/2021\/02\/Fecho-de-Fronteiras.jpg","keywords":["Sociedade"],"articleSection":["Alto Minho"],"inLanguage":"pt-PT","copyrightYear":"2021","copyrightHolder":{"@id":"https:\/\/www.altominho.tv\/site\/#organization"}},{"@type":"WebPage","@id":"https:\/\/www.altominho.tv\/site\/2021\/04\/20\/alto-minho-e-galiza-falam-em-ambiente-infernal-na-fronteira-e-insistem-em-fim-de-calvario\/","url":"https:\/\/www.altominho.tv\/site\/2021\/04\/20\/alto-minho-e-galiza-falam-em-ambiente-infernal-na-fronteira-e-insistem-em-fim-de-calvario\/","name":"Alto Minho e Galiza falam em \u201cambiente infernal\u201d na fronteira e insistem em fim de \u201ccalv\u00e1rio\u201d","isPartOf":{"@id":"https:\/\/www.altominho.tv\/site\/#website"},"primaryImageOfPage":{"@id":"https:\/\/www.altominho.tv\/site\/2021\/04\/20\/alto-minho-e-galiza-falam-em-ambiente-infernal-na-fronteira-e-insistem-em-fim-de-calvario\/#primaryimage"},"image":{"@id":"https:\/\/www.altominho.tv\/site\/2021\/04\/20\/alto-minho-e-galiza-falam-em-ambiente-infernal-na-fronteira-e-insistem-em-fim-de-calvario\/#primaryimage"},"thumbnailUrl":"https:\/\/www.altominho.tv\/site\/wp-content\/uploads\/2021\/02\/Fecho-de-Fronteiras.jpg","datePublished":"2021-04-20T15:58:31+00:00","dateModified":"2021-05-05T10:49:11+00:00","author":{"@id":"https:\/\/www.altominho.tv\/site\/#\/schema\/person\/a0bff6dc1041aadd46fa81887444b017"},"breadcrumb":{"@id":"https:\/\/www.altominho.tv\/site\/2021\/04\/20\/alto-minho-e-galiza-falam-em-ambiente-infernal-na-fronteira-e-insistem-em-fim-de-calvario\/#breadcrumb"},"inLanguage":"pt-PT","potentialAction":[{"@type":"ReadAction","target":["https:\/\/www.altominho.tv\/site\/2021\/04\/20\/alto-minho-e-galiza-falam-em-ambiente-infernal-na-fronteira-e-insistem-em-fim-de-calvario\/"]}]},{"@type":"ImageObject","inLanguage":"pt-PT","@id":"https:\/\/www.altominho.tv\/site\/2021\/04\/20\/alto-minho-e-galiza-falam-em-ambiente-infernal-na-fronteira-e-insistem-em-fim-de-calvario\/#primaryimage","url":"https:\/\/www.altominho.tv\/site\/wp-content\/uploads\/2021\/02\/Fecho-de-Fronteiras.jpg","contentUrl":"https:\/\/www.altominho.tv\/site\/wp-content\/uploads\/2021\/02\/Fecho-de-Fronteiras.jpg","width":1920,"height":1080},{"@type":"BreadcrumbList","@id":"https:\/\/www.altominho.tv\/site\/2021\/04\/20\/alto-minho-e-galiza-falam-em-ambiente-infernal-na-fronteira-e-insistem-em-fim-de-calvario\/#breadcrumb","itemListElement":[{"@type":"ListItem","position":1,"name":"In\u00edcio","item":"https:\/\/www.altominho.tv\/site\/"},{"@type":"ListItem","position":2,"name":"Alto Minho e Galiza falam em \u201cambiente infernal\u201d na fronteira e insistem em fim de \u201ccalv\u00e1rio\u201d"}]},{"@type":"WebSite","@id":"https:\/\/www.altominho.tv\/site\/#website","url":"https:\/\/www.altominho.tv\/site\/","name":"Altominho.tv","description":"A sua regi\u00e3o \u00e0 dist\u00e2ncia de um clique...","potentialAction":[{"@type":"SearchAction","target":{"@type":"EntryPoint","urlTemplate":"https:\/\/www.altominho.tv\/site\/?s={search_term_string}"},"query-input":{"@type":"PropertyValueSpecification","valueRequired":true,"valueName":"search_term_string"}}],"inLanguage":"pt-PT"},{"@type":"Person","@id":"https:\/\/www.altominho.tv\/site\/#\/schema\/person\/a0bff6dc1041aadd46fa81887444b017","name":"Andreia Ferreira | Lusa","image":{"@type":"ImageObject","inLanguage":"pt-PT","@id":"https:\/\/www.altominho.tv\/site\/wp-content\/uploads\/2018\/04\/Andreia-150x150.jpg","url":"https:\/\/www.altominho.tv\/site\/wp-content\/uploads\/2018\/04\/Andreia-150x150.jpg","contentUrl":"https:\/\/www.altominho.tv\/site\/wp-content\/uploads\/2018\/04\/Andreia-150x150.jpg","caption":"Andreia Ferreira | Lusa"},"sameAs":["https:\/\/www.altominho.tv\/site"],"url":"https:\/\/www.altominho.tv\/site\/author\/andreiaferreiralusa\/"}]}},"_links":{"self":[{"href":"https:\/\/www.altominho.tv\/site\/wp-json\/wp\/v2\/posts\/65477","targetHints":{"allow":["GET"]}}],"collection":[{"href":"https:\/\/www.altominho.tv\/site\/wp-json\/wp\/v2\/posts"}],"about":[{"href":"https:\/\/www.altominho.tv\/site\/wp-json\/wp\/v2\/types\/post"}],"author":[{"embeddable":true,"href":"https:\/\/www.altominho.tv\/site\/wp-json\/wp\/v2\/users\/15"}],"replies":[{"embeddable":true,"href":"https:\/\/www.altominho.tv\/site\/wp-json\/wp\/v2\/comments?post=65477"}],"version-history":[{"count":0,"href":"https:\/\/www.altominho.tv\/site\/wp-json\/wp\/v2\/posts\/65477\/revisions"}],"wp:featuredmedia":[{"embeddable":true,"href":"https:\/\/www.altominho.tv\/site\/wp-json\/wp\/v2\/media\/60910"}],"wp:attachment":[{"href":"https:\/\/www.altominho.tv\/site\/wp-json\/wp\/v2\/media?parent=65477"}],"wp:term":[{"taxonomy":"category","embeddable":true,"href":"https:\/\/www.altominho.tv\/site\/wp-json\/wp\/v2\/categories?post=65477"},{"taxonomy":"post_tag","embeddable":true,"href":"https:\/\/www.altominho.tv\/site\/wp-json\/wp\/v2\/tags?post=65477"}],"curies":[{"name":"wp","href":"https:\/\/api.w.org\/{rel}","templated":true}]}}