{"id":65422,"date":"2021-04-19T19:23:09","date_gmt":"2021-04-19T18:23:09","guid":{"rendered":"https:\/\/www.altominho.tv\/site\/?p=65422"},"modified":"2022-01-17T14:18:08","modified_gmt":"2022-01-17T14:18:08","slug":"jose-passos-rodrigo-e-o-candidato-do-psd-a-camara-de-melgaco","status":"publish","type":"post","link":"https:\/\/www.altominho.tv\/site\/2021\/04\/19\/jose-passos-rodrigo-e-o-candidato-do-psd-a-camara-de-melgaco\/","title":{"rendered":"Jos\u00e9 Passos Rodrigo \u00e9 o candidato do PSD \u00e0 C\u00e2mara de Melga\u00e7o"},"content":{"rendered":"<p>O analista econ\u00f3mico-financeiro e consultor de gest\u00e3o empresarial, Jos\u00e9 Passos Rodrigo, \u00e9 o candidato do PSD \u00e0 C\u00e2mara de Melga\u00e7o nas pr\u00f3ximas elei\u00e7\u00f5es aut\u00e1rquicas.<\/p>\n<p>&#8220;Decidi aceitar o convite para gerir os novos destinos de Melga\u00e7o porque acredito que muito posso ajudar nesse sentido&#8221;, afirma o candidato, citado na nota enviada esta segunda-feira \u00e0 imprensa.<\/p>\n<p>Jos\u00e9 Passos Rodrigo adiantou, em declara\u00e7\u00f5es \u00e0 Lusa, que as suas prioridades passam pelo &#8220;desenvolvimento econ\u00f3mico e social do concelho, atrav\u00e9s da instala\u00e7\u00e3o de empresas de ponta que permitam atrair e fixar popula\u00e7\u00e3o&#8221;.<\/p>\n<p>O candidato social-democrata&nbsp;acrescentou que outras das apostas da sua candidatura &#8220;passa pela dinamiza\u00e7\u00e3o das val\u00eancias tur\u00edsticas de Melga\u00e7o de forma a tornar o concelho mais competitivo nesta \u00e1rea&#8221;.<\/p>\n<p>\u201cAs pessoas que tiveram a honra de me convidar, e conhecidas, sabem que tenho vis\u00f5es de futuro. Tenho bem presente em conhecimento do que \u00e9 necess\u00e1rio criar e corrigir, em Melga\u00e7o, para se construir o seu desenvolvimento e a sua identidade. Melga\u00e7o vem no mapa e n\u00e3o bastar\u00e1 s\u00f3 vir no mapa. Tem de se ambicionar a muito mais nas suas diversas val\u00eancias\u201d, salientou Jos\u00e9 Passos Rodrigo.<\/p>\n<p>J\u00e1 o presidente da comiss\u00e3o pol\u00edtica distrital do PSD, Oleg\u00e1rio Gon\u00e7alves, tamb\u00e9m citado na nota, referiu tratar-se de &#8220;uma escolha acertada pelo perfil pessoal e experi\u00eancia profissional de Jos\u00e9 Passos Rodrigo&#8221;.<\/p>\n<p>&#8220;\u00c9 mais uma candidatura ganhadora do PSD e que, seguramente, mudar\u00e1 os destinos do concelho&#8221;, referiu.<\/p>\n<p>Segundo o PSD, Jos\u00e9 Passos Rodrigo &#8220;foi diretor da SORGAL (Grupo Soja de Portugal), diretor-geral da empresa a\u00e7oriana Lu\u00eds Pimentel, Empreendimentos Imobili\u00e1rios e Tur\u00edsticos sendo, atualmente, analista financeiro e consultor de gest\u00e3o e de organiza\u00e7\u00e3o de empresas&#8221;.<\/p>\n<p>&#8220;Assumiu cargos de dire\u00e7\u00e3o e administra\u00e7\u00e3o em v\u00e1rias empresas no pa\u00eds, sendo que as suas \u00e1reas de conhecimento e pr\u00e1tica profissional s\u00e3o transversais e v\u00e3o desde as \u00e1reas administrativas e financeiras, passando pelas comerciais e log\u00edsticas, at\u00e9 \u00e0s \u00e1reas de produ\u00e7\u00e3o&#8221;, sustenta a nota.<\/p>\n","protected":false},"excerpt":{"rendered":"<p>O analista econ\u00f3mico-financeiro e consultor de gest\u00e3o empresarial, Jos\u00e9 Passos Rodrigo, \u00e9 o candidato do PSD \u00e0 C\u00e2mara de Melga\u00e7o nas pr\u00f3ximas elei\u00e7\u00f5es aut\u00e1rquicas. &#8220;Decidi aceitar o convite para gerir os novos destinos de Melga\u00e7o porque acredito que muito posso ajudar nesse sentido&#8221;, afirma o candidato, citado na nota enviada esta segunda-feira \u00e0 imprensa. Jos\u00e9 [&hellip;]<\/p>\n","protected":false},"author":15,"featured_media":65424,"comment_status":"closed","ping_status":"closed","sticky":false,"template":"","format":"standard","meta":{"_exactmetrics_skip_tracking":false,"_exactmetrics_sitenote_active":false,"_exactmetrics_sitenote_note":"","_exactmetrics_sitenote_category":0,"footnotes":""},"categories":[8],"tags":[56326],"class_list":["post-65422","post","type-post","status-publish","format-standard","has-post-thumbnail","hentry","category-melgaco","tag-politica"],"yoast_head":"<!-- This site is optimized with the Yoast SEO Premium plugin v27.4 (Yoast SEO v27.4) - https:\/\/yoast.com\/product\/yoast-seo-premium-wordpress\/ -->\n<title>Jos\u00e9 Passos Rodrigo \u00e9 o candidato do PSD \u00e0 C\u00e2mara de Melga\u00e7o<\/title>\n<meta name=\"robots\" content=\"index, follow, max-snippet:-1, max-image-preview:large, max-video-preview:-1\" \/>\n<link rel=\"canonical\" href=\"https:\/\/www.altominho.tv\/site\/2021\/04\/19\/jose-passos-rodrigo-e-o-candidato-do-psd-a-camara-de-melgaco\/\" \/>\n<meta property=\"og:locale\" content=\"pt_PT\" \/>\n<meta property=\"og:type\" content=\"article\" \/>\n<meta property=\"og:title\" content=\"Jos\u00e9 Passos Rodrigo \u00e9 o candidato do PSD \u00e0 C\u00e2mara de Melga\u00e7o\" \/>\n<meta property=\"og:description\" content=\"O analista econ\u00f3mico-financeiro e consultor de gest\u00e3o empresarial, Jos\u00e9 Passos Rodrigo, \u00e9 o candidato do PSD \u00e0 C\u00e2mara de Melga\u00e7o nas pr\u00f3ximas elei\u00e7\u00f5es aut\u00e1rquicas. &#8220;Decidi aceitar o convite para gerir os novos destinos de Melga\u00e7o porque acredito que muito posso ajudar nesse sentido&#8221;, afirma o candidato, citado na nota enviada esta segunda-feira \u00e0 imprensa. Jos\u00e9 [&hellip;]\" \/>\n<meta property=\"og:url\" content=\"https:\/\/www.altominho.tv\/site\/2021\/04\/19\/jose-passos-rodrigo-e-o-candidato-do-psd-a-camara-de-melgaco\/\" \/>\n<meta property=\"og:site_name\" content=\"Altominho.tv\" \/>\n<meta property=\"article:publisher\" content=\"https:\/\/www.facebook.com\/altominhotv\" \/>\n<meta property=\"article:published_time\" content=\"2021-04-19T18:23:09+00:00\" \/>\n<meta property=\"article:modified_time\" content=\"2022-01-17T14:18:08+00:00\" \/>\n<meta property=\"og:image\" content=\"https:\/\/www.altominho.tv\/site\/wp-content\/uploads\/2021\/04\/Candidato.png\" \/>\n\t<meta property=\"og:image:width\" content=\"592\" \/>\n\t<meta property=\"og:image:height\" content=\"450\" \/>\n\t<meta property=\"og:image:type\" content=\"image\/png\" \/>\n<meta name=\"author\" content=\"Andreia Ferreira | Lusa\" \/>\n<meta name=\"twitter:card\" content=\"summary_large_image\" \/>\n<meta name=\"twitter:creator\" content=\"@altominhoTV\" \/>\n<meta name=\"twitter:site\" content=\"@altominhoTV\" \/>\n<meta name=\"twitter:label1\" content=\"Escrito por\" \/>\n\t<meta name=\"twitter:data1\" content=\"Andreia Ferreira | Lusa\" \/>\n\t<meta name=\"twitter:label2\" content=\"Tempo estimado de leitura\" \/>\n\t<meta name=\"twitter:data2\" content=\"2 minutos\" \/>\n<script type=\"application\/ld+json\" class=\"yoast-schema-graph\">{\"@context\":\"https:\\\/\\\/schema.org\",\"@graph\":[{\"@type\":\"Article\",\"@id\":\"https:\\\/\\\/www.altominho.tv\\\/site\\\/2021\\\/04\\\/19\\\/jose-passos-rodrigo-e-o-candidato-do-psd-a-camara-de-melgaco\\\/#article\",\"isPartOf\":{\"@id\":\"https:\\\/\\\/www.altominho.tv\\\/site\\\/2021\\\/04\\\/19\\\/jose-passos-rodrigo-e-o-candidato-do-psd-a-camara-de-melgaco\\\/\"},\"author\":{\"name\":\"Andreia Ferreira | Lusa\",\"@id\":\"https:\\\/\\\/www.altominho.tv\\\/site\\\/#\\\/schema\\\/person\\\/a0bff6dc1041aadd46fa81887444b017\"},\"headline\":\"Jos\u00e9 Passos Rodrigo \u00e9 o candidato do PSD \u00e0 C\u00e2mara de Melga\u00e7o\",\"datePublished\":\"2021-04-19T18:23:09+00:00\",\"dateModified\":\"2022-01-17T14:18:08+00:00\",\"mainEntityOfPage\":{\"@id\":\"https:\\\/\\\/www.altominho.tv\\\/site\\\/2021\\\/04\\\/19\\\/jose-passos-rodrigo-e-o-candidato-do-psd-a-camara-de-melgaco\\\/\"},\"wordCount\":362,\"image\":{\"@id\":\"https:\\\/\\\/www.altominho.tv\\\/site\\\/2021\\\/04\\\/19\\\/jose-passos-rodrigo-e-o-candidato-do-psd-a-camara-de-melgaco\\\/#primaryimage\"},\"thumbnailUrl\":\"https:\\\/\\\/www.altominho.tv\\\/site\\\/wp-content\\\/uploads\\\/2021\\\/04\\\/Candidato.png\",\"keywords\":[\"Pol\u00edtica\"],\"articleSection\":[\"Melga\u00e7o\"],\"inLanguage\":\"pt-PT\",\"copyrightYear\":\"2021\",\"copyrightHolder\":{\"@id\":\"https:\\\/\\\/www.altominho.tv\\\/site\\\/#organization\"}},{\"@type\":\"WebPage\",\"@id\":\"https:\\\/\\\/www.altominho.tv\\\/site\\\/2021\\\/04\\\/19\\\/jose-passos-rodrigo-e-o-candidato-do-psd-a-camara-de-melgaco\\\/\",\"url\":\"https:\\\/\\\/www.altominho.tv\\\/site\\\/2021\\\/04\\\/19\\\/jose-passos-rodrigo-e-o-candidato-do-psd-a-camara-de-melgaco\\\/\",\"name\":\"Jos\u00e9 Passos Rodrigo \u00e9 o candidato do PSD \u00e0 C\u00e2mara de Melga\u00e7o\",\"isPartOf\":{\"@id\":\"https:\\\/\\\/www.altominho.tv\\\/site\\\/#website\"},\"primaryImageOfPage\":{\"@id\":\"https:\\\/\\\/www.altominho.tv\\\/site\\\/2021\\\/04\\\/19\\\/jose-passos-rodrigo-e-o-candidato-do-psd-a-camara-de-melgaco\\\/#primaryimage\"},\"image\":{\"@id\":\"https:\\\/\\\/www.altominho.tv\\\/site\\\/2021\\\/04\\\/19\\\/jose-passos-rodrigo-e-o-candidato-do-psd-a-camara-de-melgaco\\\/#primaryimage\"},\"thumbnailUrl\":\"https:\\\/\\\/www.altominho.tv\\\/site\\\/wp-content\\\/uploads\\\/2021\\\/04\\\/Candidato.png\",\"datePublished\":\"2021-04-19T18:23:09+00:00\",\"dateModified\":\"2022-01-17T14:18:08+00:00\",\"author\":{\"@id\":\"https:\\\/\\\/www.altominho.tv\\\/site\\\/#\\\/schema\\\/person\\\/a0bff6dc1041aadd46fa81887444b017\"},\"breadcrumb\":{\"@id\":\"https:\\\/\\\/www.altominho.tv\\\/site\\\/2021\\\/04\\\/19\\\/jose-passos-rodrigo-e-o-candidato-do-psd-a-camara-de-melgaco\\\/#breadcrumb\"},\"inLanguage\":\"pt-PT\",\"potentialAction\":[{\"@type\":\"ReadAction\",\"target\":[\"https:\\\/\\\/www.altominho.tv\\\/site\\\/2021\\\/04\\\/19\\\/jose-passos-rodrigo-e-o-candidato-do-psd-a-camara-de-melgaco\\\/\"]}]},{\"@type\":\"ImageObject\",\"inLanguage\":\"pt-PT\",\"@id\":\"https:\\\/\\\/www.altominho.tv\\\/site\\\/2021\\\/04\\\/19\\\/jose-passos-rodrigo-e-o-candidato-do-psd-a-camara-de-melgaco\\\/#primaryimage\",\"url\":\"https:\\\/\\\/www.altominho.tv\\\/site\\\/wp-content\\\/uploads\\\/2021\\\/04\\\/Candidato.png\",\"contentUrl\":\"https:\\\/\\\/www.altominho.tv\\\/site\\\/wp-content\\\/uploads\\\/2021\\\/04\\\/Candidato.png\",\"width\":592,\"height\":450},{\"@type\":\"BreadcrumbList\",\"@id\":\"https:\\\/\\\/www.altominho.tv\\\/site\\\/2021\\\/04\\\/19\\\/jose-passos-rodrigo-e-o-candidato-do-psd-a-camara-de-melgaco\\\/#breadcrumb\",\"itemListElement\":[{\"@type\":\"ListItem\",\"position\":1,\"name\":\"In\u00edcio\",\"item\":\"https:\\\/\\\/www.altominho.tv\\\/site\\\/\"},{\"@type\":\"ListItem\",\"position\":2,\"name\":\"Jos\u00e9 Passos Rodrigo \u00e9 o candidato do PSD \u00e0 C\u00e2mara de Melga\u00e7o\"}]},{\"@type\":\"WebSite\",\"@id\":\"https:\\\/\\\/www.altominho.tv\\\/site\\\/#website\",\"url\":\"https:\\\/\\\/www.altominho.tv\\\/site\\\/\",\"name\":\"Altominho.tv\",\"description\":\"A sua regi\u00e3o \u00e0 dist\u00e2ncia de um clique...\",\"potentialAction\":[{\"@type\":\"SearchAction\",\"target\":{\"@type\":\"EntryPoint\",\"urlTemplate\":\"https:\\\/\\\/www.altominho.tv\\\/site\\\/?s={search_term_string}\"},\"query-input\":{\"@type\":\"PropertyValueSpecification\",\"valueRequired\":true,\"valueName\":\"search_term_string\"}}],\"inLanguage\":\"pt-PT\"},{\"@type\":\"Person\",\"@id\":\"https:\\\/\\\/www.altominho.tv\\\/site\\\/#\\\/schema\\\/person\\\/a0bff6dc1041aadd46fa81887444b017\",\"name\":\"Andreia Ferreira | Lusa\",\"image\":{\"@type\":\"ImageObject\",\"inLanguage\":\"pt-PT\",\"@id\":\"https:\\\/\\\/www.altominho.tv\\\/site\\\/wp-content\\\/uploads\\\/2018\\\/04\\\/Andreia-150x150.jpg\",\"url\":\"https:\\\/\\\/www.altominho.tv\\\/site\\\/wp-content\\\/uploads\\\/2018\\\/04\\\/Andreia-150x150.jpg\",\"contentUrl\":\"https:\\\/\\\/www.altominho.tv\\\/site\\\/wp-content\\\/uploads\\\/2018\\\/04\\\/Andreia-150x150.jpg\",\"caption\":\"Andreia Ferreira | Lusa\"},\"sameAs\":[\"https:\\\/\\\/www.altominho.tv\\\/site\"],\"url\":\"https:\\\/\\\/www.altominho.tv\\\/site\\\/author\\\/andreiaferreiralusa\\\/\"}]}<\/script>\n<!-- \/ Yoast SEO Premium plugin. -->","yoast_head_json":{"title":"Jos\u00e9 Passos Rodrigo \u00e9 o candidato do PSD \u00e0 C\u00e2mara de Melga\u00e7o","robots":{"index":"index","follow":"follow","max-snippet":"max-snippet:-1","max-image-preview":"max-image-preview:large","max-video-preview":"max-video-preview:-1"},"canonical":"https:\/\/www.altominho.tv\/site\/2021\/04\/19\/jose-passos-rodrigo-e-o-candidato-do-psd-a-camara-de-melgaco\/","og_locale":"pt_PT","og_type":"article","og_title":"Jos\u00e9 Passos Rodrigo \u00e9 o candidato do PSD \u00e0 C\u00e2mara de Melga\u00e7o","og_description":"O analista econ\u00f3mico-financeiro e consultor de gest\u00e3o empresarial, Jos\u00e9 Passos Rodrigo, \u00e9 o candidato do PSD \u00e0 C\u00e2mara de Melga\u00e7o nas pr\u00f3ximas elei\u00e7\u00f5es aut\u00e1rquicas. &#8220;Decidi aceitar o convite para gerir os novos destinos de Melga\u00e7o porque acredito que muito posso ajudar nesse sentido&#8221;, afirma o candidato, citado na nota enviada esta segunda-feira \u00e0 imprensa. Jos\u00e9 [&hellip;]","og_url":"https:\/\/www.altominho.tv\/site\/2021\/04\/19\/jose-passos-rodrigo-e-o-candidato-do-psd-a-camara-de-melgaco\/","og_site_name":"Altominho.tv","article_publisher":"https:\/\/www.facebook.com\/altominhotv","article_published_time":"2021-04-19T18:23:09+00:00","article_modified_time":"2022-01-17T14:18:08+00:00","og_image":[{"width":592,"height":450,"url":"https:\/\/www.altominho.tv\/site\/wp-content\/uploads\/2021\/04\/Candidato.png","type":"image\/png"}],"author":"Andreia Ferreira | Lusa","twitter_card":"summary_large_image","twitter_creator":"@altominhoTV","twitter_site":"@altominhoTV","twitter_misc":{"Escrito por":"Andreia Ferreira | Lusa","Tempo estimado de leitura":"2 minutos"},"schema":{"@context":"https:\/\/schema.org","@graph":[{"@type":"Article","@id":"https:\/\/www.altominho.tv\/site\/2021\/04\/19\/jose-passos-rodrigo-e-o-candidato-do-psd-a-camara-de-melgaco\/#article","isPartOf":{"@id":"https:\/\/www.altominho.tv\/site\/2021\/04\/19\/jose-passos-rodrigo-e-o-candidato-do-psd-a-camara-de-melgaco\/"},"author":{"name":"Andreia Ferreira | Lusa","@id":"https:\/\/www.altominho.tv\/site\/#\/schema\/person\/a0bff6dc1041aadd46fa81887444b017"},"headline":"Jos\u00e9 Passos Rodrigo \u00e9 o candidato do PSD \u00e0 C\u00e2mara de Melga\u00e7o","datePublished":"2021-04-19T18:23:09+00:00","dateModified":"2022-01-17T14:18:08+00:00","mainEntityOfPage":{"@id":"https:\/\/www.altominho.tv\/site\/2021\/04\/19\/jose-passos-rodrigo-e-o-candidato-do-psd-a-camara-de-melgaco\/"},"wordCount":362,"image":{"@id":"https:\/\/www.altominho.tv\/site\/2021\/04\/19\/jose-passos-rodrigo-e-o-candidato-do-psd-a-camara-de-melgaco\/#primaryimage"},"thumbnailUrl":"https:\/\/www.altominho.tv\/site\/wp-content\/uploads\/2021\/04\/Candidato.png","keywords":["Pol\u00edtica"],"articleSection":["Melga\u00e7o"],"inLanguage":"pt-PT","copyrightYear":"2021","copyrightHolder":{"@id":"https:\/\/www.altominho.tv\/site\/#organization"}},{"@type":"WebPage","@id":"https:\/\/www.altominho.tv\/site\/2021\/04\/19\/jose-passos-rodrigo-e-o-candidato-do-psd-a-camara-de-melgaco\/","url":"https:\/\/www.altominho.tv\/site\/2021\/04\/19\/jose-passos-rodrigo-e-o-candidato-do-psd-a-camara-de-melgaco\/","name":"Jos\u00e9 Passos Rodrigo \u00e9 o candidato do PSD \u00e0 C\u00e2mara de Melga\u00e7o","isPartOf":{"@id":"https:\/\/www.altominho.tv\/site\/#website"},"primaryImageOfPage":{"@id":"https:\/\/www.altominho.tv\/site\/2021\/04\/19\/jose-passos-rodrigo-e-o-candidato-do-psd-a-camara-de-melgaco\/#primaryimage"},"image":{"@id":"https:\/\/www.altominho.tv\/site\/2021\/04\/19\/jose-passos-rodrigo-e-o-candidato-do-psd-a-camara-de-melgaco\/#primaryimage"},"thumbnailUrl":"https:\/\/www.altominho.tv\/site\/wp-content\/uploads\/2021\/04\/Candidato.png","datePublished":"2021-04-19T18:23:09+00:00","dateModified":"2022-01-17T14:18:08+00:00","author":{"@id":"https:\/\/www.altominho.tv\/site\/#\/schema\/person\/a0bff6dc1041aadd46fa81887444b017"},"breadcrumb":{"@id":"https:\/\/www.altominho.tv\/site\/2021\/04\/19\/jose-passos-rodrigo-e-o-candidato-do-psd-a-camara-de-melgaco\/#breadcrumb"},"inLanguage":"pt-PT","potentialAction":[{"@type":"ReadAction","target":["https:\/\/www.altominho.tv\/site\/2021\/04\/19\/jose-passos-rodrigo-e-o-candidato-do-psd-a-camara-de-melgaco\/"]}]},{"@type":"ImageObject","inLanguage":"pt-PT","@id":"https:\/\/www.altominho.tv\/site\/2021\/04\/19\/jose-passos-rodrigo-e-o-candidato-do-psd-a-camara-de-melgaco\/#primaryimage","url":"https:\/\/www.altominho.tv\/site\/wp-content\/uploads\/2021\/04\/Candidato.png","contentUrl":"https:\/\/www.altominho.tv\/site\/wp-content\/uploads\/2021\/04\/Candidato.png","width":592,"height":450},{"@type":"BreadcrumbList","@id":"https:\/\/www.altominho.tv\/site\/2021\/04\/19\/jose-passos-rodrigo-e-o-candidato-do-psd-a-camara-de-melgaco\/#breadcrumb","itemListElement":[{"@type":"ListItem","position":1,"name":"In\u00edcio","item":"https:\/\/www.altominho.tv\/site\/"},{"@type":"ListItem","position":2,"name":"Jos\u00e9 Passos Rodrigo \u00e9 o candidato do PSD \u00e0 C\u00e2mara de Melga\u00e7o"}]},{"@type":"WebSite","@id":"https:\/\/www.altominho.tv\/site\/#website","url":"https:\/\/www.altominho.tv\/site\/","name":"Altominho.tv","description":"A sua regi\u00e3o \u00e0 dist\u00e2ncia de um clique...","potentialAction":[{"@type":"SearchAction","target":{"@type":"EntryPoint","urlTemplate":"https:\/\/www.altominho.tv\/site\/?s={search_term_string}"},"query-input":{"@type":"PropertyValueSpecification","valueRequired":true,"valueName":"search_term_string"}}],"inLanguage":"pt-PT"},{"@type":"Person","@id":"https:\/\/www.altominho.tv\/site\/#\/schema\/person\/a0bff6dc1041aadd46fa81887444b017","name":"Andreia Ferreira | Lusa","image":{"@type":"ImageObject","inLanguage":"pt-PT","@id":"https:\/\/www.altominho.tv\/site\/wp-content\/uploads\/2018\/04\/Andreia-150x150.jpg","url":"https:\/\/www.altominho.tv\/site\/wp-content\/uploads\/2018\/04\/Andreia-150x150.jpg","contentUrl":"https:\/\/www.altominho.tv\/site\/wp-content\/uploads\/2018\/04\/Andreia-150x150.jpg","caption":"Andreia Ferreira | Lusa"},"sameAs":["https:\/\/www.altominho.tv\/site"],"url":"https:\/\/www.altominho.tv\/site\/author\/andreiaferreiralusa\/"}]}},"_links":{"self":[{"href":"https:\/\/www.altominho.tv\/site\/wp-json\/wp\/v2\/posts\/65422","targetHints":{"allow":["GET"]}}],"collection":[{"href":"https:\/\/www.altominho.tv\/site\/wp-json\/wp\/v2\/posts"}],"about":[{"href":"https:\/\/www.altominho.tv\/site\/wp-json\/wp\/v2\/types\/post"}],"author":[{"embeddable":true,"href":"https:\/\/www.altominho.tv\/site\/wp-json\/wp\/v2\/users\/15"}],"replies":[{"embeddable":true,"href":"https:\/\/www.altominho.tv\/site\/wp-json\/wp\/v2\/comments?post=65422"}],"version-history":[{"count":0,"href":"https:\/\/www.altominho.tv\/site\/wp-json\/wp\/v2\/posts\/65422\/revisions"}],"wp:featuredmedia":[{"embeddable":true,"href":"https:\/\/www.altominho.tv\/site\/wp-json\/wp\/v2\/media\/65424"}],"wp:attachment":[{"href":"https:\/\/www.altominho.tv\/site\/wp-json\/wp\/v2\/media?parent=65422"}],"wp:term":[{"taxonomy":"category","embeddable":true,"href":"https:\/\/www.altominho.tv\/site\/wp-json\/wp\/v2\/categories?post=65422"},{"taxonomy":"post_tag","embeddable":true,"href":"https:\/\/www.altominho.tv\/site\/wp-json\/wp\/v2\/tags?post=65422"}],"curies":[{"name":"wp","href":"https:\/\/api.w.org\/{rel}","templated":true}]}}