{"id":65312,"date":"2021-04-16T14:38:08","date_gmt":"2021-04-16T13:38:08","guid":{"rendered":"https:\/\/www.altominho.tv\/site\/?p=65312"},"modified":"2021-04-16T14:38:12","modified_gmt":"2021-04-16T13:38:12","slug":"aprovados-mais-271-mil-euros-para-apoiar-13-freguesias-de-arcos-de-valdevez","status":"publish","type":"post","link":"https:\/\/www.altominho.tv\/site\/2021\/04\/16\/aprovados-mais-271-mil-euros-para-apoiar-13-freguesias-de-arcos-de-valdevez\/","title":{"rendered":"Aprovados mais 271 mil euros para apoiar 13 freguesias de Arcos de Valdevez"},"content":{"rendered":"<p>A C\u00e2mara Municipal aprovou a celebra\u00e7\u00e3o de novos protocolos com mais 13 juntas de freguesia do concelho, no valor global de 271 mil euros.<\/p>\n<p>Em comunicado, o executivo presidido por Jo\u00e3o Manuel Esteves adiantou que as verbas servir\u00e3o para apoiar a &#8220;realiza\u00e7\u00e3o de obras de beneficia\u00e7\u00e3o da rede vi\u00e1ria, de edif\u00edcios e espa\u00e7os, bem como para a limpeza e conserva\u00e7\u00e3o da rede vi\u00e1ria vicinal e municipal&#8221;.<\/p>\n<p>Os protocolos foram celebrados com as juntas de freguesia de Padroso, Monte Redondo, Uni\u00e3o de Freguesias de T\u00e1vora (Santa Maria e S\u00e3o Vicente), Sistelo, Cabreiro, Uni\u00e3o de Freguesias de Jolda (Madalena) e Rio Cabr\u00e3o, Uni\u00e3o de Freguesias de Guilhadeses e Santar, Cendufe, Uni\u00e3o das Freguesias de Arcos de Valdevez (Salvador) Vila Fonche e Parada, Soajo, Agui\u00e3, Prozelo e Oliveira, especifica o munic\u00edpio.<\/p>\n<p>A autarquia adianta que, desde o in\u00edcio do ano, &#8220;j\u00e1 apoiou as juntas de freguesia em mais de 1,3 milh\u00f5es de euros&#8221;.<\/p>\n\n\n<p><\/p>\n","protected":false},"excerpt":{"rendered":"<p>A C\u00e2mara Municipal aprovou a celebra\u00e7\u00e3o de novos protocolos com mais 13 juntas de freguesia do concelho, no valor global de 271 mil euros. Em comunicado, o executivo presidido por Jo\u00e3o Manuel Esteves adiantou que as verbas servir\u00e3o para apoiar a &#8220;realiza\u00e7\u00e3o de obras de beneficia\u00e7\u00e3o da rede vi\u00e1ria, de edif\u00edcios e espa\u00e7os, bem como [&hellip;]<\/p>\n","protected":false},"author":12,"featured_media":65313,"comment_status":"closed","ping_status":"closed","sticky":false,"template":"","format":"standard","meta":{"_exactmetrics_skip_tracking":false,"_exactmetrics_sitenote_active":false,"_exactmetrics_sitenote_note":"","_exactmetrics_sitenote_category":0,"footnotes":""},"categories":[2],"tags":[21],"class_list":["post-65312","post","type-post","status-publish","format-standard","has-post-thumbnail","hentry","category-arcos-de-valdevez","tag-economia"],"yoast_head":"<!-- This site is optimized with the Yoast SEO Premium plugin v27.5 (Yoast SEO v27.5) - https:\/\/yoast.com\/product\/yoast-seo-premium-wordpress\/ -->\n<title>Aprovados mais 271 mil euros para apoiar 13 freguesias de Arcos de Valdevez<\/title>\n<meta name=\"robots\" content=\"index, follow, max-snippet:-1, max-image-preview:large, max-video-preview:-1\" \/>\n<link rel=\"canonical\" href=\"https:\/\/www.altominho.tv\/site\/2021\/04\/16\/aprovados-mais-271-mil-euros-para-apoiar-13-freguesias-de-arcos-de-valdevez\/\" \/>\n<meta property=\"og:locale\" content=\"pt_PT\" \/>\n<meta property=\"og:type\" content=\"article\" \/>\n<meta property=\"og:title\" content=\"Aprovados mais 271 mil euros para apoiar 13 freguesias de Arcos de Valdevez\" \/>\n<meta property=\"og:description\" content=\"A C\u00e2mara Municipal aprovou a celebra\u00e7\u00e3o de novos protocolos com mais 13 juntas de freguesia do concelho, no valor global de 271 mil euros. Em comunicado, o executivo presidido por Jo\u00e3o Manuel Esteves adiantou que as verbas servir\u00e3o para apoiar a &#8220;realiza\u00e7\u00e3o de obras de beneficia\u00e7\u00e3o da rede vi\u00e1ria, de edif\u00edcios e espa\u00e7os, bem como [&hellip;]\" \/>\n<meta property=\"og:url\" content=\"https:\/\/www.altominho.tv\/site\/2021\/04\/16\/aprovados-mais-271-mil-euros-para-apoiar-13-freguesias-de-arcos-de-valdevez\/\" \/>\n<meta property=\"og:site_name\" content=\"Altominho.tv\" \/>\n<meta property=\"article:publisher\" content=\"https:\/\/www.facebook.com\/altominhotv\" \/>\n<meta property=\"article:published_time\" content=\"2021-04-16T13:38:08+00:00\" \/>\n<meta property=\"article:modified_time\" content=\"2021-04-16T13:38:12+00:00\" \/>\n<meta property=\"og:image\" content=\"https:\/\/www.altominho.tv\/site\/wp-content\/uploads\/2021\/04\/Apoios-freguesias-arcos.jpg\" \/>\n\t<meta property=\"og:image:width\" content=\"940\" \/>\n\t<meta property=\"og:image:height\" content=\"520\" \/>\n\t<meta property=\"og:image:type\" content=\"image\/jpeg\" \/>\n<meta name=\"author\" content=\"Andreia Ferreira\" \/>\n<meta name=\"twitter:card\" content=\"summary_large_image\" \/>\n<meta name=\"twitter:creator\" content=\"@altominhoTV\" \/>\n<meta name=\"twitter:site\" content=\"@altominhoTV\" \/>\n<meta name=\"twitter:label1\" content=\"Escrito por\" \/>\n\t<meta name=\"twitter:data1\" content=\"Andreia Ferreira\" \/>\n\t<meta name=\"twitter:label2\" content=\"Tempo estimado de leitura\" \/>\n\t<meta name=\"twitter:data2\" content=\"1 minuto\" \/>\n<script type=\"application\/ld+json\" class=\"yoast-schema-graph\">{\"@context\":\"https:\\\/\\\/schema.org\",\"@graph\":[{\"@type\":\"Article\",\"@id\":\"https:\\\/\\\/www.altominho.tv\\\/site\\\/2021\\\/04\\\/16\\\/aprovados-mais-271-mil-euros-para-apoiar-13-freguesias-de-arcos-de-valdevez\\\/#article\",\"isPartOf\":{\"@id\":\"https:\\\/\\\/www.altominho.tv\\\/site\\\/2021\\\/04\\\/16\\\/aprovados-mais-271-mil-euros-para-apoiar-13-freguesias-de-arcos-de-valdevez\\\/\"},\"author\":{\"name\":\"Andreia Ferreira\",\"@id\":\"https:\\\/\\\/www.altominho.tv\\\/site\\\/#\\\/schema\\\/person\\\/d9be4265364723f14ea8e0d56a1d38cd\"},\"headline\":\"Aprovados mais 271 mil euros para apoiar 13 freguesias de Arcos de Valdevez\",\"datePublished\":\"2021-04-16T13:38:08+00:00\",\"dateModified\":\"2021-04-16T13:38:12+00:00\",\"mainEntityOfPage\":{\"@id\":\"https:\\\/\\\/www.altominho.tv\\\/site\\\/2021\\\/04\\\/16\\\/aprovados-mais-271-mil-euros-para-apoiar-13-freguesias-de-arcos-de-valdevez\\\/\"},\"wordCount\":179,\"image\":{\"@id\":\"https:\\\/\\\/www.altominho.tv\\\/site\\\/2021\\\/04\\\/16\\\/aprovados-mais-271-mil-euros-para-apoiar-13-freguesias-de-arcos-de-valdevez\\\/#primaryimage\"},\"thumbnailUrl\":\"https:\\\/\\\/www.altominho.tv\\\/site\\\/wp-content\\\/uploads\\\/2021\\\/04\\\/Apoios-freguesias-arcos.jpg\",\"keywords\":[\"Economia\"],\"articleSection\":[\"Arcos de Valdevez\"],\"inLanguage\":\"pt-PT\",\"copyrightYear\":\"2021\",\"copyrightHolder\":{\"@id\":\"https:\\\/\\\/www.altominho.tv\\\/site\\\/#organization\"}},{\"@type\":\"WebPage\",\"@id\":\"https:\\\/\\\/www.altominho.tv\\\/site\\\/2021\\\/04\\\/16\\\/aprovados-mais-271-mil-euros-para-apoiar-13-freguesias-de-arcos-de-valdevez\\\/\",\"url\":\"https:\\\/\\\/www.altominho.tv\\\/site\\\/2021\\\/04\\\/16\\\/aprovados-mais-271-mil-euros-para-apoiar-13-freguesias-de-arcos-de-valdevez\\\/\",\"name\":\"Aprovados mais 271 mil euros para apoiar 13 freguesias de Arcos de Valdevez\",\"isPartOf\":{\"@id\":\"https:\\\/\\\/www.altominho.tv\\\/site\\\/#website\"},\"primaryImageOfPage\":{\"@id\":\"https:\\\/\\\/www.altominho.tv\\\/site\\\/2021\\\/04\\\/16\\\/aprovados-mais-271-mil-euros-para-apoiar-13-freguesias-de-arcos-de-valdevez\\\/#primaryimage\"},\"image\":{\"@id\":\"https:\\\/\\\/www.altominho.tv\\\/site\\\/2021\\\/04\\\/16\\\/aprovados-mais-271-mil-euros-para-apoiar-13-freguesias-de-arcos-de-valdevez\\\/#primaryimage\"},\"thumbnailUrl\":\"https:\\\/\\\/www.altominho.tv\\\/site\\\/wp-content\\\/uploads\\\/2021\\\/04\\\/Apoios-freguesias-arcos.jpg\",\"datePublished\":\"2021-04-16T13:38:08+00:00\",\"dateModified\":\"2021-04-16T13:38:12+00:00\",\"author\":{\"@id\":\"https:\\\/\\\/www.altominho.tv\\\/site\\\/#\\\/schema\\\/person\\\/d9be4265364723f14ea8e0d56a1d38cd\"},\"breadcrumb\":{\"@id\":\"https:\\\/\\\/www.altominho.tv\\\/site\\\/2021\\\/04\\\/16\\\/aprovados-mais-271-mil-euros-para-apoiar-13-freguesias-de-arcos-de-valdevez\\\/#breadcrumb\"},\"inLanguage\":\"pt-PT\",\"potentialAction\":[{\"@type\":\"ReadAction\",\"target\":[\"https:\\\/\\\/www.altominho.tv\\\/site\\\/2021\\\/04\\\/16\\\/aprovados-mais-271-mil-euros-para-apoiar-13-freguesias-de-arcos-de-valdevez\\\/\"]}]},{\"@type\":\"ImageObject\",\"inLanguage\":\"pt-PT\",\"@id\":\"https:\\\/\\\/www.altominho.tv\\\/site\\\/2021\\\/04\\\/16\\\/aprovados-mais-271-mil-euros-para-apoiar-13-freguesias-de-arcos-de-valdevez\\\/#primaryimage\",\"url\":\"https:\\\/\\\/www.altominho.tv\\\/site\\\/wp-content\\\/uploads\\\/2021\\\/04\\\/Apoios-freguesias-arcos.jpg\",\"contentUrl\":\"https:\\\/\\\/www.altominho.tv\\\/site\\\/wp-content\\\/uploads\\\/2021\\\/04\\\/Apoios-freguesias-arcos.jpg\",\"width\":940,\"height\":520},{\"@type\":\"BreadcrumbList\",\"@id\":\"https:\\\/\\\/www.altominho.tv\\\/site\\\/2021\\\/04\\\/16\\\/aprovados-mais-271-mil-euros-para-apoiar-13-freguesias-de-arcos-de-valdevez\\\/#breadcrumb\",\"itemListElement\":[{\"@type\":\"ListItem\",\"position\":1,\"name\":\"In\u00edcio\",\"item\":\"https:\\\/\\\/www.altominho.tv\\\/site\\\/\"},{\"@type\":\"ListItem\",\"position\":2,\"name\":\"Aprovados mais 271 mil euros para apoiar 13 freguesias de Arcos de Valdevez\"}]},{\"@type\":\"WebSite\",\"@id\":\"https:\\\/\\\/www.altominho.tv\\\/site\\\/#website\",\"url\":\"https:\\\/\\\/www.altominho.tv\\\/site\\\/\",\"name\":\"Altominho.tv\",\"description\":\"A sua regi\u00e3o \u00e0 dist\u00e2ncia de um clique...\",\"potentialAction\":[{\"@type\":\"SearchAction\",\"target\":{\"@type\":\"EntryPoint\",\"urlTemplate\":\"https:\\\/\\\/www.altominho.tv\\\/site\\\/?s={search_term_string}\"},\"query-input\":{\"@type\":\"PropertyValueSpecification\",\"valueRequired\":true,\"valueName\":\"search_term_string\"}}],\"inLanguage\":\"pt-PT\"},{\"@type\":\"Person\",\"@id\":\"https:\\\/\\\/www.altominho.tv\\\/site\\\/#\\\/schema\\\/person\\\/d9be4265364723f14ea8e0d56a1d38cd\",\"name\":\"Andreia Ferreira\",\"image\":{\"@type\":\"ImageObject\",\"inLanguage\":\"pt-PT\",\"@id\":\"https:\\\/\\\/www.altominho.tv\\\/site\\\/wp-content\\\/uploads\\\/2021\\\/01\\\/AndreiaFerreira-150x150.jpg\",\"url\":\"https:\\\/\\\/www.altominho.tv\\\/site\\\/wp-content\\\/uploads\\\/2021\\\/01\\\/AndreiaFerreira-150x150.jpg\",\"contentUrl\":\"https:\\\/\\\/www.altominho.tv\\\/site\\\/wp-content\\\/uploads\\\/2021\\\/01\\\/AndreiaFerreira-150x150.jpg\",\"caption\":\"Andreia Ferreira\"},\"url\":\"https:\\\/\\\/www.altominho.tv\\\/site\\\/author\\\/andreiaferreira\\\/\"}]}<\/script>\n<!-- \/ Yoast SEO Premium plugin. -->","yoast_head_json":{"title":"Aprovados mais 271 mil euros para apoiar 13 freguesias de Arcos de Valdevez","robots":{"index":"index","follow":"follow","max-snippet":"max-snippet:-1","max-image-preview":"max-image-preview:large","max-video-preview":"max-video-preview:-1"},"canonical":"https:\/\/www.altominho.tv\/site\/2021\/04\/16\/aprovados-mais-271-mil-euros-para-apoiar-13-freguesias-de-arcos-de-valdevez\/","og_locale":"pt_PT","og_type":"article","og_title":"Aprovados mais 271 mil euros para apoiar 13 freguesias de Arcos de Valdevez","og_description":"A C\u00e2mara Municipal aprovou a celebra\u00e7\u00e3o de novos protocolos com mais 13 juntas de freguesia do concelho, no valor global de 271 mil euros. Em comunicado, o executivo presidido por Jo\u00e3o Manuel Esteves adiantou que as verbas servir\u00e3o para apoiar a &#8220;realiza\u00e7\u00e3o de obras de beneficia\u00e7\u00e3o da rede vi\u00e1ria, de edif\u00edcios e espa\u00e7os, bem como [&hellip;]","og_url":"https:\/\/www.altominho.tv\/site\/2021\/04\/16\/aprovados-mais-271-mil-euros-para-apoiar-13-freguesias-de-arcos-de-valdevez\/","og_site_name":"Altominho.tv","article_publisher":"https:\/\/www.facebook.com\/altominhotv","article_published_time":"2021-04-16T13:38:08+00:00","article_modified_time":"2021-04-16T13:38:12+00:00","og_image":[{"width":940,"height":520,"url":"https:\/\/www.altominho.tv\/site\/wp-content\/uploads\/2021\/04\/Apoios-freguesias-arcos.jpg","type":"image\/jpeg"}],"author":"Andreia Ferreira","twitter_card":"summary_large_image","twitter_creator":"@altominhoTV","twitter_site":"@altominhoTV","twitter_misc":{"Escrito por":"Andreia Ferreira","Tempo estimado de leitura":"1 minuto"},"schema":{"@context":"https:\/\/schema.org","@graph":[{"@type":"Article","@id":"https:\/\/www.altominho.tv\/site\/2021\/04\/16\/aprovados-mais-271-mil-euros-para-apoiar-13-freguesias-de-arcos-de-valdevez\/#article","isPartOf":{"@id":"https:\/\/www.altominho.tv\/site\/2021\/04\/16\/aprovados-mais-271-mil-euros-para-apoiar-13-freguesias-de-arcos-de-valdevez\/"},"author":{"name":"Andreia Ferreira","@id":"https:\/\/www.altominho.tv\/site\/#\/schema\/person\/d9be4265364723f14ea8e0d56a1d38cd"},"headline":"Aprovados mais 271 mil euros para apoiar 13 freguesias de Arcos de Valdevez","datePublished":"2021-04-16T13:38:08+00:00","dateModified":"2021-04-16T13:38:12+00:00","mainEntityOfPage":{"@id":"https:\/\/www.altominho.tv\/site\/2021\/04\/16\/aprovados-mais-271-mil-euros-para-apoiar-13-freguesias-de-arcos-de-valdevez\/"},"wordCount":179,"image":{"@id":"https:\/\/www.altominho.tv\/site\/2021\/04\/16\/aprovados-mais-271-mil-euros-para-apoiar-13-freguesias-de-arcos-de-valdevez\/#primaryimage"},"thumbnailUrl":"https:\/\/www.altominho.tv\/site\/wp-content\/uploads\/2021\/04\/Apoios-freguesias-arcos.jpg","keywords":["Economia"],"articleSection":["Arcos de Valdevez"],"inLanguage":"pt-PT","copyrightYear":"2021","copyrightHolder":{"@id":"https:\/\/www.altominho.tv\/site\/#organization"}},{"@type":"WebPage","@id":"https:\/\/www.altominho.tv\/site\/2021\/04\/16\/aprovados-mais-271-mil-euros-para-apoiar-13-freguesias-de-arcos-de-valdevez\/","url":"https:\/\/www.altominho.tv\/site\/2021\/04\/16\/aprovados-mais-271-mil-euros-para-apoiar-13-freguesias-de-arcos-de-valdevez\/","name":"Aprovados mais 271 mil euros para apoiar 13 freguesias de Arcos de Valdevez","isPartOf":{"@id":"https:\/\/www.altominho.tv\/site\/#website"},"primaryImageOfPage":{"@id":"https:\/\/www.altominho.tv\/site\/2021\/04\/16\/aprovados-mais-271-mil-euros-para-apoiar-13-freguesias-de-arcos-de-valdevez\/#primaryimage"},"image":{"@id":"https:\/\/www.altominho.tv\/site\/2021\/04\/16\/aprovados-mais-271-mil-euros-para-apoiar-13-freguesias-de-arcos-de-valdevez\/#primaryimage"},"thumbnailUrl":"https:\/\/www.altominho.tv\/site\/wp-content\/uploads\/2021\/04\/Apoios-freguesias-arcos.jpg","datePublished":"2021-04-16T13:38:08+00:00","dateModified":"2021-04-16T13:38:12+00:00","author":{"@id":"https:\/\/www.altominho.tv\/site\/#\/schema\/person\/d9be4265364723f14ea8e0d56a1d38cd"},"breadcrumb":{"@id":"https:\/\/www.altominho.tv\/site\/2021\/04\/16\/aprovados-mais-271-mil-euros-para-apoiar-13-freguesias-de-arcos-de-valdevez\/#breadcrumb"},"inLanguage":"pt-PT","potentialAction":[{"@type":"ReadAction","target":["https:\/\/www.altominho.tv\/site\/2021\/04\/16\/aprovados-mais-271-mil-euros-para-apoiar-13-freguesias-de-arcos-de-valdevez\/"]}]},{"@type":"ImageObject","inLanguage":"pt-PT","@id":"https:\/\/www.altominho.tv\/site\/2021\/04\/16\/aprovados-mais-271-mil-euros-para-apoiar-13-freguesias-de-arcos-de-valdevez\/#primaryimage","url":"https:\/\/www.altominho.tv\/site\/wp-content\/uploads\/2021\/04\/Apoios-freguesias-arcos.jpg","contentUrl":"https:\/\/www.altominho.tv\/site\/wp-content\/uploads\/2021\/04\/Apoios-freguesias-arcos.jpg","width":940,"height":520},{"@type":"BreadcrumbList","@id":"https:\/\/www.altominho.tv\/site\/2021\/04\/16\/aprovados-mais-271-mil-euros-para-apoiar-13-freguesias-de-arcos-de-valdevez\/#breadcrumb","itemListElement":[{"@type":"ListItem","position":1,"name":"In\u00edcio","item":"https:\/\/www.altominho.tv\/site\/"},{"@type":"ListItem","position":2,"name":"Aprovados mais 271 mil euros para apoiar 13 freguesias de Arcos de Valdevez"}]},{"@type":"WebSite","@id":"https:\/\/www.altominho.tv\/site\/#website","url":"https:\/\/www.altominho.tv\/site\/","name":"Altominho.tv","description":"A sua regi\u00e3o \u00e0 dist\u00e2ncia de um clique...","potentialAction":[{"@type":"SearchAction","target":{"@type":"EntryPoint","urlTemplate":"https:\/\/www.altominho.tv\/site\/?s={search_term_string}"},"query-input":{"@type":"PropertyValueSpecification","valueRequired":true,"valueName":"search_term_string"}}],"inLanguage":"pt-PT"},{"@type":"Person","@id":"https:\/\/www.altominho.tv\/site\/#\/schema\/person\/d9be4265364723f14ea8e0d56a1d38cd","name":"Andreia Ferreira","image":{"@type":"ImageObject","inLanguage":"pt-PT","@id":"https:\/\/www.altominho.tv\/site\/wp-content\/uploads\/2021\/01\/AndreiaFerreira-150x150.jpg","url":"https:\/\/www.altominho.tv\/site\/wp-content\/uploads\/2021\/01\/AndreiaFerreira-150x150.jpg","contentUrl":"https:\/\/www.altominho.tv\/site\/wp-content\/uploads\/2021\/01\/AndreiaFerreira-150x150.jpg","caption":"Andreia Ferreira"},"url":"https:\/\/www.altominho.tv\/site\/author\/andreiaferreira\/"}]}},"_links":{"self":[{"href":"https:\/\/www.altominho.tv\/site\/wp-json\/wp\/v2\/posts\/65312","targetHints":{"allow":["GET"]}}],"collection":[{"href":"https:\/\/www.altominho.tv\/site\/wp-json\/wp\/v2\/posts"}],"about":[{"href":"https:\/\/www.altominho.tv\/site\/wp-json\/wp\/v2\/types\/post"}],"author":[{"embeddable":true,"href":"https:\/\/www.altominho.tv\/site\/wp-json\/wp\/v2\/users\/12"}],"replies":[{"embeddable":true,"href":"https:\/\/www.altominho.tv\/site\/wp-json\/wp\/v2\/comments?post=65312"}],"version-history":[{"count":0,"href":"https:\/\/www.altominho.tv\/site\/wp-json\/wp\/v2\/posts\/65312\/revisions"}],"wp:featuredmedia":[{"embeddable":true,"href":"https:\/\/www.altominho.tv\/site\/wp-json\/wp\/v2\/media\/65313"}],"wp:attachment":[{"href":"https:\/\/www.altominho.tv\/site\/wp-json\/wp\/v2\/media?parent=65312"}],"wp:term":[{"taxonomy":"category","embeddable":true,"href":"https:\/\/www.altominho.tv\/site\/wp-json\/wp\/v2\/categories?post=65312"},{"taxonomy":"post_tag","embeddable":true,"href":"https:\/\/www.altominho.tv\/site\/wp-json\/wp\/v2\/tags?post=65312"}],"curies":[{"name":"wp","href":"https:\/\/api.w.org\/{rel}","templated":true}]}}