{"id":65277,"date":"2021-04-15T17:44:34","date_gmt":"2021-04-15T16:44:34","guid":{"rendered":"https:\/\/www.altominho.tv\/site\/?p=65277"},"modified":"2021-04-15T17:44:36","modified_gmt":"2021-04-15T16:44:36","slug":"alto-minho-ja-administrou-mais-de-60-mil-doses-de-vacinas","status":"publish","type":"post","link":"https:\/\/www.altominho.tv\/site\/2021\/04\/15\/alto-minho-ja-administrou-mais-de-60-mil-doses-de-vacinas\/","title":{"rendered":"Alto Minho j\u00e1 administrou mais de 60 mil doses de vacinas"},"content":{"rendered":"<p>No distrito de Viana do Castelo j\u00e1 foram administradas 60.976 vacinas contra a Covid-19 \u2014\u200b \u00a046.200 destas correspondentes a primeiras doses e 14.776 a segundas doses \u2014 desde que o programa de vacina\u00e7\u00e3o teve in\u00edcio, a 27 de dezembro, segundo a atualiza\u00e7\u00e3o mais recente da Unidade Local de Sa\u00fade do Alto Minho (ULSAM).<\/p>\n<p>O relat\u00f3rio da vacina\u00e7\u00e3o no Alto Minho, divulgado esta quinta-feira, indica que, at\u00e9 ao dia 11 de abril, a ULSAM recebeu 52.486 doses de vacinas, mais 5666 do que na semana anterior, e acrescenta que\u00a0&#8220;a diferen\u00e7a entre o n\u00famero de doses de vacinas recebidas e doses administradas \u00e9 justificada pela possibilidade de retirada de mais uma dose dos frascos de vacina ou por vacina\u00e7\u00e3o realizada em centro de vacina\u00e7\u00e3o externo&#8221;.<\/p>\n<p><img loading=\"lazy\" decoding=\"async\" class=\"alignnone size-large wp-image-65280\" src=\"https:\/\/www.altominho.tv\/site\/wp-content\/uploads\/2021\/04\/Doses-vacinas-1024x486.jpg\" alt=\"\" width=\"770\" height=\"365\" srcset=\"https:\/\/www.altominho.tv\/site\/wp-content\/uploads\/2021\/04\/Doses-vacinas-1024x486.jpg 1024w, https:\/\/www.altominho.tv\/site\/wp-content\/uploads\/2021\/04\/Doses-vacinas-770x365.jpg 770w, https:\/\/www.altominho.tv\/site\/wp-content\/uploads\/2021\/04\/Doses-vacinas-768x364.jpg 768w, https:\/\/www.altominho.tv\/site\/wp-content\/uploads\/2021\/04\/Doses-vacinas-1536x728.jpg 1536w, https:\/\/www.altominho.tv\/site\/wp-content\/uploads\/2021\/04\/Doses-vacinas-2048x971.jpg 2048w, https:\/\/www.altominho.tv\/site\/wp-content\/uploads\/2021\/04\/Doses-vacinas-370x175.jpg 370w, https:\/\/www.altominho.tv\/site\/wp-content\/uploads\/2021\/04\/Doses-vacinas-270x128.jpg 270w, https:\/\/www.altominho.tv\/site\/wp-content\/uploads\/2021\/04\/Doses-vacinas-570x270.jpg 570w, https:\/\/www.altominho.tv\/site\/wp-content\/uploads\/2021\/04\/Doses-vacinas-740x351.jpg 740w\" sizes=\"auto, (max-width: 770px) 100vw, 770px\" \/><\/p>\n<p>At\u00e9 ao \u00faltimo domingo, o n\u00famero total de pessoas com vacina\u00e7\u00e3o completa representava 5,8% da popula\u00e7\u00e3o inscrita na ULSAM, enquanto que 18,2% recebeu a primeira dose.<\/p>\n<p>J\u00e1 foram administradas 56.739 doses na comunidade, sendo que a maioria foi administrada a pessoas com mais de 80 anos.\u00a0<\/p>\n<div>\n<p>Ainda de acordo com o relat\u00f3rio da ULSAM, foram administradas 6538 vacinas no concelho de Arcos de Valdevez, 4619 em Caminha, 3366 em Melga\u00e7o, 4920 em Mon\u00e7\u00e3o, 3433 em Paredes de Coura, em 3759 em Ponte da Barca, 8964 em Ponte de Lima, 3580 em Valen\u00e7a, 19.070 em Viana do Castelo e 2727 em Vila Nova de Cerveira.<\/p>\n<\/div>\n\n\n<figure class=\"wp-block-image size-large\"><img loading=\"lazy\" decoding=\"async\" width=\"1024\" height=\"798\" src=\"https:\/\/www.altominho.tv\/site\/wp-content\/uploads\/2021\/04\/Concelhos-vacinas-1024x798.jpg\" alt=\"\" class=\"wp-image-65281\" srcset=\"https:\/\/www.altominho.tv\/site\/wp-content\/uploads\/2021\/04\/Concelhos-vacinas-1024x798.jpg 1024w, https:\/\/www.altominho.tv\/site\/wp-content\/uploads\/2021\/04\/Concelhos-vacinas-555x433.jpg 555w, https:\/\/www.altominho.tv\/site\/wp-content\/uploads\/2021\/04\/Concelhos-vacinas-768x599.jpg 768w, https:\/\/www.altominho.tv\/site\/wp-content\/uploads\/2021\/04\/Concelhos-vacinas-1536x1197.jpg 1536w, https:\/\/www.altominho.tv\/site\/wp-content\/uploads\/2021\/04\/Concelhos-vacinas-2048x1597.jpg 2048w, https:\/\/www.altominho.tv\/site\/wp-content\/uploads\/2021\/04\/Concelhos-vacinas-370x288.jpg 370w, https:\/\/www.altominho.tv\/site\/wp-content\/uploads\/2021\/04\/Concelhos-vacinas-385x300.jpg 385w, https:\/\/www.altominho.tv\/site\/wp-content\/uploads\/2021\/04\/Concelhos-vacinas-270x210.jpg 270w, https:\/\/www.altominho.tv\/site\/wp-content\/uploads\/2021\/04\/Concelhos-vacinas-570x444.jpg 570w, https:\/\/www.altominho.tv\/site\/wp-content\/uploads\/2021\/04\/Concelhos-vacinas-740x577.jpg 740w\" sizes=\"auto, (max-width: 1024px) 100vw, 1024px\" \/><figcaption>ULSAM<\/figcaption><\/figure>\n\n\n\n<figure class=\"wp-block-image size-large\"><img loading=\"lazy\" decoding=\"async\" width=\"1024\" height=\"944\" src=\"https:\/\/www.altominho.tv\/site\/wp-content\/uploads\/2021\/04\/Relato\u0301rio-da-vacinac\u0327a\u0303o-1024x944.jpg\" alt=\"\" class=\"wp-image-65279\" srcset=\"https:\/\/www.altominho.tv\/site\/wp-content\/uploads\/2021\/04\/Relato\u0301rio-da-vacinac\u0327a\u0303o-1024x944.jpg 1024w, https:\/\/www.altominho.tv\/site\/wp-content\/uploads\/2021\/04\/Relato\u0301rio-da-vacinac\u0327a\u0303o-470x433.jpg 470w, https:\/\/www.altominho.tv\/site\/wp-content\/uploads\/2021\/04\/Relato\u0301rio-da-vacinac\u0327a\u0303o-768x708.jpg 768w, https:\/\/www.altominho.tv\/site\/wp-content\/uploads\/2021\/04\/Relato\u0301rio-da-vacinac\u0327a\u0303o-1536x1416.jpg 1536w, https:\/\/www.altominho.tv\/site\/wp-content\/uploads\/2021\/04\/Relato\u0301rio-da-vacinac\u0327a\u0303o-2048x1888.jpg 2048w, https:\/\/www.altominho.tv\/site\/wp-content\/uploads\/2021\/04\/Relato\u0301rio-da-vacinac\u0327a\u0303o-370x341.jpg 370w, https:\/\/www.altominho.tv\/site\/wp-content\/uploads\/2021\/04\/Relato\u0301rio-da-vacinac\u0327a\u0303o-270x249.jpg 270w, https:\/\/www.altominho.tv\/site\/wp-content\/uploads\/2021\/04\/Relato\u0301rio-da-vacinac\u0327a\u0303o-570x526.jpg 570w, https:\/\/www.altominho.tv\/site\/wp-content\/uploads\/2021\/04\/Relato\u0301rio-da-vacinac\u0327a\u0303o-740x682.jpg 740w\" sizes=\"auto, (max-width: 1024px) 100vw, 1024px\" \/><figcaption>ULSAM<\/figcaption><\/figure>\n","protected":false},"excerpt":{"rendered":"<p>No distrito de Viana do Castelo j\u00e1 foram administradas 60.976 vacinas contra a Covid-19 \u2014\u200b \u00a046.200 destas correspondentes a primeiras doses e 14.776 a segundas doses \u2014 desde que o programa de vacina\u00e7\u00e3o teve in\u00edcio, a 27 de dezembro, segundo a atualiza\u00e7\u00e3o mais recente da Unidade Local de Sa\u00fade do Alto Minho (ULSAM). O relat\u00f3rio [&hellip;]<\/p>\n","protected":false},"author":12,"featured_media":60699,"comment_status":"closed","ping_status":"closed","sticky":false,"template":"","format":"standard","meta":{"_exactmetrics_skip_tracking":false,"footnotes":""},"categories":[73],"tags":[26],"class_list":["post-65277","post","type-post","status-publish","format-standard","has-post-thumbnail","hentry","category-alto-minho","tag-saude"],"yoast_head":"<!-- This site is optimized with the Yoast SEO Premium plugin v28.3 (Yoast SEO v28.3) - https:\/\/yoast.com\/product\/yoast-seo-premium-wordpress\/ -->\n<title>Alto Minho j\u00e1 administrou mais de 60 mil doses de vacinas<\/title>\n<meta name=\"robots\" content=\"index, follow, max-snippet:-1, max-image-preview:large, max-video-preview:-1\" \/>\n<link rel=\"canonical\" href=\"https:\/\/www.altominho.tv\/site\/2021\/04\/15\/alto-minho-ja-administrou-mais-de-60-mil-doses-de-vacinas\/\" \/>\n<meta property=\"og:locale\" content=\"pt_PT\" \/>\n<meta property=\"og:type\" content=\"article\" \/>\n<meta property=\"og:title\" content=\"Alto Minho j\u00e1 administrou mais de 60 mil doses de vacinas\" \/>\n<meta property=\"og:description\" content=\"No distrito de Viana do Castelo j\u00e1 foram administradas 60.976 vacinas contra a Covid-19 \u2014\u200b \u00a046.200 destas correspondentes a primeiras doses e 14.776 a segundas doses \u2014 desde que o programa de vacina\u00e7\u00e3o teve in\u00edcio, a 27 de dezembro, segundo a atualiza\u00e7\u00e3o mais recente da Unidade Local de Sa\u00fade do Alto Minho (ULSAM). O relat\u00f3rio [&hellip;]\" \/>\n<meta property=\"og:url\" content=\"https:\/\/www.altominho.tv\/site\/2021\/04\/15\/alto-minho-ja-administrou-mais-de-60-mil-doses-de-vacinas\/\" \/>\n<meta property=\"og:site_name\" content=\"Altominho.tv\" \/>\n<meta property=\"article:publisher\" content=\"https:\/\/www.facebook.com\/altominhotv\" \/>\n<meta property=\"article:published_time\" content=\"2021-04-15T16:44:34+00:00\" \/>\n<meta property=\"article:modified_time\" content=\"2021-04-15T16:44:36+00:00\" \/>\n<meta property=\"og:image\" content=\"https:\/\/www.altominho.tv\/site\/wp-content\/uploads\/2021\/01\/vac1.jpg\" \/>\n\t<meta property=\"og:image:width\" content=\"1920\" \/>\n\t<meta property=\"og:image:height\" content=\"1080\" \/>\n\t<meta property=\"og:image:type\" content=\"image\/jpeg\" \/>\n<meta name=\"author\" content=\"Andreia Ferreira\" \/>\n<meta name=\"twitter:card\" content=\"summary_large_image\" \/>\n<meta name=\"twitter:creator\" content=\"@altominhoTV\" \/>\n<meta name=\"twitter:site\" content=\"@altominhoTV\" \/>\n<meta name=\"twitter:label1\" content=\"Escrito por\" \/>\n\t<meta name=\"twitter:data1\" content=\"Andreia Ferreira\" \/>\n\t<meta name=\"twitter:label2\" content=\"Tempo estimado de leitura\" \/>\n\t<meta name=\"twitter:data2\" content=\"1 minuto\" \/>\n<script type=\"application\/ld+json\" class=\"yoast-schema-graph\">{\"@context\":\"https:\\\/\\\/schema.org\",\"@graph\":[{\"@type\":\"Article\",\"@id\":\"https:\\\/\\\/www.altominho.tv\\\/site\\\/2021\\\/04\\\/15\\\/alto-minho-ja-administrou-mais-de-60-mil-doses-de-vacinas\\\/#article\",\"isPartOf\":{\"@id\":\"https:\\\/\\\/www.altominho.tv\\\/site\\\/2021\\\/04\\\/15\\\/alto-minho-ja-administrou-mais-de-60-mil-doses-de-vacinas\\\/\"},\"author\":{\"name\":\"Andreia Ferreira\",\"@id\":\"https:\\\/\\\/www.altominho.tv\\\/site\\\/#\\\/schema\\\/person\\\/d9be4265364723f14ea8e0d56a1d38cd\"},\"headline\":\"Alto Minho j\u00e1 administrou mais de 60 mil doses de vacinas\",\"datePublished\":\"2021-04-15T16:44:34+00:00\",\"dateModified\":\"2021-04-15T16:44:36+00:00\",\"mainEntityOfPage\":{\"@id\":\"https:\\\/\\\/www.altominho.tv\\\/site\\\/2021\\\/04\\\/15\\\/alto-minho-ja-administrou-mais-de-60-mil-doses-de-vacinas\\\/\"},\"wordCount\":233,\"image\":{\"@id\":\"https:\\\/\\\/www.altominho.tv\\\/site\\\/2021\\\/04\\\/15\\\/alto-minho-ja-administrou-mais-de-60-mil-doses-de-vacinas\\\/#primaryimage\"},\"thumbnailUrl\":\"https:\\\/\\\/www.altominho.tv\\\/site\\\/wp-content\\\/uploads\\\/2021\\\/01\\\/vac1.jpg\",\"keywords\":[\"Sa\u00fade\"],\"articleSection\":[\"Alto Minho\"],\"inLanguage\":\"pt-PT\",\"copyrightYear\":\"2021\",\"copyrightHolder\":{\"@id\":\"https:\\\/\\\/www.altominho.tv\\\/site\\\/#organization\"}},{\"@type\":\"WebPage\",\"@id\":\"https:\\\/\\\/www.altominho.tv\\\/site\\\/2021\\\/04\\\/15\\\/alto-minho-ja-administrou-mais-de-60-mil-doses-de-vacinas\\\/\",\"url\":\"https:\\\/\\\/www.altominho.tv\\\/site\\\/2021\\\/04\\\/15\\\/alto-minho-ja-administrou-mais-de-60-mil-doses-de-vacinas\\\/\",\"name\":\"Alto Minho j\u00e1 administrou mais de 60 mil doses de vacinas\",\"isPartOf\":{\"@id\":\"https:\\\/\\\/www.altominho.tv\\\/site\\\/#website\"},\"primaryImageOfPage\":{\"@id\":\"https:\\\/\\\/www.altominho.tv\\\/site\\\/2021\\\/04\\\/15\\\/alto-minho-ja-administrou-mais-de-60-mil-doses-de-vacinas\\\/#primaryimage\"},\"image\":{\"@id\":\"https:\\\/\\\/www.altominho.tv\\\/site\\\/2021\\\/04\\\/15\\\/alto-minho-ja-administrou-mais-de-60-mil-doses-de-vacinas\\\/#primaryimage\"},\"thumbnailUrl\":\"https:\\\/\\\/www.altominho.tv\\\/site\\\/wp-content\\\/uploads\\\/2021\\\/01\\\/vac1.jpg\",\"datePublished\":\"2021-04-15T16:44:34+00:00\",\"dateModified\":\"2021-04-15T16:44:36+00:00\",\"author\":{\"@id\":\"https:\\\/\\\/www.altominho.tv\\\/site\\\/#\\\/schema\\\/person\\\/d9be4265364723f14ea8e0d56a1d38cd\"},\"breadcrumb\":{\"@id\":\"https:\\\/\\\/www.altominho.tv\\\/site\\\/2021\\\/04\\\/15\\\/alto-minho-ja-administrou-mais-de-60-mil-doses-de-vacinas\\\/#breadcrumb\"},\"inLanguage\":\"pt-PT\",\"potentialAction\":[{\"@type\":\"ReadAction\",\"target\":[\"https:\\\/\\\/www.altominho.tv\\\/site\\\/2021\\\/04\\\/15\\\/alto-minho-ja-administrou-mais-de-60-mil-doses-de-vacinas\\\/\"]}]},{\"@type\":\"ImageObject\",\"inLanguage\":\"pt-PT\",\"@id\":\"https:\\\/\\\/www.altominho.tv\\\/site\\\/2021\\\/04\\\/15\\\/alto-minho-ja-administrou-mais-de-60-mil-doses-de-vacinas\\\/#primaryimage\",\"url\":\"https:\\\/\\\/www.altominho.tv\\\/site\\\/wp-content\\\/uploads\\\/2021\\\/01\\\/vac1.jpg\",\"contentUrl\":\"https:\\\/\\\/www.altominho.tv\\\/site\\\/wp-content\\\/uploads\\\/2021\\\/01\\\/vac1.jpg\",\"width\":1920,\"height\":1080},{\"@type\":\"BreadcrumbList\",\"@id\":\"https:\\\/\\\/www.altominho.tv\\\/site\\\/2021\\\/04\\\/15\\\/alto-minho-ja-administrou-mais-de-60-mil-doses-de-vacinas\\\/#breadcrumb\",\"itemListElement\":[{\"@type\":\"ListItem\",\"position\":1,\"name\":\"In\u00edcio\",\"item\":\"https:\\\/\\\/www.altominho.tv\\\/site\\\/\"},{\"@type\":\"ListItem\",\"position\":2,\"name\":\"Alto Minho j\u00e1 administrou mais de 60 mil doses de vacinas\"}]},{\"@type\":\"WebSite\",\"@id\":\"https:\\\/\\\/www.altominho.tv\\\/site\\\/#website\",\"url\":\"https:\\\/\\\/www.altominho.tv\\\/site\\\/\",\"name\":\"Altominho.tv\",\"description\":\"A sua regi\u00e3o \u00e0 dist\u00e2ncia de um clique...\",\"potentialAction\":[{\"@type\":\"SearchAction\",\"target\":{\"@type\":\"EntryPoint\",\"urlTemplate\":\"https:\\\/\\\/www.altominho.tv\\\/site\\\/?s={search_term_string}\"},\"query-input\":{\"@type\":\"PropertyValueSpecification\",\"valueRequired\":true,\"valueName\":\"search_term_string\"}}],\"inLanguage\":\"pt-PT\"},{\"@type\":\"Person\",\"@id\":\"https:\\\/\\\/www.altominho.tv\\\/site\\\/#\\\/schema\\\/person\\\/d9be4265364723f14ea8e0d56a1d38cd\",\"name\":\"Andreia Ferreira\",\"image\":{\"@type\":\"ImageObject\",\"inLanguage\":\"pt-PT\",\"@id\":\"https:\\\/\\\/www.altominho.tv\\\/site\\\/wp-content\\\/uploads\\\/2021\\\/01\\\/AndreiaFerreira-150x150.jpg\",\"url\":\"https:\\\/\\\/www.altominho.tv\\\/site\\\/wp-content\\\/uploads\\\/2021\\\/01\\\/AndreiaFerreira-150x150.jpg\",\"contentUrl\":\"https:\\\/\\\/www.altominho.tv\\\/site\\\/wp-content\\\/uploads\\\/2021\\\/01\\\/AndreiaFerreira-150x150.jpg\",\"caption\":\"Andreia Ferreira\"},\"url\":\"https:\\\/\\\/www.altominho.tv\\\/site\\\/author\\\/andreiaferreira\\\/\"}]}<\/script>\n<!-- \/ Yoast SEO Premium plugin. -->","yoast_head_json":{"title":"Alto Minho j\u00e1 administrou mais de 60 mil doses de vacinas","robots":{"index":"index","follow":"follow","max-snippet":"max-snippet:-1","max-image-preview":"max-image-preview:large","max-video-preview":"max-video-preview:-1"},"canonical":"https:\/\/www.altominho.tv\/site\/2021\/04\/15\/alto-minho-ja-administrou-mais-de-60-mil-doses-de-vacinas\/","og_locale":"pt_PT","og_type":"article","og_title":"Alto Minho j\u00e1 administrou mais de 60 mil doses de vacinas","og_description":"No distrito de Viana do Castelo j\u00e1 foram administradas 60.976 vacinas contra a Covid-19 \u2014\u200b \u00a046.200 destas correspondentes a primeiras doses e 14.776 a segundas doses \u2014 desde que o programa de vacina\u00e7\u00e3o teve in\u00edcio, a 27 de dezembro, segundo a atualiza\u00e7\u00e3o mais recente da Unidade Local de Sa\u00fade do Alto Minho (ULSAM). O relat\u00f3rio [&hellip;]","og_url":"https:\/\/www.altominho.tv\/site\/2021\/04\/15\/alto-minho-ja-administrou-mais-de-60-mil-doses-de-vacinas\/","og_site_name":"Altominho.tv","article_publisher":"https:\/\/www.facebook.com\/altominhotv","article_published_time":"2021-04-15T16:44:34+00:00","article_modified_time":"2021-04-15T16:44:36+00:00","og_image":[{"width":1920,"height":1080,"url":"https:\/\/www.altominho.tv\/site\/wp-content\/uploads\/2021\/01\/vac1.jpg","type":"image\/jpeg"}],"author":"Andreia Ferreira","twitter_card":"summary_large_image","twitter_creator":"@altominhoTV","twitter_site":"@altominhoTV","twitter_misc":{"Escrito por":"Andreia Ferreira","Tempo estimado de leitura":"1 minuto"},"schema":{"@context":"https:\/\/schema.org","@graph":[{"@type":"Article","@id":"https:\/\/www.altominho.tv\/site\/2021\/04\/15\/alto-minho-ja-administrou-mais-de-60-mil-doses-de-vacinas\/#article","isPartOf":{"@id":"https:\/\/www.altominho.tv\/site\/2021\/04\/15\/alto-minho-ja-administrou-mais-de-60-mil-doses-de-vacinas\/"},"author":{"name":"Andreia Ferreira","@id":"https:\/\/www.altominho.tv\/site\/#\/schema\/person\/d9be4265364723f14ea8e0d56a1d38cd"},"headline":"Alto Minho j\u00e1 administrou mais de 60 mil doses de vacinas","datePublished":"2021-04-15T16:44:34+00:00","dateModified":"2021-04-15T16:44:36+00:00","mainEntityOfPage":{"@id":"https:\/\/www.altominho.tv\/site\/2021\/04\/15\/alto-minho-ja-administrou-mais-de-60-mil-doses-de-vacinas\/"},"wordCount":233,"image":{"@id":"https:\/\/www.altominho.tv\/site\/2021\/04\/15\/alto-minho-ja-administrou-mais-de-60-mil-doses-de-vacinas\/#primaryimage"},"thumbnailUrl":"https:\/\/www.altominho.tv\/site\/wp-content\/uploads\/2021\/01\/vac1.jpg","keywords":["Sa\u00fade"],"articleSection":["Alto Minho"],"inLanguage":"pt-PT","copyrightYear":"2021","copyrightHolder":{"@id":"https:\/\/www.altominho.tv\/site\/#organization"}},{"@type":"WebPage","@id":"https:\/\/www.altominho.tv\/site\/2021\/04\/15\/alto-minho-ja-administrou-mais-de-60-mil-doses-de-vacinas\/","url":"https:\/\/www.altominho.tv\/site\/2021\/04\/15\/alto-minho-ja-administrou-mais-de-60-mil-doses-de-vacinas\/","name":"Alto Minho j\u00e1 administrou mais de 60 mil doses de vacinas","isPartOf":{"@id":"https:\/\/www.altominho.tv\/site\/#website"},"primaryImageOfPage":{"@id":"https:\/\/www.altominho.tv\/site\/2021\/04\/15\/alto-minho-ja-administrou-mais-de-60-mil-doses-de-vacinas\/#primaryimage"},"image":{"@id":"https:\/\/www.altominho.tv\/site\/2021\/04\/15\/alto-minho-ja-administrou-mais-de-60-mil-doses-de-vacinas\/#primaryimage"},"thumbnailUrl":"https:\/\/www.altominho.tv\/site\/wp-content\/uploads\/2021\/01\/vac1.jpg","datePublished":"2021-04-15T16:44:34+00:00","dateModified":"2021-04-15T16:44:36+00:00","author":{"@id":"https:\/\/www.altominho.tv\/site\/#\/schema\/person\/d9be4265364723f14ea8e0d56a1d38cd"},"breadcrumb":{"@id":"https:\/\/www.altominho.tv\/site\/2021\/04\/15\/alto-minho-ja-administrou-mais-de-60-mil-doses-de-vacinas\/#breadcrumb"},"inLanguage":"pt-PT","potentialAction":[{"@type":"ReadAction","target":["https:\/\/www.altominho.tv\/site\/2021\/04\/15\/alto-minho-ja-administrou-mais-de-60-mil-doses-de-vacinas\/"]}]},{"@type":"ImageObject","inLanguage":"pt-PT","@id":"https:\/\/www.altominho.tv\/site\/2021\/04\/15\/alto-minho-ja-administrou-mais-de-60-mil-doses-de-vacinas\/#primaryimage","url":"https:\/\/www.altominho.tv\/site\/wp-content\/uploads\/2021\/01\/vac1.jpg","contentUrl":"https:\/\/www.altominho.tv\/site\/wp-content\/uploads\/2021\/01\/vac1.jpg","width":1920,"height":1080},{"@type":"BreadcrumbList","@id":"https:\/\/www.altominho.tv\/site\/2021\/04\/15\/alto-minho-ja-administrou-mais-de-60-mil-doses-de-vacinas\/#breadcrumb","itemListElement":[{"@type":"ListItem","position":1,"name":"In\u00edcio","item":"https:\/\/www.altominho.tv\/site\/"},{"@type":"ListItem","position":2,"name":"Alto Minho j\u00e1 administrou mais de 60 mil doses de vacinas"}]},{"@type":"WebSite","@id":"https:\/\/www.altominho.tv\/site\/#website","url":"https:\/\/www.altominho.tv\/site\/","name":"Altominho.tv","description":"A sua regi\u00e3o \u00e0 dist\u00e2ncia de um clique...","potentialAction":[{"@type":"SearchAction","target":{"@type":"EntryPoint","urlTemplate":"https:\/\/www.altominho.tv\/site\/?s={search_term_string}"},"query-input":{"@type":"PropertyValueSpecification","valueRequired":true,"valueName":"search_term_string"}}],"inLanguage":"pt-PT"},{"@type":"Person","@id":"https:\/\/www.altominho.tv\/site\/#\/schema\/person\/d9be4265364723f14ea8e0d56a1d38cd","name":"Andreia Ferreira","image":{"@type":"ImageObject","inLanguage":"pt-PT","@id":"https:\/\/www.altominho.tv\/site\/wp-content\/uploads\/2021\/01\/AndreiaFerreira-150x150.jpg","url":"https:\/\/www.altominho.tv\/site\/wp-content\/uploads\/2021\/01\/AndreiaFerreira-150x150.jpg","contentUrl":"https:\/\/www.altominho.tv\/site\/wp-content\/uploads\/2021\/01\/AndreiaFerreira-150x150.jpg","caption":"Andreia Ferreira"},"url":"https:\/\/www.altominho.tv\/site\/author\/andreiaferreira\/"}]}},"_links":{"self":[{"href":"https:\/\/www.altominho.tv\/site\/wp-json\/wp\/v2\/posts\/65277","targetHints":{"allow":["GET"]}}],"collection":[{"href":"https:\/\/www.altominho.tv\/site\/wp-json\/wp\/v2\/posts"}],"about":[{"href":"https:\/\/www.altominho.tv\/site\/wp-json\/wp\/v2\/types\/post"}],"author":[{"embeddable":true,"href":"https:\/\/www.altominho.tv\/site\/wp-json\/wp\/v2\/users\/12"}],"replies":[{"embeddable":true,"href":"https:\/\/www.altominho.tv\/site\/wp-json\/wp\/v2\/comments?post=65277"}],"version-history":[{"count":0,"href":"https:\/\/www.altominho.tv\/site\/wp-json\/wp\/v2\/posts\/65277\/revisions"}],"wp:featuredmedia":[{"embeddable":true,"href":"https:\/\/www.altominho.tv\/site\/wp-json\/wp\/v2\/media\/60699"}],"wp:attachment":[{"href":"https:\/\/www.altominho.tv\/site\/wp-json\/wp\/v2\/media?parent=65277"}],"wp:term":[{"taxonomy":"category","embeddable":true,"href":"https:\/\/www.altominho.tv\/site\/wp-json\/wp\/v2\/categories?post=65277"},{"taxonomy":"post_tag","embeddable":true,"href":"https:\/\/www.altominho.tv\/site\/wp-json\/wp\/v2\/tags?post=65277"}],"curies":[{"name":"wp","href":"https:\/\/api.w.org\/{rel}","templated":true}]}}