{"id":65260,"date":"2021-04-15T14:21:46","date_gmt":"2021-04-15T13:21:46","guid":{"rendered":"https:\/\/www.altominho.tv\/site\/?p=65260"},"modified":"2021-04-19T10:29:07","modified_gmt":"2021-04-19T09:29:07","slug":"moncao-vai-ter-um-novo-parque-de-estacionamento","status":"publish","type":"post","link":"https:\/\/www.altominho.tv\/site\/2021\/04\/15\/moncao-vai-ter-um-novo-parque-de-estacionamento\/","title":{"rendered":"Mon\u00e7\u00e3o vai ter um novo parque de estacionamento"},"content":{"rendered":"<p><strong>A C\u00e2mara de Mon\u00e7\u00e3o anunciou, esta quinta-feira, que vai ser constru\u00eddo um novo parque de estacionamento no centro hist\u00f3rico. A interven\u00e7\u00e3o contempla ainda a requalifica\u00e7\u00e3o urban\u00edstica do pano de muralha do baluarte existente.<\/strong><\/p>\n<p>Segundo o munic\u00edpio, o parque de estacionamento da Cova do C\u00e3o vai localizar-se na entrada do centro hist\u00f3rico, junto \u00e0 antiga esta\u00e7\u00e3o da CP, e ter\u00e1 capacidade para 67 lugares.<\/p>\n<p>O processo de adjudica\u00e7\u00e3o da empreitada encontra-se em fase de conclus\u00e3o e a interven\u00e7\u00e3o, com in\u00edcio previsto para o pr\u00f3ximo m\u00eas, vai incluir o refor\u00e7o da ilumina\u00e7\u00e3o p\u00fablica, coloca\u00e7\u00e3o de nova sinaliza\u00e7\u00e3o, cria\u00e7\u00e3o de uma \u00e1rea funcional e disciplinada com capacidade para 67 lugares de estacionamento, acrescido de espa\u00e7os pr\u00f3prios para motos e veloc\u00edpedes e tr\u00eas lugares para pessoas com mobilidade condicionada.<\/p>\n<p>&#8220;Cumprindo a fun\u00e7\u00e3o de estacionamento autom\u00f3vel, embora de uma forma desordenada num espa\u00e7o t\u00e9rreo, a presente interven\u00e7\u00e3o prop\u00f5e a reorganiza\u00e7\u00e3o daquele espa\u00e7o, tornando-o mais atrativo e funcional para as pessoas que se deslocam ao centro hist\u00f3rico ou aos servi\u00e7os p\u00fablicos pr\u00f3ximos&#8221;, refere a autarquia em comunicado.<\/p>\n<p>O parque de estacionamento da Cova do C\u00e3o, com a respetiva valoriza\u00e7\u00e3o patrimonial e paisag\u00edstica envolvente, enquadra-se num plano estruturado de reorganiza\u00e7\u00e3o autom\u00f3vel e mobilidade dos mun\u00edcipes, o qual abrange interven\u00e7\u00f5es em outros locais da zona urbana.<\/p>\n<p>\u201cO plano integrado de reorganiza\u00e7\u00e3o autom\u00f3vel e mobilidade dos mun\u00edcipes, onde se insere um conjunto de interven\u00e7\u00f5es nas proximidades do centro hist\u00f3rico, vai contribui para a valoriza\u00e7\u00e3o da imagem da nossa vila, servindo como incentivo para dinamizar a atividade comercial e refor\u00e7ar a reabilita\u00e7\u00e3o urban\u00edstica\u201d, sublinha o presidente da C\u00e2mara,&nbsp;Ant\u00f3nio Barbosa, citado naquela nota.<\/p>\n<p>Atualmente, \u201c\u00e0s portas\u201d do centro hist\u00f3rico da vila est\u00e3o tamb\u00e9m em execu\u00e7\u00e3o outros dois novos parques de estacionamento. Iniciada em janeiro, a reconvers\u00e3o do espa\u00e7o p\u00fablico entre a Rua das Andorinhas e a Rua D. Afonso Henriques vai disponibilizar 43 lugares. A obra do Parque de Estacionamento das Portas de Salvaterra, com capacidade para 40 ve\u00edculos, arrancou em fevereiro.<\/p>\n","protected":false},"excerpt":{"rendered":"<p>A C\u00e2mara de Mon\u00e7\u00e3o anunciou, esta quinta-feira, que vai ser constru\u00eddo um novo parque de estacionamento no centro hist\u00f3rico. A interven\u00e7\u00e3o contempla ainda a requalifica\u00e7\u00e3o urban\u00edstica do pano de muralha do baluarte existente. Segundo o munic\u00edpio, o parque de estacionamento da Cova do C\u00e3o vai localizar-se na entrada do centro hist\u00f3rico, junto \u00e0 antiga esta\u00e7\u00e3o [&hellip;]<\/p>\n","protected":false},"author":12,"featured_media":65261,"comment_status":"closed","ping_status":"closed","sticky":false,"template":"","format":"standard","meta":{"_exactmetrics_skip_tracking":false,"footnotes":""},"categories":[9],"tags":[27],"class_list":["post-65260","post","type-post","status-publish","format-standard","has-post-thumbnail","hentry","category-moncao","tag-sociedade"],"yoast_head":"<!-- This site is optimized with the Yoast SEO Premium plugin v28.3 (Yoast SEO v28.3) - https:\/\/yoast.com\/product\/yoast-seo-premium-wordpress\/ -->\n<title>Mon\u00e7\u00e3o vai ter um novo parque de estacionamento<\/title>\n<meta name=\"robots\" content=\"index, follow, max-snippet:-1, max-image-preview:large, max-video-preview:-1\" \/>\n<link rel=\"canonical\" href=\"https:\/\/www.altominho.tv\/site\/2021\/04\/15\/moncao-vai-ter-um-novo-parque-de-estacionamento\/\" \/>\n<meta property=\"og:locale\" content=\"pt_PT\" \/>\n<meta property=\"og:type\" content=\"article\" \/>\n<meta property=\"og:title\" content=\"Mon\u00e7\u00e3o vai ter um novo parque de estacionamento\" \/>\n<meta property=\"og:description\" content=\"A C\u00e2mara de Mon\u00e7\u00e3o anunciou, esta quinta-feira, que vai ser constru\u00eddo um novo parque de estacionamento no centro hist\u00f3rico. A interven\u00e7\u00e3o contempla ainda a requalifica\u00e7\u00e3o urban\u00edstica do pano de muralha do baluarte existente. Segundo o munic\u00edpio, o parque de estacionamento da Cova do C\u00e3o vai localizar-se na entrada do centro hist\u00f3rico, junto \u00e0 antiga esta\u00e7\u00e3o [&hellip;]\" \/>\n<meta property=\"og:url\" content=\"https:\/\/www.altominho.tv\/site\/2021\/04\/15\/moncao-vai-ter-um-novo-parque-de-estacionamento\/\" \/>\n<meta property=\"og:site_name\" content=\"Altominho.tv\" \/>\n<meta property=\"article:publisher\" content=\"https:\/\/www.facebook.com\/altominhotv\" \/>\n<meta property=\"article:published_time\" content=\"2021-04-15T13:21:46+00:00\" \/>\n<meta property=\"article:modified_time\" content=\"2021-04-19T09:29:07+00:00\" \/>\n<meta property=\"og:image\" content=\"https:\/\/www.altominho.tv\/site\/wp-content\/uploads\/2021\/04\/parque-cova-do-cao.jpg\" \/>\n\t<meta property=\"og:image:width\" content=\"1385\" \/>\n\t<meta property=\"og:image:height\" content=\"1183\" \/>\n\t<meta property=\"og:image:type\" content=\"image\/jpeg\" \/>\n<meta name=\"author\" content=\"Andreia Ferreira\" \/>\n<meta name=\"twitter:card\" content=\"summary_large_image\" \/>\n<meta name=\"twitter:creator\" content=\"@altominhoTV\" \/>\n<meta name=\"twitter:site\" content=\"@altominhoTV\" \/>\n<meta name=\"twitter:label1\" content=\"Escrito por\" \/>\n\t<meta name=\"twitter:data1\" content=\"Andreia Ferreira\" \/>\n\t<meta name=\"twitter:label2\" content=\"Tempo estimado de leitura\" \/>\n\t<meta name=\"twitter:data2\" content=\"2 minutos\" \/>\n<script type=\"application\/ld+json\" class=\"yoast-schema-graph\">{\"@context\":\"https:\\\/\\\/schema.org\",\"@graph\":[{\"@type\":\"Article\",\"@id\":\"https:\\\/\\\/www.altominho.tv\\\/site\\\/2021\\\/04\\\/15\\\/moncao-vai-ter-um-novo-parque-de-estacionamento\\\/#article\",\"isPartOf\":{\"@id\":\"https:\\\/\\\/www.altominho.tv\\\/site\\\/2021\\\/04\\\/15\\\/moncao-vai-ter-um-novo-parque-de-estacionamento\\\/\"},\"author\":{\"name\":\"Andreia Ferreira\",\"@id\":\"https:\\\/\\\/www.altominho.tv\\\/site\\\/#\\\/schema\\\/person\\\/d9be4265364723f14ea8e0d56a1d38cd\"},\"headline\":\"Mon\u00e7\u00e3o vai ter um novo parque de estacionamento\",\"datePublished\":\"2021-04-15T13:21:46+00:00\",\"dateModified\":\"2021-04-19T09:29:07+00:00\",\"mainEntityOfPage\":{\"@id\":\"https:\\\/\\\/www.altominho.tv\\\/site\\\/2021\\\/04\\\/15\\\/moncao-vai-ter-um-novo-parque-de-estacionamento\\\/\"},\"wordCount\":392,\"image\":{\"@id\":\"https:\\\/\\\/www.altominho.tv\\\/site\\\/2021\\\/04\\\/15\\\/moncao-vai-ter-um-novo-parque-de-estacionamento\\\/#primaryimage\"},\"thumbnailUrl\":\"https:\\\/\\\/www.altominho.tv\\\/site\\\/wp-content\\\/uploads\\\/2021\\\/04\\\/parque-cova-do-cao.jpg\",\"keywords\":[\"Sociedade\"],\"articleSection\":[\"Mon\u00e7\u00e3o\"],\"inLanguage\":\"pt-PT\",\"copyrightYear\":\"2021\",\"copyrightHolder\":{\"@id\":\"https:\\\/\\\/www.altominho.tv\\\/site\\\/#organization\"}},{\"@type\":\"WebPage\",\"@id\":\"https:\\\/\\\/www.altominho.tv\\\/site\\\/2021\\\/04\\\/15\\\/moncao-vai-ter-um-novo-parque-de-estacionamento\\\/\",\"url\":\"https:\\\/\\\/www.altominho.tv\\\/site\\\/2021\\\/04\\\/15\\\/moncao-vai-ter-um-novo-parque-de-estacionamento\\\/\",\"name\":\"Mon\u00e7\u00e3o vai ter um novo parque de estacionamento\",\"isPartOf\":{\"@id\":\"https:\\\/\\\/www.altominho.tv\\\/site\\\/#website\"},\"primaryImageOfPage\":{\"@id\":\"https:\\\/\\\/www.altominho.tv\\\/site\\\/2021\\\/04\\\/15\\\/moncao-vai-ter-um-novo-parque-de-estacionamento\\\/#primaryimage\"},\"image\":{\"@id\":\"https:\\\/\\\/www.altominho.tv\\\/site\\\/2021\\\/04\\\/15\\\/moncao-vai-ter-um-novo-parque-de-estacionamento\\\/#primaryimage\"},\"thumbnailUrl\":\"https:\\\/\\\/www.altominho.tv\\\/site\\\/wp-content\\\/uploads\\\/2021\\\/04\\\/parque-cova-do-cao.jpg\",\"datePublished\":\"2021-04-15T13:21:46+00:00\",\"dateModified\":\"2021-04-19T09:29:07+00:00\",\"author\":{\"@id\":\"https:\\\/\\\/www.altominho.tv\\\/site\\\/#\\\/schema\\\/person\\\/d9be4265364723f14ea8e0d56a1d38cd\"},\"breadcrumb\":{\"@id\":\"https:\\\/\\\/www.altominho.tv\\\/site\\\/2021\\\/04\\\/15\\\/moncao-vai-ter-um-novo-parque-de-estacionamento\\\/#breadcrumb\"},\"inLanguage\":\"pt-PT\",\"potentialAction\":[{\"@type\":\"ReadAction\",\"target\":[\"https:\\\/\\\/www.altominho.tv\\\/site\\\/2021\\\/04\\\/15\\\/moncao-vai-ter-um-novo-parque-de-estacionamento\\\/\"]}]},{\"@type\":\"ImageObject\",\"inLanguage\":\"pt-PT\",\"@id\":\"https:\\\/\\\/www.altominho.tv\\\/site\\\/2021\\\/04\\\/15\\\/moncao-vai-ter-um-novo-parque-de-estacionamento\\\/#primaryimage\",\"url\":\"https:\\\/\\\/www.altominho.tv\\\/site\\\/wp-content\\\/uploads\\\/2021\\\/04\\\/parque-cova-do-cao.jpg\",\"contentUrl\":\"https:\\\/\\\/www.altominho.tv\\\/site\\\/wp-content\\\/uploads\\\/2021\\\/04\\\/parque-cova-do-cao.jpg\",\"width\":1385,\"height\":1183},{\"@type\":\"BreadcrumbList\",\"@id\":\"https:\\\/\\\/www.altominho.tv\\\/site\\\/2021\\\/04\\\/15\\\/moncao-vai-ter-um-novo-parque-de-estacionamento\\\/#breadcrumb\",\"itemListElement\":[{\"@type\":\"ListItem\",\"position\":1,\"name\":\"In\u00edcio\",\"item\":\"https:\\\/\\\/www.altominho.tv\\\/site\\\/\"},{\"@type\":\"ListItem\",\"position\":2,\"name\":\"Mon\u00e7\u00e3o vai ter um novo parque de estacionamento\"}]},{\"@type\":\"WebSite\",\"@id\":\"https:\\\/\\\/www.altominho.tv\\\/site\\\/#website\",\"url\":\"https:\\\/\\\/www.altominho.tv\\\/site\\\/\",\"name\":\"Altominho.tv\",\"description\":\"A sua regi\u00e3o \u00e0 dist\u00e2ncia de um clique...\",\"potentialAction\":[{\"@type\":\"SearchAction\",\"target\":{\"@type\":\"EntryPoint\",\"urlTemplate\":\"https:\\\/\\\/www.altominho.tv\\\/site\\\/?s={search_term_string}\"},\"query-input\":{\"@type\":\"PropertyValueSpecification\",\"valueRequired\":true,\"valueName\":\"search_term_string\"}}],\"inLanguage\":\"pt-PT\"},{\"@type\":\"Person\",\"@id\":\"https:\\\/\\\/www.altominho.tv\\\/site\\\/#\\\/schema\\\/person\\\/d9be4265364723f14ea8e0d56a1d38cd\",\"name\":\"Andreia Ferreira\",\"image\":{\"@type\":\"ImageObject\",\"inLanguage\":\"pt-PT\",\"@id\":\"https:\\\/\\\/www.altominho.tv\\\/site\\\/wp-content\\\/uploads\\\/2021\\\/01\\\/AndreiaFerreira-150x150.jpg\",\"url\":\"https:\\\/\\\/www.altominho.tv\\\/site\\\/wp-content\\\/uploads\\\/2021\\\/01\\\/AndreiaFerreira-150x150.jpg\",\"contentUrl\":\"https:\\\/\\\/www.altominho.tv\\\/site\\\/wp-content\\\/uploads\\\/2021\\\/01\\\/AndreiaFerreira-150x150.jpg\",\"caption\":\"Andreia Ferreira\"},\"url\":\"https:\\\/\\\/www.altominho.tv\\\/site\\\/author\\\/andreiaferreira\\\/\"}]}<\/script>\n<!-- \/ Yoast SEO Premium plugin. -->","yoast_head_json":{"title":"Mon\u00e7\u00e3o vai ter um novo parque de estacionamento","robots":{"index":"index","follow":"follow","max-snippet":"max-snippet:-1","max-image-preview":"max-image-preview:large","max-video-preview":"max-video-preview:-1"},"canonical":"https:\/\/www.altominho.tv\/site\/2021\/04\/15\/moncao-vai-ter-um-novo-parque-de-estacionamento\/","og_locale":"pt_PT","og_type":"article","og_title":"Mon\u00e7\u00e3o vai ter um novo parque de estacionamento","og_description":"A C\u00e2mara de Mon\u00e7\u00e3o anunciou, esta quinta-feira, que vai ser constru\u00eddo um novo parque de estacionamento no centro hist\u00f3rico. A interven\u00e7\u00e3o contempla ainda a requalifica\u00e7\u00e3o urban\u00edstica do pano de muralha do baluarte existente. Segundo o munic\u00edpio, o parque de estacionamento da Cova do C\u00e3o vai localizar-se na entrada do centro hist\u00f3rico, junto \u00e0 antiga esta\u00e7\u00e3o [&hellip;]","og_url":"https:\/\/www.altominho.tv\/site\/2021\/04\/15\/moncao-vai-ter-um-novo-parque-de-estacionamento\/","og_site_name":"Altominho.tv","article_publisher":"https:\/\/www.facebook.com\/altominhotv","article_published_time":"2021-04-15T13:21:46+00:00","article_modified_time":"2021-04-19T09:29:07+00:00","og_image":[{"width":1385,"height":1183,"url":"https:\/\/www.altominho.tv\/site\/wp-content\/uploads\/2021\/04\/parque-cova-do-cao.jpg","type":"image\/jpeg"}],"author":"Andreia Ferreira","twitter_card":"summary_large_image","twitter_creator":"@altominhoTV","twitter_site":"@altominhoTV","twitter_misc":{"Escrito por":"Andreia Ferreira","Tempo estimado de leitura":"2 minutos"},"schema":{"@context":"https:\/\/schema.org","@graph":[{"@type":"Article","@id":"https:\/\/www.altominho.tv\/site\/2021\/04\/15\/moncao-vai-ter-um-novo-parque-de-estacionamento\/#article","isPartOf":{"@id":"https:\/\/www.altominho.tv\/site\/2021\/04\/15\/moncao-vai-ter-um-novo-parque-de-estacionamento\/"},"author":{"name":"Andreia Ferreira","@id":"https:\/\/www.altominho.tv\/site\/#\/schema\/person\/d9be4265364723f14ea8e0d56a1d38cd"},"headline":"Mon\u00e7\u00e3o vai ter um novo parque de estacionamento","datePublished":"2021-04-15T13:21:46+00:00","dateModified":"2021-04-19T09:29:07+00:00","mainEntityOfPage":{"@id":"https:\/\/www.altominho.tv\/site\/2021\/04\/15\/moncao-vai-ter-um-novo-parque-de-estacionamento\/"},"wordCount":392,"image":{"@id":"https:\/\/www.altominho.tv\/site\/2021\/04\/15\/moncao-vai-ter-um-novo-parque-de-estacionamento\/#primaryimage"},"thumbnailUrl":"https:\/\/www.altominho.tv\/site\/wp-content\/uploads\/2021\/04\/parque-cova-do-cao.jpg","keywords":["Sociedade"],"articleSection":["Mon\u00e7\u00e3o"],"inLanguage":"pt-PT","copyrightYear":"2021","copyrightHolder":{"@id":"https:\/\/www.altominho.tv\/site\/#organization"}},{"@type":"WebPage","@id":"https:\/\/www.altominho.tv\/site\/2021\/04\/15\/moncao-vai-ter-um-novo-parque-de-estacionamento\/","url":"https:\/\/www.altominho.tv\/site\/2021\/04\/15\/moncao-vai-ter-um-novo-parque-de-estacionamento\/","name":"Mon\u00e7\u00e3o vai ter um novo parque de estacionamento","isPartOf":{"@id":"https:\/\/www.altominho.tv\/site\/#website"},"primaryImageOfPage":{"@id":"https:\/\/www.altominho.tv\/site\/2021\/04\/15\/moncao-vai-ter-um-novo-parque-de-estacionamento\/#primaryimage"},"image":{"@id":"https:\/\/www.altominho.tv\/site\/2021\/04\/15\/moncao-vai-ter-um-novo-parque-de-estacionamento\/#primaryimage"},"thumbnailUrl":"https:\/\/www.altominho.tv\/site\/wp-content\/uploads\/2021\/04\/parque-cova-do-cao.jpg","datePublished":"2021-04-15T13:21:46+00:00","dateModified":"2021-04-19T09:29:07+00:00","author":{"@id":"https:\/\/www.altominho.tv\/site\/#\/schema\/person\/d9be4265364723f14ea8e0d56a1d38cd"},"breadcrumb":{"@id":"https:\/\/www.altominho.tv\/site\/2021\/04\/15\/moncao-vai-ter-um-novo-parque-de-estacionamento\/#breadcrumb"},"inLanguage":"pt-PT","potentialAction":[{"@type":"ReadAction","target":["https:\/\/www.altominho.tv\/site\/2021\/04\/15\/moncao-vai-ter-um-novo-parque-de-estacionamento\/"]}]},{"@type":"ImageObject","inLanguage":"pt-PT","@id":"https:\/\/www.altominho.tv\/site\/2021\/04\/15\/moncao-vai-ter-um-novo-parque-de-estacionamento\/#primaryimage","url":"https:\/\/www.altominho.tv\/site\/wp-content\/uploads\/2021\/04\/parque-cova-do-cao.jpg","contentUrl":"https:\/\/www.altominho.tv\/site\/wp-content\/uploads\/2021\/04\/parque-cova-do-cao.jpg","width":1385,"height":1183},{"@type":"BreadcrumbList","@id":"https:\/\/www.altominho.tv\/site\/2021\/04\/15\/moncao-vai-ter-um-novo-parque-de-estacionamento\/#breadcrumb","itemListElement":[{"@type":"ListItem","position":1,"name":"In\u00edcio","item":"https:\/\/www.altominho.tv\/site\/"},{"@type":"ListItem","position":2,"name":"Mon\u00e7\u00e3o vai ter um novo parque de estacionamento"}]},{"@type":"WebSite","@id":"https:\/\/www.altominho.tv\/site\/#website","url":"https:\/\/www.altominho.tv\/site\/","name":"Altominho.tv","description":"A sua regi\u00e3o \u00e0 dist\u00e2ncia de um clique...","potentialAction":[{"@type":"SearchAction","target":{"@type":"EntryPoint","urlTemplate":"https:\/\/www.altominho.tv\/site\/?s={search_term_string}"},"query-input":{"@type":"PropertyValueSpecification","valueRequired":true,"valueName":"search_term_string"}}],"inLanguage":"pt-PT"},{"@type":"Person","@id":"https:\/\/www.altominho.tv\/site\/#\/schema\/person\/d9be4265364723f14ea8e0d56a1d38cd","name":"Andreia Ferreira","image":{"@type":"ImageObject","inLanguage":"pt-PT","@id":"https:\/\/www.altominho.tv\/site\/wp-content\/uploads\/2021\/01\/AndreiaFerreira-150x150.jpg","url":"https:\/\/www.altominho.tv\/site\/wp-content\/uploads\/2021\/01\/AndreiaFerreira-150x150.jpg","contentUrl":"https:\/\/www.altominho.tv\/site\/wp-content\/uploads\/2021\/01\/AndreiaFerreira-150x150.jpg","caption":"Andreia Ferreira"},"url":"https:\/\/www.altominho.tv\/site\/author\/andreiaferreira\/"}]}},"_links":{"self":[{"href":"https:\/\/www.altominho.tv\/site\/wp-json\/wp\/v2\/posts\/65260","targetHints":{"allow":["GET"]}}],"collection":[{"href":"https:\/\/www.altominho.tv\/site\/wp-json\/wp\/v2\/posts"}],"about":[{"href":"https:\/\/www.altominho.tv\/site\/wp-json\/wp\/v2\/types\/post"}],"author":[{"embeddable":true,"href":"https:\/\/www.altominho.tv\/site\/wp-json\/wp\/v2\/users\/12"}],"replies":[{"embeddable":true,"href":"https:\/\/www.altominho.tv\/site\/wp-json\/wp\/v2\/comments?post=65260"}],"version-history":[{"count":0,"href":"https:\/\/www.altominho.tv\/site\/wp-json\/wp\/v2\/posts\/65260\/revisions"}],"wp:featuredmedia":[{"embeddable":true,"href":"https:\/\/www.altominho.tv\/site\/wp-json\/wp\/v2\/media\/65261"}],"wp:attachment":[{"href":"https:\/\/www.altominho.tv\/site\/wp-json\/wp\/v2\/media?parent=65260"}],"wp:term":[{"taxonomy":"category","embeddable":true,"href":"https:\/\/www.altominho.tv\/site\/wp-json\/wp\/v2\/categories?post=65260"},{"taxonomy":"post_tag","embeddable":true,"href":"https:\/\/www.altominho.tv\/site\/wp-json\/wp\/v2\/tags?post=65260"}],"curies":[{"name":"wp","href":"https:\/\/api.w.org\/{rel}","templated":true}]}}