{"id":65234,"date":"2021-04-14T21:29:36","date_gmt":"2021-04-14T20:29:36","guid":{"rendered":"https:\/\/www.altominho.tv\/site\/?p=65234"},"modified":"2021-04-14T21:35:48","modified_gmt":"2021-04-14T20:35:48","slug":"presidente-da-republica-admite-confinamentos-locais","status":"publish","type":"post","link":"https:\/\/www.altominho.tv\/site\/2021\/04\/14\/presidente-da-republica-admite-confinamentos-locais\/","title":{"rendered":"Presidente da Rep\u00fablica admite confinamentos locais"},"content":{"rendered":"<p>O Presidente da Rep\u00fablica afirmou esta noite esperar que o estado de emerg\u00eancia esteja a caminhar para o fim, sem dar como certo que esta seja a sua \u00faltima renova\u00e7\u00e3o, e admitiu confinamentos locais para conter a covid-19.<\/p>\n<p class=\"text-paragraph\">&#8220;No dia 06 de novembro de 2020 decretei o segundo e mais longo estado de emerg\u00eancia que hoje conhece aquela que desejaria que fosse a sua \u00faltima renova\u00e7\u00e3o at\u00e9 \u00e0s 23h59 do pr\u00f3ximo dia 30 de abril&#8221;, declarou Marcelo Rebelo de Sousa, numa comunica\u00e7\u00e3o ao pa\u00eds, a partir do Pal\u00e1cio de Bel\u00e9m, em Lisboa.<\/p>\n<p class=\"text-paragraph\">Dirigindo-se aos portugueses, o chefe de Estado acrescentou: &#8220;Hoje quero sobretudo pedir-vos ainda mais um esfor\u00e7o, para tornar imposs\u00edvel o termos de voltar atr\u00e1s, para que o estado de emerg\u00eancia caminhe para o fim, para que o desconfinamento possa prosseguir sempre com a seguran\u00e7a de que o calend\u00e1rio das restri\u00e7\u00f5es e os confinamentos locais, se necess\u00e1rios, garantem um ver\u00e3o e um outono diferentes&#8221;.<\/p>\n<p class=\"selectionShareable\">&#8220;Portugueses, hoje quero sobretudo pedir-vos ainda mais um esfor\u00e7o para tornar imposs\u00edvel o termos de voltar atr\u00e1s, para que o estado de emerg\u00eancia caminhe para o fim, para que o desconfinamento possa prosseguir sempre com a seguran\u00e7a de que o calend\u00e1rio das restri\u00e7\u00f5es e os confinamentos locais, se necess\u00e1rios, garantem um ver\u00e3o e um outono diferentes. Estamos a entrar no que desejamos venha a ser o come\u00e7o da ponta final no per\u00edodo mais dif\u00edcil da nossa vida coletiva desde a gripe espanhola&#8221;, exemplificou Marcelo Rebelo de Sousa.<\/p>\n<p class=\"selectionShareable\">&#8220;H\u00e1 muito trabalho ainda para proteger o Servi\u00e7o Nacional de Sa\u00fade (SNS) e para recuperar a economia&#8221; devido \u00e0 pandemia da covid-19, afirmou tamb\u00e9m o presidente da Rep\u00fablica na sua declara\u00e7\u00e3o ao pa\u00eds. E &#8220;se 2020 foi o ano da luta pela vida e pela sa\u00fade, 2021 ter\u00e1 de ser o ano do in\u00edcio da reconstru\u00e7\u00e3o social, sustentada e justa, em que n\u00e3o basta que as pessoas devam ser o centro da justi\u00e7a, do direito, das finan\u00e7as, da economia, da pol\u00edtica. T\u00eam de sentir que verdadeiramente o s\u00e3o&#8221;, apelou no dia em que o Parlamento aprovou a renova\u00e7\u00e3o do estado de emerg\u00eancia por mais duas semanas at\u00e9 30 deste m\u00eas.<\/p>\n<p class=\"selectionShareable\">&#8220;A economia demorar\u00e1 a dar os passos da reconstru\u00e7\u00e3o, a sociedade demorar\u00e1 muito mais&#8221;, avisou ainda Marcelo, para quem &#8220;\u00e9 altura de pensarmos mais no futuro&#8221;.<\/p>\n<p class=\"text-paragraph\">Esta \u00e9 a 15.\u00ba vez que Marcelo Rebelo de Sousa decreta o estado de emerg\u00eancia no atual contexto de pandemia de covid-19, para permitir a ado\u00e7\u00e3o de medidas que implicam restri\u00e7\u00f5es de direitos, liberdades e garantias.<\/p>\n","protected":false},"excerpt":{"rendered":"<p>O Presidente da Rep\u00fablica afirmou esta noite esperar que o estado de emerg\u00eancia esteja a caminhar para o fim, sem dar como certo que esta seja a sua \u00faltima renova\u00e7\u00e3o, e admitiu confinamentos locais para conter a covid-19. &#8220;No dia 06 de novembro de 2020 decretei o segundo e mais longo estado de emerg\u00eancia que [&hellip;]<\/p>\n","protected":false},"author":13,"featured_media":65236,"comment_status":"closed","ping_status":"closed","sticky":false,"template":"","format":"standard","meta":{"_exactmetrics_skip_tracking":false,"_exactmetrics_sitenote_active":false,"_exactmetrics_sitenote_note":"","_exactmetrics_sitenote_category":0,"footnotes":""},"categories":[73],"tags":[21,27],"class_list":["post-65234","post","type-post","status-publish","format-standard","has-post-thumbnail","hentry","category-alto-minho","tag-economia","tag-sociedade"],"yoast_head":"<!-- This site is optimized with the Yoast SEO Premium plugin v27.4 (Yoast SEO v27.4) - https:\/\/yoast.com\/product\/yoast-seo-premium-wordpress\/ -->\n<title>Presidente da Rep\u00fablica admite confinamentos locais<\/title>\n<meta name=\"robots\" content=\"index, follow, max-snippet:-1, max-image-preview:large, max-video-preview:-1\" \/>\n<link rel=\"canonical\" href=\"https:\/\/www.altominho.tv\/site\/2021\/04\/14\/presidente-da-republica-admite-confinamentos-locais\/\" \/>\n<meta property=\"og:locale\" content=\"pt_PT\" \/>\n<meta property=\"og:type\" content=\"article\" \/>\n<meta property=\"og:title\" content=\"Presidente da Rep\u00fablica admite confinamentos locais\" \/>\n<meta property=\"og:description\" content=\"O Presidente da Rep\u00fablica afirmou esta noite esperar que o estado de emerg\u00eancia esteja a caminhar para o fim, sem dar como certo que esta seja a sua \u00faltima renova\u00e7\u00e3o, e admitiu confinamentos locais para conter a covid-19. &#8220;No dia 06 de novembro de 2020 decretei o segundo e mais longo estado de emerg\u00eancia que [&hellip;]\" \/>\n<meta property=\"og:url\" content=\"https:\/\/www.altominho.tv\/site\/2021\/04\/14\/presidente-da-republica-admite-confinamentos-locais\/\" \/>\n<meta property=\"og:site_name\" content=\"Altominho.tv\" \/>\n<meta property=\"article:publisher\" content=\"https:\/\/www.facebook.com\/altominhotv\" \/>\n<meta property=\"article:published_time\" content=\"2021-04-14T20:29:36+00:00\" \/>\n<meta property=\"article:modified_time\" content=\"2021-04-14T20:35:48+00:00\" \/>\n<meta property=\"og:image\" content=\"https:\/\/www.altominho.tv\/site\/wp-content\/uploads\/2021\/04\/Marcelo_Rebelo-Sousa.jpeg\" \/>\n\t<meta property=\"og:image:width\" content=\"1024\" \/>\n\t<meta property=\"og:image:height\" content=\"576\" \/>\n\t<meta property=\"og:image:type\" content=\"image\/jpeg\" \/>\n<meta name=\"author\" content=\"Lusa\" \/>\n<meta name=\"twitter:card\" content=\"summary_large_image\" \/>\n<meta name=\"twitter:creator\" content=\"@altominhoTV\" \/>\n<meta name=\"twitter:site\" content=\"@altominhoTV\" \/>\n<meta name=\"twitter:label1\" content=\"Escrito por\" \/>\n\t<meta name=\"twitter:data1\" content=\"Lusa\" \/>\n\t<meta name=\"twitter:label2\" content=\"Tempo estimado de leitura\" \/>\n\t<meta name=\"twitter:data2\" content=\"2 minutos\" \/>\n<script type=\"application\/ld+json\" class=\"yoast-schema-graph\">{\"@context\":\"https:\\\/\\\/schema.org\",\"@graph\":[{\"@type\":\"Article\",\"@id\":\"https:\\\/\\\/www.altominho.tv\\\/site\\\/2021\\\/04\\\/14\\\/presidente-da-republica-admite-confinamentos-locais\\\/#article\",\"isPartOf\":{\"@id\":\"https:\\\/\\\/www.altominho.tv\\\/site\\\/2021\\\/04\\\/14\\\/presidente-da-republica-admite-confinamentos-locais\\\/\"},\"author\":{\"name\":\"Lusa\",\"@id\":\"https:\\\/\\\/www.altominho.tv\\\/site\\\/#\\\/schema\\\/person\\\/63f693da3e1899361cbe955c46f3232e\"},\"headline\":\"Presidente da Rep\u00fablica admite confinamentos locais\",\"datePublished\":\"2021-04-14T20:29:36+00:00\",\"dateModified\":\"2021-04-14T20:35:48+00:00\",\"mainEntityOfPage\":{\"@id\":\"https:\\\/\\\/www.altominho.tv\\\/site\\\/2021\\\/04\\\/14\\\/presidente-da-republica-admite-confinamentos-locais\\\/\"},\"wordCount\":464,\"image\":{\"@id\":\"https:\\\/\\\/www.altominho.tv\\\/site\\\/2021\\\/04\\\/14\\\/presidente-da-republica-admite-confinamentos-locais\\\/#primaryimage\"},\"thumbnailUrl\":\"https:\\\/\\\/www.altominho.tv\\\/site\\\/wp-content\\\/uploads\\\/2021\\\/04\\\/Marcelo_Rebelo-Sousa.jpeg\",\"keywords\":[\"Economia\",\"Sociedade\"],\"articleSection\":[\"Alto Minho\"],\"inLanguage\":\"pt-PT\",\"copyrightYear\":\"2021\",\"copyrightHolder\":{\"@id\":\"https:\\\/\\\/www.altominho.tv\\\/site\\\/#organization\"}},{\"@type\":\"WebPage\",\"@id\":\"https:\\\/\\\/www.altominho.tv\\\/site\\\/2021\\\/04\\\/14\\\/presidente-da-republica-admite-confinamentos-locais\\\/\",\"url\":\"https:\\\/\\\/www.altominho.tv\\\/site\\\/2021\\\/04\\\/14\\\/presidente-da-republica-admite-confinamentos-locais\\\/\",\"name\":\"Presidente da Rep\u00fablica admite confinamentos locais\",\"isPartOf\":{\"@id\":\"https:\\\/\\\/www.altominho.tv\\\/site\\\/#website\"},\"primaryImageOfPage\":{\"@id\":\"https:\\\/\\\/www.altominho.tv\\\/site\\\/2021\\\/04\\\/14\\\/presidente-da-republica-admite-confinamentos-locais\\\/#primaryimage\"},\"image\":{\"@id\":\"https:\\\/\\\/www.altominho.tv\\\/site\\\/2021\\\/04\\\/14\\\/presidente-da-republica-admite-confinamentos-locais\\\/#primaryimage\"},\"thumbnailUrl\":\"https:\\\/\\\/www.altominho.tv\\\/site\\\/wp-content\\\/uploads\\\/2021\\\/04\\\/Marcelo_Rebelo-Sousa.jpeg\",\"datePublished\":\"2021-04-14T20:29:36+00:00\",\"dateModified\":\"2021-04-14T20:35:48+00:00\",\"author\":{\"@id\":\"https:\\\/\\\/www.altominho.tv\\\/site\\\/#\\\/schema\\\/person\\\/63f693da3e1899361cbe955c46f3232e\"},\"breadcrumb\":{\"@id\":\"https:\\\/\\\/www.altominho.tv\\\/site\\\/2021\\\/04\\\/14\\\/presidente-da-republica-admite-confinamentos-locais\\\/#breadcrumb\"},\"inLanguage\":\"pt-PT\",\"potentialAction\":[{\"@type\":\"ReadAction\",\"target\":[\"https:\\\/\\\/www.altominho.tv\\\/site\\\/2021\\\/04\\\/14\\\/presidente-da-republica-admite-confinamentos-locais\\\/\"]}]},{\"@type\":\"ImageObject\",\"inLanguage\":\"pt-PT\",\"@id\":\"https:\\\/\\\/www.altominho.tv\\\/site\\\/2021\\\/04\\\/14\\\/presidente-da-republica-admite-confinamentos-locais\\\/#primaryimage\",\"url\":\"https:\\\/\\\/www.altominho.tv\\\/site\\\/wp-content\\\/uploads\\\/2021\\\/04\\\/Marcelo_Rebelo-Sousa.jpeg\",\"contentUrl\":\"https:\\\/\\\/www.altominho.tv\\\/site\\\/wp-content\\\/uploads\\\/2021\\\/04\\\/Marcelo_Rebelo-Sousa.jpeg\",\"width\":1024,\"height\":576},{\"@type\":\"BreadcrumbList\",\"@id\":\"https:\\\/\\\/www.altominho.tv\\\/site\\\/2021\\\/04\\\/14\\\/presidente-da-republica-admite-confinamentos-locais\\\/#breadcrumb\",\"itemListElement\":[{\"@type\":\"ListItem\",\"position\":1,\"name\":\"In\u00edcio\",\"item\":\"https:\\\/\\\/www.altominho.tv\\\/site\\\/\"},{\"@type\":\"ListItem\",\"position\":2,\"name\":\"Presidente da Rep\u00fablica admite confinamentos locais\"}]},{\"@type\":\"WebSite\",\"@id\":\"https:\\\/\\\/www.altominho.tv\\\/site\\\/#website\",\"url\":\"https:\\\/\\\/www.altominho.tv\\\/site\\\/\",\"name\":\"Altominho.tv\",\"description\":\"A sua regi\u00e3o \u00e0 dist\u00e2ncia de um clique...\",\"potentialAction\":[{\"@type\":\"SearchAction\",\"target\":{\"@type\":\"EntryPoint\",\"urlTemplate\":\"https:\\\/\\\/www.altominho.tv\\\/site\\\/?s={search_term_string}\"},\"query-input\":{\"@type\":\"PropertyValueSpecification\",\"valueRequired\":true,\"valueName\":\"search_term_string\"}}],\"inLanguage\":\"pt-PT\"},{\"@type\":\"Person\",\"@id\":\"https:\\\/\\\/www.altominho.tv\\\/site\\\/#\\\/schema\\\/person\\\/63f693da3e1899361cbe955c46f3232e\",\"name\":\"Lusa\",\"image\":{\"@type\":\"ImageObject\",\"inLanguage\":\"pt-PT\",\"@id\":\"https:\\\/\\\/www.altominho.tv\\\/site\\\/wp-content\\\/uploads\\\/2019\\\/08\\\/LUSA_Logo.gif\",\"url\":\"https:\\\/\\\/www.altominho.tv\\\/site\\\/wp-content\\\/uploads\\\/2019\\\/08\\\/LUSA_Logo.gif\",\"contentUrl\":\"https:\\\/\\\/www.altominho.tv\\\/site\\\/wp-content\\\/uploads\\\/2019\\\/08\\\/LUSA_Logo.gif\",\"caption\":\"Lusa\"},\"sameAs\":[\"http:\\\/\\\/\\\/\\\/www.altominho.tv\\\/site\"],\"url\":\"https:\\\/\\\/www.altominho.tv\\\/site\\\/author\\\/lusa\\\/\"}]}<\/script>\n<!-- \/ Yoast SEO Premium plugin. -->","yoast_head_json":{"title":"Presidente da Rep\u00fablica admite confinamentos locais","robots":{"index":"index","follow":"follow","max-snippet":"max-snippet:-1","max-image-preview":"max-image-preview:large","max-video-preview":"max-video-preview:-1"},"canonical":"https:\/\/www.altominho.tv\/site\/2021\/04\/14\/presidente-da-republica-admite-confinamentos-locais\/","og_locale":"pt_PT","og_type":"article","og_title":"Presidente da Rep\u00fablica admite confinamentos locais","og_description":"O Presidente da Rep\u00fablica afirmou esta noite esperar que o estado de emerg\u00eancia esteja a caminhar para o fim, sem dar como certo que esta seja a sua \u00faltima renova\u00e7\u00e3o, e admitiu confinamentos locais para conter a covid-19. &#8220;No dia 06 de novembro de 2020 decretei o segundo e mais longo estado de emerg\u00eancia que [&hellip;]","og_url":"https:\/\/www.altominho.tv\/site\/2021\/04\/14\/presidente-da-republica-admite-confinamentos-locais\/","og_site_name":"Altominho.tv","article_publisher":"https:\/\/www.facebook.com\/altominhotv","article_published_time":"2021-04-14T20:29:36+00:00","article_modified_time":"2021-04-14T20:35:48+00:00","og_image":[{"width":1024,"height":576,"url":"https:\/\/www.altominho.tv\/site\/wp-content\/uploads\/2021\/04\/Marcelo_Rebelo-Sousa.jpeg","type":"image\/jpeg"}],"author":"Lusa","twitter_card":"summary_large_image","twitter_creator":"@altominhoTV","twitter_site":"@altominhoTV","twitter_misc":{"Escrito por":"Lusa","Tempo estimado de leitura":"2 minutos"},"schema":{"@context":"https:\/\/schema.org","@graph":[{"@type":"Article","@id":"https:\/\/www.altominho.tv\/site\/2021\/04\/14\/presidente-da-republica-admite-confinamentos-locais\/#article","isPartOf":{"@id":"https:\/\/www.altominho.tv\/site\/2021\/04\/14\/presidente-da-republica-admite-confinamentos-locais\/"},"author":{"name":"Lusa","@id":"https:\/\/www.altominho.tv\/site\/#\/schema\/person\/63f693da3e1899361cbe955c46f3232e"},"headline":"Presidente da Rep\u00fablica admite confinamentos locais","datePublished":"2021-04-14T20:29:36+00:00","dateModified":"2021-04-14T20:35:48+00:00","mainEntityOfPage":{"@id":"https:\/\/www.altominho.tv\/site\/2021\/04\/14\/presidente-da-republica-admite-confinamentos-locais\/"},"wordCount":464,"image":{"@id":"https:\/\/www.altominho.tv\/site\/2021\/04\/14\/presidente-da-republica-admite-confinamentos-locais\/#primaryimage"},"thumbnailUrl":"https:\/\/www.altominho.tv\/site\/wp-content\/uploads\/2021\/04\/Marcelo_Rebelo-Sousa.jpeg","keywords":["Economia","Sociedade"],"articleSection":["Alto Minho"],"inLanguage":"pt-PT","copyrightYear":"2021","copyrightHolder":{"@id":"https:\/\/www.altominho.tv\/site\/#organization"}},{"@type":"WebPage","@id":"https:\/\/www.altominho.tv\/site\/2021\/04\/14\/presidente-da-republica-admite-confinamentos-locais\/","url":"https:\/\/www.altominho.tv\/site\/2021\/04\/14\/presidente-da-republica-admite-confinamentos-locais\/","name":"Presidente da Rep\u00fablica admite confinamentos locais","isPartOf":{"@id":"https:\/\/www.altominho.tv\/site\/#website"},"primaryImageOfPage":{"@id":"https:\/\/www.altominho.tv\/site\/2021\/04\/14\/presidente-da-republica-admite-confinamentos-locais\/#primaryimage"},"image":{"@id":"https:\/\/www.altominho.tv\/site\/2021\/04\/14\/presidente-da-republica-admite-confinamentos-locais\/#primaryimage"},"thumbnailUrl":"https:\/\/www.altominho.tv\/site\/wp-content\/uploads\/2021\/04\/Marcelo_Rebelo-Sousa.jpeg","datePublished":"2021-04-14T20:29:36+00:00","dateModified":"2021-04-14T20:35:48+00:00","author":{"@id":"https:\/\/www.altominho.tv\/site\/#\/schema\/person\/63f693da3e1899361cbe955c46f3232e"},"breadcrumb":{"@id":"https:\/\/www.altominho.tv\/site\/2021\/04\/14\/presidente-da-republica-admite-confinamentos-locais\/#breadcrumb"},"inLanguage":"pt-PT","potentialAction":[{"@type":"ReadAction","target":["https:\/\/www.altominho.tv\/site\/2021\/04\/14\/presidente-da-republica-admite-confinamentos-locais\/"]}]},{"@type":"ImageObject","inLanguage":"pt-PT","@id":"https:\/\/www.altominho.tv\/site\/2021\/04\/14\/presidente-da-republica-admite-confinamentos-locais\/#primaryimage","url":"https:\/\/www.altominho.tv\/site\/wp-content\/uploads\/2021\/04\/Marcelo_Rebelo-Sousa.jpeg","contentUrl":"https:\/\/www.altominho.tv\/site\/wp-content\/uploads\/2021\/04\/Marcelo_Rebelo-Sousa.jpeg","width":1024,"height":576},{"@type":"BreadcrumbList","@id":"https:\/\/www.altominho.tv\/site\/2021\/04\/14\/presidente-da-republica-admite-confinamentos-locais\/#breadcrumb","itemListElement":[{"@type":"ListItem","position":1,"name":"In\u00edcio","item":"https:\/\/www.altominho.tv\/site\/"},{"@type":"ListItem","position":2,"name":"Presidente da Rep\u00fablica admite confinamentos locais"}]},{"@type":"WebSite","@id":"https:\/\/www.altominho.tv\/site\/#website","url":"https:\/\/www.altominho.tv\/site\/","name":"Altominho.tv","description":"A sua regi\u00e3o \u00e0 dist\u00e2ncia de um clique...","potentialAction":[{"@type":"SearchAction","target":{"@type":"EntryPoint","urlTemplate":"https:\/\/www.altominho.tv\/site\/?s={search_term_string}"},"query-input":{"@type":"PropertyValueSpecification","valueRequired":true,"valueName":"search_term_string"}}],"inLanguage":"pt-PT"},{"@type":"Person","@id":"https:\/\/www.altominho.tv\/site\/#\/schema\/person\/63f693da3e1899361cbe955c46f3232e","name":"Lusa","image":{"@type":"ImageObject","inLanguage":"pt-PT","@id":"https:\/\/www.altominho.tv\/site\/wp-content\/uploads\/2019\/08\/LUSA_Logo.gif","url":"https:\/\/www.altominho.tv\/site\/wp-content\/uploads\/2019\/08\/LUSA_Logo.gif","contentUrl":"https:\/\/www.altominho.tv\/site\/wp-content\/uploads\/2019\/08\/LUSA_Logo.gif","caption":"Lusa"},"sameAs":["http:\/\/\/\/www.altominho.tv\/site"],"url":"https:\/\/www.altominho.tv\/site\/author\/lusa\/"}]}},"_links":{"self":[{"href":"https:\/\/www.altominho.tv\/site\/wp-json\/wp\/v2\/posts\/65234","targetHints":{"allow":["GET"]}}],"collection":[{"href":"https:\/\/www.altominho.tv\/site\/wp-json\/wp\/v2\/posts"}],"about":[{"href":"https:\/\/www.altominho.tv\/site\/wp-json\/wp\/v2\/types\/post"}],"author":[{"embeddable":true,"href":"https:\/\/www.altominho.tv\/site\/wp-json\/wp\/v2\/users\/13"}],"replies":[{"embeddable":true,"href":"https:\/\/www.altominho.tv\/site\/wp-json\/wp\/v2\/comments?post=65234"}],"version-history":[{"count":0,"href":"https:\/\/www.altominho.tv\/site\/wp-json\/wp\/v2\/posts\/65234\/revisions"}],"wp:featuredmedia":[{"embeddable":true,"href":"https:\/\/www.altominho.tv\/site\/wp-json\/wp\/v2\/media\/65236"}],"wp:attachment":[{"href":"https:\/\/www.altominho.tv\/site\/wp-json\/wp\/v2\/media?parent=65234"}],"wp:term":[{"taxonomy":"category","embeddable":true,"href":"https:\/\/www.altominho.tv\/site\/wp-json\/wp\/v2\/categories?post=65234"},{"taxonomy":"post_tag","embeddable":true,"href":"https:\/\/www.altominho.tv\/site\/wp-json\/wp\/v2\/tags?post=65234"}],"curies":[{"name":"wp","href":"https:\/\/api.w.org\/{rel}","templated":true}]}}