{"id":65222,"date":"2021-04-14T16:45:04","date_gmt":"2021-04-14T15:45:04","guid":{"rendered":"https:\/\/www.altominho.tv\/site\/?p=65222"},"modified":"2021-04-14T16:45:06","modified_gmt":"2021-04-14T15:45:06","slug":"alto-minho-com-20-novas-infecoes-e-19-recuperados-ha-105-casos-ativos","status":"publish","type":"post","link":"https:\/\/www.altominho.tv\/site\/2021\/04\/14\/alto-minho-com-20-novas-infecoes-e-19-recuperados-ha-105-casos-ativos\/","title":{"rendered":"Alto Minho com 20 novas infe\u00e7\u00f5es e 19 recuperados. H\u00e1 105 casos ativos"},"content":{"rendered":"<p><strong>A regi\u00e3o do Alto Minho registou desde a passada segunda-feira mais 20 casos de Covid-19 e 19 recuperados. H\u00e1 agora 105 casos ativos de infe\u00e7\u00e3o.<\/strong><\/p>\n<p>Segundo os dados divulgados esta quarta-feira pela Unidade Local de Sa\u00fade do Alto Minho, Viana do Castelo continua a ser o concelho com maior n\u00famero de infetados (58), ap\u00f3s confirma\u00e7\u00e3o de 15 novas infe\u00e7\u00f5es e sete recuperados.<\/p>\n<p>Com mais uma recupera\u00e7\u00e3o, o concelho de Valen\u00e7a \u00e9 o segundo com mais casos ativos, contando agora com 13.<\/p>\n<p>Ponte de Lima registou um novo caso de infe\u00e7\u00e3o e um recuperado, mantendo-se assim com 11 infetados.<\/p>\n<p>O concelho de Arcos de Valdevez contabilizou mais quatro recuperados e o n\u00famero de casos ativos desceu para oito.<\/p>\n<p>Ap\u00f3s registo de dois novos casos de Covid-19 e duas recupera\u00e7\u00f5es, Ponte de Barca continua com cinco casos ativos.<\/p>\n<p>Mais duas pessoas foram dadas como recuperadas no concelho de Mon\u00e7\u00e3o e o n\u00famero de casos ativos desceu para tr\u00eas.<\/p>\n<p>Caminha registou mais duas infe\u00e7\u00f5es e uma recupera\u00e7\u00e3o. H\u00e1 agora dois infetados neste concelho.<\/p>\n<p>Com mais uma pessoa recuperada da infe\u00e7\u00e3o, Melga\u00e7o desceu para dois casos ativos.<\/p>\n<p>Sem novos casos de infe\u00e7\u00e3o nem recuperados, o concelho de Vila Nova de Cerveira mant\u00e9m-se com dois casos ativos.<\/p>\n<p>Paredes de Coura n\u00e3o regista novos casos de infe\u00e7\u00e3o nem recuperados, mantendo-se com um caso ativo.<\/p>\n<div id=\"altom-926458441\" class=\"altom-teste-dentro-do-artigo\">\n<div class=\"entry-content\">\n<p>Desde o in\u00edcio da pandemia, o distrito de Viana do Castelo registou um total de 18.153 casos, 17.631 recuperados e 417 \u00f3bitos.<\/p>\n<\/div>\n<\/div>\n\n\n<figure class=\"wp-block-image size-large\"><img loading=\"lazy\" decoding=\"async\" width=\"703\" height=\"1024\" src=\"https:\/\/www.altominho.tv\/site\/wp-content\/uploads\/2021\/04\/covid-14-703x1024.jpg\" alt=\"\" class=\"wp-image-65223\" srcset=\"https:\/\/www.altominho.tv\/site\/wp-content\/uploads\/2021\/04\/covid-14-703x1024.jpg 703w, https:\/\/www.altominho.tv\/site\/wp-content\/uploads\/2021\/04\/covid-14-297x433.jpg 297w, https:\/\/www.altominho.tv\/site\/wp-content\/uploads\/2021\/04\/covid-14-768x1119.jpg 768w, https:\/\/www.altominho.tv\/site\/wp-content\/uploads\/2021\/04\/covid-14-1054x1536.jpg 1054w, https:\/\/www.altominho.tv\/site\/wp-content\/uploads\/2021\/04\/covid-14-1406x2048.jpg 1406w, https:\/\/www.altominho.tv\/site\/wp-content\/uploads\/2021\/04\/covid-14-370x539.jpg 370w, https:\/\/www.altominho.tv\/site\/wp-content\/uploads\/2021\/04\/covid-14-270x393.jpg 270w, https:\/\/www.altominho.tv\/site\/wp-content\/uploads\/2021\/04\/covid-14-570x830.jpg 570w, https:\/\/www.altominho.tv\/site\/wp-content\/uploads\/2021\/04\/covid-14-740x1078.jpg 740w, https:\/\/www.altominho.tv\/site\/wp-content\/uploads\/2021\/04\/covid-14-scaled.jpg 1757w\" sizes=\"auto, (max-width: 703px) 100vw, 703px\" \/><figcaption>ULSAM<\/figcaption><\/figure>\n","protected":false},"excerpt":{"rendered":"<p>A regi\u00e3o do Alto Minho registou desde a passada segunda-feira mais 20 casos de Covid-19 e 19 recuperados. H\u00e1 agora 105 casos ativos de infe\u00e7\u00e3o. Segundo os dados divulgados esta quarta-feira pela Unidade Local de Sa\u00fade do Alto Minho, Viana do Castelo continua a ser o concelho com maior n\u00famero de infetados (58), ap\u00f3s confirma\u00e7\u00e3o [&hellip;]<\/p>\n","protected":false},"author":12,"featured_media":61148,"comment_status":"closed","ping_status":"closed","sticky":false,"template":"","format":"standard","meta":{"_exactmetrics_skip_tracking":false,"_exactmetrics_sitenote_active":false,"_exactmetrics_sitenote_note":"","_exactmetrics_sitenote_category":0,"footnotes":""},"categories":[73],"tags":[26,27],"class_list":["post-65222","post","type-post","status-publish","format-standard","has-post-thumbnail","hentry","category-alto-minho","tag-saude","tag-sociedade"],"yoast_head":"<!-- This site is optimized with the Yoast SEO Premium plugin v27.4 (Yoast SEO v27.4) - https:\/\/yoast.com\/product\/yoast-seo-premium-wordpress\/ -->\n<title>Alto Minho com 20 novas infe\u00e7\u00f5es e 19 recuperados. H\u00e1 105 casos ativos<\/title>\n<meta name=\"robots\" content=\"index, follow, max-snippet:-1, max-image-preview:large, max-video-preview:-1\" \/>\n<link rel=\"canonical\" href=\"https:\/\/www.altominho.tv\/site\/2021\/04\/14\/alto-minho-com-20-novas-infecoes-e-19-recuperados-ha-105-casos-ativos\/\" \/>\n<meta property=\"og:locale\" content=\"pt_PT\" \/>\n<meta property=\"og:type\" content=\"article\" \/>\n<meta property=\"og:title\" content=\"Alto Minho com 20 novas infe\u00e7\u00f5es e 19 recuperados. H\u00e1 105 casos ativos\" \/>\n<meta property=\"og:description\" content=\"A regi\u00e3o do Alto Minho registou desde a passada segunda-feira mais 20 casos de Covid-19 e 19 recuperados. H\u00e1 agora 105 casos ativos de infe\u00e7\u00e3o. Segundo os dados divulgados esta quarta-feira pela Unidade Local de Sa\u00fade do Alto Minho, Viana do Castelo continua a ser o concelho com maior n\u00famero de infetados (58), ap\u00f3s confirma\u00e7\u00e3o [&hellip;]\" \/>\n<meta property=\"og:url\" content=\"https:\/\/www.altominho.tv\/site\/2021\/04\/14\/alto-minho-com-20-novas-infecoes-e-19-recuperados-ha-105-casos-ativos\/\" \/>\n<meta property=\"og:site_name\" content=\"Altominho.tv\" \/>\n<meta property=\"article:publisher\" content=\"https:\/\/www.facebook.com\/altominhotv\" \/>\n<meta property=\"article:published_time\" content=\"2021-04-14T15:45:04+00:00\" \/>\n<meta property=\"article:modified_time\" content=\"2021-04-14T15:45:06+00:00\" \/>\n<meta property=\"og:image\" content=\"https:\/\/www.altominho.tv\/site\/wp-content\/uploads\/2021\/02\/VianaCastelo.jpg\" \/>\n\t<meta property=\"og:image:width\" content=\"1605\" \/>\n\t<meta property=\"og:image:height\" content=\"748\" \/>\n\t<meta property=\"og:image:type\" content=\"image\/jpeg\" \/>\n<meta name=\"author\" content=\"Andreia Ferreira\" \/>\n<meta name=\"twitter:card\" content=\"summary_large_image\" \/>\n<meta name=\"twitter:creator\" content=\"@altominhoTV\" \/>\n<meta name=\"twitter:site\" content=\"@altominhoTV\" \/>\n<meta name=\"twitter:label1\" content=\"Escrito por\" \/>\n\t<meta name=\"twitter:data1\" content=\"Andreia Ferreira\" \/>\n\t<meta name=\"twitter:label2\" content=\"Tempo estimado de leitura\" \/>\n\t<meta name=\"twitter:data2\" content=\"1 minuto\" \/>\n<script type=\"application\/ld+json\" class=\"yoast-schema-graph\">{\"@context\":\"https:\\\/\\\/schema.org\",\"@graph\":[{\"@type\":\"Article\",\"@id\":\"https:\\\/\\\/www.altominho.tv\\\/site\\\/2021\\\/04\\\/14\\\/alto-minho-com-20-novas-infecoes-e-19-recuperados-ha-105-casos-ativos\\\/#article\",\"isPartOf\":{\"@id\":\"https:\\\/\\\/www.altominho.tv\\\/site\\\/2021\\\/04\\\/14\\\/alto-minho-com-20-novas-infecoes-e-19-recuperados-ha-105-casos-ativos\\\/\"},\"author\":{\"name\":\"Andreia Ferreira\",\"@id\":\"https:\\\/\\\/www.altominho.tv\\\/site\\\/#\\\/schema\\\/person\\\/d9be4265364723f14ea8e0d56a1d38cd\"},\"headline\":\"Alto Minho com 20 novas infe\u00e7\u00f5es e 19 recuperados. H\u00e1 105 casos ativos\",\"datePublished\":\"2021-04-14T15:45:04+00:00\",\"dateModified\":\"2021-04-14T15:45:06+00:00\",\"mainEntityOfPage\":{\"@id\":\"https:\\\/\\\/www.altominho.tv\\\/site\\\/2021\\\/04\\\/14\\\/alto-minho-com-20-novas-infecoes-e-19-recuperados-ha-105-casos-ativos\\\/\"},\"wordCount\":266,\"image\":{\"@id\":\"https:\\\/\\\/www.altominho.tv\\\/site\\\/2021\\\/04\\\/14\\\/alto-minho-com-20-novas-infecoes-e-19-recuperados-ha-105-casos-ativos\\\/#primaryimage\"},\"thumbnailUrl\":\"https:\\\/\\\/www.altominho.tv\\\/site\\\/wp-content\\\/uploads\\\/2021\\\/02\\\/VianaCastelo.jpg\",\"keywords\":[\"Sa\u00fade\",\"Sociedade\"],\"articleSection\":[\"Alto Minho\"],\"inLanguage\":\"pt-PT\",\"copyrightYear\":\"2021\",\"copyrightHolder\":{\"@id\":\"https:\\\/\\\/www.altominho.tv\\\/site\\\/#organization\"}},{\"@type\":\"WebPage\",\"@id\":\"https:\\\/\\\/www.altominho.tv\\\/site\\\/2021\\\/04\\\/14\\\/alto-minho-com-20-novas-infecoes-e-19-recuperados-ha-105-casos-ativos\\\/\",\"url\":\"https:\\\/\\\/www.altominho.tv\\\/site\\\/2021\\\/04\\\/14\\\/alto-minho-com-20-novas-infecoes-e-19-recuperados-ha-105-casos-ativos\\\/\",\"name\":\"Alto Minho com 20 novas infe\u00e7\u00f5es e 19 recuperados. H\u00e1 105 casos ativos\",\"isPartOf\":{\"@id\":\"https:\\\/\\\/www.altominho.tv\\\/site\\\/#website\"},\"primaryImageOfPage\":{\"@id\":\"https:\\\/\\\/www.altominho.tv\\\/site\\\/2021\\\/04\\\/14\\\/alto-minho-com-20-novas-infecoes-e-19-recuperados-ha-105-casos-ativos\\\/#primaryimage\"},\"image\":{\"@id\":\"https:\\\/\\\/www.altominho.tv\\\/site\\\/2021\\\/04\\\/14\\\/alto-minho-com-20-novas-infecoes-e-19-recuperados-ha-105-casos-ativos\\\/#primaryimage\"},\"thumbnailUrl\":\"https:\\\/\\\/www.altominho.tv\\\/site\\\/wp-content\\\/uploads\\\/2021\\\/02\\\/VianaCastelo.jpg\",\"datePublished\":\"2021-04-14T15:45:04+00:00\",\"dateModified\":\"2021-04-14T15:45:06+00:00\",\"author\":{\"@id\":\"https:\\\/\\\/www.altominho.tv\\\/site\\\/#\\\/schema\\\/person\\\/d9be4265364723f14ea8e0d56a1d38cd\"},\"breadcrumb\":{\"@id\":\"https:\\\/\\\/www.altominho.tv\\\/site\\\/2021\\\/04\\\/14\\\/alto-minho-com-20-novas-infecoes-e-19-recuperados-ha-105-casos-ativos\\\/#breadcrumb\"},\"inLanguage\":\"pt-PT\",\"potentialAction\":[{\"@type\":\"ReadAction\",\"target\":[\"https:\\\/\\\/www.altominho.tv\\\/site\\\/2021\\\/04\\\/14\\\/alto-minho-com-20-novas-infecoes-e-19-recuperados-ha-105-casos-ativos\\\/\"]}]},{\"@type\":\"ImageObject\",\"inLanguage\":\"pt-PT\",\"@id\":\"https:\\\/\\\/www.altominho.tv\\\/site\\\/2021\\\/04\\\/14\\\/alto-minho-com-20-novas-infecoes-e-19-recuperados-ha-105-casos-ativos\\\/#primaryimage\",\"url\":\"https:\\\/\\\/www.altominho.tv\\\/site\\\/wp-content\\\/uploads\\\/2021\\\/02\\\/VianaCastelo.jpg\",\"contentUrl\":\"https:\\\/\\\/www.altominho.tv\\\/site\\\/wp-content\\\/uploads\\\/2021\\\/02\\\/VianaCastelo.jpg\",\"width\":1605,\"height\":748},{\"@type\":\"BreadcrumbList\",\"@id\":\"https:\\\/\\\/www.altominho.tv\\\/site\\\/2021\\\/04\\\/14\\\/alto-minho-com-20-novas-infecoes-e-19-recuperados-ha-105-casos-ativos\\\/#breadcrumb\",\"itemListElement\":[{\"@type\":\"ListItem\",\"position\":1,\"name\":\"In\u00edcio\",\"item\":\"https:\\\/\\\/www.altominho.tv\\\/site\\\/\"},{\"@type\":\"ListItem\",\"position\":2,\"name\":\"Alto Minho com 20 novas infe\u00e7\u00f5es e 19 recuperados. H\u00e1 105 casos ativos\"}]},{\"@type\":\"WebSite\",\"@id\":\"https:\\\/\\\/www.altominho.tv\\\/site\\\/#website\",\"url\":\"https:\\\/\\\/www.altominho.tv\\\/site\\\/\",\"name\":\"Altominho.tv\",\"description\":\"A sua regi\u00e3o \u00e0 dist\u00e2ncia de um clique...\",\"potentialAction\":[{\"@type\":\"SearchAction\",\"target\":{\"@type\":\"EntryPoint\",\"urlTemplate\":\"https:\\\/\\\/www.altominho.tv\\\/site\\\/?s={search_term_string}\"},\"query-input\":{\"@type\":\"PropertyValueSpecification\",\"valueRequired\":true,\"valueName\":\"search_term_string\"}}],\"inLanguage\":\"pt-PT\"},{\"@type\":\"Person\",\"@id\":\"https:\\\/\\\/www.altominho.tv\\\/site\\\/#\\\/schema\\\/person\\\/d9be4265364723f14ea8e0d56a1d38cd\",\"name\":\"Andreia Ferreira\",\"image\":{\"@type\":\"ImageObject\",\"inLanguage\":\"pt-PT\",\"@id\":\"https:\\\/\\\/www.altominho.tv\\\/site\\\/wp-content\\\/uploads\\\/2021\\\/01\\\/AndreiaFerreira-150x150.jpg\",\"url\":\"https:\\\/\\\/www.altominho.tv\\\/site\\\/wp-content\\\/uploads\\\/2021\\\/01\\\/AndreiaFerreira-150x150.jpg\",\"contentUrl\":\"https:\\\/\\\/www.altominho.tv\\\/site\\\/wp-content\\\/uploads\\\/2021\\\/01\\\/AndreiaFerreira-150x150.jpg\",\"caption\":\"Andreia Ferreira\"},\"url\":\"https:\\\/\\\/www.altominho.tv\\\/site\\\/author\\\/andreiaferreira\\\/\"}]}<\/script>\n<!-- \/ Yoast SEO Premium plugin. -->","yoast_head_json":{"title":"Alto Minho com 20 novas infe\u00e7\u00f5es e 19 recuperados. H\u00e1 105 casos ativos","robots":{"index":"index","follow":"follow","max-snippet":"max-snippet:-1","max-image-preview":"max-image-preview:large","max-video-preview":"max-video-preview:-1"},"canonical":"https:\/\/www.altominho.tv\/site\/2021\/04\/14\/alto-minho-com-20-novas-infecoes-e-19-recuperados-ha-105-casos-ativos\/","og_locale":"pt_PT","og_type":"article","og_title":"Alto Minho com 20 novas infe\u00e7\u00f5es e 19 recuperados. H\u00e1 105 casos ativos","og_description":"A regi\u00e3o do Alto Minho registou desde a passada segunda-feira mais 20 casos de Covid-19 e 19 recuperados. H\u00e1 agora 105 casos ativos de infe\u00e7\u00e3o. Segundo os dados divulgados esta quarta-feira pela Unidade Local de Sa\u00fade do Alto Minho, Viana do Castelo continua a ser o concelho com maior n\u00famero de infetados (58), ap\u00f3s confirma\u00e7\u00e3o [&hellip;]","og_url":"https:\/\/www.altominho.tv\/site\/2021\/04\/14\/alto-minho-com-20-novas-infecoes-e-19-recuperados-ha-105-casos-ativos\/","og_site_name":"Altominho.tv","article_publisher":"https:\/\/www.facebook.com\/altominhotv","article_published_time":"2021-04-14T15:45:04+00:00","article_modified_time":"2021-04-14T15:45:06+00:00","og_image":[{"width":1605,"height":748,"url":"https:\/\/www.altominho.tv\/site\/wp-content\/uploads\/2021\/02\/VianaCastelo.jpg","type":"image\/jpeg"}],"author":"Andreia Ferreira","twitter_card":"summary_large_image","twitter_creator":"@altominhoTV","twitter_site":"@altominhoTV","twitter_misc":{"Escrito por":"Andreia Ferreira","Tempo estimado de leitura":"1 minuto"},"schema":{"@context":"https:\/\/schema.org","@graph":[{"@type":"Article","@id":"https:\/\/www.altominho.tv\/site\/2021\/04\/14\/alto-minho-com-20-novas-infecoes-e-19-recuperados-ha-105-casos-ativos\/#article","isPartOf":{"@id":"https:\/\/www.altominho.tv\/site\/2021\/04\/14\/alto-minho-com-20-novas-infecoes-e-19-recuperados-ha-105-casos-ativos\/"},"author":{"name":"Andreia Ferreira","@id":"https:\/\/www.altominho.tv\/site\/#\/schema\/person\/d9be4265364723f14ea8e0d56a1d38cd"},"headline":"Alto Minho com 20 novas infe\u00e7\u00f5es e 19 recuperados. H\u00e1 105 casos ativos","datePublished":"2021-04-14T15:45:04+00:00","dateModified":"2021-04-14T15:45:06+00:00","mainEntityOfPage":{"@id":"https:\/\/www.altominho.tv\/site\/2021\/04\/14\/alto-minho-com-20-novas-infecoes-e-19-recuperados-ha-105-casos-ativos\/"},"wordCount":266,"image":{"@id":"https:\/\/www.altominho.tv\/site\/2021\/04\/14\/alto-minho-com-20-novas-infecoes-e-19-recuperados-ha-105-casos-ativos\/#primaryimage"},"thumbnailUrl":"https:\/\/www.altominho.tv\/site\/wp-content\/uploads\/2021\/02\/VianaCastelo.jpg","keywords":["Sa\u00fade","Sociedade"],"articleSection":["Alto Minho"],"inLanguage":"pt-PT","copyrightYear":"2021","copyrightHolder":{"@id":"https:\/\/www.altominho.tv\/site\/#organization"}},{"@type":"WebPage","@id":"https:\/\/www.altominho.tv\/site\/2021\/04\/14\/alto-minho-com-20-novas-infecoes-e-19-recuperados-ha-105-casos-ativos\/","url":"https:\/\/www.altominho.tv\/site\/2021\/04\/14\/alto-minho-com-20-novas-infecoes-e-19-recuperados-ha-105-casos-ativos\/","name":"Alto Minho com 20 novas infe\u00e7\u00f5es e 19 recuperados. H\u00e1 105 casos ativos","isPartOf":{"@id":"https:\/\/www.altominho.tv\/site\/#website"},"primaryImageOfPage":{"@id":"https:\/\/www.altominho.tv\/site\/2021\/04\/14\/alto-minho-com-20-novas-infecoes-e-19-recuperados-ha-105-casos-ativos\/#primaryimage"},"image":{"@id":"https:\/\/www.altominho.tv\/site\/2021\/04\/14\/alto-minho-com-20-novas-infecoes-e-19-recuperados-ha-105-casos-ativos\/#primaryimage"},"thumbnailUrl":"https:\/\/www.altominho.tv\/site\/wp-content\/uploads\/2021\/02\/VianaCastelo.jpg","datePublished":"2021-04-14T15:45:04+00:00","dateModified":"2021-04-14T15:45:06+00:00","author":{"@id":"https:\/\/www.altominho.tv\/site\/#\/schema\/person\/d9be4265364723f14ea8e0d56a1d38cd"},"breadcrumb":{"@id":"https:\/\/www.altominho.tv\/site\/2021\/04\/14\/alto-minho-com-20-novas-infecoes-e-19-recuperados-ha-105-casos-ativos\/#breadcrumb"},"inLanguage":"pt-PT","potentialAction":[{"@type":"ReadAction","target":["https:\/\/www.altominho.tv\/site\/2021\/04\/14\/alto-minho-com-20-novas-infecoes-e-19-recuperados-ha-105-casos-ativos\/"]}]},{"@type":"ImageObject","inLanguage":"pt-PT","@id":"https:\/\/www.altominho.tv\/site\/2021\/04\/14\/alto-minho-com-20-novas-infecoes-e-19-recuperados-ha-105-casos-ativos\/#primaryimage","url":"https:\/\/www.altominho.tv\/site\/wp-content\/uploads\/2021\/02\/VianaCastelo.jpg","contentUrl":"https:\/\/www.altominho.tv\/site\/wp-content\/uploads\/2021\/02\/VianaCastelo.jpg","width":1605,"height":748},{"@type":"BreadcrumbList","@id":"https:\/\/www.altominho.tv\/site\/2021\/04\/14\/alto-minho-com-20-novas-infecoes-e-19-recuperados-ha-105-casos-ativos\/#breadcrumb","itemListElement":[{"@type":"ListItem","position":1,"name":"In\u00edcio","item":"https:\/\/www.altominho.tv\/site\/"},{"@type":"ListItem","position":2,"name":"Alto Minho com 20 novas infe\u00e7\u00f5es e 19 recuperados. H\u00e1 105 casos ativos"}]},{"@type":"WebSite","@id":"https:\/\/www.altominho.tv\/site\/#website","url":"https:\/\/www.altominho.tv\/site\/","name":"Altominho.tv","description":"A sua regi\u00e3o \u00e0 dist\u00e2ncia de um clique...","potentialAction":[{"@type":"SearchAction","target":{"@type":"EntryPoint","urlTemplate":"https:\/\/www.altominho.tv\/site\/?s={search_term_string}"},"query-input":{"@type":"PropertyValueSpecification","valueRequired":true,"valueName":"search_term_string"}}],"inLanguage":"pt-PT"},{"@type":"Person","@id":"https:\/\/www.altominho.tv\/site\/#\/schema\/person\/d9be4265364723f14ea8e0d56a1d38cd","name":"Andreia Ferreira","image":{"@type":"ImageObject","inLanguage":"pt-PT","@id":"https:\/\/www.altominho.tv\/site\/wp-content\/uploads\/2021\/01\/AndreiaFerreira-150x150.jpg","url":"https:\/\/www.altominho.tv\/site\/wp-content\/uploads\/2021\/01\/AndreiaFerreira-150x150.jpg","contentUrl":"https:\/\/www.altominho.tv\/site\/wp-content\/uploads\/2021\/01\/AndreiaFerreira-150x150.jpg","caption":"Andreia Ferreira"},"url":"https:\/\/www.altominho.tv\/site\/author\/andreiaferreira\/"}]}},"_links":{"self":[{"href":"https:\/\/www.altominho.tv\/site\/wp-json\/wp\/v2\/posts\/65222","targetHints":{"allow":["GET"]}}],"collection":[{"href":"https:\/\/www.altominho.tv\/site\/wp-json\/wp\/v2\/posts"}],"about":[{"href":"https:\/\/www.altominho.tv\/site\/wp-json\/wp\/v2\/types\/post"}],"author":[{"embeddable":true,"href":"https:\/\/www.altominho.tv\/site\/wp-json\/wp\/v2\/users\/12"}],"replies":[{"embeddable":true,"href":"https:\/\/www.altominho.tv\/site\/wp-json\/wp\/v2\/comments?post=65222"}],"version-history":[{"count":0,"href":"https:\/\/www.altominho.tv\/site\/wp-json\/wp\/v2\/posts\/65222\/revisions"}],"wp:featuredmedia":[{"embeddable":true,"href":"https:\/\/www.altominho.tv\/site\/wp-json\/wp\/v2\/media\/61148"}],"wp:attachment":[{"href":"https:\/\/www.altominho.tv\/site\/wp-json\/wp\/v2\/media?parent=65222"}],"wp:term":[{"taxonomy":"category","embeddable":true,"href":"https:\/\/www.altominho.tv\/site\/wp-json\/wp\/v2\/categories?post=65222"},{"taxonomy":"post_tag","embeddable":true,"href":"https:\/\/www.altominho.tv\/site\/wp-json\/wp\/v2\/tags?post=65222"}],"curies":[{"name":"wp","href":"https:\/\/api.w.org\/{rel}","templated":true}]}}