{"id":65191,"date":"2021-04-14T11:14:32","date_gmt":"2021-04-14T10:14:32","guid":{"rendered":"https:\/\/www.altominho.tv\/site\/?p=65191"},"modified":"2021-04-19T14:31:06","modified_gmt":"2021-04-19T13:31:06","slug":"instalada-segunda-estacao-meteorologica-em-moncao","status":"publish","type":"post","link":"https:\/\/www.altominho.tv\/site\/2021\/04\/14\/instalada-segunda-estacao-meteorologica-em-moncao\/","title":{"rendered":"Instalada segunda esta\u00e7\u00e3o meteorol\u00f3gica em Mon\u00e7\u00e3o"},"content":{"rendered":"<p>A C\u00e2mara de Mon\u00e7\u00e3o informou que a freguesia de Longos Vales disp\u00f5e, desde esta quarta-feira, de uma Esta\u00e7\u00e3o Meteorol\u00f3gica (EMA). Trata-se da segunda instalada no concelho com liga\u00e7\u00e3o ao Instituto Portugu\u00eas do Mar e da Atmosfera (IPMA).<\/p>\n<p>Em comunicado, a autarquia adianta que a estrutura, localizada no Lugar de Guimil, junto ao campo de tiro, vai contribuir para o &#8220;tratamento e organiza\u00e7\u00e3o das bases de dados dispon\u00edveis, bem como para a defini\u00e7\u00e3o e an\u00e1lise dos fatores de risco existentes, ajudando tamb\u00e9m na identifica\u00e7\u00e3o das vulnerabilidades naturais e no desenho de medidas de preven\u00e7\u00e3o&#8221;.<\/p>\n<p>Pretende ainda possibilitar &#8220;uma gest\u00e3o mais capacitada no que respeita \u00e0 preven\u00e7\u00e3o, prote\u00e7\u00e3o e avalia\u00e7\u00e3o do risco em quest\u00f5es relacionadas com o meio ambiente&#8221;, l\u00ea-se na nota enviada \u00e0 imprensa.<\/p>\n<p>Inserida no projeto \u201cProtec\/Georisk &#8211; Prote\u00e7\u00e3o Civil e Gest\u00e3o de Riscos no Alto Minho\u201d, a nova estrutura &#8220;\u00e9 parte integrante de um projeto geral de coordena\u00e7\u00e3o, capacita\u00e7\u00e3o, gest\u00e3o, e preven\u00e7\u00e3o de riscos na regi\u00e3o, atrav\u00e9s de processos inovadores de monitoriza\u00e7\u00e3o \u00e0 escala da paisagem&#8221;, sendo apoiada pelo Programa Operacional Regional do Norte \u2013 Eixo Priorit\u00e1rio III \u2013 Preven\u00e7\u00e3o de Riscos Naturais e Tecnol\u00f3gicos.<\/p>\n<p>A primeira Esta\u00e7\u00e3o Meteorol\u00f3gica do concelho de Mon\u00e7\u00e3o situa-se no lugar de Santo Amaro, na freguesia de Ceiv\u00e3es.<\/p>\n\n\n<p class=\"wp-block-paragraph\"><\/p>\n","protected":false},"excerpt":{"rendered":"<p>A C\u00e2mara de Mon\u00e7\u00e3o informou que a freguesia de Longos Vales disp\u00f5e, desde esta quarta-feira, de uma Esta\u00e7\u00e3o Meteorol\u00f3gica (EMA). Trata-se da segunda instalada no concelho com liga\u00e7\u00e3o ao Instituto Portugu\u00eas do Mar e da Atmosfera (IPMA). Em comunicado, a autarquia adianta que a estrutura, localizada no Lugar de Guimil, junto ao campo de tiro, [&hellip;]<\/p>\n","protected":false},"author":12,"featured_media":65193,"comment_status":"closed","ping_status":"closed","sticky":false,"template":"","format":"standard","meta":{"_exactmetrics_skip_tracking":false,"footnotes":""},"categories":[9],"tags":[27],"class_list":["post-65191","post","type-post","status-publish","format-standard","has-post-thumbnail","hentry","category-moncao","tag-sociedade"],"yoast_head":"<!-- This site is optimized with the Yoast SEO Premium plugin v28.3 (Yoast SEO v28.3) - https:\/\/yoast.com\/product\/yoast-seo-premium-wordpress\/ -->\n<title>Instalada segunda esta\u00e7\u00e3o meteorol\u00f3gica em Mon\u00e7\u00e3o<\/title>\n<meta name=\"robots\" content=\"index, follow, max-snippet:-1, max-image-preview:large, max-video-preview:-1\" \/>\n<link rel=\"canonical\" href=\"https:\/\/www.altominho.tv\/site\/2021\/04\/14\/instalada-segunda-estacao-meteorologica-em-moncao\/\" \/>\n<meta property=\"og:locale\" content=\"pt_PT\" \/>\n<meta property=\"og:type\" content=\"article\" \/>\n<meta property=\"og:title\" content=\"Instalada segunda esta\u00e7\u00e3o meteorol\u00f3gica em Mon\u00e7\u00e3o\" \/>\n<meta property=\"og:description\" content=\"A C\u00e2mara de Mon\u00e7\u00e3o informou que a freguesia de Longos Vales disp\u00f5e, desde esta quarta-feira, de uma Esta\u00e7\u00e3o Meteorol\u00f3gica (EMA). Trata-se da segunda instalada no concelho com liga\u00e7\u00e3o ao Instituto Portugu\u00eas do Mar e da Atmosfera (IPMA). Em comunicado, a autarquia adianta que a estrutura, localizada no Lugar de Guimil, junto ao campo de tiro, [&hellip;]\" \/>\n<meta property=\"og:url\" content=\"https:\/\/www.altominho.tv\/site\/2021\/04\/14\/instalada-segunda-estacao-meteorologica-em-moncao\/\" \/>\n<meta property=\"og:site_name\" content=\"Altominho.tv\" \/>\n<meta property=\"article:publisher\" content=\"https:\/\/www.facebook.com\/altominhotv\" \/>\n<meta property=\"article:published_time\" content=\"2021-04-14T10:14:32+00:00\" \/>\n<meta property=\"article:modified_time\" content=\"2021-04-19T13:31:06+00:00\" \/>\n<meta property=\"og:image\" content=\"https:\/\/www.altominho.tv\/site\/wp-content\/uploads\/2021\/04\/ema.jpg\" \/>\n\t<meta property=\"og:image:width\" content=\"2000\" \/>\n\t<meta property=\"og:image:height\" content=\"1314\" \/>\n\t<meta property=\"og:image:type\" content=\"image\/jpeg\" \/>\n<meta name=\"author\" content=\"Andreia Ferreira\" \/>\n<meta name=\"twitter:card\" content=\"summary_large_image\" \/>\n<meta name=\"twitter:creator\" content=\"@altominhoTV\" \/>\n<meta name=\"twitter:site\" content=\"@altominhoTV\" \/>\n<meta name=\"twitter:label1\" content=\"Escrito por\" \/>\n\t<meta name=\"twitter:data1\" content=\"Andreia Ferreira\" \/>\n\t<meta name=\"twitter:label2\" content=\"Tempo estimado de leitura\" \/>\n\t<meta name=\"twitter:data2\" content=\"1 minuto\" \/>\n<script type=\"application\/ld+json\" class=\"yoast-schema-graph\">{\"@context\":\"https:\\\/\\\/schema.org\",\"@graph\":[{\"@type\":\"Article\",\"@id\":\"https:\\\/\\\/www.altominho.tv\\\/site\\\/2021\\\/04\\\/14\\\/instalada-segunda-estacao-meteorologica-em-moncao\\\/#article\",\"isPartOf\":{\"@id\":\"https:\\\/\\\/www.altominho.tv\\\/site\\\/2021\\\/04\\\/14\\\/instalada-segunda-estacao-meteorologica-em-moncao\\\/\"},\"author\":{\"name\":\"Andreia Ferreira\",\"@id\":\"https:\\\/\\\/www.altominho.tv\\\/site\\\/#\\\/schema\\\/person\\\/d9be4265364723f14ea8e0d56a1d38cd\"},\"headline\":\"Instalada segunda esta\u00e7\u00e3o meteorol\u00f3gica em Mon\u00e7\u00e3o\",\"datePublished\":\"2021-04-14T10:14:32+00:00\",\"dateModified\":\"2021-04-19T13:31:06+00:00\",\"mainEntityOfPage\":{\"@id\":\"https:\\\/\\\/www.altominho.tv\\\/site\\\/2021\\\/04\\\/14\\\/instalada-segunda-estacao-meteorologica-em-moncao\\\/\"},\"wordCount\":244,\"image\":{\"@id\":\"https:\\\/\\\/www.altominho.tv\\\/site\\\/2021\\\/04\\\/14\\\/instalada-segunda-estacao-meteorologica-em-moncao\\\/#primaryimage\"},\"thumbnailUrl\":\"https:\\\/\\\/www.altominho.tv\\\/site\\\/wp-content\\\/uploads\\\/2021\\\/04\\\/ema.jpg\",\"keywords\":[\"Sociedade\"],\"articleSection\":[\"Mon\u00e7\u00e3o\"],\"inLanguage\":\"pt-PT\",\"copyrightYear\":\"2021\",\"copyrightHolder\":{\"@id\":\"https:\\\/\\\/www.altominho.tv\\\/site\\\/#organization\"}},{\"@type\":\"WebPage\",\"@id\":\"https:\\\/\\\/www.altominho.tv\\\/site\\\/2021\\\/04\\\/14\\\/instalada-segunda-estacao-meteorologica-em-moncao\\\/\",\"url\":\"https:\\\/\\\/www.altominho.tv\\\/site\\\/2021\\\/04\\\/14\\\/instalada-segunda-estacao-meteorologica-em-moncao\\\/\",\"name\":\"Instalada segunda esta\u00e7\u00e3o meteorol\u00f3gica em Mon\u00e7\u00e3o\",\"isPartOf\":{\"@id\":\"https:\\\/\\\/www.altominho.tv\\\/site\\\/#website\"},\"primaryImageOfPage\":{\"@id\":\"https:\\\/\\\/www.altominho.tv\\\/site\\\/2021\\\/04\\\/14\\\/instalada-segunda-estacao-meteorologica-em-moncao\\\/#primaryimage\"},\"image\":{\"@id\":\"https:\\\/\\\/www.altominho.tv\\\/site\\\/2021\\\/04\\\/14\\\/instalada-segunda-estacao-meteorologica-em-moncao\\\/#primaryimage\"},\"thumbnailUrl\":\"https:\\\/\\\/www.altominho.tv\\\/site\\\/wp-content\\\/uploads\\\/2021\\\/04\\\/ema.jpg\",\"datePublished\":\"2021-04-14T10:14:32+00:00\",\"dateModified\":\"2021-04-19T13:31:06+00:00\",\"author\":{\"@id\":\"https:\\\/\\\/www.altominho.tv\\\/site\\\/#\\\/schema\\\/person\\\/d9be4265364723f14ea8e0d56a1d38cd\"},\"breadcrumb\":{\"@id\":\"https:\\\/\\\/www.altominho.tv\\\/site\\\/2021\\\/04\\\/14\\\/instalada-segunda-estacao-meteorologica-em-moncao\\\/#breadcrumb\"},\"inLanguage\":\"pt-PT\",\"potentialAction\":[{\"@type\":\"ReadAction\",\"target\":[\"https:\\\/\\\/www.altominho.tv\\\/site\\\/2021\\\/04\\\/14\\\/instalada-segunda-estacao-meteorologica-em-moncao\\\/\"]}]},{\"@type\":\"ImageObject\",\"inLanguage\":\"pt-PT\",\"@id\":\"https:\\\/\\\/www.altominho.tv\\\/site\\\/2021\\\/04\\\/14\\\/instalada-segunda-estacao-meteorologica-em-moncao\\\/#primaryimage\",\"url\":\"https:\\\/\\\/www.altominho.tv\\\/site\\\/wp-content\\\/uploads\\\/2021\\\/04\\\/ema.jpg\",\"contentUrl\":\"https:\\\/\\\/www.altominho.tv\\\/site\\\/wp-content\\\/uploads\\\/2021\\\/04\\\/ema.jpg\",\"width\":2000,\"height\":1314},{\"@type\":\"BreadcrumbList\",\"@id\":\"https:\\\/\\\/www.altominho.tv\\\/site\\\/2021\\\/04\\\/14\\\/instalada-segunda-estacao-meteorologica-em-moncao\\\/#breadcrumb\",\"itemListElement\":[{\"@type\":\"ListItem\",\"position\":1,\"name\":\"In\u00edcio\",\"item\":\"https:\\\/\\\/www.altominho.tv\\\/site\\\/\"},{\"@type\":\"ListItem\",\"position\":2,\"name\":\"Instalada segunda esta\u00e7\u00e3o meteorol\u00f3gica em Mon\u00e7\u00e3o\"}]},{\"@type\":\"WebSite\",\"@id\":\"https:\\\/\\\/www.altominho.tv\\\/site\\\/#website\",\"url\":\"https:\\\/\\\/www.altominho.tv\\\/site\\\/\",\"name\":\"Altominho.tv\",\"description\":\"A sua regi\u00e3o \u00e0 dist\u00e2ncia de um clique...\",\"potentialAction\":[{\"@type\":\"SearchAction\",\"target\":{\"@type\":\"EntryPoint\",\"urlTemplate\":\"https:\\\/\\\/www.altominho.tv\\\/site\\\/?s={search_term_string}\"},\"query-input\":{\"@type\":\"PropertyValueSpecification\",\"valueRequired\":true,\"valueName\":\"search_term_string\"}}],\"inLanguage\":\"pt-PT\"},{\"@type\":\"Person\",\"@id\":\"https:\\\/\\\/www.altominho.tv\\\/site\\\/#\\\/schema\\\/person\\\/d9be4265364723f14ea8e0d56a1d38cd\",\"name\":\"Andreia Ferreira\",\"image\":{\"@type\":\"ImageObject\",\"inLanguage\":\"pt-PT\",\"@id\":\"https:\\\/\\\/www.altominho.tv\\\/site\\\/wp-content\\\/uploads\\\/2021\\\/01\\\/AndreiaFerreira-150x150.jpg\",\"url\":\"https:\\\/\\\/www.altominho.tv\\\/site\\\/wp-content\\\/uploads\\\/2021\\\/01\\\/AndreiaFerreira-150x150.jpg\",\"contentUrl\":\"https:\\\/\\\/www.altominho.tv\\\/site\\\/wp-content\\\/uploads\\\/2021\\\/01\\\/AndreiaFerreira-150x150.jpg\",\"caption\":\"Andreia Ferreira\"},\"url\":\"https:\\\/\\\/www.altominho.tv\\\/site\\\/author\\\/andreiaferreira\\\/\"}]}<\/script>\n<!-- \/ Yoast SEO Premium plugin. -->","yoast_head_json":{"title":"Instalada segunda esta\u00e7\u00e3o meteorol\u00f3gica em Mon\u00e7\u00e3o","robots":{"index":"index","follow":"follow","max-snippet":"max-snippet:-1","max-image-preview":"max-image-preview:large","max-video-preview":"max-video-preview:-1"},"canonical":"https:\/\/www.altominho.tv\/site\/2021\/04\/14\/instalada-segunda-estacao-meteorologica-em-moncao\/","og_locale":"pt_PT","og_type":"article","og_title":"Instalada segunda esta\u00e7\u00e3o meteorol\u00f3gica em Mon\u00e7\u00e3o","og_description":"A C\u00e2mara de Mon\u00e7\u00e3o informou que a freguesia de Longos Vales disp\u00f5e, desde esta quarta-feira, de uma Esta\u00e7\u00e3o Meteorol\u00f3gica (EMA). Trata-se da segunda instalada no concelho com liga\u00e7\u00e3o ao Instituto Portugu\u00eas do Mar e da Atmosfera (IPMA). Em comunicado, a autarquia adianta que a estrutura, localizada no Lugar de Guimil, junto ao campo de tiro, [&hellip;]","og_url":"https:\/\/www.altominho.tv\/site\/2021\/04\/14\/instalada-segunda-estacao-meteorologica-em-moncao\/","og_site_name":"Altominho.tv","article_publisher":"https:\/\/www.facebook.com\/altominhotv","article_published_time":"2021-04-14T10:14:32+00:00","article_modified_time":"2021-04-19T13:31:06+00:00","og_image":[{"width":2000,"height":1314,"url":"https:\/\/www.altominho.tv\/site\/wp-content\/uploads\/2021\/04\/ema.jpg","type":"image\/jpeg"}],"author":"Andreia Ferreira","twitter_card":"summary_large_image","twitter_creator":"@altominhoTV","twitter_site":"@altominhoTV","twitter_misc":{"Escrito por":"Andreia Ferreira","Tempo estimado de leitura":"1 minuto"},"schema":{"@context":"https:\/\/schema.org","@graph":[{"@type":"Article","@id":"https:\/\/www.altominho.tv\/site\/2021\/04\/14\/instalada-segunda-estacao-meteorologica-em-moncao\/#article","isPartOf":{"@id":"https:\/\/www.altominho.tv\/site\/2021\/04\/14\/instalada-segunda-estacao-meteorologica-em-moncao\/"},"author":{"name":"Andreia Ferreira","@id":"https:\/\/www.altominho.tv\/site\/#\/schema\/person\/d9be4265364723f14ea8e0d56a1d38cd"},"headline":"Instalada segunda esta\u00e7\u00e3o meteorol\u00f3gica em Mon\u00e7\u00e3o","datePublished":"2021-04-14T10:14:32+00:00","dateModified":"2021-04-19T13:31:06+00:00","mainEntityOfPage":{"@id":"https:\/\/www.altominho.tv\/site\/2021\/04\/14\/instalada-segunda-estacao-meteorologica-em-moncao\/"},"wordCount":244,"image":{"@id":"https:\/\/www.altominho.tv\/site\/2021\/04\/14\/instalada-segunda-estacao-meteorologica-em-moncao\/#primaryimage"},"thumbnailUrl":"https:\/\/www.altominho.tv\/site\/wp-content\/uploads\/2021\/04\/ema.jpg","keywords":["Sociedade"],"articleSection":["Mon\u00e7\u00e3o"],"inLanguage":"pt-PT","copyrightYear":"2021","copyrightHolder":{"@id":"https:\/\/www.altominho.tv\/site\/#organization"}},{"@type":"WebPage","@id":"https:\/\/www.altominho.tv\/site\/2021\/04\/14\/instalada-segunda-estacao-meteorologica-em-moncao\/","url":"https:\/\/www.altominho.tv\/site\/2021\/04\/14\/instalada-segunda-estacao-meteorologica-em-moncao\/","name":"Instalada segunda esta\u00e7\u00e3o meteorol\u00f3gica em Mon\u00e7\u00e3o","isPartOf":{"@id":"https:\/\/www.altominho.tv\/site\/#website"},"primaryImageOfPage":{"@id":"https:\/\/www.altominho.tv\/site\/2021\/04\/14\/instalada-segunda-estacao-meteorologica-em-moncao\/#primaryimage"},"image":{"@id":"https:\/\/www.altominho.tv\/site\/2021\/04\/14\/instalada-segunda-estacao-meteorologica-em-moncao\/#primaryimage"},"thumbnailUrl":"https:\/\/www.altominho.tv\/site\/wp-content\/uploads\/2021\/04\/ema.jpg","datePublished":"2021-04-14T10:14:32+00:00","dateModified":"2021-04-19T13:31:06+00:00","author":{"@id":"https:\/\/www.altominho.tv\/site\/#\/schema\/person\/d9be4265364723f14ea8e0d56a1d38cd"},"breadcrumb":{"@id":"https:\/\/www.altominho.tv\/site\/2021\/04\/14\/instalada-segunda-estacao-meteorologica-em-moncao\/#breadcrumb"},"inLanguage":"pt-PT","potentialAction":[{"@type":"ReadAction","target":["https:\/\/www.altominho.tv\/site\/2021\/04\/14\/instalada-segunda-estacao-meteorologica-em-moncao\/"]}]},{"@type":"ImageObject","inLanguage":"pt-PT","@id":"https:\/\/www.altominho.tv\/site\/2021\/04\/14\/instalada-segunda-estacao-meteorologica-em-moncao\/#primaryimage","url":"https:\/\/www.altominho.tv\/site\/wp-content\/uploads\/2021\/04\/ema.jpg","contentUrl":"https:\/\/www.altominho.tv\/site\/wp-content\/uploads\/2021\/04\/ema.jpg","width":2000,"height":1314},{"@type":"BreadcrumbList","@id":"https:\/\/www.altominho.tv\/site\/2021\/04\/14\/instalada-segunda-estacao-meteorologica-em-moncao\/#breadcrumb","itemListElement":[{"@type":"ListItem","position":1,"name":"In\u00edcio","item":"https:\/\/www.altominho.tv\/site\/"},{"@type":"ListItem","position":2,"name":"Instalada segunda esta\u00e7\u00e3o meteorol\u00f3gica em Mon\u00e7\u00e3o"}]},{"@type":"WebSite","@id":"https:\/\/www.altominho.tv\/site\/#website","url":"https:\/\/www.altominho.tv\/site\/","name":"Altominho.tv","description":"A sua regi\u00e3o \u00e0 dist\u00e2ncia de um clique...","potentialAction":[{"@type":"SearchAction","target":{"@type":"EntryPoint","urlTemplate":"https:\/\/www.altominho.tv\/site\/?s={search_term_string}"},"query-input":{"@type":"PropertyValueSpecification","valueRequired":true,"valueName":"search_term_string"}}],"inLanguage":"pt-PT"},{"@type":"Person","@id":"https:\/\/www.altominho.tv\/site\/#\/schema\/person\/d9be4265364723f14ea8e0d56a1d38cd","name":"Andreia Ferreira","image":{"@type":"ImageObject","inLanguage":"pt-PT","@id":"https:\/\/www.altominho.tv\/site\/wp-content\/uploads\/2021\/01\/AndreiaFerreira-150x150.jpg","url":"https:\/\/www.altominho.tv\/site\/wp-content\/uploads\/2021\/01\/AndreiaFerreira-150x150.jpg","contentUrl":"https:\/\/www.altominho.tv\/site\/wp-content\/uploads\/2021\/01\/AndreiaFerreira-150x150.jpg","caption":"Andreia Ferreira"},"url":"https:\/\/www.altominho.tv\/site\/author\/andreiaferreira\/"}]}},"_links":{"self":[{"href":"https:\/\/www.altominho.tv\/site\/wp-json\/wp\/v2\/posts\/65191","targetHints":{"allow":["GET"]}}],"collection":[{"href":"https:\/\/www.altominho.tv\/site\/wp-json\/wp\/v2\/posts"}],"about":[{"href":"https:\/\/www.altominho.tv\/site\/wp-json\/wp\/v2\/types\/post"}],"author":[{"embeddable":true,"href":"https:\/\/www.altominho.tv\/site\/wp-json\/wp\/v2\/users\/12"}],"replies":[{"embeddable":true,"href":"https:\/\/www.altominho.tv\/site\/wp-json\/wp\/v2\/comments?post=65191"}],"version-history":[{"count":0,"href":"https:\/\/www.altominho.tv\/site\/wp-json\/wp\/v2\/posts\/65191\/revisions"}],"wp:featuredmedia":[{"embeddable":true,"href":"https:\/\/www.altominho.tv\/site\/wp-json\/wp\/v2\/media\/65193"}],"wp:attachment":[{"href":"https:\/\/www.altominho.tv\/site\/wp-json\/wp\/v2\/media?parent=65191"}],"wp:term":[{"taxonomy":"category","embeddable":true,"href":"https:\/\/www.altominho.tv\/site\/wp-json\/wp\/v2\/categories?post=65191"},{"taxonomy":"post_tag","embeddable":true,"href":"https:\/\/www.altominho.tv\/site\/wp-json\/wp\/v2\/tags?post=65191"}],"curies":[{"name":"wp","href":"https:\/\/api.w.org\/{rel}","templated":true}]}}