{"id":65155,"date":"2021-04-13T17:34:57","date_gmt":"2021-04-13T16:34:57","guid":{"rendered":"https:\/\/www.altominho.tv\/site\/?p=65155"},"modified":"2021-04-19T14:43:42","modified_gmt":"2021-04-19T13:43:42","slug":"desemprego-no-alto-minho-aumenta-461-em-ano-de-pandemia","status":"publish","type":"post","link":"https:\/\/www.altominho.tv\/site\/2021\/04\/13\/desemprego-no-alto-minho-aumenta-461-em-ano-de-pandemia\/","title":{"rendered":"Desemprego no Alto Minho aumenta 46,1% em ano de pandemia"},"content":{"rendered":"<p>O distrito de Viana do Castelo registou, em fevereiro, 6.358 desempregados inscritos nos centros de emprego, mais 46,1% do que fevereiro de 2020, revela um relat\u00f3rio.<\/p>\n<p>O relat\u00f3rio trimestral Norte Conjuntura, elaborado pela Comiss\u00e3o de Coordena\u00e7\u00e3o e Desenvolvimento Regional do Norte (CCDR-N), refere que a influ\u00eancia da crise pand\u00e9mica na economia nacional e internacional foi determinante para o aumento do desemprego no Alto Minho.<\/p>\n<p>De acordo com as estat\u00edsticas daquele organismo, nos dez concelhos do distrito de Viana do Castelo, em fevereiro de 2020, antes do in\u00edcio da pandemia de Covid-19, o n\u00famero de desempregados inscritos nos centros de emprego era de 4.352.<\/p>\n<p>Um ano depois, o n\u00famero de pessoas sem emprego aumentou 46,1%, &#8220;o que representou o maior crescimento entre todas as NUTS III da regi\u00e3o Norte&#8221;.<\/p>\n<p>De acordo com o documento, o crescimento mais acentuado nos \u00faltimos dois meses de 2021 foram uma tend\u00eancia observada em todas as sub-regi\u00f5es do Norte e ocorreu ap\u00f3s uma descida do desemprego no \u00faltimo trimestre de 2020.<\/p>\n<p>&#8220;O n\u00famero de desempregados registados nos centros de emprego do Alto Minho tinha diminu\u00eddo de 6.686 para 5.921 entre o terceiro e o quarto trimestres de 2020, o que significa uma redu\u00e7\u00e3o significativa de 11,5%. Por\u00e9m, com o agravamento da situa\u00e7\u00e3o econ\u00f3mica no in\u00edcio do novo ano, o desemprego nesta sub-regi\u00e3o subiu para 6.358 indiv\u00edduos em fevereiro de 2021, mais 7,3% face a dezembro de 2020&#8221;, indica.<\/p>\n<p>O desemprego registado em Viana do Castelo, o concelho com mais popula\u00e7\u00e3o no Alto Minho, diminuiu em 8,8% entre o terceiro e o quarto trimestres de 2020, mas voltou a crescer no in\u00edcio de 2021. O n\u00famero de pessoas sem emprego aumentou 12,4% entre dezembro e fevereiro, uma &#8220;evolu\u00e7\u00e3o desfavor\u00e1vel&#8221; que resultou num total de 2.639 desempregados registados nos centros de emprego no m\u00eas de fevereiro, mais 62,6% do que em fevereiro de 2020.<\/p>\n<p>Relativamente aos restantes concelhos, o relat\u00f3rio adianta que, em fevereiro deste ano, registaram-se 536 desempregados em Arcos de Valdevez, 432 em Caminha, 115 em Melga\u00e7o, 435 em Mon\u00e7\u00e3o, 250 em Paredes de Coura, 266 em Ponte da Barca, 868 em Ponte de Lima, 547 em Valen\u00e7a e 270 em Vila Nova de Cerveira.<\/p>\n<p>Ainda de acordo com o documento hoje divulgado, o n\u00famero de trabalhadores abrangidos pelo regime de &#8220;lay-off&#8221; tem sido, desde o in\u00edcio da pandemia, &#8220;bastante elevado&#8221;, tendo sido contabilizados 328.647 trabalhadores neste regime no quarto trimestre do \u00faltimo ano, o que representava 40,8% do total do pa\u00eds.<\/p>\n<p>As medidas de prote\u00e7\u00e3o ao emprego est\u00e3o a evitar que a taxa de desemprego na regi\u00e3o Norte, que se fixou em 7% no \u00faltimo trimestre de 2020, &#8220;se situe perto de 25%&#8221;.<\/p>\n<p>Entre o terceiro e \u00faltimo trimestre de 2020, a taxa de desemprego na regi\u00e3o diminuiu 0,9% em consequ\u00eancia da &#8220;elevada prote\u00e7\u00e3o do emprego&#8221;, acrescenta o relat\u00f3rio.<\/p>\n<div class=\"row\">\n<div class=\"col\">\n<article class=\"post-1269533 post type-post status-publish format-standard has-post-thumbnail hentry category-atualidade category-economia category-sociedade category-visaosaude tag-autarquias tag-covid-19 tag-desemprego tag-epidemia tag-estatisticas tag-sociedade tag-trabalho tag-viana-do-castelo\">\n<div class=\"entry-content\">\n<div class=\"d-none d-lg-block\">\n<div class=\"pub \">\n<div id=\"InContentPos1\" data-pub-siteid=\"TIN_Visao\" data-pub-pageid=\"ARTICLE_ROS\" data-pub-formatid=\"InContent\" data-pub=\"appNexus\" data-pub-target=\"slug=desemprego-no-alto-minho-aumenta-333-e-deixa-5-925-pessoas-sem-trabalho;pagetype=article;category=visaosaude;\" data-pub-lazy=\"false\" data-pub-counted=\"yes\" data-pub-processed=\"yes\" data-pub-rendered=\"yes\">\n<div id=\"div_utif_InContentPos1\"><\/div>\n<\/div>\n<\/div>\n<\/div>\n<\/div>\n<\/article>\n<\/div>\n<\/div>\n","protected":false},"excerpt":{"rendered":"<p>O distrito de Viana do Castelo registou, em fevereiro, 6.358 desempregados inscritos nos centros de emprego, mais 46,1% do que fevereiro de 2020, revela um relat\u00f3rio. O relat\u00f3rio trimestral Norte Conjuntura, elaborado pela Comiss\u00e3o de Coordena\u00e7\u00e3o e Desenvolvimento Regional do Norte (CCDR-N), refere que a influ\u00eancia da crise pand\u00e9mica na economia nacional e internacional foi [&hellip;]<\/p>\n","protected":false},"author":12,"featured_media":65156,"comment_status":"closed","ping_status":"closed","sticky":false,"template":"","format":"standard","meta":{"_exactmetrics_skip_tracking":false,"_exactmetrics_sitenote_active":false,"_exactmetrics_sitenote_note":"","_exactmetrics_sitenote_category":0,"footnotes":""},"categories":[73],"tags":[21],"class_list":["post-65155","post","type-post","status-publish","format-standard","has-post-thumbnail","hentry","category-alto-minho","tag-economia"],"yoast_head":"<!-- This site is optimized with the Yoast SEO Premium plugin v27.4 (Yoast SEO v27.4) - https:\/\/yoast.com\/product\/yoast-seo-premium-wordpress\/ -->\n<title>Desemprego no Alto Minho aumenta 46,1% em ano de pandemia<\/title>\n<meta name=\"robots\" content=\"index, follow, max-snippet:-1, max-image-preview:large, max-video-preview:-1\" \/>\n<link rel=\"canonical\" href=\"https:\/\/www.altominho.tv\/site\/2021\/04\/13\/desemprego-no-alto-minho-aumenta-461-em-ano-de-pandemia\/\" \/>\n<meta property=\"og:locale\" content=\"pt_PT\" \/>\n<meta property=\"og:type\" content=\"article\" \/>\n<meta property=\"og:title\" content=\"Desemprego no Alto Minho aumenta 46,1% em ano de pandemia\" \/>\n<meta property=\"og:description\" content=\"O distrito de Viana do Castelo registou, em fevereiro, 6.358 desempregados inscritos nos centros de emprego, mais 46,1% do que fevereiro de 2020, revela um relat\u00f3rio. O relat\u00f3rio trimestral Norte Conjuntura, elaborado pela Comiss\u00e3o de Coordena\u00e7\u00e3o e Desenvolvimento Regional do Norte (CCDR-N), refere que a influ\u00eancia da crise pand\u00e9mica na economia nacional e internacional foi [&hellip;]\" \/>\n<meta property=\"og:url\" content=\"https:\/\/www.altominho.tv\/site\/2021\/04\/13\/desemprego-no-alto-minho-aumenta-461-em-ano-de-pandemia\/\" \/>\n<meta property=\"og:site_name\" content=\"Altominho.tv\" \/>\n<meta property=\"article:publisher\" content=\"https:\/\/www.facebook.com\/altominhotv\" \/>\n<meta property=\"article:published_time\" content=\"2021-04-13T16:34:57+00:00\" \/>\n<meta property=\"article:modified_time\" content=\"2021-04-19T13:43:42+00:00\" \/>\n<meta property=\"og:image\" content=\"https:\/\/www.altominho.tv\/site\/wp-content\/uploads\/2021\/04\/2254.jpeg\" \/>\n\t<meta property=\"og:image:width\" content=\"1536\" \/>\n\t<meta property=\"og:image:height\" content=\"1024\" \/>\n\t<meta property=\"og:image:type\" content=\"image\/jpeg\" \/>\n<meta name=\"author\" content=\"Andreia Ferreira\" \/>\n<meta name=\"twitter:card\" content=\"summary_large_image\" \/>\n<meta name=\"twitter:creator\" content=\"@altominhoTV\" \/>\n<meta name=\"twitter:site\" content=\"@altominhoTV\" \/>\n<meta name=\"twitter:label1\" content=\"Escrito por\" \/>\n\t<meta name=\"twitter:data1\" content=\"Andreia Ferreira\" \/>\n\t<meta name=\"twitter:label2\" content=\"Tempo estimado de leitura\" \/>\n\t<meta name=\"twitter:data2\" content=\"2 minutos\" \/>\n<script type=\"application\/ld+json\" class=\"yoast-schema-graph\">{\"@context\":\"https:\\\/\\\/schema.org\",\"@graph\":[{\"@type\":\"Article\",\"@id\":\"https:\\\/\\\/www.altominho.tv\\\/site\\\/2021\\\/04\\\/13\\\/desemprego-no-alto-minho-aumenta-461-em-ano-de-pandemia\\\/#article\",\"isPartOf\":{\"@id\":\"https:\\\/\\\/www.altominho.tv\\\/site\\\/2021\\\/04\\\/13\\\/desemprego-no-alto-minho-aumenta-461-em-ano-de-pandemia\\\/\"},\"author\":{\"name\":\"Andreia Ferreira\",\"@id\":\"https:\\\/\\\/www.altominho.tv\\\/site\\\/#\\\/schema\\\/person\\\/d9be4265364723f14ea8e0d56a1d38cd\"},\"headline\":\"Desemprego no Alto Minho aumenta 46,1% em ano de pandemia\",\"datePublished\":\"2021-04-13T16:34:57+00:00\",\"dateModified\":\"2021-04-19T13:43:42+00:00\",\"mainEntityOfPage\":{\"@id\":\"https:\\\/\\\/www.altominho.tv\\\/site\\\/2021\\\/04\\\/13\\\/desemprego-no-alto-minho-aumenta-461-em-ano-de-pandemia\\\/\"},\"wordCount\":477,\"image\":{\"@id\":\"https:\\\/\\\/www.altominho.tv\\\/site\\\/2021\\\/04\\\/13\\\/desemprego-no-alto-minho-aumenta-461-em-ano-de-pandemia\\\/#primaryimage\"},\"thumbnailUrl\":\"https:\\\/\\\/www.altominho.tv\\\/site\\\/wp-content\\\/uploads\\\/2021\\\/04\\\/2254.jpeg\",\"keywords\":[\"Economia\"],\"articleSection\":[\"Alto Minho\"],\"inLanguage\":\"pt-PT\",\"copyrightYear\":\"2021\",\"copyrightHolder\":{\"@id\":\"https:\\\/\\\/www.altominho.tv\\\/site\\\/#organization\"}},{\"@type\":\"WebPage\",\"@id\":\"https:\\\/\\\/www.altominho.tv\\\/site\\\/2021\\\/04\\\/13\\\/desemprego-no-alto-minho-aumenta-461-em-ano-de-pandemia\\\/\",\"url\":\"https:\\\/\\\/www.altominho.tv\\\/site\\\/2021\\\/04\\\/13\\\/desemprego-no-alto-minho-aumenta-461-em-ano-de-pandemia\\\/\",\"name\":\"Desemprego no Alto Minho aumenta 46,1% em ano de pandemia\",\"isPartOf\":{\"@id\":\"https:\\\/\\\/www.altominho.tv\\\/site\\\/#website\"},\"primaryImageOfPage\":{\"@id\":\"https:\\\/\\\/www.altominho.tv\\\/site\\\/2021\\\/04\\\/13\\\/desemprego-no-alto-minho-aumenta-461-em-ano-de-pandemia\\\/#primaryimage\"},\"image\":{\"@id\":\"https:\\\/\\\/www.altominho.tv\\\/site\\\/2021\\\/04\\\/13\\\/desemprego-no-alto-minho-aumenta-461-em-ano-de-pandemia\\\/#primaryimage\"},\"thumbnailUrl\":\"https:\\\/\\\/www.altominho.tv\\\/site\\\/wp-content\\\/uploads\\\/2021\\\/04\\\/2254.jpeg\",\"datePublished\":\"2021-04-13T16:34:57+00:00\",\"dateModified\":\"2021-04-19T13:43:42+00:00\",\"author\":{\"@id\":\"https:\\\/\\\/www.altominho.tv\\\/site\\\/#\\\/schema\\\/person\\\/d9be4265364723f14ea8e0d56a1d38cd\"},\"breadcrumb\":{\"@id\":\"https:\\\/\\\/www.altominho.tv\\\/site\\\/2021\\\/04\\\/13\\\/desemprego-no-alto-minho-aumenta-461-em-ano-de-pandemia\\\/#breadcrumb\"},\"inLanguage\":\"pt-PT\",\"potentialAction\":[{\"@type\":\"ReadAction\",\"target\":[\"https:\\\/\\\/www.altominho.tv\\\/site\\\/2021\\\/04\\\/13\\\/desemprego-no-alto-minho-aumenta-461-em-ano-de-pandemia\\\/\"]}]},{\"@type\":\"ImageObject\",\"inLanguage\":\"pt-PT\",\"@id\":\"https:\\\/\\\/www.altominho.tv\\\/site\\\/2021\\\/04\\\/13\\\/desemprego-no-alto-minho-aumenta-461-em-ano-de-pandemia\\\/#primaryimage\",\"url\":\"https:\\\/\\\/www.altominho.tv\\\/site\\\/wp-content\\\/uploads\\\/2021\\\/04\\\/2254.jpeg\",\"contentUrl\":\"https:\\\/\\\/www.altominho.tv\\\/site\\\/wp-content\\\/uploads\\\/2021\\\/04\\\/2254.jpeg\",\"width\":1536,\"height\":1024},{\"@type\":\"BreadcrumbList\",\"@id\":\"https:\\\/\\\/www.altominho.tv\\\/site\\\/2021\\\/04\\\/13\\\/desemprego-no-alto-minho-aumenta-461-em-ano-de-pandemia\\\/#breadcrumb\",\"itemListElement\":[{\"@type\":\"ListItem\",\"position\":1,\"name\":\"In\u00edcio\",\"item\":\"https:\\\/\\\/www.altominho.tv\\\/site\\\/\"},{\"@type\":\"ListItem\",\"position\":2,\"name\":\"Desemprego no Alto Minho aumenta 46,1% em ano de pandemia\"}]},{\"@type\":\"WebSite\",\"@id\":\"https:\\\/\\\/www.altominho.tv\\\/site\\\/#website\",\"url\":\"https:\\\/\\\/www.altominho.tv\\\/site\\\/\",\"name\":\"Altominho.tv\",\"description\":\"A sua regi\u00e3o \u00e0 dist\u00e2ncia de um clique...\",\"potentialAction\":[{\"@type\":\"SearchAction\",\"target\":{\"@type\":\"EntryPoint\",\"urlTemplate\":\"https:\\\/\\\/www.altominho.tv\\\/site\\\/?s={search_term_string}\"},\"query-input\":{\"@type\":\"PropertyValueSpecification\",\"valueRequired\":true,\"valueName\":\"search_term_string\"}}],\"inLanguage\":\"pt-PT\"},{\"@type\":\"Person\",\"@id\":\"https:\\\/\\\/www.altominho.tv\\\/site\\\/#\\\/schema\\\/person\\\/d9be4265364723f14ea8e0d56a1d38cd\",\"name\":\"Andreia Ferreira\",\"image\":{\"@type\":\"ImageObject\",\"inLanguage\":\"pt-PT\",\"@id\":\"https:\\\/\\\/www.altominho.tv\\\/site\\\/wp-content\\\/uploads\\\/2021\\\/01\\\/AndreiaFerreira-150x150.jpg\",\"url\":\"https:\\\/\\\/www.altominho.tv\\\/site\\\/wp-content\\\/uploads\\\/2021\\\/01\\\/AndreiaFerreira-150x150.jpg\",\"contentUrl\":\"https:\\\/\\\/www.altominho.tv\\\/site\\\/wp-content\\\/uploads\\\/2021\\\/01\\\/AndreiaFerreira-150x150.jpg\",\"caption\":\"Andreia Ferreira\"},\"url\":\"https:\\\/\\\/www.altominho.tv\\\/site\\\/author\\\/andreiaferreira\\\/\"}]}<\/script>\n<!-- \/ Yoast SEO Premium plugin. -->","yoast_head_json":{"title":"Desemprego no Alto Minho aumenta 46,1% em ano de pandemia","robots":{"index":"index","follow":"follow","max-snippet":"max-snippet:-1","max-image-preview":"max-image-preview:large","max-video-preview":"max-video-preview:-1"},"canonical":"https:\/\/www.altominho.tv\/site\/2021\/04\/13\/desemprego-no-alto-minho-aumenta-461-em-ano-de-pandemia\/","og_locale":"pt_PT","og_type":"article","og_title":"Desemprego no Alto Minho aumenta 46,1% em ano de pandemia","og_description":"O distrito de Viana do Castelo registou, em fevereiro, 6.358 desempregados inscritos nos centros de emprego, mais 46,1% do que fevereiro de 2020, revela um relat\u00f3rio. O relat\u00f3rio trimestral Norte Conjuntura, elaborado pela Comiss\u00e3o de Coordena\u00e7\u00e3o e Desenvolvimento Regional do Norte (CCDR-N), refere que a influ\u00eancia da crise pand\u00e9mica na economia nacional e internacional foi [&hellip;]","og_url":"https:\/\/www.altominho.tv\/site\/2021\/04\/13\/desemprego-no-alto-minho-aumenta-461-em-ano-de-pandemia\/","og_site_name":"Altominho.tv","article_publisher":"https:\/\/www.facebook.com\/altominhotv","article_published_time":"2021-04-13T16:34:57+00:00","article_modified_time":"2021-04-19T13:43:42+00:00","og_image":[{"width":1536,"height":1024,"url":"https:\/\/www.altominho.tv\/site\/wp-content\/uploads\/2021\/04\/2254.jpeg","type":"image\/jpeg"}],"author":"Andreia Ferreira","twitter_card":"summary_large_image","twitter_creator":"@altominhoTV","twitter_site":"@altominhoTV","twitter_misc":{"Escrito por":"Andreia Ferreira","Tempo estimado de leitura":"2 minutos"},"schema":{"@context":"https:\/\/schema.org","@graph":[{"@type":"Article","@id":"https:\/\/www.altominho.tv\/site\/2021\/04\/13\/desemprego-no-alto-minho-aumenta-461-em-ano-de-pandemia\/#article","isPartOf":{"@id":"https:\/\/www.altominho.tv\/site\/2021\/04\/13\/desemprego-no-alto-minho-aumenta-461-em-ano-de-pandemia\/"},"author":{"name":"Andreia Ferreira","@id":"https:\/\/www.altominho.tv\/site\/#\/schema\/person\/d9be4265364723f14ea8e0d56a1d38cd"},"headline":"Desemprego no Alto Minho aumenta 46,1% em ano de pandemia","datePublished":"2021-04-13T16:34:57+00:00","dateModified":"2021-04-19T13:43:42+00:00","mainEntityOfPage":{"@id":"https:\/\/www.altominho.tv\/site\/2021\/04\/13\/desemprego-no-alto-minho-aumenta-461-em-ano-de-pandemia\/"},"wordCount":477,"image":{"@id":"https:\/\/www.altominho.tv\/site\/2021\/04\/13\/desemprego-no-alto-minho-aumenta-461-em-ano-de-pandemia\/#primaryimage"},"thumbnailUrl":"https:\/\/www.altominho.tv\/site\/wp-content\/uploads\/2021\/04\/2254.jpeg","keywords":["Economia"],"articleSection":["Alto Minho"],"inLanguage":"pt-PT","copyrightYear":"2021","copyrightHolder":{"@id":"https:\/\/www.altominho.tv\/site\/#organization"}},{"@type":"WebPage","@id":"https:\/\/www.altominho.tv\/site\/2021\/04\/13\/desemprego-no-alto-minho-aumenta-461-em-ano-de-pandemia\/","url":"https:\/\/www.altominho.tv\/site\/2021\/04\/13\/desemprego-no-alto-minho-aumenta-461-em-ano-de-pandemia\/","name":"Desemprego no Alto Minho aumenta 46,1% em ano de pandemia","isPartOf":{"@id":"https:\/\/www.altominho.tv\/site\/#website"},"primaryImageOfPage":{"@id":"https:\/\/www.altominho.tv\/site\/2021\/04\/13\/desemprego-no-alto-minho-aumenta-461-em-ano-de-pandemia\/#primaryimage"},"image":{"@id":"https:\/\/www.altominho.tv\/site\/2021\/04\/13\/desemprego-no-alto-minho-aumenta-461-em-ano-de-pandemia\/#primaryimage"},"thumbnailUrl":"https:\/\/www.altominho.tv\/site\/wp-content\/uploads\/2021\/04\/2254.jpeg","datePublished":"2021-04-13T16:34:57+00:00","dateModified":"2021-04-19T13:43:42+00:00","author":{"@id":"https:\/\/www.altominho.tv\/site\/#\/schema\/person\/d9be4265364723f14ea8e0d56a1d38cd"},"breadcrumb":{"@id":"https:\/\/www.altominho.tv\/site\/2021\/04\/13\/desemprego-no-alto-minho-aumenta-461-em-ano-de-pandemia\/#breadcrumb"},"inLanguage":"pt-PT","potentialAction":[{"@type":"ReadAction","target":["https:\/\/www.altominho.tv\/site\/2021\/04\/13\/desemprego-no-alto-minho-aumenta-461-em-ano-de-pandemia\/"]}]},{"@type":"ImageObject","inLanguage":"pt-PT","@id":"https:\/\/www.altominho.tv\/site\/2021\/04\/13\/desemprego-no-alto-minho-aumenta-461-em-ano-de-pandemia\/#primaryimage","url":"https:\/\/www.altominho.tv\/site\/wp-content\/uploads\/2021\/04\/2254.jpeg","contentUrl":"https:\/\/www.altominho.tv\/site\/wp-content\/uploads\/2021\/04\/2254.jpeg","width":1536,"height":1024},{"@type":"BreadcrumbList","@id":"https:\/\/www.altominho.tv\/site\/2021\/04\/13\/desemprego-no-alto-minho-aumenta-461-em-ano-de-pandemia\/#breadcrumb","itemListElement":[{"@type":"ListItem","position":1,"name":"In\u00edcio","item":"https:\/\/www.altominho.tv\/site\/"},{"@type":"ListItem","position":2,"name":"Desemprego no Alto Minho aumenta 46,1% em ano de pandemia"}]},{"@type":"WebSite","@id":"https:\/\/www.altominho.tv\/site\/#website","url":"https:\/\/www.altominho.tv\/site\/","name":"Altominho.tv","description":"A sua regi\u00e3o \u00e0 dist\u00e2ncia de um clique...","potentialAction":[{"@type":"SearchAction","target":{"@type":"EntryPoint","urlTemplate":"https:\/\/www.altominho.tv\/site\/?s={search_term_string}"},"query-input":{"@type":"PropertyValueSpecification","valueRequired":true,"valueName":"search_term_string"}}],"inLanguage":"pt-PT"},{"@type":"Person","@id":"https:\/\/www.altominho.tv\/site\/#\/schema\/person\/d9be4265364723f14ea8e0d56a1d38cd","name":"Andreia Ferreira","image":{"@type":"ImageObject","inLanguage":"pt-PT","@id":"https:\/\/www.altominho.tv\/site\/wp-content\/uploads\/2021\/01\/AndreiaFerreira-150x150.jpg","url":"https:\/\/www.altominho.tv\/site\/wp-content\/uploads\/2021\/01\/AndreiaFerreira-150x150.jpg","contentUrl":"https:\/\/www.altominho.tv\/site\/wp-content\/uploads\/2021\/01\/AndreiaFerreira-150x150.jpg","caption":"Andreia Ferreira"},"url":"https:\/\/www.altominho.tv\/site\/author\/andreiaferreira\/"}]}},"_links":{"self":[{"href":"https:\/\/www.altominho.tv\/site\/wp-json\/wp\/v2\/posts\/65155","targetHints":{"allow":["GET"]}}],"collection":[{"href":"https:\/\/www.altominho.tv\/site\/wp-json\/wp\/v2\/posts"}],"about":[{"href":"https:\/\/www.altominho.tv\/site\/wp-json\/wp\/v2\/types\/post"}],"author":[{"embeddable":true,"href":"https:\/\/www.altominho.tv\/site\/wp-json\/wp\/v2\/users\/12"}],"replies":[{"embeddable":true,"href":"https:\/\/www.altominho.tv\/site\/wp-json\/wp\/v2\/comments?post=65155"}],"version-history":[{"count":0,"href":"https:\/\/www.altominho.tv\/site\/wp-json\/wp\/v2\/posts\/65155\/revisions"}],"wp:featuredmedia":[{"embeddable":true,"href":"https:\/\/www.altominho.tv\/site\/wp-json\/wp\/v2\/media\/65156"}],"wp:attachment":[{"href":"https:\/\/www.altominho.tv\/site\/wp-json\/wp\/v2\/media?parent=65155"}],"wp:term":[{"taxonomy":"category","embeddable":true,"href":"https:\/\/www.altominho.tv\/site\/wp-json\/wp\/v2\/categories?post=65155"},{"taxonomy":"post_tag","embeddable":true,"href":"https:\/\/www.altominho.tv\/site\/wp-json\/wp\/v2\/tags?post=65155"}],"curies":[{"name":"wp","href":"https:\/\/api.w.org\/{rel}","templated":true}]}}