{"id":65052,"date":"2021-04-11T12:45:23","date_gmt":"2021-04-11T11:45:23","guid":{"rendered":"https:\/\/www.altominho.tv\/site\/?p=65052"},"modified":"2021-04-11T12:49:07","modified_gmt":"2021-04-11T11:49:07","slug":"feira-mensal-de-cerdal-foi-retomada-este-domingo","status":"publish","type":"post","link":"https:\/\/www.altominho.tv\/site\/2021\/04\/11\/feira-mensal-de-cerdal-foi-retomada-este-domingo\/","title":{"rendered":"Feira mensal de Cerdal foi retomada este domingo"},"content":{"rendered":"<p>A feira de Cerdal foi retomada este domingo, dia 11 de abril, voltando a realizar-se no segundo domingo de cada m\u00eas.<\/p>\n<p>Os 10 munic\u00edpios do Alto Minho decidiram autorizar, desde segunda-feira, a realiza\u00e7\u00e3o de\u00a0<span class=\"il\">feiras<\/span>\u00a0e\u00a0<span class=\"il\">mercados<\/span>\u00a0n\u00e3o alimentares que cumpram as condi\u00e7\u00f5es de seguran\u00e7a e as orienta\u00e7\u00f5es definidas pela Dire\u00e7\u00e3o-Geral da Sa\u00fade (DGS).<\/p>\n<p>A\u00a0<a href=\"\/\/www.altominho.tv\/site\/2021\/04\/11\/feira-mensal-de-cerdal-foi-retomada-este-domingo\/\">feira semanal voltou a realizar-se em Valen\u00e7a<\/a>\u00a0na quarta-feira, ap\u00f3s cerca de tr\u00eas meses de suspens\u00e3o, devido \u00e0 pandemia de Covid-19.<\/p>\n","protected":false},"excerpt":{"rendered":"<p>A feira de Cerdal foi retomada este domingo, dia 11 de abril, voltando a realizar-se no segundo domingo de cada m\u00eas. Os 10 munic\u00edpios do Alto Minho decidiram autorizar, desde segunda-feira, a realiza\u00e7\u00e3o de\u00a0feiras\u00a0e\u00a0mercados\u00a0n\u00e3o alimentares que cumpram as condi\u00e7\u00f5es de seguran\u00e7a e as orienta\u00e7\u00f5es definidas pela Dire\u00e7\u00e3o-Geral da Sa\u00fade (DGS). A\u00a0feira semanal voltou a realizar-se [&hellip;]<\/p>\n","protected":false},"author":1,"featured_media":65053,"comment_status":"closed","ping_status":"closed","sticky":false,"template":"","format":"standard","meta":{"_exactmetrics_skip_tracking":false,"_exactmetrics_sitenote_active":false,"_exactmetrics_sitenote_note":"","_exactmetrics_sitenote_category":0,"footnotes":""},"categories":[13],"tags":[27],"class_list":["post-65052","post","type-post","status-publish","format-standard","has-post-thumbnail","hentry","category-valenca","tag-sociedade"],"yoast_head":"<!-- This site is optimized with the Yoast SEO Premium plugin v27.5 (Yoast SEO v27.5) - https:\/\/yoast.com\/product\/yoast-seo-premium-wordpress\/ -->\n<title>Feira mensal de Cerdal foi retomada este domingo<\/title>\n<meta name=\"robots\" content=\"index, follow, max-snippet:-1, max-image-preview:large, max-video-preview:-1\" \/>\n<link rel=\"canonical\" href=\"https:\/\/www.altominho.tv\/site\/2021\/04\/11\/feira-mensal-de-cerdal-foi-retomada-este-domingo\/\" \/>\n<meta property=\"og:locale\" content=\"pt_PT\" \/>\n<meta property=\"og:type\" content=\"article\" \/>\n<meta property=\"og:title\" content=\"Feira mensal de Cerdal foi retomada este domingo\" \/>\n<meta property=\"og:description\" content=\"A feira de Cerdal foi retomada este domingo, dia 11 de abril, voltando a realizar-se no segundo domingo de cada m\u00eas. Os 10 munic\u00edpios do Alto Minho decidiram autorizar, desde segunda-feira, a realiza\u00e7\u00e3o de\u00a0feiras\u00a0e\u00a0mercados\u00a0n\u00e3o alimentares que cumpram as condi\u00e7\u00f5es de seguran\u00e7a e as orienta\u00e7\u00f5es definidas pela Dire\u00e7\u00e3o-Geral da Sa\u00fade (DGS). A\u00a0feira semanal voltou a realizar-se [&hellip;]\" \/>\n<meta property=\"og:url\" content=\"https:\/\/www.altominho.tv\/site\/2021\/04\/11\/feira-mensal-de-cerdal-foi-retomada-este-domingo\/\" \/>\n<meta property=\"og:site_name\" content=\"Altominho.tv\" \/>\n<meta property=\"article:publisher\" content=\"https:\/\/www.facebook.com\/altominhotv\" \/>\n<meta property=\"article:published_time\" content=\"2021-04-11T11:45:23+00:00\" \/>\n<meta property=\"article:modified_time\" content=\"2021-04-11T11:49:07+00:00\" \/>\n<meta property=\"og:image\" content=\"https:\/\/www.altominho.tv\/site\/wp-content\/uploads\/2021\/04\/feira_Cerdal.jpeg\" \/>\n\t<meta property=\"og:image:width\" content=\"1278\" \/>\n\t<meta property=\"og:image:height\" content=\"679\" \/>\n\t<meta property=\"og:image:type\" content=\"image\/jpeg\" \/>\n<meta name=\"author\" content=\"Altominho.tv\" \/>\n<meta name=\"twitter:card\" content=\"summary_large_image\" \/>\n<meta name=\"twitter:creator\" content=\"@altominhoTV\" \/>\n<meta name=\"twitter:site\" content=\"@altominhoTV\" \/>\n<meta name=\"twitter:label1\" content=\"Escrito por\" \/>\n\t<meta name=\"twitter:data1\" content=\"Altominho.tv\" \/>\n<script type=\"application\/ld+json\" class=\"yoast-schema-graph\">{\"@context\":\"https:\\\/\\\/schema.org\",\"@graph\":[{\"@type\":\"Article\",\"@id\":\"https:\\\/\\\/www.altominho.tv\\\/site\\\/2021\\\/04\\\/11\\\/feira-mensal-de-cerdal-foi-retomada-este-domingo\\\/#article\",\"isPartOf\":{\"@id\":\"https:\\\/\\\/www.altominho.tv\\\/site\\\/2021\\\/04\\\/11\\\/feira-mensal-de-cerdal-foi-retomada-este-domingo\\\/\"},\"author\":{\"name\":\"Altominho.tv\",\"@id\":\"https:\\\/\\\/www.altominho.tv\\\/site\\\/#\\\/schema\\\/person\\\/4e536851627d7914baf3dac752b6af22\"},\"headline\":\"Feira mensal de Cerdal foi retomada este domingo\",\"datePublished\":\"2021-04-11T11:45:23+00:00\",\"dateModified\":\"2021-04-11T11:49:07+00:00\",\"mainEntityOfPage\":{\"@id\":\"https:\\\/\\\/www.altominho.tv\\\/site\\\/2021\\\/04\\\/11\\\/feira-mensal-de-cerdal-foi-retomada-este-domingo\\\/\"},\"wordCount\":94,\"image\":{\"@id\":\"https:\\\/\\\/www.altominho.tv\\\/site\\\/2021\\\/04\\\/11\\\/feira-mensal-de-cerdal-foi-retomada-este-domingo\\\/#primaryimage\"},\"thumbnailUrl\":\"https:\\\/\\\/www.altominho.tv\\\/site\\\/wp-content\\\/uploads\\\/2021\\\/04\\\/feira_Cerdal.jpeg\",\"keywords\":[\"Sociedade\"],\"articleSection\":[\"Valen\u00e7a\"],\"inLanguage\":\"pt-PT\",\"copyrightYear\":\"2021\",\"copyrightHolder\":{\"@id\":\"https:\\\/\\\/www.altominho.tv\\\/site\\\/#organization\"}},{\"@type\":\"WebPage\",\"@id\":\"https:\\\/\\\/www.altominho.tv\\\/site\\\/2021\\\/04\\\/11\\\/feira-mensal-de-cerdal-foi-retomada-este-domingo\\\/\",\"url\":\"https:\\\/\\\/www.altominho.tv\\\/site\\\/2021\\\/04\\\/11\\\/feira-mensal-de-cerdal-foi-retomada-este-domingo\\\/\",\"name\":\"Feira mensal de Cerdal foi retomada este domingo\",\"isPartOf\":{\"@id\":\"https:\\\/\\\/www.altominho.tv\\\/site\\\/#website\"},\"primaryImageOfPage\":{\"@id\":\"https:\\\/\\\/www.altominho.tv\\\/site\\\/2021\\\/04\\\/11\\\/feira-mensal-de-cerdal-foi-retomada-este-domingo\\\/#primaryimage\"},\"image\":{\"@id\":\"https:\\\/\\\/www.altominho.tv\\\/site\\\/2021\\\/04\\\/11\\\/feira-mensal-de-cerdal-foi-retomada-este-domingo\\\/#primaryimage\"},\"thumbnailUrl\":\"https:\\\/\\\/www.altominho.tv\\\/site\\\/wp-content\\\/uploads\\\/2021\\\/04\\\/feira_Cerdal.jpeg\",\"datePublished\":\"2021-04-11T11:45:23+00:00\",\"dateModified\":\"2021-04-11T11:49:07+00:00\",\"author\":{\"@id\":\"https:\\\/\\\/www.altominho.tv\\\/site\\\/#\\\/schema\\\/person\\\/4e536851627d7914baf3dac752b6af22\"},\"breadcrumb\":{\"@id\":\"https:\\\/\\\/www.altominho.tv\\\/site\\\/2021\\\/04\\\/11\\\/feira-mensal-de-cerdal-foi-retomada-este-domingo\\\/#breadcrumb\"},\"inLanguage\":\"pt-PT\",\"potentialAction\":[{\"@type\":\"ReadAction\",\"target\":[\"https:\\\/\\\/www.altominho.tv\\\/site\\\/2021\\\/04\\\/11\\\/feira-mensal-de-cerdal-foi-retomada-este-domingo\\\/\"]}]},{\"@type\":\"ImageObject\",\"inLanguage\":\"pt-PT\",\"@id\":\"https:\\\/\\\/www.altominho.tv\\\/site\\\/2021\\\/04\\\/11\\\/feira-mensal-de-cerdal-foi-retomada-este-domingo\\\/#primaryimage\",\"url\":\"https:\\\/\\\/www.altominho.tv\\\/site\\\/wp-content\\\/uploads\\\/2021\\\/04\\\/feira_Cerdal.jpeg\",\"contentUrl\":\"https:\\\/\\\/www.altominho.tv\\\/site\\\/wp-content\\\/uploads\\\/2021\\\/04\\\/feira_Cerdal.jpeg\",\"width\":1278,\"height\":679},{\"@type\":\"BreadcrumbList\",\"@id\":\"https:\\\/\\\/www.altominho.tv\\\/site\\\/2021\\\/04\\\/11\\\/feira-mensal-de-cerdal-foi-retomada-este-domingo\\\/#breadcrumb\",\"itemListElement\":[{\"@type\":\"ListItem\",\"position\":1,\"name\":\"In\u00edcio\",\"item\":\"https:\\\/\\\/www.altominho.tv\\\/site\\\/\"},{\"@type\":\"ListItem\",\"position\":2,\"name\":\"Feira mensal de Cerdal foi retomada este domingo\"}]},{\"@type\":\"WebSite\",\"@id\":\"https:\\\/\\\/www.altominho.tv\\\/site\\\/#website\",\"url\":\"https:\\\/\\\/www.altominho.tv\\\/site\\\/\",\"name\":\"Altominho.tv\",\"description\":\"A sua regi\u00e3o \u00e0 dist\u00e2ncia de um clique...\",\"potentialAction\":[{\"@type\":\"SearchAction\",\"target\":{\"@type\":\"EntryPoint\",\"urlTemplate\":\"https:\\\/\\\/www.altominho.tv\\\/site\\\/?s={search_term_string}\"},\"query-input\":{\"@type\":\"PropertyValueSpecification\",\"valueRequired\":true,\"valueName\":\"search_term_string\"}}],\"inLanguage\":\"pt-PT\"},{\"@type\":\"Person\",\"@id\":\"https:\\\/\\\/www.altominho.tv\\\/site\\\/#\\\/schema\\\/person\\\/4e536851627d7914baf3dac752b6af22\",\"name\":\"Altominho.tv\",\"image\":{\"@type\":\"ImageObject\",\"inLanguage\":\"pt-PT\",\"@id\":\"https:\\\/\\\/www.altominho.tv\\\/site\\\/wp-content\\\/uploads\\\/2019\\\/11\\\/Logo_Avatar_2-150x150.jpg\",\"url\":\"https:\\\/\\\/www.altominho.tv\\\/site\\\/wp-content\\\/uploads\\\/2019\\\/11\\\/Logo_Avatar_2-150x150.jpg\",\"contentUrl\":\"https:\\\/\\\/www.altominho.tv\\\/site\\\/wp-content\\\/uploads\\\/2019\\\/11\\\/Logo_Avatar_2-150x150.jpg\",\"caption\":\"Altominho.tv\"},\"url\":\"https:\\\/\\\/www.altominho.tv\\\/site\\\/author\\\/altominhotv-tecnico\\\/\"}]}<\/script>\n<!-- \/ Yoast SEO Premium plugin. -->","yoast_head_json":{"title":"Feira mensal de Cerdal foi retomada este domingo","robots":{"index":"index","follow":"follow","max-snippet":"max-snippet:-1","max-image-preview":"max-image-preview:large","max-video-preview":"max-video-preview:-1"},"canonical":"https:\/\/www.altominho.tv\/site\/2021\/04\/11\/feira-mensal-de-cerdal-foi-retomada-este-domingo\/","og_locale":"pt_PT","og_type":"article","og_title":"Feira mensal de Cerdal foi retomada este domingo","og_description":"A feira de Cerdal foi retomada este domingo, dia 11 de abril, voltando a realizar-se no segundo domingo de cada m\u00eas. Os 10 munic\u00edpios do Alto Minho decidiram autorizar, desde segunda-feira, a realiza\u00e7\u00e3o de\u00a0feiras\u00a0e\u00a0mercados\u00a0n\u00e3o alimentares que cumpram as condi\u00e7\u00f5es de seguran\u00e7a e as orienta\u00e7\u00f5es definidas pela Dire\u00e7\u00e3o-Geral da Sa\u00fade (DGS). A\u00a0feira semanal voltou a realizar-se [&hellip;]","og_url":"https:\/\/www.altominho.tv\/site\/2021\/04\/11\/feira-mensal-de-cerdal-foi-retomada-este-domingo\/","og_site_name":"Altominho.tv","article_publisher":"https:\/\/www.facebook.com\/altominhotv","article_published_time":"2021-04-11T11:45:23+00:00","article_modified_time":"2021-04-11T11:49:07+00:00","og_image":[{"width":1278,"height":679,"url":"https:\/\/www.altominho.tv\/site\/wp-content\/uploads\/2021\/04\/feira_Cerdal.jpeg","type":"image\/jpeg"}],"author":"Altominho.tv","twitter_card":"summary_large_image","twitter_creator":"@altominhoTV","twitter_site":"@altominhoTV","twitter_misc":{"Escrito por":"Altominho.tv"},"schema":{"@context":"https:\/\/schema.org","@graph":[{"@type":"Article","@id":"https:\/\/www.altominho.tv\/site\/2021\/04\/11\/feira-mensal-de-cerdal-foi-retomada-este-domingo\/#article","isPartOf":{"@id":"https:\/\/www.altominho.tv\/site\/2021\/04\/11\/feira-mensal-de-cerdal-foi-retomada-este-domingo\/"},"author":{"name":"Altominho.tv","@id":"https:\/\/www.altominho.tv\/site\/#\/schema\/person\/4e536851627d7914baf3dac752b6af22"},"headline":"Feira mensal de Cerdal foi retomada este domingo","datePublished":"2021-04-11T11:45:23+00:00","dateModified":"2021-04-11T11:49:07+00:00","mainEntityOfPage":{"@id":"https:\/\/www.altominho.tv\/site\/2021\/04\/11\/feira-mensal-de-cerdal-foi-retomada-este-domingo\/"},"wordCount":94,"image":{"@id":"https:\/\/www.altominho.tv\/site\/2021\/04\/11\/feira-mensal-de-cerdal-foi-retomada-este-domingo\/#primaryimage"},"thumbnailUrl":"https:\/\/www.altominho.tv\/site\/wp-content\/uploads\/2021\/04\/feira_Cerdal.jpeg","keywords":["Sociedade"],"articleSection":["Valen\u00e7a"],"inLanguage":"pt-PT","copyrightYear":"2021","copyrightHolder":{"@id":"https:\/\/www.altominho.tv\/site\/#organization"}},{"@type":"WebPage","@id":"https:\/\/www.altominho.tv\/site\/2021\/04\/11\/feira-mensal-de-cerdal-foi-retomada-este-domingo\/","url":"https:\/\/www.altominho.tv\/site\/2021\/04\/11\/feira-mensal-de-cerdal-foi-retomada-este-domingo\/","name":"Feira mensal de Cerdal foi retomada este domingo","isPartOf":{"@id":"https:\/\/www.altominho.tv\/site\/#website"},"primaryImageOfPage":{"@id":"https:\/\/www.altominho.tv\/site\/2021\/04\/11\/feira-mensal-de-cerdal-foi-retomada-este-domingo\/#primaryimage"},"image":{"@id":"https:\/\/www.altominho.tv\/site\/2021\/04\/11\/feira-mensal-de-cerdal-foi-retomada-este-domingo\/#primaryimage"},"thumbnailUrl":"https:\/\/www.altominho.tv\/site\/wp-content\/uploads\/2021\/04\/feira_Cerdal.jpeg","datePublished":"2021-04-11T11:45:23+00:00","dateModified":"2021-04-11T11:49:07+00:00","author":{"@id":"https:\/\/www.altominho.tv\/site\/#\/schema\/person\/4e536851627d7914baf3dac752b6af22"},"breadcrumb":{"@id":"https:\/\/www.altominho.tv\/site\/2021\/04\/11\/feira-mensal-de-cerdal-foi-retomada-este-domingo\/#breadcrumb"},"inLanguage":"pt-PT","potentialAction":[{"@type":"ReadAction","target":["https:\/\/www.altominho.tv\/site\/2021\/04\/11\/feira-mensal-de-cerdal-foi-retomada-este-domingo\/"]}]},{"@type":"ImageObject","inLanguage":"pt-PT","@id":"https:\/\/www.altominho.tv\/site\/2021\/04\/11\/feira-mensal-de-cerdal-foi-retomada-este-domingo\/#primaryimage","url":"https:\/\/www.altominho.tv\/site\/wp-content\/uploads\/2021\/04\/feira_Cerdal.jpeg","contentUrl":"https:\/\/www.altominho.tv\/site\/wp-content\/uploads\/2021\/04\/feira_Cerdal.jpeg","width":1278,"height":679},{"@type":"BreadcrumbList","@id":"https:\/\/www.altominho.tv\/site\/2021\/04\/11\/feira-mensal-de-cerdal-foi-retomada-este-domingo\/#breadcrumb","itemListElement":[{"@type":"ListItem","position":1,"name":"In\u00edcio","item":"https:\/\/www.altominho.tv\/site\/"},{"@type":"ListItem","position":2,"name":"Feira mensal de Cerdal foi retomada este domingo"}]},{"@type":"WebSite","@id":"https:\/\/www.altominho.tv\/site\/#website","url":"https:\/\/www.altominho.tv\/site\/","name":"Altominho.tv","description":"A sua regi\u00e3o \u00e0 dist\u00e2ncia de um clique...","potentialAction":[{"@type":"SearchAction","target":{"@type":"EntryPoint","urlTemplate":"https:\/\/www.altominho.tv\/site\/?s={search_term_string}"},"query-input":{"@type":"PropertyValueSpecification","valueRequired":true,"valueName":"search_term_string"}}],"inLanguage":"pt-PT"},{"@type":"Person","@id":"https:\/\/www.altominho.tv\/site\/#\/schema\/person\/4e536851627d7914baf3dac752b6af22","name":"Altominho.tv","image":{"@type":"ImageObject","inLanguage":"pt-PT","@id":"https:\/\/www.altominho.tv\/site\/wp-content\/uploads\/2019\/11\/Logo_Avatar_2-150x150.jpg","url":"https:\/\/www.altominho.tv\/site\/wp-content\/uploads\/2019\/11\/Logo_Avatar_2-150x150.jpg","contentUrl":"https:\/\/www.altominho.tv\/site\/wp-content\/uploads\/2019\/11\/Logo_Avatar_2-150x150.jpg","caption":"Altominho.tv"},"url":"https:\/\/www.altominho.tv\/site\/author\/altominhotv-tecnico\/"}]}},"_links":{"self":[{"href":"https:\/\/www.altominho.tv\/site\/wp-json\/wp\/v2\/posts\/65052","targetHints":{"allow":["GET"]}}],"collection":[{"href":"https:\/\/www.altominho.tv\/site\/wp-json\/wp\/v2\/posts"}],"about":[{"href":"https:\/\/www.altominho.tv\/site\/wp-json\/wp\/v2\/types\/post"}],"author":[{"embeddable":true,"href":"https:\/\/www.altominho.tv\/site\/wp-json\/wp\/v2\/users\/1"}],"replies":[{"embeddable":true,"href":"https:\/\/www.altominho.tv\/site\/wp-json\/wp\/v2\/comments?post=65052"}],"version-history":[{"count":0,"href":"https:\/\/www.altominho.tv\/site\/wp-json\/wp\/v2\/posts\/65052\/revisions"}],"wp:featuredmedia":[{"embeddable":true,"href":"https:\/\/www.altominho.tv\/site\/wp-json\/wp\/v2\/media\/65053"}],"wp:attachment":[{"href":"https:\/\/www.altominho.tv\/site\/wp-json\/wp\/v2\/media?parent=65052"}],"wp:term":[{"taxonomy":"category","embeddable":true,"href":"https:\/\/www.altominho.tv\/site\/wp-json\/wp\/v2\/categories?post=65052"},{"taxonomy":"post_tag","embeddable":true,"href":"https:\/\/www.altominho.tv\/site\/wp-json\/wp\/v2\/tags?post=65052"}],"curies":[{"name":"wp","href":"https:\/\/api.w.org\/{rel}","templated":true}]}}