{"id":64987,"date":"2021-04-09T13:34:35","date_gmt":"2021-04-09T12:34:35","guid":{"rendered":"https:\/\/www.altominho.tv\/site\/?p=64987"},"modified":"2021-04-20T09:47:25","modified_gmt":"2021-04-20T08:47:25","slug":"comboios-eletricos-comecam-a-circular-na-linha-do-minho-a-partir-de-25-de-abril","status":"publish","type":"post","link":"https:\/\/www.altominho.tv\/site\/2021\/04\/09\/comboios-eletricos-comecam-a-circular-na-linha-do-minho-a-partir-de-25-de-abril\/","title":{"rendered":"Comboios el\u00e9tricos come\u00e7am a circular na Linha do Minho a partir de 25 de abril"},"content":{"rendered":"\n<p>Os primeiros comboios el\u00e9tricos v\u00e3o come\u00e7ar a operar na Linha do Minho, entre o Porto e Valen\u00e7a, a partir do dia 25 de abril, anunciou hoje, em Viana do Castelo, o secret\u00e1rio de Estado das Infraestruturas, Jorge Delgado.<\/p>\n\n\n\n<p>O governante, que falava aos jornalistas na freguesia de Carre\u00e7o, \u00e0 margem do in\u00edcio da empreitada de constru\u00e7\u00e3o de uma passagem desnivelada, num investimento de mais de 1,3 milh\u00f5es de euros, adiantou &#8220;estar previsto para o dia 26 um momento evocativo da abertura da linha ferrovi\u00e1ria com a presen\u00e7a do primeiro-ministro, Ant\u00f3nio Costa&#8221;.&nbsp;<\/p>\n\n\n\n<p>Em fevereiro, fonte da CP-Comboios de Portugal disse \u00e0 Lusa que as primeiras tr\u00eas carruagens el\u00e9tricas, compradas \u00e0 espanhola Renfe, e j\u00e1 sem amianto, come\u00e7am a operar na Linha do Minho em abril, mas sem especificar a data.<\/p>\n\n\n\n<p>Na altura, contactada pela ag\u00eancia Lusa, a prop\u00f3sito da conclus\u00e3o, pela Infraestruturas de Portugal (IP), da moderniza\u00e7\u00e3o e eletrifica\u00e7\u00e3o do tro\u00e7o entre Viana do Castelo e Valen\u00e7a e do in\u00edcio dos testes para a certifica\u00e7\u00e3o da liga\u00e7\u00e3o ferrovi\u00e1ria, a fonte da CP adiantou que o in\u00edcio da opera\u00e7\u00e3o seria assegurado &#8220;com tr\u00eas carruagens da s\u00e9rie ARCO&#8221;.<\/p>\n\n\n\n<p>A mesma fonte referiu ainda que &#8220;conforme forem ficando prontas mais carruagens ser\u00e3o colocadas ao servi\u00e7o da linha, ajustando a oferta \u00e0s necessidades dos passageiros&#8221;.<\/p>\n\n\n\n<p>No final de mar\u00e7o, fonte da IP informou da conclus\u00e3o do processo de certifica\u00e7\u00e3o da eletrifica\u00e7\u00e3o do tro\u00e7o entre Viana do Castelo e Valen\u00e7a da Linha do Minho pelo Instituto da Mobilidade e dos Transportes (IMT).<\/p>\n\n\n\n<p>A empresa referiu que a fase de constru\u00e7\u00e3o civil [de moderniza\u00e7\u00e3o e eletrifica\u00e7\u00e3o] acabou no final de 2020, in\u00edcio de 2021, num investimento de 18 milh\u00f5es de euros.<\/p>\n\n\n\n<p>A moderniza\u00e7\u00e3o e eletrifica\u00e7\u00e3o da Linha do Minho, entre Nine, no distrito de Braga, e Valen\u00e7a, no distrito de Viana do Castelo representou um investimento de 86,4 milh\u00f5es de euros, inserido no Plano de Investimentos Ferrovia 2020 e cofinanciado pelo programa Compete 2020.<\/p>\n\n\n\n<p>A moderniza\u00e7\u00e3o da Linha do Minho foi anunciada em 2011, depois de afastada a possibilidade de encerramento da liga\u00e7\u00e3o ferrovi\u00e1ria internacional entre a cidade do Porto e Vigo, na Galiza.<\/p>\n\n\n\n<p>Na quinta-feira, uma portaria dos secret\u00e1rios de Estado do Or\u00e7amento, Cl\u00e1udia Joaquim, e das Infraestruturas, Jorge Moreno Delgado, publicada em Di\u00e1rio da Rep\u00fablica (DR), autorizou a IP a proceder \u00e0 reparti\u00e7\u00e3o de encargos de 3,6 milh\u00f5es de euros relativos ao contrato para a instala\u00e7\u00e3o do \u00abGSM-R &#8211; Implementa\u00e7\u00e3o de infraestruturas para BTS&#8221; em duas liga\u00e7\u00f5es ferrovi\u00e1rias, entre elas, o tro\u00e7o Nine-Valen\u00e7a.<\/p>\n\n\n\n<p>Fonte da IP explicou \u00e0 Lusa que o &#8220;GSM-R \u00e9 um sistema de comunica\u00e7\u00e3o ferrovi\u00e1ria, o mais avan\u00e7ado e usado nas principais redes ferrovi\u00e1ria da Europa e do mundo&#8221;.<\/p>\n\n\n\n<p>&#8220;Este sistema, que a IP est\u00e1 a instalar na Rede Ferrovi\u00e1ria Nacional, assegura uma importante melhoria da capacidade, fiabilidade, disponibilidade e qualidade das comunica\u00e7\u00f5es de voz e dados entre os comboios e os Centros de Comando Operacionais, e consequentemente a seguran\u00e7a e produtividade da explora\u00e7\u00e3o ferrovi\u00e1ria&#8221;.<\/p>\n\n\n\n<p>A mesma fonte adiantou que com a publica\u00e7\u00e3o daquela portaria em DR, a IP poder\u00e1 &#8220;proceder, em breve, ao lan\u00e7amento do concurso p\u00fablico&#8221; para a implementa\u00e7\u00e3o daquele sistema.<\/p>\n","protected":false},"excerpt":{"rendered":"<p>Os primeiros comboios el\u00e9tricos v\u00e3o come\u00e7ar a operar na Linha do Minho, entre o Porto e Valen\u00e7a, a partir do dia 25 de abril, anunciou hoje, em Viana do Castelo, o secret\u00e1rio de Estado das Infraestruturas, Jorge Delgado. O governante, que falava aos jornalistas na freguesia de Carre\u00e7o, \u00e0 margem do in\u00edcio da empreitada de [&hellip;]<\/p>\n","protected":false},"author":16,"featured_media":64988,"comment_status":"closed","ping_status":"closed","sticky":false,"template":"","format":"standard","meta":{"_exactmetrics_skip_tracking":false,"_exactmetrics_sitenote_active":false,"_exactmetrics_sitenote_note":"","_exactmetrics_sitenote_category":0,"footnotes":""},"categories":[73],"tags":[27],"class_list":["post-64987","post","type-post","status-publish","format-standard","has-post-thumbnail","hentry","category-alto-minho","tag-sociedade"],"yoast_head":"<!-- This site is optimized with the Yoast SEO Premium plugin v27.4 (Yoast SEO v27.4) - https:\/\/yoast.com\/product\/yoast-seo-premium-wordpress\/ -->\n<title>Comboios el\u00e9tricos come\u00e7am a circular na Linha do Minho a partir de 25 de abril<\/title>\n<meta name=\"robots\" content=\"index, follow, max-snippet:-1, max-image-preview:large, max-video-preview:-1\" \/>\n<link rel=\"canonical\" href=\"https:\/\/www.altominho.tv\/site\/2021\/04\/09\/comboios-eletricos-comecam-a-circular-na-linha-do-minho-a-partir-de-25-de-abril\/\" \/>\n<meta property=\"og:locale\" content=\"pt_PT\" \/>\n<meta property=\"og:type\" content=\"article\" \/>\n<meta property=\"og:title\" content=\"Comboios el\u00e9tricos come\u00e7am a circular na Linha do Minho a partir de 25 de abril\" \/>\n<meta property=\"og:description\" content=\"Os primeiros comboios el\u00e9tricos v\u00e3o come\u00e7ar a operar na Linha do Minho, entre o Porto e Valen\u00e7a, a partir do dia 25 de abril, anunciou hoje, em Viana do Castelo, o secret\u00e1rio de Estado das Infraestruturas, Jorge Delgado. O governante, que falava aos jornalistas na freguesia de Carre\u00e7o, \u00e0 margem do in\u00edcio da empreitada de [&hellip;]\" \/>\n<meta property=\"og:url\" content=\"https:\/\/www.altominho.tv\/site\/2021\/04\/09\/comboios-eletricos-comecam-a-circular-na-linha-do-minho-a-partir-de-25-de-abril\/\" \/>\n<meta property=\"og:site_name\" content=\"Altominho.tv\" \/>\n<meta property=\"article:publisher\" content=\"https:\/\/www.facebook.com\/altominhotv\" \/>\n<meta property=\"article:published_time\" content=\"2021-04-09T12:34:35+00:00\" \/>\n<meta property=\"article:modified_time\" content=\"2021-04-20T08:47:25+00:00\" \/>\n<meta property=\"og:image\" content=\"https:\/\/www.altominho.tv\/site\/wp-content\/uploads\/2021\/04\/Linha-do-Minho-CP.jpg\" \/>\n\t<meta property=\"og:image:width\" content=\"1024\" \/>\n\t<meta property=\"og:image:height\" content=\"683\" \/>\n\t<meta property=\"og:image:type\" content=\"image\/jpeg\" \/>\n<meta name=\"author\" content=\"Andreia Cunha | Lusa\" \/>\n<meta name=\"twitter:card\" content=\"summary_large_image\" \/>\n<meta name=\"twitter:creator\" content=\"@altominhoTV\" \/>\n<meta name=\"twitter:site\" content=\"@altominhoTV\" \/>\n<meta name=\"twitter:label1\" content=\"Escrito por\" \/>\n\t<meta name=\"twitter:data1\" content=\"Andreia Cunha | Lusa\" \/>\n\t<meta name=\"twitter:label2\" content=\"Tempo estimado de leitura\" \/>\n\t<meta name=\"twitter:data2\" content=\"3 minutos\" \/>\n<script type=\"application\/ld+json\" class=\"yoast-schema-graph\">{\"@context\":\"https:\\\/\\\/schema.org\",\"@graph\":[{\"@type\":\"Article\",\"@id\":\"https:\\\/\\\/www.altominho.tv\\\/site\\\/2021\\\/04\\\/09\\\/comboios-eletricos-comecam-a-circular-na-linha-do-minho-a-partir-de-25-de-abril\\\/#article\",\"isPartOf\":{\"@id\":\"https:\\\/\\\/www.altominho.tv\\\/site\\\/2021\\\/04\\\/09\\\/comboios-eletricos-comecam-a-circular-na-linha-do-minho-a-partir-de-25-de-abril\\\/\"},\"author\":{\"name\":\"Andreia Cunha | Lusa\",\"@id\":\"https:\\\/\\\/www.altominho.tv\\\/site\\\/#\\\/schema\\\/person\\\/dbaf181c01b51ff40c9f461a905d321e\"},\"headline\":\"Comboios el\u00e9tricos come\u00e7am a circular na Linha do Minho a partir de 25 de abril\",\"datePublished\":\"2021-04-09T12:34:35+00:00\",\"dateModified\":\"2021-04-20T08:47:25+00:00\",\"mainEntityOfPage\":{\"@id\":\"https:\\\/\\\/www.altominho.tv\\\/site\\\/2021\\\/04\\\/09\\\/comboios-eletricos-comecam-a-circular-na-linha-do-minho-a-partir-de-25-de-abril\\\/\"},\"wordCount\":587,\"image\":{\"@id\":\"https:\\\/\\\/www.altominho.tv\\\/site\\\/2021\\\/04\\\/09\\\/comboios-eletricos-comecam-a-circular-na-linha-do-minho-a-partir-de-25-de-abril\\\/#primaryimage\"},\"thumbnailUrl\":\"https:\\\/\\\/www.altominho.tv\\\/site\\\/wp-content\\\/uploads\\\/2021\\\/04\\\/Linha-do-Minho-CP.jpg\",\"keywords\":[\"Sociedade\"],\"articleSection\":[\"Alto Minho\"],\"inLanguage\":\"pt-PT\",\"copyrightYear\":\"2021\",\"copyrightHolder\":{\"@id\":\"https:\\\/\\\/www.altominho.tv\\\/site\\\/#organization\"}},{\"@type\":\"WebPage\",\"@id\":\"https:\\\/\\\/www.altominho.tv\\\/site\\\/2021\\\/04\\\/09\\\/comboios-eletricos-comecam-a-circular-na-linha-do-minho-a-partir-de-25-de-abril\\\/\",\"url\":\"https:\\\/\\\/www.altominho.tv\\\/site\\\/2021\\\/04\\\/09\\\/comboios-eletricos-comecam-a-circular-na-linha-do-minho-a-partir-de-25-de-abril\\\/\",\"name\":\"Comboios el\u00e9tricos come\u00e7am a circular na Linha do Minho a partir de 25 de abril\",\"isPartOf\":{\"@id\":\"https:\\\/\\\/www.altominho.tv\\\/site\\\/#website\"},\"primaryImageOfPage\":{\"@id\":\"https:\\\/\\\/www.altominho.tv\\\/site\\\/2021\\\/04\\\/09\\\/comboios-eletricos-comecam-a-circular-na-linha-do-minho-a-partir-de-25-de-abril\\\/#primaryimage\"},\"image\":{\"@id\":\"https:\\\/\\\/www.altominho.tv\\\/site\\\/2021\\\/04\\\/09\\\/comboios-eletricos-comecam-a-circular-na-linha-do-minho-a-partir-de-25-de-abril\\\/#primaryimage\"},\"thumbnailUrl\":\"https:\\\/\\\/www.altominho.tv\\\/site\\\/wp-content\\\/uploads\\\/2021\\\/04\\\/Linha-do-Minho-CP.jpg\",\"datePublished\":\"2021-04-09T12:34:35+00:00\",\"dateModified\":\"2021-04-20T08:47:25+00:00\",\"author\":{\"@id\":\"https:\\\/\\\/www.altominho.tv\\\/site\\\/#\\\/schema\\\/person\\\/dbaf181c01b51ff40c9f461a905d321e\"},\"breadcrumb\":{\"@id\":\"https:\\\/\\\/www.altominho.tv\\\/site\\\/2021\\\/04\\\/09\\\/comboios-eletricos-comecam-a-circular-na-linha-do-minho-a-partir-de-25-de-abril\\\/#breadcrumb\"},\"inLanguage\":\"pt-PT\",\"potentialAction\":[{\"@type\":\"ReadAction\",\"target\":[\"https:\\\/\\\/www.altominho.tv\\\/site\\\/2021\\\/04\\\/09\\\/comboios-eletricos-comecam-a-circular-na-linha-do-minho-a-partir-de-25-de-abril\\\/\"]}]},{\"@type\":\"ImageObject\",\"inLanguage\":\"pt-PT\",\"@id\":\"https:\\\/\\\/www.altominho.tv\\\/site\\\/2021\\\/04\\\/09\\\/comboios-eletricos-comecam-a-circular-na-linha-do-minho-a-partir-de-25-de-abril\\\/#primaryimage\",\"url\":\"https:\\\/\\\/www.altominho.tv\\\/site\\\/wp-content\\\/uploads\\\/2021\\\/04\\\/Linha-do-Minho-CP.jpg\",\"contentUrl\":\"https:\\\/\\\/www.altominho.tv\\\/site\\\/wp-content\\\/uploads\\\/2021\\\/04\\\/Linha-do-Minho-CP.jpg\",\"width\":1024,\"height\":683},{\"@type\":\"BreadcrumbList\",\"@id\":\"https:\\\/\\\/www.altominho.tv\\\/site\\\/2021\\\/04\\\/09\\\/comboios-eletricos-comecam-a-circular-na-linha-do-minho-a-partir-de-25-de-abril\\\/#breadcrumb\",\"itemListElement\":[{\"@type\":\"ListItem\",\"position\":1,\"name\":\"In\u00edcio\",\"item\":\"https:\\\/\\\/www.altominho.tv\\\/site\\\/\"},{\"@type\":\"ListItem\",\"position\":2,\"name\":\"Comboios el\u00e9tricos come\u00e7am a circular na Linha do Minho a partir de 25 de abril\"}]},{\"@type\":\"WebSite\",\"@id\":\"https:\\\/\\\/www.altominho.tv\\\/site\\\/#website\",\"url\":\"https:\\\/\\\/www.altominho.tv\\\/site\\\/\",\"name\":\"Altominho.tv\",\"description\":\"A sua regi\u00e3o \u00e0 dist\u00e2ncia de um clique...\",\"potentialAction\":[{\"@type\":\"SearchAction\",\"target\":{\"@type\":\"EntryPoint\",\"urlTemplate\":\"https:\\\/\\\/www.altominho.tv\\\/site\\\/?s={search_term_string}\"},\"query-input\":{\"@type\":\"PropertyValueSpecification\",\"valueRequired\":true,\"valueName\":\"search_term_string\"}}],\"inLanguage\":\"pt-PT\"},{\"@type\":\"Person\",\"@id\":\"https:\\\/\\\/www.altominho.tv\\\/site\\\/#\\\/schema\\\/person\\\/dbaf181c01b51ff40c9f461a905d321e\",\"name\":\"Andreia Cunha | Lusa\",\"image\":{\"@type\":\"ImageObject\",\"inLanguage\":\"pt-PT\",\"@id\":\"https:\\\/\\\/www.altominho.tv\\\/site\\\/wp-content\\\/uploads\\\/2017\\\/11\\\/Andreia_Cunha-1-150x150.jpg\",\"url\":\"https:\\\/\\\/www.altominho.tv\\\/site\\\/wp-content\\\/uploads\\\/2017\\\/11\\\/Andreia_Cunha-1-150x150.jpg\",\"contentUrl\":\"https:\\\/\\\/www.altominho.tv\\\/site\\\/wp-content\\\/uploads\\\/2017\\\/11\\\/Andreia_Cunha-1-150x150.jpg\",\"caption\":\"Andreia Cunha | Lusa\"},\"sameAs\":[\"https:\\\/\\\/www.altominho.tv\\\/site\"],\"url\":\"https:\\\/\\\/www.altominho.tv\\\/site\\\/author\\\/andreiacunhalusa\\\/\"}]}<\/script>\n<!-- \/ Yoast SEO Premium plugin. -->","yoast_head_json":{"title":"Comboios el\u00e9tricos come\u00e7am a circular na Linha do Minho a partir de 25 de abril","robots":{"index":"index","follow":"follow","max-snippet":"max-snippet:-1","max-image-preview":"max-image-preview:large","max-video-preview":"max-video-preview:-1"},"canonical":"https:\/\/www.altominho.tv\/site\/2021\/04\/09\/comboios-eletricos-comecam-a-circular-na-linha-do-minho-a-partir-de-25-de-abril\/","og_locale":"pt_PT","og_type":"article","og_title":"Comboios el\u00e9tricos come\u00e7am a circular na Linha do Minho a partir de 25 de abril","og_description":"Os primeiros comboios el\u00e9tricos v\u00e3o come\u00e7ar a operar na Linha do Minho, entre o Porto e Valen\u00e7a, a partir do dia 25 de abril, anunciou hoje, em Viana do Castelo, o secret\u00e1rio de Estado das Infraestruturas, Jorge Delgado. O governante, que falava aos jornalistas na freguesia de Carre\u00e7o, \u00e0 margem do in\u00edcio da empreitada de [&hellip;]","og_url":"https:\/\/www.altominho.tv\/site\/2021\/04\/09\/comboios-eletricos-comecam-a-circular-na-linha-do-minho-a-partir-de-25-de-abril\/","og_site_name":"Altominho.tv","article_publisher":"https:\/\/www.facebook.com\/altominhotv","article_published_time":"2021-04-09T12:34:35+00:00","article_modified_time":"2021-04-20T08:47:25+00:00","og_image":[{"width":1024,"height":683,"url":"https:\/\/www.altominho.tv\/site\/wp-content\/uploads\/2021\/04\/Linha-do-Minho-CP.jpg","type":"image\/jpeg"}],"author":"Andreia Cunha | Lusa","twitter_card":"summary_large_image","twitter_creator":"@altominhoTV","twitter_site":"@altominhoTV","twitter_misc":{"Escrito por":"Andreia Cunha | Lusa","Tempo estimado de leitura":"3 minutos"},"schema":{"@context":"https:\/\/schema.org","@graph":[{"@type":"Article","@id":"https:\/\/www.altominho.tv\/site\/2021\/04\/09\/comboios-eletricos-comecam-a-circular-na-linha-do-minho-a-partir-de-25-de-abril\/#article","isPartOf":{"@id":"https:\/\/www.altominho.tv\/site\/2021\/04\/09\/comboios-eletricos-comecam-a-circular-na-linha-do-minho-a-partir-de-25-de-abril\/"},"author":{"name":"Andreia Cunha | Lusa","@id":"https:\/\/www.altominho.tv\/site\/#\/schema\/person\/dbaf181c01b51ff40c9f461a905d321e"},"headline":"Comboios el\u00e9tricos come\u00e7am a circular na Linha do Minho a partir de 25 de abril","datePublished":"2021-04-09T12:34:35+00:00","dateModified":"2021-04-20T08:47:25+00:00","mainEntityOfPage":{"@id":"https:\/\/www.altominho.tv\/site\/2021\/04\/09\/comboios-eletricos-comecam-a-circular-na-linha-do-minho-a-partir-de-25-de-abril\/"},"wordCount":587,"image":{"@id":"https:\/\/www.altominho.tv\/site\/2021\/04\/09\/comboios-eletricos-comecam-a-circular-na-linha-do-minho-a-partir-de-25-de-abril\/#primaryimage"},"thumbnailUrl":"https:\/\/www.altominho.tv\/site\/wp-content\/uploads\/2021\/04\/Linha-do-Minho-CP.jpg","keywords":["Sociedade"],"articleSection":["Alto Minho"],"inLanguage":"pt-PT","copyrightYear":"2021","copyrightHolder":{"@id":"https:\/\/www.altominho.tv\/site\/#organization"}},{"@type":"WebPage","@id":"https:\/\/www.altominho.tv\/site\/2021\/04\/09\/comboios-eletricos-comecam-a-circular-na-linha-do-minho-a-partir-de-25-de-abril\/","url":"https:\/\/www.altominho.tv\/site\/2021\/04\/09\/comboios-eletricos-comecam-a-circular-na-linha-do-minho-a-partir-de-25-de-abril\/","name":"Comboios el\u00e9tricos come\u00e7am a circular na Linha do Minho a partir de 25 de abril","isPartOf":{"@id":"https:\/\/www.altominho.tv\/site\/#website"},"primaryImageOfPage":{"@id":"https:\/\/www.altominho.tv\/site\/2021\/04\/09\/comboios-eletricos-comecam-a-circular-na-linha-do-minho-a-partir-de-25-de-abril\/#primaryimage"},"image":{"@id":"https:\/\/www.altominho.tv\/site\/2021\/04\/09\/comboios-eletricos-comecam-a-circular-na-linha-do-minho-a-partir-de-25-de-abril\/#primaryimage"},"thumbnailUrl":"https:\/\/www.altominho.tv\/site\/wp-content\/uploads\/2021\/04\/Linha-do-Minho-CP.jpg","datePublished":"2021-04-09T12:34:35+00:00","dateModified":"2021-04-20T08:47:25+00:00","author":{"@id":"https:\/\/www.altominho.tv\/site\/#\/schema\/person\/dbaf181c01b51ff40c9f461a905d321e"},"breadcrumb":{"@id":"https:\/\/www.altominho.tv\/site\/2021\/04\/09\/comboios-eletricos-comecam-a-circular-na-linha-do-minho-a-partir-de-25-de-abril\/#breadcrumb"},"inLanguage":"pt-PT","potentialAction":[{"@type":"ReadAction","target":["https:\/\/www.altominho.tv\/site\/2021\/04\/09\/comboios-eletricos-comecam-a-circular-na-linha-do-minho-a-partir-de-25-de-abril\/"]}]},{"@type":"ImageObject","inLanguage":"pt-PT","@id":"https:\/\/www.altominho.tv\/site\/2021\/04\/09\/comboios-eletricos-comecam-a-circular-na-linha-do-minho-a-partir-de-25-de-abril\/#primaryimage","url":"https:\/\/www.altominho.tv\/site\/wp-content\/uploads\/2021\/04\/Linha-do-Minho-CP.jpg","contentUrl":"https:\/\/www.altominho.tv\/site\/wp-content\/uploads\/2021\/04\/Linha-do-Minho-CP.jpg","width":1024,"height":683},{"@type":"BreadcrumbList","@id":"https:\/\/www.altominho.tv\/site\/2021\/04\/09\/comboios-eletricos-comecam-a-circular-na-linha-do-minho-a-partir-de-25-de-abril\/#breadcrumb","itemListElement":[{"@type":"ListItem","position":1,"name":"In\u00edcio","item":"https:\/\/www.altominho.tv\/site\/"},{"@type":"ListItem","position":2,"name":"Comboios el\u00e9tricos come\u00e7am a circular na Linha do Minho a partir de 25 de abril"}]},{"@type":"WebSite","@id":"https:\/\/www.altominho.tv\/site\/#website","url":"https:\/\/www.altominho.tv\/site\/","name":"Altominho.tv","description":"A sua regi\u00e3o \u00e0 dist\u00e2ncia de um clique...","potentialAction":[{"@type":"SearchAction","target":{"@type":"EntryPoint","urlTemplate":"https:\/\/www.altominho.tv\/site\/?s={search_term_string}"},"query-input":{"@type":"PropertyValueSpecification","valueRequired":true,"valueName":"search_term_string"}}],"inLanguage":"pt-PT"},{"@type":"Person","@id":"https:\/\/www.altominho.tv\/site\/#\/schema\/person\/dbaf181c01b51ff40c9f461a905d321e","name":"Andreia Cunha | Lusa","image":{"@type":"ImageObject","inLanguage":"pt-PT","@id":"https:\/\/www.altominho.tv\/site\/wp-content\/uploads\/2017\/11\/Andreia_Cunha-1-150x150.jpg","url":"https:\/\/www.altominho.tv\/site\/wp-content\/uploads\/2017\/11\/Andreia_Cunha-1-150x150.jpg","contentUrl":"https:\/\/www.altominho.tv\/site\/wp-content\/uploads\/2017\/11\/Andreia_Cunha-1-150x150.jpg","caption":"Andreia Cunha | Lusa"},"sameAs":["https:\/\/www.altominho.tv\/site"],"url":"https:\/\/www.altominho.tv\/site\/author\/andreiacunhalusa\/"}]}},"_links":{"self":[{"href":"https:\/\/www.altominho.tv\/site\/wp-json\/wp\/v2\/posts\/64987","targetHints":{"allow":["GET"]}}],"collection":[{"href":"https:\/\/www.altominho.tv\/site\/wp-json\/wp\/v2\/posts"}],"about":[{"href":"https:\/\/www.altominho.tv\/site\/wp-json\/wp\/v2\/types\/post"}],"author":[{"embeddable":true,"href":"https:\/\/www.altominho.tv\/site\/wp-json\/wp\/v2\/users\/16"}],"replies":[{"embeddable":true,"href":"https:\/\/www.altominho.tv\/site\/wp-json\/wp\/v2\/comments?post=64987"}],"version-history":[{"count":0,"href":"https:\/\/www.altominho.tv\/site\/wp-json\/wp\/v2\/posts\/64987\/revisions"}],"wp:featuredmedia":[{"embeddable":true,"href":"https:\/\/www.altominho.tv\/site\/wp-json\/wp\/v2\/media\/64988"}],"wp:attachment":[{"href":"https:\/\/www.altominho.tv\/site\/wp-json\/wp\/v2\/media?parent=64987"}],"wp:term":[{"taxonomy":"category","embeddable":true,"href":"https:\/\/www.altominho.tv\/site\/wp-json\/wp\/v2\/categories?post=64987"},{"taxonomy":"post_tag","embeddable":true,"href":"https:\/\/www.altominho.tv\/site\/wp-json\/wp\/v2\/tags?post=64987"}],"curies":[{"name":"wp","href":"https:\/\/api.w.org\/{rel}","templated":true}]}}