{"id":64970,"date":"2021-04-09T08:40:36","date_gmt":"2021-04-09T07:40:36","guid":{"rendered":"https:\/\/www.altominho.tv\/site\/?p=64970"},"modified":"2021-09-05T21:57:27","modified_gmt":"2021-09-05T20:57:27","slug":"viana-do-castelo-sob-aviso-amarelo-devido-a-chuva","status":"publish","type":"post","link":"https:\/\/www.altominho.tv\/site\/2021\/04\/09\/viana-do-castelo-sob-aviso-amarelo-devido-a-chuva\/","title":{"rendered":"Viana do Castelo sob aviso amarelo devido \u00e0 chuva"},"content":{"rendered":"<p>Catorze distritos de Portugal continental est\u00e3o hoje sob aviso amarelo devido \u00e0 previs\u00e3o de aguaceiros que poder\u00e3o ser fortes e acompanhados de trovoadas, segundo o Instituto Portugu\u00eas do Mar e da Atmosfera (IPMA).<\/p>\n<p>Os distritos de Viana do Castelo, Braga, Porto, Vila Real, Bragan\u00e7a, Viseu, Aveiro, Guarda, Castelo Branco, Coimbra, Santar\u00e9m, Portalegre e Leiria v\u00e3o estar sob aviso amarelo entre as 11:00 e as 22:00 de hoje e Lisboa entre as 12:00 de hoje e as 00:00 de s\u00e1bado.<\/p>\n<p>O IPMA emitiu o aviso amarelo para aqueles distritos devido \u00e0 previs\u00e3o de aguaceiros, localmente fortes e acompanhados de trovoadas, que poder\u00e3o ser ocasionalmente de granizo, especialmente nas regi\u00f5es do interior.<\/p>\n<p>O aviso amarelo \u00e9 emitido pelo IPMA sempre que existe risco para determinadas atividades dependentes da situa\u00e7\u00e3o meteorol\u00f3gica.<\/p>\n<p>O IPMA prev\u00ea para hoje no continente c\u00e9u geralmente muito nublado e aguaceiros, mais frequentes a partir do meio da manh\u00e3, que poder\u00e3o ser localmente fortes, acompanhados de trovoada e ocasionalmente de granizo, em especial nas regi\u00f5es norte, centro e Alto Alentejo.<\/p>\n<p>A previs\u00e3o aponta ainda para vento fraco a moderado do quadrante sul, temporariamente moderado a forte nas terras altas at\u00e9 final da tarde, pequena subida da temperatura m\u00ednima e descida da m\u00e1xima nas regi\u00f5es norte e centro.<\/p>\n","protected":false},"excerpt":{"rendered":"<p>Catorze distritos de Portugal continental est\u00e3o hoje sob aviso amarelo devido \u00e0 previs\u00e3o de aguaceiros que poder\u00e3o ser fortes e acompanhados de trovoadas, segundo o Instituto Portugu\u00eas do Mar e da Atmosfera (IPMA). Os distritos de Viana do Castelo, Braga, Porto, Vila Real, Bragan\u00e7a, Viseu, Aveiro, Guarda, Castelo Branco, Coimbra, Santar\u00e9m, Portalegre e Leiria v\u00e3o [&hellip;]<\/p>\n","protected":false},"author":13,"featured_media":64972,"comment_status":"closed","ping_status":"closed","sticky":false,"template":"","format":"standard","meta":{"_exactmetrics_skip_tracking":false,"_exactmetrics_sitenote_active":false,"_exactmetrics_sitenote_note":"","_exactmetrics_sitenote_category":0,"footnotes":""},"categories":[73],"tags":[27],"class_list":["post-64970","post","type-post","status-publish","format-standard","has-post-thumbnail","hentry","category-alto-minho","tag-sociedade"],"yoast_head":"<!-- This site is optimized with the Yoast SEO Premium plugin v27.4 (Yoast SEO v27.4) - https:\/\/yoast.com\/product\/yoast-seo-premium-wordpress\/ -->\n<title>Viana do Castelo sob aviso amarelo devido \u00e0 chuva<\/title>\n<meta name=\"robots\" content=\"index, follow, max-snippet:-1, max-image-preview:large, max-video-preview:-1\" \/>\n<link rel=\"canonical\" href=\"https:\/\/www.altominho.tv\/site\/2021\/04\/09\/viana-do-castelo-sob-aviso-amarelo-devido-a-chuva\/\" \/>\n<meta property=\"og:locale\" content=\"pt_PT\" \/>\n<meta property=\"og:type\" content=\"article\" \/>\n<meta property=\"og:title\" content=\"Viana do Castelo sob aviso amarelo devido \u00e0 chuva\" \/>\n<meta property=\"og:description\" content=\"Catorze distritos de Portugal continental est\u00e3o hoje sob aviso amarelo devido \u00e0 previs\u00e3o de aguaceiros que poder\u00e3o ser fortes e acompanhados de trovoadas, segundo o Instituto Portugu\u00eas do Mar e da Atmosfera (IPMA). Os distritos de Viana do Castelo, Braga, Porto, Vila Real, Bragan\u00e7a, Viseu, Aveiro, Guarda, Castelo Branco, Coimbra, Santar\u00e9m, Portalegre e Leiria v\u00e3o [&hellip;]\" \/>\n<meta property=\"og:url\" content=\"https:\/\/www.altominho.tv\/site\/2021\/04\/09\/viana-do-castelo-sob-aviso-amarelo-devido-a-chuva\/\" \/>\n<meta property=\"og:site_name\" content=\"Altominho.tv\" \/>\n<meta property=\"article:publisher\" content=\"https:\/\/www.facebook.com\/altominhotv\" \/>\n<meta property=\"article:published_time\" content=\"2021-04-09T07:40:36+00:00\" \/>\n<meta property=\"article:modified_time\" content=\"2021-09-05T20:57:27+00:00\" \/>\n<meta property=\"og:image\" content=\"https:\/\/www.altominho.tv\/site\/wp-content\/uploads\/2021\/04\/CHUVA.jpeg\" \/>\n\t<meta property=\"og:image:width\" content=\"1562\" \/>\n\t<meta property=\"og:image:height\" content=\"900\" \/>\n\t<meta property=\"og:image:type\" content=\"image\/jpeg\" \/>\n<meta name=\"author\" content=\"Lusa\" \/>\n<meta name=\"twitter:card\" content=\"summary_large_image\" \/>\n<meta name=\"twitter:creator\" content=\"@altominhoTV\" \/>\n<meta name=\"twitter:site\" content=\"@altominhoTV\" \/>\n<meta name=\"twitter:label1\" content=\"Escrito por\" \/>\n\t<meta name=\"twitter:data1\" content=\"Lusa\" \/>\n\t<meta name=\"twitter:label2\" content=\"Tempo estimado de leitura\" \/>\n\t<meta name=\"twitter:data2\" content=\"1 minuto\" \/>\n<script type=\"application\/ld+json\" class=\"yoast-schema-graph\">{\"@context\":\"https:\\\/\\\/schema.org\",\"@graph\":[{\"@type\":\"Article\",\"@id\":\"https:\\\/\\\/www.altominho.tv\\\/site\\\/2021\\\/04\\\/09\\\/viana-do-castelo-sob-aviso-amarelo-devido-a-chuva\\\/#article\",\"isPartOf\":{\"@id\":\"https:\\\/\\\/www.altominho.tv\\\/site\\\/2021\\\/04\\\/09\\\/viana-do-castelo-sob-aviso-amarelo-devido-a-chuva\\\/\"},\"author\":{\"name\":\"Lusa\",\"@id\":\"https:\\\/\\\/www.altominho.tv\\\/site\\\/#\\\/schema\\\/person\\\/63f693da3e1899361cbe955c46f3232e\"},\"headline\":\"Viana do Castelo sob aviso amarelo devido \u00e0 chuva\",\"datePublished\":\"2021-04-09T07:40:36+00:00\",\"dateModified\":\"2021-09-05T20:57:27+00:00\",\"mainEntityOfPage\":{\"@id\":\"https:\\\/\\\/www.altominho.tv\\\/site\\\/2021\\\/04\\\/09\\\/viana-do-castelo-sob-aviso-amarelo-devido-a-chuva\\\/\"},\"wordCount\":228,\"image\":{\"@id\":\"https:\\\/\\\/www.altominho.tv\\\/site\\\/2021\\\/04\\\/09\\\/viana-do-castelo-sob-aviso-amarelo-devido-a-chuva\\\/#primaryimage\"},\"thumbnailUrl\":\"https:\\\/\\\/www.altominho.tv\\\/site\\\/wp-content\\\/uploads\\\/2021\\\/04\\\/CHUVA.jpeg\",\"keywords\":[\"Sociedade\"],\"articleSection\":[\"Alto Minho\"],\"inLanguage\":\"pt-PT\",\"copyrightYear\":\"2021\",\"copyrightHolder\":{\"@id\":\"https:\\\/\\\/www.altominho.tv\\\/site\\\/#organization\"}},{\"@type\":\"WebPage\",\"@id\":\"https:\\\/\\\/www.altominho.tv\\\/site\\\/2021\\\/04\\\/09\\\/viana-do-castelo-sob-aviso-amarelo-devido-a-chuva\\\/\",\"url\":\"https:\\\/\\\/www.altominho.tv\\\/site\\\/2021\\\/04\\\/09\\\/viana-do-castelo-sob-aviso-amarelo-devido-a-chuva\\\/\",\"name\":\"Viana do Castelo sob aviso amarelo devido \u00e0 chuva\",\"isPartOf\":{\"@id\":\"https:\\\/\\\/www.altominho.tv\\\/site\\\/#website\"},\"primaryImageOfPage\":{\"@id\":\"https:\\\/\\\/www.altominho.tv\\\/site\\\/2021\\\/04\\\/09\\\/viana-do-castelo-sob-aviso-amarelo-devido-a-chuva\\\/#primaryimage\"},\"image\":{\"@id\":\"https:\\\/\\\/www.altominho.tv\\\/site\\\/2021\\\/04\\\/09\\\/viana-do-castelo-sob-aviso-amarelo-devido-a-chuva\\\/#primaryimage\"},\"thumbnailUrl\":\"https:\\\/\\\/www.altominho.tv\\\/site\\\/wp-content\\\/uploads\\\/2021\\\/04\\\/CHUVA.jpeg\",\"datePublished\":\"2021-04-09T07:40:36+00:00\",\"dateModified\":\"2021-09-05T20:57:27+00:00\",\"author\":{\"@id\":\"https:\\\/\\\/www.altominho.tv\\\/site\\\/#\\\/schema\\\/person\\\/63f693da3e1899361cbe955c46f3232e\"},\"breadcrumb\":{\"@id\":\"https:\\\/\\\/www.altominho.tv\\\/site\\\/2021\\\/04\\\/09\\\/viana-do-castelo-sob-aviso-amarelo-devido-a-chuva\\\/#breadcrumb\"},\"inLanguage\":\"pt-PT\",\"potentialAction\":[{\"@type\":\"ReadAction\",\"target\":[\"https:\\\/\\\/www.altominho.tv\\\/site\\\/2021\\\/04\\\/09\\\/viana-do-castelo-sob-aviso-amarelo-devido-a-chuva\\\/\"]}]},{\"@type\":\"ImageObject\",\"inLanguage\":\"pt-PT\",\"@id\":\"https:\\\/\\\/www.altominho.tv\\\/site\\\/2021\\\/04\\\/09\\\/viana-do-castelo-sob-aviso-amarelo-devido-a-chuva\\\/#primaryimage\",\"url\":\"https:\\\/\\\/www.altominho.tv\\\/site\\\/wp-content\\\/uploads\\\/2021\\\/04\\\/CHUVA.jpeg\",\"contentUrl\":\"https:\\\/\\\/www.altominho.tv\\\/site\\\/wp-content\\\/uploads\\\/2021\\\/04\\\/CHUVA.jpeg\",\"width\":1562,\"height\":900},{\"@type\":\"BreadcrumbList\",\"@id\":\"https:\\\/\\\/www.altominho.tv\\\/site\\\/2021\\\/04\\\/09\\\/viana-do-castelo-sob-aviso-amarelo-devido-a-chuva\\\/#breadcrumb\",\"itemListElement\":[{\"@type\":\"ListItem\",\"position\":1,\"name\":\"In\u00edcio\",\"item\":\"https:\\\/\\\/www.altominho.tv\\\/site\\\/\"},{\"@type\":\"ListItem\",\"position\":2,\"name\":\"Viana do Castelo sob aviso amarelo devido \u00e0 chuva\"}]},{\"@type\":\"WebSite\",\"@id\":\"https:\\\/\\\/www.altominho.tv\\\/site\\\/#website\",\"url\":\"https:\\\/\\\/www.altominho.tv\\\/site\\\/\",\"name\":\"Altominho.tv\",\"description\":\"A sua regi\u00e3o \u00e0 dist\u00e2ncia de um clique...\",\"potentialAction\":[{\"@type\":\"SearchAction\",\"target\":{\"@type\":\"EntryPoint\",\"urlTemplate\":\"https:\\\/\\\/www.altominho.tv\\\/site\\\/?s={search_term_string}\"},\"query-input\":{\"@type\":\"PropertyValueSpecification\",\"valueRequired\":true,\"valueName\":\"search_term_string\"}}],\"inLanguage\":\"pt-PT\"},{\"@type\":\"Person\",\"@id\":\"https:\\\/\\\/www.altominho.tv\\\/site\\\/#\\\/schema\\\/person\\\/63f693da3e1899361cbe955c46f3232e\",\"name\":\"Lusa\",\"image\":{\"@type\":\"ImageObject\",\"inLanguage\":\"pt-PT\",\"@id\":\"https:\\\/\\\/www.altominho.tv\\\/site\\\/wp-content\\\/uploads\\\/2019\\\/08\\\/LUSA_Logo.gif\",\"url\":\"https:\\\/\\\/www.altominho.tv\\\/site\\\/wp-content\\\/uploads\\\/2019\\\/08\\\/LUSA_Logo.gif\",\"contentUrl\":\"https:\\\/\\\/www.altominho.tv\\\/site\\\/wp-content\\\/uploads\\\/2019\\\/08\\\/LUSA_Logo.gif\",\"caption\":\"Lusa\"},\"sameAs\":[\"http:\\\/\\\/\\\/\\\/www.altominho.tv\\\/site\"],\"url\":\"https:\\\/\\\/www.altominho.tv\\\/site\\\/author\\\/lusa\\\/\"}]}<\/script>\n<!-- \/ Yoast SEO Premium plugin. -->","yoast_head_json":{"title":"Viana do Castelo sob aviso amarelo devido \u00e0 chuva","robots":{"index":"index","follow":"follow","max-snippet":"max-snippet:-1","max-image-preview":"max-image-preview:large","max-video-preview":"max-video-preview:-1"},"canonical":"https:\/\/www.altominho.tv\/site\/2021\/04\/09\/viana-do-castelo-sob-aviso-amarelo-devido-a-chuva\/","og_locale":"pt_PT","og_type":"article","og_title":"Viana do Castelo sob aviso amarelo devido \u00e0 chuva","og_description":"Catorze distritos de Portugal continental est\u00e3o hoje sob aviso amarelo devido \u00e0 previs\u00e3o de aguaceiros que poder\u00e3o ser fortes e acompanhados de trovoadas, segundo o Instituto Portugu\u00eas do Mar e da Atmosfera (IPMA). Os distritos de Viana do Castelo, Braga, Porto, Vila Real, Bragan\u00e7a, Viseu, Aveiro, Guarda, Castelo Branco, Coimbra, Santar\u00e9m, Portalegre e Leiria v\u00e3o [&hellip;]","og_url":"https:\/\/www.altominho.tv\/site\/2021\/04\/09\/viana-do-castelo-sob-aviso-amarelo-devido-a-chuva\/","og_site_name":"Altominho.tv","article_publisher":"https:\/\/www.facebook.com\/altominhotv","article_published_time":"2021-04-09T07:40:36+00:00","article_modified_time":"2021-09-05T20:57:27+00:00","og_image":[{"width":1562,"height":900,"url":"https:\/\/www.altominho.tv\/site\/wp-content\/uploads\/2021\/04\/CHUVA.jpeg","type":"image\/jpeg"}],"author":"Lusa","twitter_card":"summary_large_image","twitter_creator":"@altominhoTV","twitter_site":"@altominhoTV","twitter_misc":{"Escrito por":"Lusa","Tempo estimado de leitura":"1 minuto"},"schema":{"@context":"https:\/\/schema.org","@graph":[{"@type":"Article","@id":"https:\/\/www.altominho.tv\/site\/2021\/04\/09\/viana-do-castelo-sob-aviso-amarelo-devido-a-chuva\/#article","isPartOf":{"@id":"https:\/\/www.altominho.tv\/site\/2021\/04\/09\/viana-do-castelo-sob-aviso-amarelo-devido-a-chuva\/"},"author":{"name":"Lusa","@id":"https:\/\/www.altominho.tv\/site\/#\/schema\/person\/63f693da3e1899361cbe955c46f3232e"},"headline":"Viana do Castelo sob aviso amarelo devido \u00e0 chuva","datePublished":"2021-04-09T07:40:36+00:00","dateModified":"2021-09-05T20:57:27+00:00","mainEntityOfPage":{"@id":"https:\/\/www.altominho.tv\/site\/2021\/04\/09\/viana-do-castelo-sob-aviso-amarelo-devido-a-chuva\/"},"wordCount":228,"image":{"@id":"https:\/\/www.altominho.tv\/site\/2021\/04\/09\/viana-do-castelo-sob-aviso-amarelo-devido-a-chuva\/#primaryimage"},"thumbnailUrl":"https:\/\/www.altominho.tv\/site\/wp-content\/uploads\/2021\/04\/CHUVA.jpeg","keywords":["Sociedade"],"articleSection":["Alto Minho"],"inLanguage":"pt-PT","copyrightYear":"2021","copyrightHolder":{"@id":"https:\/\/www.altominho.tv\/site\/#organization"}},{"@type":"WebPage","@id":"https:\/\/www.altominho.tv\/site\/2021\/04\/09\/viana-do-castelo-sob-aviso-amarelo-devido-a-chuva\/","url":"https:\/\/www.altominho.tv\/site\/2021\/04\/09\/viana-do-castelo-sob-aviso-amarelo-devido-a-chuva\/","name":"Viana do Castelo sob aviso amarelo devido \u00e0 chuva","isPartOf":{"@id":"https:\/\/www.altominho.tv\/site\/#website"},"primaryImageOfPage":{"@id":"https:\/\/www.altominho.tv\/site\/2021\/04\/09\/viana-do-castelo-sob-aviso-amarelo-devido-a-chuva\/#primaryimage"},"image":{"@id":"https:\/\/www.altominho.tv\/site\/2021\/04\/09\/viana-do-castelo-sob-aviso-amarelo-devido-a-chuva\/#primaryimage"},"thumbnailUrl":"https:\/\/www.altominho.tv\/site\/wp-content\/uploads\/2021\/04\/CHUVA.jpeg","datePublished":"2021-04-09T07:40:36+00:00","dateModified":"2021-09-05T20:57:27+00:00","author":{"@id":"https:\/\/www.altominho.tv\/site\/#\/schema\/person\/63f693da3e1899361cbe955c46f3232e"},"breadcrumb":{"@id":"https:\/\/www.altominho.tv\/site\/2021\/04\/09\/viana-do-castelo-sob-aviso-amarelo-devido-a-chuva\/#breadcrumb"},"inLanguage":"pt-PT","potentialAction":[{"@type":"ReadAction","target":["https:\/\/www.altominho.tv\/site\/2021\/04\/09\/viana-do-castelo-sob-aviso-amarelo-devido-a-chuva\/"]}]},{"@type":"ImageObject","inLanguage":"pt-PT","@id":"https:\/\/www.altominho.tv\/site\/2021\/04\/09\/viana-do-castelo-sob-aviso-amarelo-devido-a-chuva\/#primaryimage","url":"https:\/\/www.altominho.tv\/site\/wp-content\/uploads\/2021\/04\/CHUVA.jpeg","contentUrl":"https:\/\/www.altominho.tv\/site\/wp-content\/uploads\/2021\/04\/CHUVA.jpeg","width":1562,"height":900},{"@type":"BreadcrumbList","@id":"https:\/\/www.altominho.tv\/site\/2021\/04\/09\/viana-do-castelo-sob-aviso-amarelo-devido-a-chuva\/#breadcrumb","itemListElement":[{"@type":"ListItem","position":1,"name":"In\u00edcio","item":"https:\/\/www.altominho.tv\/site\/"},{"@type":"ListItem","position":2,"name":"Viana do Castelo sob aviso amarelo devido \u00e0 chuva"}]},{"@type":"WebSite","@id":"https:\/\/www.altominho.tv\/site\/#website","url":"https:\/\/www.altominho.tv\/site\/","name":"Altominho.tv","description":"A sua regi\u00e3o \u00e0 dist\u00e2ncia de um clique...","potentialAction":[{"@type":"SearchAction","target":{"@type":"EntryPoint","urlTemplate":"https:\/\/www.altominho.tv\/site\/?s={search_term_string}"},"query-input":{"@type":"PropertyValueSpecification","valueRequired":true,"valueName":"search_term_string"}}],"inLanguage":"pt-PT"},{"@type":"Person","@id":"https:\/\/www.altominho.tv\/site\/#\/schema\/person\/63f693da3e1899361cbe955c46f3232e","name":"Lusa","image":{"@type":"ImageObject","inLanguage":"pt-PT","@id":"https:\/\/www.altominho.tv\/site\/wp-content\/uploads\/2019\/08\/LUSA_Logo.gif","url":"https:\/\/www.altominho.tv\/site\/wp-content\/uploads\/2019\/08\/LUSA_Logo.gif","contentUrl":"https:\/\/www.altominho.tv\/site\/wp-content\/uploads\/2019\/08\/LUSA_Logo.gif","caption":"Lusa"},"sameAs":["http:\/\/\/\/www.altominho.tv\/site"],"url":"https:\/\/www.altominho.tv\/site\/author\/lusa\/"}]}},"_links":{"self":[{"href":"https:\/\/www.altominho.tv\/site\/wp-json\/wp\/v2\/posts\/64970","targetHints":{"allow":["GET"]}}],"collection":[{"href":"https:\/\/www.altominho.tv\/site\/wp-json\/wp\/v2\/posts"}],"about":[{"href":"https:\/\/www.altominho.tv\/site\/wp-json\/wp\/v2\/types\/post"}],"author":[{"embeddable":true,"href":"https:\/\/www.altominho.tv\/site\/wp-json\/wp\/v2\/users\/13"}],"replies":[{"embeddable":true,"href":"https:\/\/www.altominho.tv\/site\/wp-json\/wp\/v2\/comments?post=64970"}],"version-history":[{"count":0,"href":"https:\/\/www.altominho.tv\/site\/wp-json\/wp\/v2\/posts\/64970\/revisions"}],"wp:featuredmedia":[{"embeddable":true,"href":"https:\/\/www.altominho.tv\/site\/wp-json\/wp\/v2\/media\/64972"}],"wp:attachment":[{"href":"https:\/\/www.altominho.tv\/site\/wp-json\/wp\/v2\/media?parent=64970"}],"wp:term":[{"taxonomy":"category","embeddable":true,"href":"https:\/\/www.altominho.tv\/site\/wp-json\/wp\/v2\/categories?post=64970"},{"taxonomy":"post_tag","embeddable":true,"href":"https:\/\/www.altominho.tv\/site\/wp-json\/wp\/v2\/tags?post=64970"}],"curies":[{"name":"wp","href":"https:\/\/api.w.org\/{rel}","templated":true}]}}