{"id":64968,"date":"2021-04-08T15:48:15","date_gmt":"2021-04-08T14:48:15","guid":{"rendered":"https:\/\/www.altominho.tv\/site\/?p=64968"},"modified":"2021-04-20T10:04:49","modified_gmt":"2021-04-20T09:04:49","slug":"fiscalizacao-nas-esplanadas-vai-ser-reforcada","status":"publish","type":"post","link":"https:\/\/www.altominho.tv\/site\/2021\/04\/08\/fiscalizacao-nas-esplanadas-vai-ser-reforcada\/","title":{"rendered":"Fiscaliza\u00e7\u00e3o nas esplanadas vai ser refor\u00e7ada"},"content":{"rendered":"\n<p>O Governo anunciou esta quinta-feira que vai refor\u00e7ar a fiscaliza\u00e7\u00e3o nas esplanadas, para tentar evitar comportamentos&nbsp;que possam aumentar o risco de cont\u00e1gio por covid-19.<\/p>\n\n\n\n<p>Em comunicado, o Minist\u00e9rio da Administra\u00e7\u00e3o Interna informa que pode estar em causa o encerramento de alguns estabelecimentos, caso n\u00e3o cumpram as regras em vigor para conter a pandemia.<\/p>\n\n\n\n<p>A medida surge na sequ\u00eancia de uma reuni\u00e3o da Estrutura de Monitoriza\u00e7\u00e3o do Estado de Emerg\u00eancia, que faz o balan\u00e7o do processo de desconfinamento, que deu um segundo passo no dia 5 de abril, precisamente com a abertura das esplanadas.<\/p>\n\n\n\n<p>&#8220;Nesta reuni\u00e3o, por videoconfer\u00eancia, participaram os Secret\u00e1rios de Estado das v\u00e1rias \u00e1reas governativas e de coordena\u00e7\u00e3o regional, para al\u00e9m dos respons\u00e1veis das For\u00e7as e Servi\u00e7os de Seguran\u00e7a (GNR, PSP, SEF e ASAE), da Autoridade Nacional de Emerg\u00eancia e Prote\u00e7\u00e3o Civil (ANEPC) e das For\u00e7as Armadas&#8221;, informa o comunicado.<\/p>\n\n\n\n<p>Al\u00e9m das esplanadas, voltaram tamb\u00e9m a reabrir as lojas com menos de 200 metros quadrados.<\/p>\n\n\n\n<p>Para 19 de abril est\u00e1 prevista a abertura dos restaurantes, mas a subida dos indicadores do \u00edndice de transmissibilidade e de incid\u00eancia podem fazer o Governo repensar no processo, sendo que o Executivo j\u00e1 admitiu que podem ser tomadas medidas locais, em vez de nacionais.<\/p>\n\n\n\n<p>Esta not\u00edcia surge depois de a associa\u00e7\u00e3o PRO.VAR, que representa os restaurantes portugueses, ter denunciado que h\u00e1&nbsp;cliente que n\u00e3o respeitam as normas de seguran\u00e7a impostas, havendo mesmo pessoas que n\u00e3o utilizam m\u00e1scara.<\/p>\n","protected":false},"excerpt":{"rendered":"<p>O Governo anunciou esta quinta-feira que vai refor\u00e7ar a fiscaliza\u00e7\u00e3o nas esplanadas, para tentar evitar comportamentos&nbsp;que possam aumentar o risco de cont\u00e1gio por covid-19. Em comunicado, o Minist\u00e9rio da Administra\u00e7\u00e3o Interna informa que pode estar em causa o encerramento de alguns estabelecimentos, caso n\u00e3o cumpram as regras em vigor para conter a pandemia. A medida [&hellip;]<\/p>\n","protected":false},"author":1,"featured_media":64815,"comment_status":"closed","ping_status":"closed","sticky":false,"template":"","format":"standard","meta":{"_exactmetrics_skip_tracking":false,"_exactmetrics_sitenote_active":false,"_exactmetrics_sitenote_note":"","_exactmetrics_sitenote_category":0,"footnotes":""},"categories":[73],"tags":[26,27],"class_list":["post-64968","post","type-post","status-publish","format-standard","has-post-thumbnail","hentry","category-alto-minho","tag-saude","tag-sociedade"],"yoast_head":"<!-- This site is optimized with the Yoast SEO Premium plugin v27.4 (Yoast SEO v27.4) - https:\/\/yoast.com\/product\/yoast-seo-premium-wordpress\/ -->\n<title>Fiscaliza\u00e7\u00e3o nas esplanadas vai ser refor\u00e7ada<\/title>\n<meta name=\"robots\" content=\"index, follow, max-snippet:-1, max-image-preview:large, max-video-preview:-1\" \/>\n<link rel=\"canonical\" href=\"https:\/\/www.altominho.tv\/site\/2021\/04\/08\/fiscalizacao-nas-esplanadas-vai-ser-reforcada\/\" \/>\n<meta property=\"og:locale\" content=\"pt_PT\" \/>\n<meta property=\"og:type\" content=\"article\" \/>\n<meta property=\"og:title\" content=\"Fiscaliza\u00e7\u00e3o nas esplanadas vai ser refor\u00e7ada\" \/>\n<meta property=\"og:description\" content=\"O Governo anunciou esta quinta-feira que vai refor\u00e7ar a fiscaliza\u00e7\u00e3o nas esplanadas, para tentar evitar comportamentos&nbsp;que possam aumentar o risco de cont\u00e1gio por covid-19. Em comunicado, o Minist\u00e9rio da Administra\u00e7\u00e3o Interna informa que pode estar em causa o encerramento de alguns estabelecimentos, caso n\u00e3o cumpram as regras em vigor para conter a pandemia. A medida [&hellip;]\" \/>\n<meta property=\"og:url\" content=\"https:\/\/www.altominho.tv\/site\/2021\/04\/08\/fiscalizacao-nas-esplanadas-vai-ser-reforcada\/\" \/>\n<meta property=\"og:site_name\" content=\"Altominho.tv\" \/>\n<meta property=\"article:publisher\" content=\"https:\/\/www.facebook.com\/altominhotv\" \/>\n<meta property=\"article:published_time\" content=\"2021-04-08T14:48:15+00:00\" \/>\n<meta property=\"article:modified_time\" content=\"2021-04-20T09:04:49+00:00\" \/>\n<meta property=\"og:image\" content=\"https:\/\/www.altominho.tv\/site\/wp-content\/uploads\/2021\/04\/esplanadas-.jpg\" \/>\n\t<meta property=\"og:image:width\" content=\"1920\" \/>\n\t<meta property=\"og:image:height\" content=\"1080\" \/>\n\t<meta property=\"og:image:type\" content=\"image\/jpeg\" \/>\n<meta name=\"author\" content=\"Altominho.tv\" \/>\n<meta name=\"twitter:card\" content=\"summary_large_image\" \/>\n<meta name=\"twitter:creator\" content=\"@altominhoTV\" \/>\n<meta name=\"twitter:site\" content=\"@altominhoTV\" \/>\n<meta name=\"twitter:label1\" content=\"Escrito por\" \/>\n\t<meta name=\"twitter:data1\" content=\"Altominho.tv\" \/>\n\t<meta name=\"twitter:label2\" content=\"Tempo estimado de leitura\" \/>\n\t<meta name=\"twitter:data2\" content=\"1 minuto\" \/>\n<script type=\"application\/ld+json\" class=\"yoast-schema-graph\">{\"@context\":\"https:\\\/\\\/schema.org\",\"@graph\":[{\"@type\":\"Article\",\"@id\":\"https:\\\/\\\/www.altominho.tv\\\/site\\\/2021\\\/04\\\/08\\\/fiscalizacao-nas-esplanadas-vai-ser-reforcada\\\/#article\",\"isPartOf\":{\"@id\":\"https:\\\/\\\/www.altominho.tv\\\/site\\\/2021\\\/04\\\/08\\\/fiscalizacao-nas-esplanadas-vai-ser-reforcada\\\/\"},\"author\":{\"name\":\"Altominho.tv\",\"@id\":\"https:\\\/\\\/www.altominho.tv\\\/site\\\/#\\\/schema\\\/person\\\/4e536851627d7914baf3dac752b6af22\"},\"headline\":\"Fiscaliza\u00e7\u00e3o nas esplanadas vai ser refor\u00e7ada\",\"datePublished\":\"2021-04-08T14:48:15+00:00\",\"dateModified\":\"2021-04-20T09:04:49+00:00\",\"mainEntityOfPage\":{\"@id\":\"https:\\\/\\\/www.altominho.tv\\\/site\\\/2021\\\/04\\\/08\\\/fiscalizacao-nas-esplanadas-vai-ser-reforcada\\\/\"},\"wordCount\":276,\"image\":{\"@id\":\"https:\\\/\\\/www.altominho.tv\\\/site\\\/2021\\\/04\\\/08\\\/fiscalizacao-nas-esplanadas-vai-ser-reforcada\\\/#primaryimage\"},\"thumbnailUrl\":\"https:\\\/\\\/www.altominho.tv\\\/site\\\/wp-content\\\/uploads\\\/2021\\\/04\\\/esplanadas-.jpg\",\"keywords\":[\"Sa\u00fade\",\"Sociedade\"],\"articleSection\":[\"Alto Minho\"],\"inLanguage\":\"pt-PT\",\"copyrightYear\":\"2021\",\"copyrightHolder\":{\"@id\":\"https:\\\/\\\/www.altominho.tv\\\/site\\\/#organization\"}},{\"@type\":\"WebPage\",\"@id\":\"https:\\\/\\\/www.altominho.tv\\\/site\\\/2021\\\/04\\\/08\\\/fiscalizacao-nas-esplanadas-vai-ser-reforcada\\\/\",\"url\":\"https:\\\/\\\/www.altominho.tv\\\/site\\\/2021\\\/04\\\/08\\\/fiscalizacao-nas-esplanadas-vai-ser-reforcada\\\/\",\"name\":\"Fiscaliza\u00e7\u00e3o nas esplanadas vai ser refor\u00e7ada\",\"isPartOf\":{\"@id\":\"https:\\\/\\\/www.altominho.tv\\\/site\\\/#website\"},\"primaryImageOfPage\":{\"@id\":\"https:\\\/\\\/www.altominho.tv\\\/site\\\/2021\\\/04\\\/08\\\/fiscalizacao-nas-esplanadas-vai-ser-reforcada\\\/#primaryimage\"},\"image\":{\"@id\":\"https:\\\/\\\/www.altominho.tv\\\/site\\\/2021\\\/04\\\/08\\\/fiscalizacao-nas-esplanadas-vai-ser-reforcada\\\/#primaryimage\"},\"thumbnailUrl\":\"https:\\\/\\\/www.altominho.tv\\\/site\\\/wp-content\\\/uploads\\\/2021\\\/04\\\/esplanadas-.jpg\",\"datePublished\":\"2021-04-08T14:48:15+00:00\",\"dateModified\":\"2021-04-20T09:04:49+00:00\",\"author\":{\"@id\":\"https:\\\/\\\/www.altominho.tv\\\/site\\\/#\\\/schema\\\/person\\\/4e536851627d7914baf3dac752b6af22\"},\"breadcrumb\":{\"@id\":\"https:\\\/\\\/www.altominho.tv\\\/site\\\/2021\\\/04\\\/08\\\/fiscalizacao-nas-esplanadas-vai-ser-reforcada\\\/#breadcrumb\"},\"inLanguage\":\"pt-PT\",\"potentialAction\":[{\"@type\":\"ReadAction\",\"target\":[\"https:\\\/\\\/www.altominho.tv\\\/site\\\/2021\\\/04\\\/08\\\/fiscalizacao-nas-esplanadas-vai-ser-reforcada\\\/\"]}]},{\"@type\":\"ImageObject\",\"inLanguage\":\"pt-PT\",\"@id\":\"https:\\\/\\\/www.altominho.tv\\\/site\\\/2021\\\/04\\\/08\\\/fiscalizacao-nas-esplanadas-vai-ser-reforcada\\\/#primaryimage\",\"url\":\"https:\\\/\\\/www.altominho.tv\\\/site\\\/wp-content\\\/uploads\\\/2021\\\/04\\\/esplanadas-.jpg\",\"contentUrl\":\"https:\\\/\\\/www.altominho.tv\\\/site\\\/wp-content\\\/uploads\\\/2021\\\/04\\\/esplanadas-.jpg\",\"width\":1920,\"height\":1080},{\"@type\":\"BreadcrumbList\",\"@id\":\"https:\\\/\\\/www.altominho.tv\\\/site\\\/2021\\\/04\\\/08\\\/fiscalizacao-nas-esplanadas-vai-ser-reforcada\\\/#breadcrumb\",\"itemListElement\":[{\"@type\":\"ListItem\",\"position\":1,\"name\":\"In\u00edcio\",\"item\":\"https:\\\/\\\/www.altominho.tv\\\/site\\\/\"},{\"@type\":\"ListItem\",\"position\":2,\"name\":\"Fiscaliza\u00e7\u00e3o nas esplanadas vai ser refor\u00e7ada\"}]},{\"@type\":\"WebSite\",\"@id\":\"https:\\\/\\\/www.altominho.tv\\\/site\\\/#website\",\"url\":\"https:\\\/\\\/www.altominho.tv\\\/site\\\/\",\"name\":\"Altominho.tv\",\"description\":\"A sua regi\u00e3o \u00e0 dist\u00e2ncia de um clique...\",\"potentialAction\":[{\"@type\":\"SearchAction\",\"target\":{\"@type\":\"EntryPoint\",\"urlTemplate\":\"https:\\\/\\\/www.altominho.tv\\\/site\\\/?s={search_term_string}\"},\"query-input\":{\"@type\":\"PropertyValueSpecification\",\"valueRequired\":true,\"valueName\":\"search_term_string\"}}],\"inLanguage\":\"pt-PT\"},{\"@type\":\"Person\",\"@id\":\"https:\\\/\\\/www.altominho.tv\\\/site\\\/#\\\/schema\\\/person\\\/4e536851627d7914baf3dac752b6af22\",\"name\":\"Altominho.tv\",\"image\":{\"@type\":\"ImageObject\",\"inLanguage\":\"pt-PT\",\"@id\":\"https:\\\/\\\/www.altominho.tv\\\/site\\\/wp-content\\\/uploads\\\/2019\\\/11\\\/Logo_Avatar_2-150x150.jpg\",\"url\":\"https:\\\/\\\/www.altominho.tv\\\/site\\\/wp-content\\\/uploads\\\/2019\\\/11\\\/Logo_Avatar_2-150x150.jpg\",\"contentUrl\":\"https:\\\/\\\/www.altominho.tv\\\/site\\\/wp-content\\\/uploads\\\/2019\\\/11\\\/Logo_Avatar_2-150x150.jpg\",\"caption\":\"Altominho.tv\"},\"url\":\"https:\\\/\\\/www.altominho.tv\\\/site\\\/author\\\/altominhotv-tecnico\\\/\"}]}<\/script>\n<!-- \/ Yoast SEO Premium plugin. -->","yoast_head_json":{"title":"Fiscaliza\u00e7\u00e3o nas esplanadas vai ser refor\u00e7ada","robots":{"index":"index","follow":"follow","max-snippet":"max-snippet:-1","max-image-preview":"max-image-preview:large","max-video-preview":"max-video-preview:-1"},"canonical":"https:\/\/www.altominho.tv\/site\/2021\/04\/08\/fiscalizacao-nas-esplanadas-vai-ser-reforcada\/","og_locale":"pt_PT","og_type":"article","og_title":"Fiscaliza\u00e7\u00e3o nas esplanadas vai ser refor\u00e7ada","og_description":"O Governo anunciou esta quinta-feira que vai refor\u00e7ar a fiscaliza\u00e7\u00e3o nas esplanadas, para tentar evitar comportamentos&nbsp;que possam aumentar o risco de cont\u00e1gio por covid-19. Em comunicado, o Minist\u00e9rio da Administra\u00e7\u00e3o Interna informa que pode estar em causa o encerramento de alguns estabelecimentos, caso n\u00e3o cumpram as regras em vigor para conter a pandemia. A medida [&hellip;]","og_url":"https:\/\/www.altominho.tv\/site\/2021\/04\/08\/fiscalizacao-nas-esplanadas-vai-ser-reforcada\/","og_site_name":"Altominho.tv","article_publisher":"https:\/\/www.facebook.com\/altominhotv","article_published_time":"2021-04-08T14:48:15+00:00","article_modified_time":"2021-04-20T09:04:49+00:00","og_image":[{"width":1920,"height":1080,"url":"https:\/\/www.altominho.tv\/site\/wp-content\/uploads\/2021\/04\/esplanadas-.jpg","type":"image\/jpeg"}],"author":"Altominho.tv","twitter_card":"summary_large_image","twitter_creator":"@altominhoTV","twitter_site":"@altominhoTV","twitter_misc":{"Escrito por":"Altominho.tv","Tempo estimado de leitura":"1 minuto"},"schema":{"@context":"https:\/\/schema.org","@graph":[{"@type":"Article","@id":"https:\/\/www.altominho.tv\/site\/2021\/04\/08\/fiscalizacao-nas-esplanadas-vai-ser-reforcada\/#article","isPartOf":{"@id":"https:\/\/www.altominho.tv\/site\/2021\/04\/08\/fiscalizacao-nas-esplanadas-vai-ser-reforcada\/"},"author":{"name":"Altominho.tv","@id":"https:\/\/www.altominho.tv\/site\/#\/schema\/person\/4e536851627d7914baf3dac752b6af22"},"headline":"Fiscaliza\u00e7\u00e3o nas esplanadas vai ser refor\u00e7ada","datePublished":"2021-04-08T14:48:15+00:00","dateModified":"2021-04-20T09:04:49+00:00","mainEntityOfPage":{"@id":"https:\/\/www.altominho.tv\/site\/2021\/04\/08\/fiscalizacao-nas-esplanadas-vai-ser-reforcada\/"},"wordCount":276,"image":{"@id":"https:\/\/www.altominho.tv\/site\/2021\/04\/08\/fiscalizacao-nas-esplanadas-vai-ser-reforcada\/#primaryimage"},"thumbnailUrl":"https:\/\/www.altominho.tv\/site\/wp-content\/uploads\/2021\/04\/esplanadas-.jpg","keywords":["Sa\u00fade","Sociedade"],"articleSection":["Alto Minho"],"inLanguage":"pt-PT","copyrightYear":"2021","copyrightHolder":{"@id":"https:\/\/www.altominho.tv\/site\/#organization"}},{"@type":"WebPage","@id":"https:\/\/www.altominho.tv\/site\/2021\/04\/08\/fiscalizacao-nas-esplanadas-vai-ser-reforcada\/","url":"https:\/\/www.altominho.tv\/site\/2021\/04\/08\/fiscalizacao-nas-esplanadas-vai-ser-reforcada\/","name":"Fiscaliza\u00e7\u00e3o nas esplanadas vai ser refor\u00e7ada","isPartOf":{"@id":"https:\/\/www.altominho.tv\/site\/#website"},"primaryImageOfPage":{"@id":"https:\/\/www.altominho.tv\/site\/2021\/04\/08\/fiscalizacao-nas-esplanadas-vai-ser-reforcada\/#primaryimage"},"image":{"@id":"https:\/\/www.altominho.tv\/site\/2021\/04\/08\/fiscalizacao-nas-esplanadas-vai-ser-reforcada\/#primaryimage"},"thumbnailUrl":"https:\/\/www.altominho.tv\/site\/wp-content\/uploads\/2021\/04\/esplanadas-.jpg","datePublished":"2021-04-08T14:48:15+00:00","dateModified":"2021-04-20T09:04:49+00:00","author":{"@id":"https:\/\/www.altominho.tv\/site\/#\/schema\/person\/4e536851627d7914baf3dac752b6af22"},"breadcrumb":{"@id":"https:\/\/www.altominho.tv\/site\/2021\/04\/08\/fiscalizacao-nas-esplanadas-vai-ser-reforcada\/#breadcrumb"},"inLanguage":"pt-PT","potentialAction":[{"@type":"ReadAction","target":["https:\/\/www.altominho.tv\/site\/2021\/04\/08\/fiscalizacao-nas-esplanadas-vai-ser-reforcada\/"]}]},{"@type":"ImageObject","inLanguage":"pt-PT","@id":"https:\/\/www.altominho.tv\/site\/2021\/04\/08\/fiscalizacao-nas-esplanadas-vai-ser-reforcada\/#primaryimage","url":"https:\/\/www.altominho.tv\/site\/wp-content\/uploads\/2021\/04\/esplanadas-.jpg","contentUrl":"https:\/\/www.altominho.tv\/site\/wp-content\/uploads\/2021\/04\/esplanadas-.jpg","width":1920,"height":1080},{"@type":"BreadcrumbList","@id":"https:\/\/www.altominho.tv\/site\/2021\/04\/08\/fiscalizacao-nas-esplanadas-vai-ser-reforcada\/#breadcrumb","itemListElement":[{"@type":"ListItem","position":1,"name":"In\u00edcio","item":"https:\/\/www.altominho.tv\/site\/"},{"@type":"ListItem","position":2,"name":"Fiscaliza\u00e7\u00e3o nas esplanadas vai ser refor\u00e7ada"}]},{"@type":"WebSite","@id":"https:\/\/www.altominho.tv\/site\/#website","url":"https:\/\/www.altominho.tv\/site\/","name":"Altominho.tv","description":"A sua regi\u00e3o \u00e0 dist\u00e2ncia de um clique...","potentialAction":[{"@type":"SearchAction","target":{"@type":"EntryPoint","urlTemplate":"https:\/\/www.altominho.tv\/site\/?s={search_term_string}"},"query-input":{"@type":"PropertyValueSpecification","valueRequired":true,"valueName":"search_term_string"}}],"inLanguage":"pt-PT"},{"@type":"Person","@id":"https:\/\/www.altominho.tv\/site\/#\/schema\/person\/4e536851627d7914baf3dac752b6af22","name":"Altominho.tv","image":{"@type":"ImageObject","inLanguage":"pt-PT","@id":"https:\/\/www.altominho.tv\/site\/wp-content\/uploads\/2019\/11\/Logo_Avatar_2-150x150.jpg","url":"https:\/\/www.altominho.tv\/site\/wp-content\/uploads\/2019\/11\/Logo_Avatar_2-150x150.jpg","contentUrl":"https:\/\/www.altominho.tv\/site\/wp-content\/uploads\/2019\/11\/Logo_Avatar_2-150x150.jpg","caption":"Altominho.tv"},"url":"https:\/\/www.altominho.tv\/site\/author\/altominhotv-tecnico\/"}]}},"_links":{"self":[{"href":"https:\/\/www.altominho.tv\/site\/wp-json\/wp\/v2\/posts\/64968","targetHints":{"allow":["GET"]}}],"collection":[{"href":"https:\/\/www.altominho.tv\/site\/wp-json\/wp\/v2\/posts"}],"about":[{"href":"https:\/\/www.altominho.tv\/site\/wp-json\/wp\/v2\/types\/post"}],"author":[{"embeddable":true,"href":"https:\/\/www.altominho.tv\/site\/wp-json\/wp\/v2\/users\/1"}],"replies":[{"embeddable":true,"href":"https:\/\/www.altominho.tv\/site\/wp-json\/wp\/v2\/comments?post=64968"}],"version-history":[{"count":0,"href":"https:\/\/www.altominho.tv\/site\/wp-json\/wp\/v2\/posts\/64968\/revisions"}],"wp:featuredmedia":[{"embeddable":true,"href":"https:\/\/www.altominho.tv\/site\/wp-json\/wp\/v2\/media\/64815"}],"wp:attachment":[{"href":"https:\/\/www.altominho.tv\/site\/wp-json\/wp\/v2\/media?parent=64968"}],"wp:term":[{"taxonomy":"category","embeddable":true,"href":"https:\/\/www.altominho.tv\/site\/wp-json\/wp\/v2\/categories?post=64968"},{"taxonomy":"post_tag","embeddable":true,"href":"https:\/\/www.altominho.tv\/site\/wp-json\/wp\/v2\/tags?post=64968"}],"curies":[{"name":"wp","href":"https:\/\/api.w.org\/{rel}","templated":true}]}}