{"id":64956,"date":"2021-04-08T13:11:57","date_gmt":"2021-04-08T12:11:57","guid":{"rendered":"https:\/\/www.altominho.tv\/site\/?p=64956"},"modified":"2021-04-20T10:07:00","modified_gmt":"2021-04-20T09:07:00","slug":"altominho-tv-participa-em-webinar-sobre-papel-das-televisoes-regionais-no-seculo-xxi","status":"publish","type":"post","link":"https:\/\/www.altominho.tv\/site\/2021\/04\/08\/altominho-tv-participa-em-webinar-sobre-papel-das-televisoes-regionais-no-seculo-xxi\/","title":{"rendered":"Altominho TV participa em webinar sobre papel das televis\u00f5es regionais no s\u00e9culo XXI"},"content":{"rendered":"<p>O enfraquecimento ou desaparecimento de meios de proximidade e o nascimento de novos projetos digitais marcam o atual panorama noticioso. &#8220;Quem s\u00e3o e qual o papel das televis\u00f5es regionais no s\u00e9culo XXI?&#8221; \u00e9 o mote para o webinar que decorrer\u00e1 esta quinta-feira, com a participa\u00e7\u00e3o da Altominho TV.<\/p>\n<p>A iniciativa, promovida numa parceria entre o GT de Media Regionais e Comunit\u00e1rios e o GT de Estudos Televisivos da Associa\u00e7\u00e3o Portuguesa de Ci\u00eancias da Comunica\u00e7\u00e3o (SOPCOM), pretende &#8220;dar resposta a esta e outras perguntas sobre um tema t\u00e3o pertinente e atual dentro do ecossistema audiovisual portugu\u00eas&#8221;.<\/p>\n<p>&#8220;Num tempo de prolifera\u00e7\u00e3o de plataformas de distribui\u00e7\u00e3o de conte\u00fados e, em consequ\u00eancia, de abund\u00e2ncia de informa\u00e7\u00e3o, os meios de proximidade parecem perder o seu posicionamento estrat\u00e9gico junto das comunidades que servem. De uma forma generalizada, o contacto e o conhecimento com o\/do \u201coutro\u201d numa dimens\u00e3o globalizada mostra-se mais apelativo do que a viv\u00eancia informada numa dimens\u00e3o localizada, tendo em vista a constru\u00e7\u00e3o de uma ideia de aceita\u00e7\u00e3o e normaliza\u00e7\u00e3o do \u201ceu\u201d em sociedade. Perante este cen\u00e1rio, temos assistido \u00e0 perda de for\u00e7a de alguns desses meios ou mesmo ao seu desaparecimento, mas, e em contraciclo, vemos nascer novos projetos em ambiente digital com alcance e ades\u00e3o&#8221;, l\u00ea-se na apresenta\u00e7\u00e3o do evento.<\/p>\n<p>O webinar, previsto entre as 18h00 e as 19h00, vai contar com a participa\u00e7\u00e3o da jornalista da Altominho TV, Andreia Ferreira, do jornalista da TVI e apresentador do programa Pa\u00eds 24, Jo\u00e3o Fernando Ramos, e do investigador da Universidade da Beira Interior, Pedro Jer\u00f3nimo. A modera\u00e7\u00e3o estar\u00e1 a cargo de Pedro Coelho,&nbsp;jornalista da&nbsp;SIC e docente na&nbsp;FCSH-UNL.<\/p>\n\n\n<p><\/p>\n","protected":false},"excerpt":{"rendered":"<p>O enfraquecimento ou desaparecimento de meios de proximidade e o nascimento de novos projetos digitais marcam o atual panorama noticioso. &#8220;Quem s\u00e3o e qual o papel das televis\u00f5es regionais no s\u00e9culo XXI?&#8221; \u00e9 o mote para o webinar que decorrer\u00e1 esta quinta-feira, com a participa\u00e7\u00e3o da Altominho TV. A iniciativa, promovida numa parceria entre o [&hellip;]<\/p>\n","protected":false},"author":1,"featured_media":64957,"comment_status":"closed","ping_status":"closed","sticky":false,"template":"","format":"standard","meta":{"_exactmetrics_skip_tracking":false,"_exactmetrics_sitenote_active":false,"_exactmetrics_sitenote_note":"","_exactmetrics_sitenote_category":0,"footnotes":""},"categories":[73],"tags":[27],"class_list":["post-64956","post","type-post","status-publish","format-standard","has-post-thumbnail","hentry","category-alto-minho","tag-sociedade"],"yoast_head":"<!-- This site is optimized with the Yoast SEO Premium plugin v27.4 (Yoast SEO v27.4) - https:\/\/yoast.com\/product\/yoast-seo-premium-wordpress\/ -->\n<title>Altominho TV participa em webinar sobre papel das televis\u00f5es regionais no s\u00e9culo XXI<\/title>\n<meta name=\"robots\" content=\"index, follow, max-snippet:-1, max-image-preview:large, max-video-preview:-1\" \/>\n<link rel=\"canonical\" href=\"https:\/\/www.altominho.tv\/site\/2021\/04\/08\/altominho-tv-participa-em-webinar-sobre-papel-das-televisoes-regionais-no-seculo-xxi\/\" \/>\n<meta property=\"og:locale\" content=\"pt_PT\" \/>\n<meta property=\"og:type\" content=\"article\" \/>\n<meta property=\"og:title\" content=\"Altominho TV participa em webinar sobre papel das televis\u00f5es regionais no s\u00e9culo XXI\" \/>\n<meta property=\"og:description\" content=\"O enfraquecimento ou desaparecimento de meios de proximidade e o nascimento de novos projetos digitais marcam o atual panorama noticioso. &#8220;Quem s\u00e3o e qual o papel das televis\u00f5es regionais no s\u00e9culo XXI?&#8221; \u00e9 o mote para o webinar que decorrer\u00e1 esta quinta-feira, com a participa\u00e7\u00e3o da Altominho TV. A iniciativa, promovida numa parceria entre o [&hellip;]\" \/>\n<meta property=\"og:url\" content=\"https:\/\/www.altominho.tv\/site\/2021\/04\/08\/altominho-tv-participa-em-webinar-sobre-papel-das-televisoes-regionais-no-seculo-xxi\/\" \/>\n<meta property=\"og:site_name\" content=\"Altominho.tv\" \/>\n<meta property=\"article:publisher\" content=\"https:\/\/www.facebook.com\/altominhotv\" \/>\n<meta property=\"article:published_time\" content=\"2021-04-08T12:11:57+00:00\" \/>\n<meta property=\"article:modified_time\" content=\"2021-04-20T09:07:00+00:00\" \/>\n<meta property=\"og:image\" content=\"https:\/\/www.altominho.tv\/site\/wp-content\/uploads\/2021\/04\/webinar_tv_cartaz-1.jpg\" \/>\n\t<meta property=\"og:image:width\" content=\"1200\" \/>\n\t<meta property=\"og:image:height\" content=\"798\" \/>\n\t<meta property=\"og:image:type\" content=\"image\/jpeg\" \/>\n<meta name=\"author\" content=\"Altominho.tv\" \/>\n<meta name=\"twitter:card\" content=\"summary_large_image\" \/>\n<meta name=\"twitter:creator\" content=\"@altominhoTV\" \/>\n<meta name=\"twitter:site\" content=\"@altominhoTV\" \/>\n<meta name=\"twitter:label1\" content=\"Escrito por\" \/>\n\t<meta name=\"twitter:data1\" content=\"Altominho.tv\" \/>\n\t<meta name=\"twitter:label2\" content=\"Tempo estimado de leitura\" \/>\n\t<meta name=\"twitter:data2\" content=\"2 minutos\" \/>\n<script type=\"application\/ld+json\" class=\"yoast-schema-graph\">{\"@context\":\"https:\\\/\\\/schema.org\",\"@graph\":[{\"@type\":\"Article\",\"@id\":\"https:\\\/\\\/www.altominho.tv\\\/site\\\/2021\\\/04\\\/08\\\/altominho-tv-participa-em-webinar-sobre-papel-das-televisoes-regionais-no-seculo-xxi\\\/#article\",\"isPartOf\":{\"@id\":\"https:\\\/\\\/www.altominho.tv\\\/site\\\/2021\\\/04\\\/08\\\/altominho-tv-participa-em-webinar-sobre-papel-das-televisoes-regionais-no-seculo-xxi\\\/\"},\"author\":{\"name\":\"Altominho.tv\",\"@id\":\"https:\\\/\\\/www.altominho.tv\\\/site\\\/#\\\/schema\\\/person\\\/4e536851627d7914baf3dac752b6af22\"},\"headline\":\"Altominho TV participa em webinar sobre papel das televis\u00f5es regionais no s\u00e9culo XXI\",\"datePublished\":\"2021-04-08T12:11:57+00:00\",\"dateModified\":\"2021-04-20T09:07:00+00:00\",\"mainEntityOfPage\":{\"@id\":\"https:\\\/\\\/www.altominho.tv\\\/site\\\/2021\\\/04\\\/08\\\/altominho-tv-participa-em-webinar-sobre-papel-das-televisoes-regionais-no-seculo-xxi\\\/\"},\"wordCount\":315,\"image\":{\"@id\":\"https:\\\/\\\/www.altominho.tv\\\/site\\\/2021\\\/04\\\/08\\\/altominho-tv-participa-em-webinar-sobre-papel-das-televisoes-regionais-no-seculo-xxi\\\/#primaryimage\"},\"thumbnailUrl\":\"https:\\\/\\\/www.altominho.tv\\\/site\\\/wp-content\\\/uploads\\\/2021\\\/04\\\/webinar_tv_cartaz-1.jpg\",\"keywords\":[\"Sociedade\"],\"articleSection\":[\"Alto Minho\"],\"inLanguage\":\"pt-PT\",\"copyrightYear\":\"2021\",\"copyrightHolder\":{\"@id\":\"https:\\\/\\\/www.altominho.tv\\\/site\\\/#organization\"}},{\"@type\":\"WebPage\",\"@id\":\"https:\\\/\\\/www.altominho.tv\\\/site\\\/2021\\\/04\\\/08\\\/altominho-tv-participa-em-webinar-sobre-papel-das-televisoes-regionais-no-seculo-xxi\\\/\",\"url\":\"https:\\\/\\\/www.altominho.tv\\\/site\\\/2021\\\/04\\\/08\\\/altominho-tv-participa-em-webinar-sobre-papel-das-televisoes-regionais-no-seculo-xxi\\\/\",\"name\":\"Altominho TV participa em webinar sobre papel das televis\u00f5es regionais no s\u00e9culo XXI\",\"isPartOf\":{\"@id\":\"https:\\\/\\\/www.altominho.tv\\\/site\\\/#website\"},\"primaryImageOfPage\":{\"@id\":\"https:\\\/\\\/www.altominho.tv\\\/site\\\/2021\\\/04\\\/08\\\/altominho-tv-participa-em-webinar-sobre-papel-das-televisoes-regionais-no-seculo-xxi\\\/#primaryimage\"},\"image\":{\"@id\":\"https:\\\/\\\/www.altominho.tv\\\/site\\\/2021\\\/04\\\/08\\\/altominho-tv-participa-em-webinar-sobre-papel-das-televisoes-regionais-no-seculo-xxi\\\/#primaryimage\"},\"thumbnailUrl\":\"https:\\\/\\\/www.altominho.tv\\\/site\\\/wp-content\\\/uploads\\\/2021\\\/04\\\/webinar_tv_cartaz-1.jpg\",\"datePublished\":\"2021-04-08T12:11:57+00:00\",\"dateModified\":\"2021-04-20T09:07:00+00:00\",\"author\":{\"@id\":\"https:\\\/\\\/www.altominho.tv\\\/site\\\/#\\\/schema\\\/person\\\/4e536851627d7914baf3dac752b6af22\"},\"breadcrumb\":{\"@id\":\"https:\\\/\\\/www.altominho.tv\\\/site\\\/2021\\\/04\\\/08\\\/altominho-tv-participa-em-webinar-sobre-papel-das-televisoes-regionais-no-seculo-xxi\\\/#breadcrumb\"},\"inLanguage\":\"pt-PT\",\"potentialAction\":[{\"@type\":\"ReadAction\",\"target\":[\"https:\\\/\\\/www.altominho.tv\\\/site\\\/2021\\\/04\\\/08\\\/altominho-tv-participa-em-webinar-sobre-papel-das-televisoes-regionais-no-seculo-xxi\\\/\"]}]},{\"@type\":\"ImageObject\",\"inLanguage\":\"pt-PT\",\"@id\":\"https:\\\/\\\/www.altominho.tv\\\/site\\\/2021\\\/04\\\/08\\\/altominho-tv-participa-em-webinar-sobre-papel-das-televisoes-regionais-no-seculo-xxi\\\/#primaryimage\",\"url\":\"https:\\\/\\\/www.altominho.tv\\\/site\\\/wp-content\\\/uploads\\\/2021\\\/04\\\/webinar_tv_cartaz-1.jpg\",\"contentUrl\":\"https:\\\/\\\/www.altominho.tv\\\/site\\\/wp-content\\\/uploads\\\/2021\\\/04\\\/webinar_tv_cartaz-1.jpg\",\"width\":1200,\"height\":798},{\"@type\":\"BreadcrumbList\",\"@id\":\"https:\\\/\\\/www.altominho.tv\\\/site\\\/2021\\\/04\\\/08\\\/altominho-tv-participa-em-webinar-sobre-papel-das-televisoes-regionais-no-seculo-xxi\\\/#breadcrumb\",\"itemListElement\":[{\"@type\":\"ListItem\",\"position\":1,\"name\":\"In\u00edcio\",\"item\":\"https:\\\/\\\/www.altominho.tv\\\/site\\\/\"},{\"@type\":\"ListItem\",\"position\":2,\"name\":\"Altominho TV participa em webinar sobre papel das televis\u00f5es regionais no s\u00e9culo XXI\"}]},{\"@type\":\"WebSite\",\"@id\":\"https:\\\/\\\/www.altominho.tv\\\/site\\\/#website\",\"url\":\"https:\\\/\\\/www.altominho.tv\\\/site\\\/\",\"name\":\"Altominho.tv\",\"description\":\"A sua regi\u00e3o \u00e0 dist\u00e2ncia de um clique...\",\"potentialAction\":[{\"@type\":\"SearchAction\",\"target\":{\"@type\":\"EntryPoint\",\"urlTemplate\":\"https:\\\/\\\/www.altominho.tv\\\/site\\\/?s={search_term_string}\"},\"query-input\":{\"@type\":\"PropertyValueSpecification\",\"valueRequired\":true,\"valueName\":\"search_term_string\"}}],\"inLanguage\":\"pt-PT\"},{\"@type\":\"Person\",\"@id\":\"https:\\\/\\\/www.altominho.tv\\\/site\\\/#\\\/schema\\\/person\\\/4e536851627d7914baf3dac752b6af22\",\"name\":\"Altominho.tv\",\"image\":{\"@type\":\"ImageObject\",\"inLanguage\":\"pt-PT\",\"@id\":\"https:\\\/\\\/www.altominho.tv\\\/site\\\/wp-content\\\/uploads\\\/2019\\\/11\\\/Logo_Avatar_2-150x150.jpg\",\"url\":\"https:\\\/\\\/www.altominho.tv\\\/site\\\/wp-content\\\/uploads\\\/2019\\\/11\\\/Logo_Avatar_2-150x150.jpg\",\"contentUrl\":\"https:\\\/\\\/www.altominho.tv\\\/site\\\/wp-content\\\/uploads\\\/2019\\\/11\\\/Logo_Avatar_2-150x150.jpg\",\"caption\":\"Altominho.tv\"},\"url\":\"https:\\\/\\\/www.altominho.tv\\\/site\\\/author\\\/altominhotv-tecnico\\\/\"}]}<\/script>\n<!-- \/ Yoast SEO Premium plugin. -->","yoast_head_json":{"title":"Altominho TV participa em webinar sobre papel das televis\u00f5es regionais no s\u00e9culo XXI","robots":{"index":"index","follow":"follow","max-snippet":"max-snippet:-1","max-image-preview":"max-image-preview:large","max-video-preview":"max-video-preview:-1"},"canonical":"https:\/\/www.altominho.tv\/site\/2021\/04\/08\/altominho-tv-participa-em-webinar-sobre-papel-das-televisoes-regionais-no-seculo-xxi\/","og_locale":"pt_PT","og_type":"article","og_title":"Altominho TV participa em webinar sobre papel das televis\u00f5es regionais no s\u00e9culo XXI","og_description":"O enfraquecimento ou desaparecimento de meios de proximidade e o nascimento de novos projetos digitais marcam o atual panorama noticioso. &#8220;Quem s\u00e3o e qual o papel das televis\u00f5es regionais no s\u00e9culo XXI?&#8221; \u00e9 o mote para o webinar que decorrer\u00e1 esta quinta-feira, com a participa\u00e7\u00e3o da Altominho TV. A iniciativa, promovida numa parceria entre o [&hellip;]","og_url":"https:\/\/www.altominho.tv\/site\/2021\/04\/08\/altominho-tv-participa-em-webinar-sobre-papel-das-televisoes-regionais-no-seculo-xxi\/","og_site_name":"Altominho.tv","article_publisher":"https:\/\/www.facebook.com\/altominhotv","article_published_time":"2021-04-08T12:11:57+00:00","article_modified_time":"2021-04-20T09:07:00+00:00","og_image":[{"width":1200,"height":798,"url":"https:\/\/www.altominho.tv\/site\/wp-content\/uploads\/2021\/04\/webinar_tv_cartaz-1.jpg","type":"image\/jpeg"}],"author":"Altominho.tv","twitter_card":"summary_large_image","twitter_creator":"@altominhoTV","twitter_site":"@altominhoTV","twitter_misc":{"Escrito por":"Altominho.tv","Tempo estimado de leitura":"2 minutos"},"schema":{"@context":"https:\/\/schema.org","@graph":[{"@type":"Article","@id":"https:\/\/www.altominho.tv\/site\/2021\/04\/08\/altominho-tv-participa-em-webinar-sobre-papel-das-televisoes-regionais-no-seculo-xxi\/#article","isPartOf":{"@id":"https:\/\/www.altominho.tv\/site\/2021\/04\/08\/altominho-tv-participa-em-webinar-sobre-papel-das-televisoes-regionais-no-seculo-xxi\/"},"author":{"name":"Altominho.tv","@id":"https:\/\/www.altominho.tv\/site\/#\/schema\/person\/4e536851627d7914baf3dac752b6af22"},"headline":"Altominho TV participa em webinar sobre papel das televis\u00f5es regionais no s\u00e9culo XXI","datePublished":"2021-04-08T12:11:57+00:00","dateModified":"2021-04-20T09:07:00+00:00","mainEntityOfPage":{"@id":"https:\/\/www.altominho.tv\/site\/2021\/04\/08\/altominho-tv-participa-em-webinar-sobre-papel-das-televisoes-regionais-no-seculo-xxi\/"},"wordCount":315,"image":{"@id":"https:\/\/www.altominho.tv\/site\/2021\/04\/08\/altominho-tv-participa-em-webinar-sobre-papel-das-televisoes-regionais-no-seculo-xxi\/#primaryimage"},"thumbnailUrl":"https:\/\/www.altominho.tv\/site\/wp-content\/uploads\/2021\/04\/webinar_tv_cartaz-1.jpg","keywords":["Sociedade"],"articleSection":["Alto Minho"],"inLanguage":"pt-PT","copyrightYear":"2021","copyrightHolder":{"@id":"https:\/\/www.altominho.tv\/site\/#organization"}},{"@type":"WebPage","@id":"https:\/\/www.altominho.tv\/site\/2021\/04\/08\/altominho-tv-participa-em-webinar-sobre-papel-das-televisoes-regionais-no-seculo-xxi\/","url":"https:\/\/www.altominho.tv\/site\/2021\/04\/08\/altominho-tv-participa-em-webinar-sobre-papel-das-televisoes-regionais-no-seculo-xxi\/","name":"Altominho TV participa em webinar sobre papel das televis\u00f5es regionais no s\u00e9culo XXI","isPartOf":{"@id":"https:\/\/www.altominho.tv\/site\/#website"},"primaryImageOfPage":{"@id":"https:\/\/www.altominho.tv\/site\/2021\/04\/08\/altominho-tv-participa-em-webinar-sobre-papel-das-televisoes-regionais-no-seculo-xxi\/#primaryimage"},"image":{"@id":"https:\/\/www.altominho.tv\/site\/2021\/04\/08\/altominho-tv-participa-em-webinar-sobre-papel-das-televisoes-regionais-no-seculo-xxi\/#primaryimage"},"thumbnailUrl":"https:\/\/www.altominho.tv\/site\/wp-content\/uploads\/2021\/04\/webinar_tv_cartaz-1.jpg","datePublished":"2021-04-08T12:11:57+00:00","dateModified":"2021-04-20T09:07:00+00:00","author":{"@id":"https:\/\/www.altominho.tv\/site\/#\/schema\/person\/4e536851627d7914baf3dac752b6af22"},"breadcrumb":{"@id":"https:\/\/www.altominho.tv\/site\/2021\/04\/08\/altominho-tv-participa-em-webinar-sobre-papel-das-televisoes-regionais-no-seculo-xxi\/#breadcrumb"},"inLanguage":"pt-PT","potentialAction":[{"@type":"ReadAction","target":["https:\/\/www.altominho.tv\/site\/2021\/04\/08\/altominho-tv-participa-em-webinar-sobre-papel-das-televisoes-regionais-no-seculo-xxi\/"]}]},{"@type":"ImageObject","inLanguage":"pt-PT","@id":"https:\/\/www.altominho.tv\/site\/2021\/04\/08\/altominho-tv-participa-em-webinar-sobre-papel-das-televisoes-regionais-no-seculo-xxi\/#primaryimage","url":"https:\/\/www.altominho.tv\/site\/wp-content\/uploads\/2021\/04\/webinar_tv_cartaz-1.jpg","contentUrl":"https:\/\/www.altominho.tv\/site\/wp-content\/uploads\/2021\/04\/webinar_tv_cartaz-1.jpg","width":1200,"height":798},{"@type":"BreadcrumbList","@id":"https:\/\/www.altominho.tv\/site\/2021\/04\/08\/altominho-tv-participa-em-webinar-sobre-papel-das-televisoes-regionais-no-seculo-xxi\/#breadcrumb","itemListElement":[{"@type":"ListItem","position":1,"name":"In\u00edcio","item":"https:\/\/www.altominho.tv\/site\/"},{"@type":"ListItem","position":2,"name":"Altominho TV participa em webinar sobre papel das televis\u00f5es regionais no s\u00e9culo XXI"}]},{"@type":"WebSite","@id":"https:\/\/www.altominho.tv\/site\/#website","url":"https:\/\/www.altominho.tv\/site\/","name":"Altominho.tv","description":"A sua regi\u00e3o \u00e0 dist\u00e2ncia de um clique...","potentialAction":[{"@type":"SearchAction","target":{"@type":"EntryPoint","urlTemplate":"https:\/\/www.altominho.tv\/site\/?s={search_term_string}"},"query-input":{"@type":"PropertyValueSpecification","valueRequired":true,"valueName":"search_term_string"}}],"inLanguage":"pt-PT"},{"@type":"Person","@id":"https:\/\/www.altominho.tv\/site\/#\/schema\/person\/4e536851627d7914baf3dac752b6af22","name":"Altominho.tv","image":{"@type":"ImageObject","inLanguage":"pt-PT","@id":"https:\/\/www.altominho.tv\/site\/wp-content\/uploads\/2019\/11\/Logo_Avatar_2-150x150.jpg","url":"https:\/\/www.altominho.tv\/site\/wp-content\/uploads\/2019\/11\/Logo_Avatar_2-150x150.jpg","contentUrl":"https:\/\/www.altominho.tv\/site\/wp-content\/uploads\/2019\/11\/Logo_Avatar_2-150x150.jpg","caption":"Altominho.tv"},"url":"https:\/\/www.altominho.tv\/site\/author\/altominhotv-tecnico\/"}]}},"_links":{"self":[{"href":"https:\/\/www.altominho.tv\/site\/wp-json\/wp\/v2\/posts\/64956","targetHints":{"allow":["GET"]}}],"collection":[{"href":"https:\/\/www.altominho.tv\/site\/wp-json\/wp\/v2\/posts"}],"about":[{"href":"https:\/\/www.altominho.tv\/site\/wp-json\/wp\/v2\/types\/post"}],"author":[{"embeddable":true,"href":"https:\/\/www.altominho.tv\/site\/wp-json\/wp\/v2\/users\/1"}],"replies":[{"embeddable":true,"href":"https:\/\/www.altominho.tv\/site\/wp-json\/wp\/v2\/comments?post=64956"}],"version-history":[{"count":0,"href":"https:\/\/www.altominho.tv\/site\/wp-json\/wp\/v2\/posts\/64956\/revisions"}],"wp:featuredmedia":[{"embeddable":true,"href":"https:\/\/www.altominho.tv\/site\/wp-json\/wp\/v2\/media\/64957"}],"wp:attachment":[{"href":"https:\/\/www.altominho.tv\/site\/wp-json\/wp\/v2\/media?parent=64956"}],"wp:term":[{"taxonomy":"category","embeddable":true,"href":"https:\/\/www.altominho.tv\/site\/wp-json\/wp\/v2\/categories?post=64956"},{"taxonomy":"post_tag","embeddable":true,"href":"https:\/\/www.altominho.tv\/site\/wp-json\/wp\/v2\/tags?post=64956"}],"curies":[{"name":"wp","href":"https:\/\/api.w.org\/{rel}","templated":true}]}}