{"id":64924,"date":"2021-04-07T16:42:54","date_gmt":"2021-04-07T15:42:54","guid":{"rendered":"https:\/\/www.altominho.tv\/site\/?p=64924"},"modified":"2021-04-20T10:18:19","modified_gmt":"2021-04-20T09:18:19","slug":"11-turmas-do-alto-minho-vencedoras-das-olimpiadas-de-educacao-financeira","status":"publish","type":"post","link":"https:\/\/www.altominho.tv\/site\/2021\/04\/07\/11-turmas-do-alto-minho-vencedoras-das-olimpiadas-de-educacao-financeira\/","title":{"rendered":"11 turmas do Alto Minho vencedoras das Olimp\u00edadas de Educa\u00e7\u00e3o Financeira"},"content":{"rendered":"\n<p>No \u00e2mbito do projeto \u201cNo Poupar est\u00e1 o Ganho\u201d, no qual a Comunidade Intermunicipal do Alto Minho (CIM do Alto Minho) continua a ser parceira neste ano letivo de 2020-2021,&nbsp;11 turmas de diferentes n\u00edveis de ensino do Alto Minho venceram as Olimp\u00edadas de Educa\u00e7\u00e3o Financeira (OEF), promovidas pela Funda\u00e7\u00e3o Cupertino de Miranda. Destas 11 turmas, a turma 4\u00ba C da Escola B\u00e1sica de Monserrate, de Viana do Castelo foi a grande&nbsp;Vencedora Nacional,<em>&nbsp;<\/em>na categoria de 3\u00ba\/ 4\u00ba anos do 1\u00ba ciclo do ensino b\u00e1sico; e 10 turmas na categoria de&nbsp;Vencedora Municipal, nomeadamente ao n\u00edvel do escal\u00e3o do 1\u00ba\/ 2\u00ba anos do ensino b\u00e1sico, a turma do 2\u00ba A da Escola B\u00e1sica de Melga\u00e7o e a turma T2A da Escola B\u00e1sica de Vale do Mouro, Tangil, de Mon\u00e7\u00e3o; ao n\u00edvel do escal\u00e3o do 3\u00ba\/ 4\u00ba anos do ensino b\u00e1sico, a turma M4 da Escola B\u00e1sica de Cruzeiro, Moledo, de Caminha; a turma do 1\u00ba\/ 4\u00ba A da Escola B\u00e1sica de Pomares, de Melga\u00e7o; e a turma do 4\u00ba C da Escola B\u00e1sica de Monserrate, de Viana do Castelo. Ainda, ao n\u00edvel do escal\u00e3o do 2\u00ba ciclo do ensino b\u00e1sico, a turma 6\u00ba B da Escola B\u00e1sica e Secund\u00e1ria de Melga\u00e7o e a turma 6\u00ba D da Escola B\u00e1sica e Secund\u00e1ria Pintor Jos\u00e9 de Brito, de Viana do Castelo; ao n\u00edvel do escal\u00e3o do 3\u00ba ciclo do ensino b\u00e1sico, a turma 7\u00ba C da Escola B\u00e1sica e Secund\u00e1ria de Vila Nova de Cerveira; e, por fim, ao n\u00edvel do escal\u00e3o do ensino secund\u00e1rio, a turma CP2CP3 da EPRAMI &#8211; Escola Profissional Alto Minho Interior, de Mon\u00e7\u00e3o.<\/p>\n\n\n\n<p>Apesar de todas as dificuldades impostas no atual contexto pand\u00e9mico, estas turmas do Alto Minho surpreenderam, mais uma vez, com bons resultados, superando outros munic\u00edpios, quer da regi\u00e3o Norte, quer a n\u00edvel Nacional.<\/p>\n\n\n\n<p>Esta a\u00e7\u00e3o da Funda\u00e7\u00e3o Dr. Ant\u00f3nio Cupertino de Miranda destinou-se a alunos de todos os n\u00edveis de ensino, de 36 munic\u00edpios da regi\u00e3o Norte, tendo participado um total de 3.858 alunos, de 190 turmas. Concebida em 2010 para promover a literacia financeira junto de crian\u00e7as e jovens em idade escolar, teve como objetivo incentivar o interesse dos alunos do primeiro e segundo ciclos do ensino b\u00e1sico pelos temas da educa\u00e7\u00e3o financeira para que, de forma l\u00fadica, se consciencializem da import\u00e2ncia do dinheiro e adquiram compet\u00eancias com vista \u00e0 aquisi\u00e7\u00e3o de um comportamento respons\u00e1vel do ponto de vista financeiro.<\/p>\n\n\n\n<p>As olimp\u00edadas materializam-se num \u201c<em>quizz\u201d<\/em>&nbsp;cujas quest\u00f5es tinham de ser respondidas corretamente e no menor tempo poss\u00edvel. As perguntas aludiram aos v\u00e1rios temas de Educa\u00e7\u00e3o Financeira que, de acordo com o Referencial de Educa\u00e7\u00e3o Financeira publicado pelo Minist\u00e9rio da Educa\u00e7\u00e3o, devem ser lecionados no primeiro e segundo ciclos do ensino b\u00e1sico.<\/p>\n\n\n\n<p>Importa destacar que este ano n\u00e3o se realizou a cerim\u00f3nia f\u00edsica de entrega de pr\u00e9mios, que foi substitu\u00edda por uma sess\u00e3o em v\u00eddeo de apresenta\u00e7\u00e3o de vencedores dispon\u00edvel em:&nbsp;<a href=\"https:\/\/youtu.be\/_5a8-fT30-8\" target=\"_blank\" rel=\"noreferrer noopener\">https:\/\/youtu.be\/_5a8-fT30-8<\/a><\/p>\n\n\n\n<p>O projeto \u201cNo Poupar Est\u00e1 o Ganho\u201d \u00e9 apoiado pelo programa Portugal Inova\u00e7\u00e3o Social, atrav\u00e9s do Fundo Social Europeu, no qual participam um total de 9.200 alunos.<\/p>\n","protected":false},"excerpt":{"rendered":"<p>No \u00e2mbito do projeto \u201cNo Poupar est\u00e1 o Ganho\u201d, no qual a Comunidade Intermunicipal do Alto Minho (CIM do Alto Minho) continua a ser parceira neste ano letivo de 2020-2021,&nbsp;11 turmas de diferentes n\u00edveis de ensino do Alto Minho venceram as Olimp\u00edadas de Educa\u00e7\u00e3o Financeira (OEF), promovidas pela Funda\u00e7\u00e3o Cupertino de Miranda. Destas 11 turmas, [&hellip;]<\/p>\n","protected":false},"author":1,"featured_media":64925,"comment_status":"closed","ping_status":"closed","sticky":false,"template":"","format":"standard","meta":{"_exactmetrics_skip_tracking":false,"_exactmetrics_sitenote_active":false,"_exactmetrics_sitenote_note":"","_exactmetrics_sitenote_category":0,"footnotes":""},"categories":[73],"tags":[22,27],"class_list":["post-64924","post","type-post","status-publish","format-standard","has-post-thumbnail","hentry","category-alto-minho","tag-educacao","tag-sociedade"],"yoast_head":"<!-- This site is optimized with the Yoast SEO Premium plugin v27.4 (Yoast SEO v27.4) - https:\/\/yoast.com\/product\/yoast-seo-premium-wordpress\/ -->\n<title>11 turmas do Alto Minho vencedoras das Olimp\u00edadas de Educa\u00e7\u00e3o Financeira<\/title>\n<meta name=\"robots\" content=\"index, follow, max-snippet:-1, max-image-preview:large, max-video-preview:-1\" \/>\n<link rel=\"canonical\" href=\"https:\/\/www.altominho.tv\/site\/2021\/04\/07\/11-turmas-do-alto-minho-vencedoras-das-olimpiadas-de-educacao-financeira\/\" \/>\n<meta property=\"og:locale\" content=\"pt_PT\" \/>\n<meta property=\"og:type\" content=\"article\" \/>\n<meta property=\"og:title\" content=\"11 turmas do Alto Minho vencedoras das Olimp\u00edadas de Educa\u00e7\u00e3o Financeira\" \/>\n<meta property=\"og:description\" content=\"No \u00e2mbito do projeto \u201cNo Poupar est\u00e1 o Ganho\u201d, no qual a Comunidade Intermunicipal do Alto Minho (CIM do Alto Minho) continua a ser parceira neste ano letivo de 2020-2021,&nbsp;11 turmas de diferentes n\u00edveis de ensino do Alto Minho venceram as Olimp\u00edadas de Educa\u00e7\u00e3o Financeira (OEF), promovidas pela Funda\u00e7\u00e3o Cupertino de Miranda. Destas 11 turmas, [&hellip;]\" \/>\n<meta property=\"og:url\" content=\"https:\/\/www.altominho.tv\/site\/2021\/04\/07\/11-turmas-do-alto-minho-vencedoras-das-olimpiadas-de-educacao-financeira\/\" \/>\n<meta property=\"og:site_name\" content=\"Altominho.tv\" \/>\n<meta property=\"article:publisher\" content=\"https:\/\/www.facebook.com\/altominhotv\" \/>\n<meta property=\"article:published_time\" content=\"2021-04-07T15:42:54+00:00\" \/>\n<meta property=\"article:modified_time\" content=\"2021-04-20T09:18:19+00:00\" \/>\n<meta property=\"og:image\" content=\"https:\/\/www.altominho.tv\/site\/wp-content\/uploads\/2021\/04\/167549333_1418248105185100_393285705519939230_n.jpeg\" \/>\n\t<meta property=\"og:image:width\" content=\"1280\" \/>\n\t<meta property=\"og:image:height\" content=\"720\" \/>\n\t<meta property=\"og:image:type\" content=\"image\/jpeg\" \/>\n<meta name=\"author\" content=\"Altominho.tv\" \/>\n<meta name=\"twitter:card\" content=\"summary_large_image\" \/>\n<meta name=\"twitter:creator\" content=\"@altominhoTV\" \/>\n<meta name=\"twitter:site\" content=\"@altominhoTV\" \/>\n<meta name=\"twitter:label1\" content=\"Escrito por\" \/>\n\t<meta name=\"twitter:data1\" content=\"Altominho.tv\" \/>\n\t<meta name=\"twitter:label2\" content=\"Tempo estimado de leitura\" \/>\n\t<meta name=\"twitter:data2\" content=\"3 minutos\" \/>\n<script type=\"application\/ld+json\" class=\"yoast-schema-graph\">{\"@context\":\"https:\\\/\\\/schema.org\",\"@graph\":[{\"@type\":\"Article\",\"@id\":\"https:\\\/\\\/www.altominho.tv\\\/site\\\/2021\\\/04\\\/07\\\/11-turmas-do-alto-minho-vencedoras-das-olimpiadas-de-educacao-financeira\\\/#article\",\"isPartOf\":{\"@id\":\"https:\\\/\\\/www.altominho.tv\\\/site\\\/2021\\\/04\\\/07\\\/11-turmas-do-alto-minho-vencedoras-das-olimpiadas-de-educacao-financeira\\\/\"},\"author\":{\"name\":\"Altominho.tv\",\"@id\":\"https:\\\/\\\/www.altominho.tv\\\/site\\\/#\\\/schema\\\/person\\\/4e536851627d7914baf3dac752b6af22\"},\"headline\":\"11 turmas do Alto Minho vencedoras das Olimp\u00edadas de Educa\u00e7\u00e3o Financeira\",\"datePublished\":\"2021-04-07T15:42:54+00:00\",\"dateModified\":\"2021-04-20T09:18:19+00:00\",\"mainEntityOfPage\":{\"@id\":\"https:\\\/\\\/www.altominho.tv\\\/site\\\/2021\\\/04\\\/07\\\/11-turmas-do-alto-minho-vencedoras-das-olimpiadas-de-educacao-financeira\\\/\"},\"wordCount\":579,\"image\":{\"@id\":\"https:\\\/\\\/www.altominho.tv\\\/site\\\/2021\\\/04\\\/07\\\/11-turmas-do-alto-minho-vencedoras-das-olimpiadas-de-educacao-financeira\\\/#primaryimage\"},\"thumbnailUrl\":\"https:\\\/\\\/www.altominho.tv\\\/site\\\/wp-content\\\/uploads\\\/2021\\\/04\\\/167549333_1418248105185100_393285705519939230_n.jpeg\",\"keywords\":[\"Educa\u00e7\u00e3o\",\"Sociedade\"],\"articleSection\":[\"Alto Minho\"],\"inLanguage\":\"pt-PT\",\"copyrightYear\":\"2021\",\"copyrightHolder\":{\"@id\":\"https:\\\/\\\/www.altominho.tv\\\/site\\\/#organization\"}},{\"@type\":\"WebPage\",\"@id\":\"https:\\\/\\\/www.altominho.tv\\\/site\\\/2021\\\/04\\\/07\\\/11-turmas-do-alto-minho-vencedoras-das-olimpiadas-de-educacao-financeira\\\/\",\"url\":\"https:\\\/\\\/www.altominho.tv\\\/site\\\/2021\\\/04\\\/07\\\/11-turmas-do-alto-minho-vencedoras-das-olimpiadas-de-educacao-financeira\\\/\",\"name\":\"11 turmas do Alto Minho vencedoras das Olimp\u00edadas de Educa\u00e7\u00e3o Financeira\",\"isPartOf\":{\"@id\":\"https:\\\/\\\/www.altominho.tv\\\/site\\\/#website\"},\"primaryImageOfPage\":{\"@id\":\"https:\\\/\\\/www.altominho.tv\\\/site\\\/2021\\\/04\\\/07\\\/11-turmas-do-alto-minho-vencedoras-das-olimpiadas-de-educacao-financeira\\\/#primaryimage\"},\"image\":{\"@id\":\"https:\\\/\\\/www.altominho.tv\\\/site\\\/2021\\\/04\\\/07\\\/11-turmas-do-alto-minho-vencedoras-das-olimpiadas-de-educacao-financeira\\\/#primaryimage\"},\"thumbnailUrl\":\"https:\\\/\\\/www.altominho.tv\\\/site\\\/wp-content\\\/uploads\\\/2021\\\/04\\\/167549333_1418248105185100_393285705519939230_n.jpeg\",\"datePublished\":\"2021-04-07T15:42:54+00:00\",\"dateModified\":\"2021-04-20T09:18:19+00:00\",\"author\":{\"@id\":\"https:\\\/\\\/www.altominho.tv\\\/site\\\/#\\\/schema\\\/person\\\/4e536851627d7914baf3dac752b6af22\"},\"breadcrumb\":{\"@id\":\"https:\\\/\\\/www.altominho.tv\\\/site\\\/2021\\\/04\\\/07\\\/11-turmas-do-alto-minho-vencedoras-das-olimpiadas-de-educacao-financeira\\\/#breadcrumb\"},\"inLanguage\":\"pt-PT\",\"potentialAction\":[{\"@type\":\"ReadAction\",\"target\":[\"https:\\\/\\\/www.altominho.tv\\\/site\\\/2021\\\/04\\\/07\\\/11-turmas-do-alto-minho-vencedoras-das-olimpiadas-de-educacao-financeira\\\/\"]}]},{\"@type\":\"ImageObject\",\"inLanguage\":\"pt-PT\",\"@id\":\"https:\\\/\\\/www.altominho.tv\\\/site\\\/2021\\\/04\\\/07\\\/11-turmas-do-alto-minho-vencedoras-das-olimpiadas-de-educacao-financeira\\\/#primaryimage\",\"url\":\"https:\\\/\\\/www.altominho.tv\\\/site\\\/wp-content\\\/uploads\\\/2021\\\/04\\\/167549333_1418248105185100_393285705519939230_n.jpeg\",\"contentUrl\":\"https:\\\/\\\/www.altominho.tv\\\/site\\\/wp-content\\\/uploads\\\/2021\\\/04\\\/167549333_1418248105185100_393285705519939230_n.jpeg\",\"width\":1280,\"height\":720},{\"@type\":\"BreadcrumbList\",\"@id\":\"https:\\\/\\\/www.altominho.tv\\\/site\\\/2021\\\/04\\\/07\\\/11-turmas-do-alto-minho-vencedoras-das-olimpiadas-de-educacao-financeira\\\/#breadcrumb\",\"itemListElement\":[{\"@type\":\"ListItem\",\"position\":1,\"name\":\"In\u00edcio\",\"item\":\"https:\\\/\\\/www.altominho.tv\\\/site\\\/\"},{\"@type\":\"ListItem\",\"position\":2,\"name\":\"11 turmas do Alto Minho vencedoras das Olimp\u00edadas de Educa\u00e7\u00e3o Financeira\"}]},{\"@type\":\"WebSite\",\"@id\":\"https:\\\/\\\/www.altominho.tv\\\/site\\\/#website\",\"url\":\"https:\\\/\\\/www.altominho.tv\\\/site\\\/\",\"name\":\"Altominho.tv\",\"description\":\"A sua regi\u00e3o \u00e0 dist\u00e2ncia de um clique...\",\"potentialAction\":[{\"@type\":\"SearchAction\",\"target\":{\"@type\":\"EntryPoint\",\"urlTemplate\":\"https:\\\/\\\/www.altominho.tv\\\/site\\\/?s={search_term_string}\"},\"query-input\":{\"@type\":\"PropertyValueSpecification\",\"valueRequired\":true,\"valueName\":\"search_term_string\"}}],\"inLanguage\":\"pt-PT\"},{\"@type\":\"Person\",\"@id\":\"https:\\\/\\\/www.altominho.tv\\\/site\\\/#\\\/schema\\\/person\\\/4e536851627d7914baf3dac752b6af22\",\"name\":\"Altominho.tv\",\"image\":{\"@type\":\"ImageObject\",\"inLanguage\":\"pt-PT\",\"@id\":\"https:\\\/\\\/www.altominho.tv\\\/site\\\/wp-content\\\/uploads\\\/2019\\\/11\\\/Logo_Avatar_2-150x150.jpg\",\"url\":\"https:\\\/\\\/www.altominho.tv\\\/site\\\/wp-content\\\/uploads\\\/2019\\\/11\\\/Logo_Avatar_2-150x150.jpg\",\"contentUrl\":\"https:\\\/\\\/www.altominho.tv\\\/site\\\/wp-content\\\/uploads\\\/2019\\\/11\\\/Logo_Avatar_2-150x150.jpg\",\"caption\":\"Altominho.tv\"},\"url\":\"https:\\\/\\\/www.altominho.tv\\\/site\\\/author\\\/altominhotv-tecnico\\\/\"}]}<\/script>\n<!-- \/ Yoast SEO Premium plugin. -->","yoast_head_json":{"title":"11 turmas do Alto Minho vencedoras das Olimp\u00edadas de Educa\u00e7\u00e3o Financeira","robots":{"index":"index","follow":"follow","max-snippet":"max-snippet:-1","max-image-preview":"max-image-preview:large","max-video-preview":"max-video-preview:-1"},"canonical":"https:\/\/www.altominho.tv\/site\/2021\/04\/07\/11-turmas-do-alto-minho-vencedoras-das-olimpiadas-de-educacao-financeira\/","og_locale":"pt_PT","og_type":"article","og_title":"11 turmas do Alto Minho vencedoras das Olimp\u00edadas de Educa\u00e7\u00e3o Financeira","og_description":"No \u00e2mbito do projeto \u201cNo Poupar est\u00e1 o Ganho\u201d, no qual a Comunidade Intermunicipal do Alto Minho (CIM do Alto Minho) continua a ser parceira neste ano letivo de 2020-2021,&nbsp;11 turmas de diferentes n\u00edveis de ensino do Alto Minho venceram as Olimp\u00edadas de Educa\u00e7\u00e3o Financeira (OEF), promovidas pela Funda\u00e7\u00e3o Cupertino de Miranda. Destas 11 turmas, [&hellip;]","og_url":"https:\/\/www.altominho.tv\/site\/2021\/04\/07\/11-turmas-do-alto-minho-vencedoras-das-olimpiadas-de-educacao-financeira\/","og_site_name":"Altominho.tv","article_publisher":"https:\/\/www.facebook.com\/altominhotv","article_published_time":"2021-04-07T15:42:54+00:00","article_modified_time":"2021-04-20T09:18:19+00:00","og_image":[{"width":1280,"height":720,"url":"https:\/\/www.altominho.tv\/site\/wp-content\/uploads\/2021\/04\/167549333_1418248105185100_393285705519939230_n.jpeg","type":"image\/jpeg"}],"author":"Altominho.tv","twitter_card":"summary_large_image","twitter_creator":"@altominhoTV","twitter_site":"@altominhoTV","twitter_misc":{"Escrito por":"Altominho.tv","Tempo estimado de leitura":"3 minutos"},"schema":{"@context":"https:\/\/schema.org","@graph":[{"@type":"Article","@id":"https:\/\/www.altominho.tv\/site\/2021\/04\/07\/11-turmas-do-alto-minho-vencedoras-das-olimpiadas-de-educacao-financeira\/#article","isPartOf":{"@id":"https:\/\/www.altominho.tv\/site\/2021\/04\/07\/11-turmas-do-alto-minho-vencedoras-das-olimpiadas-de-educacao-financeira\/"},"author":{"name":"Altominho.tv","@id":"https:\/\/www.altominho.tv\/site\/#\/schema\/person\/4e536851627d7914baf3dac752b6af22"},"headline":"11 turmas do Alto Minho vencedoras das Olimp\u00edadas de Educa\u00e7\u00e3o Financeira","datePublished":"2021-04-07T15:42:54+00:00","dateModified":"2021-04-20T09:18:19+00:00","mainEntityOfPage":{"@id":"https:\/\/www.altominho.tv\/site\/2021\/04\/07\/11-turmas-do-alto-minho-vencedoras-das-olimpiadas-de-educacao-financeira\/"},"wordCount":579,"image":{"@id":"https:\/\/www.altominho.tv\/site\/2021\/04\/07\/11-turmas-do-alto-minho-vencedoras-das-olimpiadas-de-educacao-financeira\/#primaryimage"},"thumbnailUrl":"https:\/\/www.altominho.tv\/site\/wp-content\/uploads\/2021\/04\/167549333_1418248105185100_393285705519939230_n.jpeg","keywords":["Educa\u00e7\u00e3o","Sociedade"],"articleSection":["Alto Minho"],"inLanguage":"pt-PT","copyrightYear":"2021","copyrightHolder":{"@id":"https:\/\/www.altominho.tv\/site\/#organization"}},{"@type":"WebPage","@id":"https:\/\/www.altominho.tv\/site\/2021\/04\/07\/11-turmas-do-alto-minho-vencedoras-das-olimpiadas-de-educacao-financeira\/","url":"https:\/\/www.altominho.tv\/site\/2021\/04\/07\/11-turmas-do-alto-minho-vencedoras-das-olimpiadas-de-educacao-financeira\/","name":"11 turmas do Alto Minho vencedoras das Olimp\u00edadas de Educa\u00e7\u00e3o Financeira","isPartOf":{"@id":"https:\/\/www.altominho.tv\/site\/#website"},"primaryImageOfPage":{"@id":"https:\/\/www.altominho.tv\/site\/2021\/04\/07\/11-turmas-do-alto-minho-vencedoras-das-olimpiadas-de-educacao-financeira\/#primaryimage"},"image":{"@id":"https:\/\/www.altominho.tv\/site\/2021\/04\/07\/11-turmas-do-alto-minho-vencedoras-das-olimpiadas-de-educacao-financeira\/#primaryimage"},"thumbnailUrl":"https:\/\/www.altominho.tv\/site\/wp-content\/uploads\/2021\/04\/167549333_1418248105185100_393285705519939230_n.jpeg","datePublished":"2021-04-07T15:42:54+00:00","dateModified":"2021-04-20T09:18:19+00:00","author":{"@id":"https:\/\/www.altominho.tv\/site\/#\/schema\/person\/4e536851627d7914baf3dac752b6af22"},"breadcrumb":{"@id":"https:\/\/www.altominho.tv\/site\/2021\/04\/07\/11-turmas-do-alto-minho-vencedoras-das-olimpiadas-de-educacao-financeira\/#breadcrumb"},"inLanguage":"pt-PT","potentialAction":[{"@type":"ReadAction","target":["https:\/\/www.altominho.tv\/site\/2021\/04\/07\/11-turmas-do-alto-minho-vencedoras-das-olimpiadas-de-educacao-financeira\/"]}]},{"@type":"ImageObject","inLanguage":"pt-PT","@id":"https:\/\/www.altominho.tv\/site\/2021\/04\/07\/11-turmas-do-alto-minho-vencedoras-das-olimpiadas-de-educacao-financeira\/#primaryimage","url":"https:\/\/www.altominho.tv\/site\/wp-content\/uploads\/2021\/04\/167549333_1418248105185100_393285705519939230_n.jpeg","contentUrl":"https:\/\/www.altominho.tv\/site\/wp-content\/uploads\/2021\/04\/167549333_1418248105185100_393285705519939230_n.jpeg","width":1280,"height":720},{"@type":"BreadcrumbList","@id":"https:\/\/www.altominho.tv\/site\/2021\/04\/07\/11-turmas-do-alto-minho-vencedoras-das-olimpiadas-de-educacao-financeira\/#breadcrumb","itemListElement":[{"@type":"ListItem","position":1,"name":"In\u00edcio","item":"https:\/\/www.altominho.tv\/site\/"},{"@type":"ListItem","position":2,"name":"11 turmas do Alto Minho vencedoras das Olimp\u00edadas de Educa\u00e7\u00e3o Financeira"}]},{"@type":"WebSite","@id":"https:\/\/www.altominho.tv\/site\/#website","url":"https:\/\/www.altominho.tv\/site\/","name":"Altominho.tv","description":"A sua regi\u00e3o \u00e0 dist\u00e2ncia de um clique...","potentialAction":[{"@type":"SearchAction","target":{"@type":"EntryPoint","urlTemplate":"https:\/\/www.altominho.tv\/site\/?s={search_term_string}"},"query-input":{"@type":"PropertyValueSpecification","valueRequired":true,"valueName":"search_term_string"}}],"inLanguage":"pt-PT"},{"@type":"Person","@id":"https:\/\/www.altominho.tv\/site\/#\/schema\/person\/4e536851627d7914baf3dac752b6af22","name":"Altominho.tv","image":{"@type":"ImageObject","inLanguage":"pt-PT","@id":"https:\/\/www.altominho.tv\/site\/wp-content\/uploads\/2019\/11\/Logo_Avatar_2-150x150.jpg","url":"https:\/\/www.altominho.tv\/site\/wp-content\/uploads\/2019\/11\/Logo_Avatar_2-150x150.jpg","contentUrl":"https:\/\/www.altominho.tv\/site\/wp-content\/uploads\/2019\/11\/Logo_Avatar_2-150x150.jpg","caption":"Altominho.tv"},"url":"https:\/\/www.altominho.tv\/site\/author\/altominhotv-tecnico\/"}]}},"_links":{"self":[{"href":"https:\/\/www.altominho.tv\/site\/wp-json\/wp\/v2\/posts\/64924","targetHints":{"allow":["GET"]}}],"collection":[{"href":"https:\/\/www.altominho.tv\/site\/wp-json\/wp\/v2\/posts"}],"about":[{"href":"https:\/\/www.altominho.tv\/site\/wp-json\/wp\/v2\/types\/post"}],"author":[{"embeddable":true,"href":"https:\/\/www.altominho.tv\/site\/wp-json\/wp\/v2\/users\/1"}],"replies":[{"embeddable":true,"href":"https:\/\/www.altominho.tv\/site\/wp-json\/wp\/v2\/comments?post=64924"}],"version-history":[{"count":0,"href":"https:\/\/www.altominho.tv\/site\/wp-json\/wp\/v2\/posts\/64924\/revisions"}],"wp:featuredmedia":[{"embeddable":true,"href":"https:\/\/www.altominho.tv\/site\/wp-json\/wp\/v2\/media\/64925"}],"wp:attachment":[{"href":"https:\/\/www.altominho.tv\/site\/wp-json\/wp\/v2\/media?parent=64924"}],"wp:term":[{"taxonomy":"category","embeddable":true,"href":"https:\/\/www.altominho.tv\/site\/wp-json\/wp\/v2\/categories?post=64924"},{"taxonomy":"post_tag","embeddable":true,"href":"https:\/\/www.altominho.tv\/site\/wp-json\/wp\/v2\/tags?post=64924"}],"curies":[{"name":"wp","href":"https:\/\/api.w.org\/{rel}","templated":true}]}}