{"id":64890,"date":"2021-04-07T12:54:44","date_gmt":"2021-04-07T11:54:44","guid":{"rendered":"https:\/\/www.altominho.tv\/site\/?p=64890"},"modified":"2022-01-17T14:16:35","modified_gmt":"2022-01-17T14:16:35","slug":"psd-questiona-governo-sobre-atraso-na-requalificacao-de-estrada-entre-valenca-e-moncao","status":"publish","type":"post","link":"https:\/\/www.altominho.tv\/site\/2021\/04\/07\/psd-questiona-governo-sobre-atraso-na-requalificacao-de-estrada-entre-valenca-e-moncao\/","title":{"rendered":"PSD questiona Governo sobre atraso na requalifica\u00e7\u00e3o de estrada entre Valen\u00e7a e Mon\u00e7\u00e3o"},"content":{"rendered":"<p>Os deputados do PSD eleitos pelo c\u00edrculo de Viana do Castelo questionaram o Governo sobre o atraso no projeto de requalifica\u00e7\u00e3o da Estrada Nacional (EN) 101, entre Valen\u00e7a e Mon\u00e7\u00e3o.<\/p>\n<p>Na pergunta enviada ao ministro de Estado e das Finan\u00e7as, os deputados Jorge Mendes, Em\u00edlia Cerqueira e Eduardo Teixeira querem saber se o lan\u00e7amento do concurso p\u00fablico para a requalifica\u00e7\u00e3o da EN101 &#8211; Valen\u00e7a\/Mon\u00e7\u00e3o &#8220;est\u00e1 bloqueado por falta de publica\u00e7\u00e3o da portaria de extens\u00e3o de encargos&#8221;.<\/p>\n<p>&#8220;Apesar da insist\u00eancia dos deputados do PSD [eleitos] pelo c\u00edrculo eleitoral de Viana do Castelo, desde novembro de 2019, nas v\u00e1rias interven\u00e7\u00f5es em sede or\u00e7amental ou nas audi\u00e7\u00f5es ao ministro Pedro Nuno Santos e secret\u00e1rio de Estado Jorge Delgado, com promessas de que estava para lan\u00e7amento do concurso, isso n\u00e3o aconteceu at\u00e9 ao presente&#8221;, referem os parlamentares na nota enviada esta quarta-feira \u00e0 imprensa.<\/p>\n<p>O grupo parlamentar do PSD frisa que &#8220;o projeto de requalifica\u00e7\u00e3o do tro\u00e7o da EN101 &#8211; Valen\u00e7a\/Mon\u00e7\u00e3o est\u00e1 conclu\u00eddo desde 2016\/2017, mas o lan\u00e7amento do concurso tarda em ser concretizado&#8221;.<\/p>\n<p>&#8220;N\u00e3o obstante as dilig\u00eancias do PSD, a requalifica\u00e7\u00e3o da EN101 &#8211; Valen\u00e7a\/Mon\u00e7\u00e3o aguarda a publica\u00e7\u00e3o da Portaria de Extens\u00e3o de Encargos respetiva, por parte do Minist\u00e9rio da Finan\u00e7as\/Secretaria de Estado do Or\u00e7amento. Por sua vez, a requalifica\u00e7\u00e3o da EN101 &#8211; Valen\u00e7a\/Mon\u00e7\u00e3o estava prevista no Plano Nacional de Investimentos de Proximidade para 2016\/2017, e o tro\u00e7o Mon\u00e7\u00e3o\/Arcos nos anos seguintes, bem como a EN202 entre Mon\u00e7\u00e3o\/Melga\u00e7o&#8221;, sustentam.<\/p>\n<p>Para os deputados dos PSD, a EN101 &#8220;\u00e9 uma importante via que integra a rede nacional e estabelece a liga\u00e7\u00e3o entre v\u00e1rios concelhos do norte do distrito de Viana do Castelo, abrangendo localidades de m\u00e9dia densidade populacional, mas de importante atividade econ\u00f3mica e forte interliga\u00e7\u00e3o \u00e0 vizinha Galiza&#8221;.<\/p>\n<p>Os social-democratas destacam &#8220;a \u00e1rea de influ\u00eancia do grupo PSA Peugeot Citro\u00ebn, instalado em Vigo, na Galiza, e ramifica\u00e7\u00f5es \u00e0s zonas de Braga, Aveiro e Viseu&#8221;.<\/p>\n<p>&#8220;Dependem desta via um vasto conjunto de empresas, relevantes para o Alto Minho e Portugal, com forte movimento de ve\u00edculos ligeiros e pesados, dada a liga\u00e7\u00e3o entre o norte do distrito de Viana do Castelo e a Autoestrada 3 (A3) ou entre a Galiza e o distrito de Braga&#8221;, especificaram.<\/p>\n<p>Al\u00e9m de questionar o Governo sobre o lan\u00e7amento do concurso de requalifica\u00e7\u00e3o da EN101, o PSD quer ainda saber &#8220;quantos concursos do Minist\u00e9rio das Infraestruturas e Habita\u00e7\u00e3o aguardam a publica\u00e7\u00e3o das respetivas portarias de extens\u00e3o de encargos&#8221;.<\/p>\n","protected":false},"excerpt":{"rendered":"<p>Os deputados do PSD eleitos pelo c\u00edrculo de Viana do Castelo questionaram o Governo sobre o atraso no projeto de requalifica\u00e7\u00e3o da Estrada Nacional (EN) 101, entre Valen\u00e7a e Mon\u00e7\u00e3o. Na pergunta enviada ao ministro de Estado e das Finan\u00e7as, os deputados Jorge Mendes, Em\u00edlia Cerqueira e Eduardo Teixeira querem saber se o lan\u00e7amento do [&hellip;]<\/p>\n","protected":false},"author":15,"featured_media":64892,"comment_status":"closed","ping_status":"closed","sticky":false,"template":"","format":"standard","meta":{"_exactmetrics_skip_tracking":false,"_exactmetrics_sitenote_active":false,"_exactmetrics_sitenote_note":"","_exactmetrics_sitenote_category":0,"footnotes":""},"categories":[73],"tags":[56326],"class_list":["post-64890","post","type-post","status-publish","format-standard","has-post-thumbnail","hentry","category-alto-minho","tag-politica"],"yoast_head":"<!-- This site is optimized with the Yoast SEO Premium plugin v27.4 (Yoast SEO v27.4) - https:\/\/yoast.com\/product\/yoast-seo-premium-wordpress\/ -->\n<title>PSD questiona Governo sobre atraso na requalifica\u00e7\u00e3o de estrada entre Valen\u00e7a e Mon\u00e7\u00e3o<\/title>\n<meta name=\"robots\" content=\"index, follow, max-snippet:-1, max-image-preview:large, max-video-preview:-1\" \/>\n<link rel=\"canonical\" href=\"https:\/\/www.altominho.tv\/site\/2021\/04\/07\/psd-questiona-governo-sobre-atraso-na-requalificacao-de-estrada-entre-valenca-e-moncao\/\" \/>\n<meta property=\"og:locale\" content=\"pt_PT\" \/>\n<meta property=\"og:type\" content=\"article\" \/>\n<meta property=\"og:title\" content=\"PSD questiona Governo sobre atraso na requalifica\u00e7\u00e3o de estrada entre Valen\u00e7a e Mon\u00e7\u00e3o\" \/>\n<meta property=\"og:description\" content=\"Os deputados do PSD eleitos pelo c\u00edrculo de Viana do Castelo questionaram o Governo sobre o atraso no projeto de requalifica\u00e7\u00e3o da Estrada Nacional (EN) 101, entre Valen\u00e7a e Mon\u00e7\u00e3o. Na pergunta enviada ao ministro de Estado e das Finan\u00e7as, os deputados Jorge Mendes, Em\u00edlia Cerqueira e Eduardo Teixeira querem saber se o lan\u00e7amento do [&hellip;]\" \/>\n<meta property=\"og:url\" content=\"https:\/\/www.altominho.tv\/site\/2021\/04\/07\/psd-questiona-governo-sobre-atraso-na-requalificacao-de-estrada-entre-valenca-e-moncao\/\" \/>\n<meta property=\"og:site_name\" content=\"Altominho.tv\" \/>\n<meta property=\"article:publisher\" content=\"https:\/\/www.facebook.com\/altominhotv\" \/>\n<meta property=\"article:published_time\" content=\"2021-04-07T11:54:44+00:00\" \/>\n<meta property=\"article:modified_time\" content=\"2022-01-17T14:16:35+00:00\" \/>\n<meta property=\"og:image\" content=\"https:\/\/www.altominho.tv\/site\/wp-content\/uploads\/2021\/04\/EN101.jpg\" \/>\n\t<meta property=\"og:image:width\" content=\"2166\" \/>\n\t<meta property=\"og:image:height\" content=\"1041\" \/>\n\t<meta property=\"og:image:type\" content=\"image\/jpeg\" \/>\n<meta name=\"author\" content=\"Andreia Ferreira | Lusa\" \/>\n<meta name=\"twitter:card\" content=\"summary_large_image\" \/>\n<meta name=\"twitter:creator\" content=\"@altominhoTV\" \/>\n<meta name=\"twitter:site\" content=\"@altominhoTV\" \/>\n<meta name=\"twitter:label1\" content=\"Escrito por\" \/>\n\t<meta name=\"twitter:data1\" content=\"Andreia Ferreira | Lusa\" \/>\n\t<meta name=\"twitter:label2\" content=\"Tempo estimado de leitura\" \/>\n\t<meta name=\"twitter:data2\" content=\"2 minutos\" \/>\n<script type=\"application\/ld+json\" class=\"yoast-schema-graph\">{\"@context\":\"https:\\\/\\\/schema.org\",\"@graph\":[{\"@type\":\"Article\",\"@id\":\"https:\\\/\\\/www.altominho.tv\\\/site\\\/2021\\\/04\\\/07\\\/psd-questiona-governo-sobre-atraso-na-requalificacao-de-estrada-entre-valenca-e-moncao\\\/#article\",\"isPartOf\":{\"@id\":\"https:\\\/\\\/www.altominho.tv\\\/site\\\/2021\\\/04\\\/07\\\/psd-questiona-governo-sobre-atraso-na-requalificacao-de-estrada-entre-valenca-e-moncao\\\/\"},\"author\":{\"name\":\"Andreia Ferreira | Lusa\",\"@id\":\"https:\\\/\\\/www.altominho.tv\\\/site\\\/#\\\/schema\\\/person\\\/a0bff6dc1041aadd46fa81887444b017\"},\"headline\":\"PSD questiona Governo sobre atraso na requalifica\u00e7\u00e3o de estrada entre Valen\u00e7a e Mon\u00e7\u00e3o\",\"datePublished\":\"2021-04-07T11:54:44+00:00\",\"dateModified\":\"2022-01-17T14:16:35+00:00\",\"mainEntityOfPage\":{\"@id\":\"https:\\\/\\\/www.altominho.tv\\\/site\\\/2021\\\/04\\\/07\\\/psd-questiona-governo-sobre-atraso-na-requalificacao-de-estrada-entre-valenca-e-moncao\\\/\"},\"wordCount\":474,\"image\":{\"@id\":\"https:\\\/\\\/www.altominho.tv\\\/site\\\/2021\\\/04\\\/07\\\/psd-questiona-governo-sobre-atraso-na-requalificacao-de-estrada-entre-valenca-e-moncao\\\/#primaryimage\"},\"thumbnailUrl\":\"https:\\\/\\\/www.altominho.tv\\\/site\\\/wp-content\\\/uploads\\\/2021\\\/04\\\/EN101.jpg\",\"keywords\":[\"Pol\u00edtica\"],\"articleSection\":[\"Alto Minho\"],\"inLanguage\":\"pt-PT\",\"copyrightYear\":\"2021\",\"copyrightHolder\":{\"@id\":\"https:\\\/\\\/www.altominho.tv\\\/site\\\/#organization\"}},{\"@type\":\"WebPage\",\"@id\":\"https:\\\/\\\/www.altominho.tv\\\/site\\\/2021\\\/04\\\/07\\\/psd-questiona-governo-sobre-atraso-na-requalificacao-de-estrada-entre-valenca-e-moncao\\\/\",\"url\":\"https:\\\/\\\/www.altominho.tv\\\/site\\\/2021\\\/04\\\/07\\\/psd-questiona-governo-sobre-atraso-na-requalificacao-de-estrada-entre-valenca-e-moncao\\\/\",\"name\":\"PSD questiona Governo sobre atraso na requalifica\u00e7\u00e3o de estrada entre Valen\u00e7a e Mon\u00e7\u00e3o\",\"isPartOf\":{\"@id\":\"https:\\\/\\\/www.altominho.tv\\\/site\\\/#website\"},\"primaryImageOfPage\":{\"@id\":\"https:\\\/\\\/www.altominho.tv\\\/site\\\/2021\\\/04\\\/07\\\/psd-questiona-governo-sobre-atraso-na-requalificacao-de-estrada-entre-valenca-e-moncao\\\/#primaryimage\"},\"image\":{\"@id\":\"https:\\\/\\\/www.altominho.tv\\\/site\\\/2021\\\/04\\\/07\\\/psd-questiona-governo-sobre-atraso-na-requalificacao-de-estrada-entre-valenca-e-moncao\\\/#primaryimage\"},\"thumbnailUrl\":\"https:\\\/\\\/www.altominho.tv\\\/site\\\/wp-content\\\/uploads\\\/2021\\\/04\\\/EN101.jpg\",\"datePublished\":\"2021-04-07T11:54:44+00:00\",\"dateModified\":\"2022-01-17T14:16:35+00:00\",\"author\":{\"@id\":\"https:\\\/\\\/www.altominho.tv\\\/site\\\/#\\\/schema\\\/person\\\/a0bff6dc1041aadd46fa81887444b017\"},\"breadcrumb\":{\"@id\":\"https:\\\/\\\/www.altominho.tv\\\/site\\\/2021\\\/04\\\/07\\\/psd-questiona-governo-sobre-atraso-na-requalificacao-de-estrada-entre-valenca-e-moncao\\\/#breadcrumb\"},\"inLanguage\":\"pt-PT\",\"potentialAction\":[{\"@type\":\"ReadAction\",\"target\":[\"https:\\\/\\\/www.altominho.tv\\\/site\\\/2021\\\/04\\\/07\\\/psd-questiona-governo-sobre-atraso-na-requalificacao-de-estrada-entre-valenca-e-moncao\\\/\"]}]},{\"@type\":\"ImageObject\",\"inLanguage\":\"pt-PT\",\"@id\":\"https:\\\/\\\/www.altominho.tv\\\/site\\\/2021\\\/04\\\/07\\\/psd-questiona-governo-sobre-atraso-na-requalificacao-de-estrada-entre-valenca-e-moncao\\\/#primaryimage\",\"url\":\"https:\\\/\\\/www.altominho.tv\\\/site\\\/wp-content\\\/uploads\\\/2021\\\/04\\\/EN101.jpg\",\"contentUrl\":\"https:\\\/\\\/www.altominho.tv\\\/site\\\/wp-content\\\/uploads\\\/2021\\\/04\\\/EN101.jpg\",\"width\":2166,\"height\":1041,\"caption\":\"GOOGLE MAPS\"},{\"@type\":\"BreadcrumbList\",\"@id\":\"https:\\\/\\\/www.altominho.tv\\\/site\\\/2021\\\/04\\\/07\\\/psd-questiona-governo-sobre-atraso-na-requalificacao-de-estrada-entre-valenca-e-moncao\\\/#breadcrumb\",\"itemListElement\":[{\"@type\":\"ListItem\",\"position\":1,\"name\":\"In\u00edcio\",\"item\":\"https:\\\/\\\/www.altominho.tv\\\/site\\\/\"},{\"@type\":\"ListItem\",\"position\":2,\"name\":\"PSD questiona Governo sobre atraso na requalifica\u00e7\u00e3o de estrada entre Valen\u00e7a e Mon\u00e7\u00e3o\"}]},{\"@type\":\"WebSite\",\"@id\":\"https:\\\/\\\/www.altominho.tv\\\/site\\\/#website\",\"url\":\"https:\\\/\\\/www.altominho.tv\\\/site\\\/\",\"name\":\"Altominho.tv\",\"description\":\"A sua regi\u00e3o \u00e0 dist\u00e2ncia de um clique...\",\"potentialAction\":[{\"@type\":\"SearchAction\",\"target\":{\"@type\":\"EntryPoint\",\"urlTemplate\":\"https:\\\/\\\/www.altominho.tv\\\/site\\\/?s={search_term_string}\"},\"query-input\":{\"@type\":\"PropertyValueSpecification\",\"valueRequired\":true,\"valueName\":\"search_term_string\"}}],\"inLanguage\":\"pt-PT\"},{\"@type\":\"Person\",\"@id\":\"https:\\\/\\\/www.altominho.tv\\\/site\\\/#\\\/schema\\\/person\\\/a0bff6dc1041aadd46fa81887444b017\",\"name\":\"Andreia Ferreira | Lusa\",\"image\":{\"@type\":\"ImageObject\",\"inLanguage\":\"pt-PT\",\"@id\":\"https:\\\/\\\/www.altominho.tv\\\/site\\\/wp-content\\\/uploads\\\/2018\\\/04\\\/Andreia-150x150.jpg\",\"url\":\"https:\\\/\\\/www.altominho.tv\\\/site\\\/wp-content\\\/uploads\\\/2018\\\/04\\\/Andreia-150x150.jpg\",\"contentUrl\":\"https:\\\/\\\/www.altominho.tv\\\/site\\\/wp-content\\\/uploads\\\/2018\\\/04\\\/Andreia-150x150.jpg\",\"caption\":\"Andreia Ferreira | Lusa\"},\"sameAs\":[\"https:\\\/\\\/www.altominho.tv\\\/site\"],\"url\":\"https:\\\/\\\/www.altominho.tv\\\/site\\\/author\\\/andreiaferreiralusa\\\/\"}]}<\/script>\n<!-- \/ Yoast SEO Premium plugin. -->","yoast_head_json":{"title":"PSD questiona Governo sobre atraso na requalifica\u00e7\u00e3o de estrada entre Valen\u00e7a e Mon\u00e7\u00e3o","robots":{"index":"index","follow":"follow","max-snippet":"max-snippet:-1","max-image-preview":"max-image-preview:large","max-video-preview":"max-video-preview:-1"},"canonical":"https:\/\/www.altominho.tv\/site\/2021\/04\/07\/psd-questiona-governo-sobre-atraso-na-requalificacao-de-estrada-entre-valenca-e-moncao\/","og_locale":"pt_PT","og_type":"article","og_title":"PSD questiona Governo sobre atraso na requalifica\u00e7\u00e3o de estrada entre Valen\u00e7a e Mon\u00e7\u00e3o","og_description":"Os deputados do PSD eleitos pelo c\u00edrculo de Viana do Castelo questionaram o Governo sobre o atraso no projeto de requalifica\u00e7\u00e3o da Estrada Nacional (EN) 101, entre Valen\u00e7a e Mon\u00e7\u00e3o. Na pergunta enviada ao ministro de Estado e das Finan\u00e7as, os deputados Jorge Mendes, Em\u00edlia Cerqueira e Eduardo Teixeira querem saber se o lan\u00e7amento do [&hellip;]","og_url":"https:\/\/www.altominho.tv\/site\/2021\/04\/07\/psd-questiona-governo-sobre-atraso-na-requalificacao-de-estrada-entre-valenca-e-moncao\/","og_site_name":"Altominho.tv","article_publisher":"https:\/\/www.facebook.com\/altominhotv","article_published_time":"2021-04-07T11:54:44+00:00","article_modified_time":"2022-01-17T14:16:35+00:00","og_image":[{"width":2166,"height":1041,"url":"https:\/\/www.altominho.tv\/site\/wp-content\/uploads\/2021\/04\/EN101.jpg","type":"image\/jpeg"}],"author":"Andreia Ferreira | Lusa","twitter_card":"summary_large_image","twitter_creator":"@altominhoTV","twitter_site":"@altominhoTV","twitter_misc":{"Escrito por":"Andreia Ferreira | Lusa","Tempo estimado de leitura":"2 minutos"},"schema":{"@context":"https:\/\/schema.org","@graph":[{"@type":"Article","@id":"https:\/\/www.altominho.tv\/site\/2021\/04\/07\/psd-questiona-governo-sobre-atraso-na-requalificacao-de-estrada-entre-valenca-e-moncao\/#article","isPartOf":{"@id":"https:\/\/www.altominho.tv\/site\/2021\/04\/07\/psd-questiona-governo-sobre-atraso-na-requalificacao-de-estrada-entre-valenca-e-moncao\/"},"author":{"name":"Andreia Ferreira | Lusa","@id":"https:\/\/www.altominho.tv\/site\/#\/schema\/person\/a0bff6dc1041aadd46fa81887444b017"},"headline":"PSD questiona Governo sobre atraso na requalifica\u00e7\u00e3o de estrada entre Valen\u00e7a e Mon\u00e7\u00e3o","datePublished":"2021-04-07T11:54:44+00:00","dateModified":"2022-01-17T14:16:35+00:00","mainEntityOfPage":{"@id":"https:\/\/www.altominho.tv\/site\/2021\/04\/07\/psd-questiona-governo-sobre-atraso-na-requalificacao-de-estrada-entre-valenca-e-moncao\/"},"wordCount":474,"image":{"@id":"https:\/\/www.altominho.tv\/site\/2021\/04\/07\/psd-questiona-governo-sobre-atraso-na-requalificacao-de-estrada-entre-valenca-e-moncao\/#primaryimage"},"thumbnailUrl":"https:\/\/www.altominho.tv\/site\/wp-content\/uploads\/2021\/04\/EN101.jpg","keywords":["Pol\u00edtica"],"articleSection":["Alto Minho"],"inLanguage":"pt-PT","copyrightYear":"2021","copyrightHolder":{"@id":"https:\/\/www.altominho.tv\/site\/#organization"}},{"@type":"WebPage","@id":"https:\/\/www.altominho.tv\/site\/2021\/04\/07\/psd-questiona-governo-sobre-atraso-na-requalificacao-de-estrada-entre-valenca-e-moncao\/","url":"https:\/\/www.altominho.tv\/site\/2021\/04\/07\/psd-questiona-governo-sobre-atraso-na-requalificacao-de-estrada-entre-valenca-e-moncao\/","name":"PSD questiona Governo sobre atraso na requalifica\u00e7\u00e3o de estrada entre Valen\u00e7a e Mon\u00e7\u00e3o","isPartOf":{"@id":"https:\/\/www.altominho.tv\/site\/#website"},"primaryImageOfPage":{"@id":"https:\/\/www.altominho.tv\/site\/2021\/04\/07\/psd-questiona-governo-sobre-atraso-na-requalificacao-de-estrada-entre-valenca-e-moncao\/#primaryimage"},"image":{"@id":"https:\/\/www.altominho.tv\/site\/2021\/04\/07\/psd-questiona-governo-sobre-atraso-na-requalificacao-de-estrada-entre-valenca-e-moncao\/#primaryimage"},"thumbnailUrl":"https:\/\/www.altominho.tv\/site\/wp-content\/uploads\/2021\/04\/EN101.jpg","datePublished":"2021-04-07T11:54:44+00:00","dateModified":"2022-01-17T14:16:35+00:00","author":{"@id":"https:\/\/www.altominho.tv\/site\/#\/schema\/person\/a0bff6dc1041aadd46fa81887444b017"},"breadcrumb":{"@id":"https:\/\/www.altominho.tv\/site\/2021\/04\/07\/psd-questiona-governo-sobre-atraso-na-requalificacao-de-estrada-entre-valenca-e-moncao\/#breadcrumb"},"inLanguage":"pt-PT","potentialAction":[{"@type":"ReadAction","target":["https:\/\/www.altominho.tv\/site\/2021\/04\/07\/psd-questiona-governo-sobre-atraso-na-requalificacao-de-estrada-entre-valenca-e-moncao\/"]}]},{"@type":"ImageObject","inLanguage":"pt-PT","@id":"https:\/\/www.altominho.tv\/site\/2021\/04\/07\/psd-questiona-governo-sobre-atraso-na-requalificacao-de-estrada-entre-valenca-e-moncao\/#primaryimage","url":"https:\/\/www.altominho.tv\/site\/wp-content\/uploads\/2021\/04\/EN101.jpg","contentUrl":"https:\/\/www.altominho.tv\/site\/wp-content\/uploads\/2021\/04\/EN101.jpg","width":2166,"height":1041,"caption":"GOOGLE MAPS"},{"@type":"BreadcrumbList","@id":"https:\/\/www.altominho.tv\/site\/2021\/04\/07\/psd-questiona-governo-sobre-atraso-na-requalificacao-de-estrada-entre-valenca-e-moncao\/#breadcrumb","itemListElement":[{"@type":"ListItem","position":1,"name":"In\u00edcio","item":"https:\/\/www.altominho.tv\/site\/"},{"@type":"ListItem","position":2,"name":"PSD questiona Governo sobre atraso na requalifica\u00e7\u00e3o de estrada entre Valen\u00e7a e Mon\u00e7\u00e3o"}]},{"@type":"WebSite","@id":"https:\/\/www.altominho.tv\/site\/#website","url":"https:\/\/www.altominho.tv\/site\/","name":"Altominho.tv","description":"A sua regi\u00e3o \u00e0 dist\u00e2ncia de um clique...","potentialAction":[{"@type":"SearchAction","target":{"@type":"EntryPoint","urlTemplate":"https:\/\/www.altominho.tv\/site\/?s={search_term_string}"},"query-input":{"@type":"PropertyValueSpecification","valueRequired":true,"valueName":"search_term_string"}}],"inLanguage":"pt-PT"},{"@type":"Person","@id":"https:\/\/www.altominho.tv\/site\/#\/schema\/person\/a0bff6dc1041aadd46fa81887444b017","name":"Andreia Ferreira | Lusa","image":{"@type":"ImageObject","inLanguage":"pt-PT","@id":"https:\/\/www.altominho.tv\/site\/wp-content\/uploads\/2018\/04\/Andreia-150x150.jpg","url":"https:\/\/www.altominho.tv\/site\/wp-content\/uploads\/2018\/04\/Andreia-150x150.jpg","contentUrl":"https:\/\/www.altominho.tv\/site\/wp-content\/uploads\/2018\/04\/Andreia-150x150.jpg","caption":"Andreia Ferreira | Lusa"},"sameAs":["https:\/\/www.altominho.tv\/site"],"url":"https:\/\/www.altominho.tv\/site\/author\/andreiaferreiralusa\/"}]}},"_links":{"self":[{"href":"https:\/\/www.altominho.tv\/site\/wp-json\/wp\/v2\/posts\/64890","targetHints":{"allow":["GET"]}}],"collection":[{"href":"https:\/\/www.altominho.tv\/site\/wp-json\/wp\/v2\/posts"}],"about":[{"href":"https:\/\/www.altominho.tv\/site\/wp-json\/wp\/v2\/types\/post"}],"author":[{"embeddable":true,"href":"https:\/\/www.altominho.tv\/site\/wp-json\/wp\/v2\/users\/15"}],"replies":[{"embeddable":true,"href":"https:\/\/www.altominho.tv\/site\/wp-json\/wp\/v2\/comments?post=64890"}],"version-history":[{"count":0,"href":"https:\/\/www.altominho.tv\/site\/wp-json\/wp\/v2\/posts\/64890\/revisions"}],"wp:featuredmedia":[{"embeddable":true,"href":"https:\/\/www.altominho.tv\/site\/wp-json\/wp\/v2\/media\/64892"}],"wp:attachment":[{"href":"https:\/\/www.altominho.tv\/site\/wp-json\/wp\/v2\/media?parent=64890"}],"wp:term":[{"taxonomy":"category","embeddable":true,"href":"https:\/\/www.altominho.tv\/site\/wp-json\/wp\/v2\/categories?post=64890"},{"taxonomy":"post_tag","embeddable":true,"href":"https:\/\/www.altominho.tv\/site\/wp-json\/wp\/v2\/tags?post=64890"}],"curies":[{"name":"wp","href":"https:\/\/api.w.org\/{rel}","templated":true}]}}