{"id":64876,"date":"2021-04-07T11:16:43","date_gmt":"2021-04-07T10:16:43","guid":{"rendered":"https:\/\/www.altominho.tv\/site\/?p=64876"},"modified":"2021-04-20T14:02:52","modified_gmt":"2021-04-20T13:02:52","slug":"bombeiro-voluntario-de-viana-do-castelo-lanca-desafio-a-toda-a-populacao-para-oferecerem-uma-garrafa-de-agua-a-corporacao-da-sua-zona","status":"publish","type":"post","link":"https:\/\/www.altominho.tv\/site\/2021\/04\/07\/bombeiro-voluntario-de-viana-do-castelo-lanca-desafio-a-toda-a-populacao-para-oferecerem-uma-garrafa-de-agua-a-corporacao-da-sua-zona\/","title":{"rendered":"Bombeiro Volunt\u00e1rio de Viana do Castelo lan\u00e7a desafio a toda a popula\u00e7\u00e3o para oferecerem uma garrafa de \u00e1gua \u00e0 corpora\u00e7\u00e3o da sua zona"},"content":{"rendered":"\n<p>Hugo Viana, Bombeiro Volunt\u00e1rio em Viana do Castelo, quer lan\u00e7ar a n\u00edvel nacional, um desafio, denominado&nbsp;&#8220;GARRAFA DE \u00c1GUA SOLID\u00c1RIA&#8221;.<\/p>\n\n\n\n<p>Esta, seria uma forma de as pessoas serem solid\u00e1rias com as suas corpora\u00e7\u00f5es de bombeiros, uma vez que, como \u00e9 sabido, avizinha-se a \u00e9poca dos inc\u00eandios&nbsp;florestais (15 Maio\/15 Outubro).<\/p>\n\n\n\n<p>Todas as corpora\u00e7\u00f5es de bombeiros est\u00e3o a passar por um momento dif\u00edcil, com a pandemia que nos assola a n\u00edvel mundial.<\/p>\n\n\n\n<p>Nestas circunst\u00e2ncias, ser\u00e1 muito dif\u00edcil, para a grande maioria delas conseguir adquirir \u00e1guas de consumo, para que os bombeiros das suas localidades possam ter para a \u00e9poca de inc\u00eandios.<\/p>\n\n\n\n<p>Assim, Hugo Viana, entende que ser\u00e1 esta ac\u00e7\u00e3o &#8211; solid\u00e1ria &#8211; das popula\u00e7\u00f5es locais, uma forma de as mesmas se aproximarem mais dos seus corpos de bombeiros.<\/p>\n\n\n\n<p>Desta forma, apela a todos aqueles que estejam dispon\u00edvel para este simb\u00f3lico acto solid\u00e1rio&nbsp; &#8211; mas de muito valor para quem o recebe -,&nbsp; para que possa oferecer ao corpo de bombeiros do seu concelho, uma garrafa de 0,33 cl, de \u00e1gua. atendendo a que s\u00e3o mais f\u00e1ceis de transportar.<\/p>\n\n\n\n<p>N\u00e3o se sentir\u00e3o, assim, os bombeiros de cada localidade, abandonados pelas suas gentes e, antes pelo contr\u00e1rio, mais pr\u00f3ximos delas.<\/p>\n","protected":false},"excerpt":{"rendered":"<p>Hugo Viana, Bombeiro Volunt\u00e1rio em Viana do Castelo, quer lan\u00e7ar a n\u00edvel nacional, um desafio, denominado&nbsp;&#8220;GARRAFA DE \u00c1GUA SOLID\u00c1RIA&#8221;. Esta, seria uma forma de as pessoas serem solid\u00e1rias com as suas corpora\u00e7\u00f5es de bombeiros, uma vez que, como \u00e9 sabido, avizinha-se a \u00e9poca dos inc\u00eandios&nbsp;florestais (15 Maio\/15 Outubro). Todas as corpora\u00e7\u00f5es de bombeiros est\u00e3o a [&hellip;]<\/p>\n","protected":false},"author":1,"featured_media":64877,"comment_status":"closed","ping_status":"closed","sticky":false,"template":"","format":"standard","meta":{"_exactmetrics_skip_tracking":false,"_exactmetrics_sitenote_active":false,"_exactmetrics_sitenote_note":"","_exactmetrics_sitenote_category":0,"footnotes":""},"categories":[73],"tags":[27],"class_list":["post-64876","post","type-post","status-publish","format-standard","has-post-thumbnail","hentry","category-alto-minho","tag-sociedade"],"yoast_head":"<!-- This site is optimized with the Yoast SEO Premium plugin v27.4 (Yoast SEO v27.4) - https:\/\/yoast.com\/product\/yoast-seo-premium-wordpress\/ -->\n<title>Bombeiro Volunt\u00e1rio de Viana do Castelo lan\u00e7a desafio a toda a popula\u00e7\u00e3o para oferecerem uma garrafa de \u00e1gua \u00e0 corpora\u00e7\u00e3o da sua zona<\/title>\n<meta name=\"robots\" content=\"index, follow, max-snippet:-1, max-image-preview:large, max-video-preview:-1\" \/>\n<link rel=\"canonical\" href=\"https:\/\/www.altominho.tv\/site\/2021\/04\/07\/bombeiro-voluntario-de-viana-do-castelo-lanca-desafio-a-toda-a-populacao-para-oferecerem-uma-garrafa-de-agua-a-corporacao-da-sua-zona\/\" \/>\n<meta property=\"og:locale\" content=\"pt_PT\" \/>\n<meta property=\"og:type\" content=\"article\" \/>\n<meta property=\"og:title\" content=\"Bombeiro Volunt\u00e1rio de Viana do Castelo lan\u00e7a desafio a toda a popula\u00e7\u00e3o para oferecerem uma garrafa de \u00e1gua \u00e0 corpora\u00e7\u00e3o da sua zona\" \/>\n<meta property=\"og:description\" content=\"Hugo Viana, Bombeiro Volunt\u00e1rio em Viana do Castelo, quer lan\u00e7ar a n\u00edvel nacional, um desafio, denominado&nbsp;&#8220;GARRAFA DE \u00c1GUA SOLID\u00c1RIA&#8221;. Esta, seria uma forma de as pessoas serem solid\u00e1rias com as suas corpora\u00e7\u00f5es de bombeiros, uma vez que, como \u00e9 sabido, avizinha-se a \u00e9poca dos inc\u00eandios&nbsp;florestais (15 Maio\/15 Outubro). Todas as corpora\u00e7\u00f5es de bombeiros est\u00e3o a [&hellip;]\" \/>\n<meta property=\"og:url\" content=\"https:\/\/www.altominho.tv\/site\/2021\/04\/07\/bombeiro-voluntario-de-viana-do-castelo-lanca-desafio-a-toda-a-populacao-para-oferecerem-uma-garrafa-de-agua-a-corporacao-da-sua-zona\/\" \/>\n<meta property=\"og:site_name\" content=\"Altominho.tv\" \/>\n<meta property=\"article:publisher\" content=\"https:\/\/www.facebook.com\/altominhotv\" \/>\n<meta property=\"article:published_time\" content=\"2021-04-07T10:16:43+00:00\" \/>\n<meta property=\"article:modified_time\" content=\"2021-04-20T13:02:52+00:00\" \/>\n<meta property=\"og:image\" content=\"https:\/\/www.altominho.tv\/site\/wp-content\/uploads\/2021\/04\/bombeiro_5ce7f6b15cbfb.jpeg\" \/>\n\t<meta property=\"og:image:width\" content=\"850\" \/>\n\t<meta property=\"og:image:height\" content=\"476\" \/>\n\t<meta property=\"og:image:type\" content=\"image\/jpeg\" \/>\n<meta name=\"author\" content=\"Altominho.tv\" \/>\n<meta name=\"twitter:card\" content=\"summary_large_image\" \/>\n<meta name=\"twitter:creator\" content=\"@altominhoTV\" \/>\n<meta name=\"twitter:site\" content=\"@altominhoTV\" \/>\n<meta name=\"twitter:label1\" content=\"Escrito por\" \/>\n\t<meta name=\"twitter:data1\" content=\"Altominho.tv\" \/>\n\t<meta name=\"twitter:label2\" content=\"Tempo estimado de leitura\" \/>\n\t<meta name=\"twitter:data2\" content=\"1 minuto\" \/>\n<script type=\"application\/ld+json\" class=\"yoast-schema-graph\">{\"@context\":\"https:\\\/\\\/schema.org\",\"@graph\":[{\"@type\":\"Article\",\"@id\":\"https:\\\/\\\/www.altominho.tv\\\/site\\\/2021\\\/04\\\/07\\\/bombeiro-voluntario-de-viana-do-castelo-lanca-desafio-a-toda-a-populacao-para-oferecerem-uma-garrafa-de-agua-a-corporacao-da-sua-zona\\\/#article\",\"isPartOf\":{\"@id\":\"https:\\\/\\\/www.altominho.tv\\\/site\\\/2021\\\/04\\\/07\\\/bombeiro-voluntario-de-viana-do-castelo-lanca-desafio-a-toda-a-populacao-para-oferecerem-uma-garrafa-de-agua-a-corporacao-da-sua-zona\\\/\"},\"author\":{\"name\":\"Altominho.tv\",\"@id\":\"https:\\\/\\\/www.altominho.tv\\\/site\\\/#\\\/schema\\\/person\\\/4e536851627d7914baf3dac752b6af22\"},\"headline\":\"Bombeiro Volunt\u00e1rio de Viana do Castelo lan\u00e7a desafio a toda a popula\u00e7\u00e3o para oferecerem uma garrafa de \u00e1gua \u00e0 corpora\u00e7\u00e3o da sua zona\",\"datePublished\":\"2021-04-07T10:16:43+00:00\",\"dateModified\":\"2021-04-20T13:02:52+00:00\",\"mainEntityOfPage\":{\"@id\":\"https:\\\/\\\/www.altominho.tv\\\/site\\\/2021\\\/04\\\/07\\\/bombeiro-voluntario-de-viana-do-castelo-lanca-desafio-a-toda-a-populacao-para-oferecerem-uma-garrafa-de-agua-a-corporacao-da-sua-zona\\\/\"},\"wordCount\":250,\"image\":{\"@id\":\"https:\\\/\\\/www.altominho.tv\\\/site\\\/2021\\\/04\\\/07\\\/bombeiro-voluntario-de-viana-do-castelo-lanca-desafio-a-toda-a-populacao-para-oferecerem-uma-garrafa-de-agua-a-corporacao-da-sua-zona\\\/#primaryimage\"},\"thumbnailUrl\":\"https:\\\/\\\/www.altominho.tv\\\/site\\\/wp-content\\\/uploads\\\/2021\\\/04\\\/bombeiro_5ce7f6b15cbfb.jpeg\",\"keywords\":[\"Sociedade\"],\"articleSection\":[\"Alto Minho\"],\"inLanguage\":\"pt-PT\",\"copyrightYear\":\"2021\",\"copyrightHolder\":{\"@id\":\"https:\\\/\\\/www.altominho.tv\\\/site\\\/#organization\"}},{\"@type\":\"WebPage\",\"@id\":\"https:\\\/\\\/www.altominho.tv\\\/site\\\/2021\\\/04\\\/07\\\/bombeiro-voluntario-de-viana-do-castelo-lanca-desafio-a-toda-a-populacao-para-oferecerem-uma-garrafa-de-agua-a-corporacao-da-sua-zona\\\/\",\"url\":\"https:\\\/\\\/www.altominho.tv\\\/site\\\/2021\\\/04\\\/07\\\/bombeiro-voluntario-de-viana-do-castelo-lanca-desafio-a-toda-a-populacao-para-oferecerem-uma-garrafa-de-agua-a-corporacao-da-sua-zona\\\/\",\"name\":\"Bombeiro Volunt\u00e1rio de Viana do Castelo lan\u00e7a desafio a toda a popula\u00e7\u00e3o para oferecerem uma garrafa de \u00e1gua \u00e0 corpora\u00e7\u00e3o da sua zona\",\"isPartOf\":{\"@id\":\"https:\\\/\\\/www.altominho.tv\\\/site\\\/#website\"},\"primaryImageOfPage\":{\"@id\":\"https:\\\/\\\/www.altominho.tv\\\/site\\\/2021\\\/04\\\/07\\\/bombeiro-voluntario-de-viana-do-castelo-lanca-desafio-a-toda-a-populacao-para-oferecerem-uma-garrafa-de-agua-a-corporacao-da-sua-zona\\\/#primaryimage\"},\"image\":{\"@id\":\"https:\\\/\\\/www.altominho.tv\\\/site\\\/2021\\\/04\\\/07\\\/bombeiro-voluntario-de-viana-do-castelo-lanca-desafio-a-toda-a-populacao-para-oferecerem-uma-garrafa-de-agua-a-corporacao-da-sua-zona\\\/#primaryimage\"},\"thumbnailUrl\":\"https:\\\/\\\/www.altominho.tv\\\/site\\\/wp-content\\\/uploads\\\/2021\\\/04\\\/bombeiro_5ce7f6b15cbfb.jpeg\",\"datePublished\":\"2021-04-07T10:16:43+00:00\",\"dateModified\":\"2021-04-20T13:02:52+00:00\",\"author\":{\"@id\":\"https:\\\/\\\/www.altominho.tv\\\/site\\\/#\\\/schema\\\/person\\\/4e536851627d7914baf3dac752b6af22\"},\"breadcrumb\":{\"@id\":\"https:\\\/\\\/www.altominho.tv\\\/site\\\/2021\\\/04\\\/07\\\/bombeiro-voluntario-de-viana-do-castelo-lanca-desafio-a-toda-a-populacao-para-oferecerem-uma-garrafa-de-agua-a-corporacao-da-sua-zona\\\/#breadcrumb\"},\"inLanguage\":\"pt-PT\",\"potentialAction\":[{\"@type\":\"ReadAction\",\"target\":[\"https:\\\/\\\/www.altominho.tv\\\/site\\\/2021\\\/04\\\/07\\\/bombeiro-voluntario-de-viana-do-castelo-lanca-desafio-a-toda-a-populacao-para-oferecerem-uma-garrafa-de-agua-a-corporacao-da-sua-zona\\\/\"]}]},{\"@type\":\"ImageObject\",\"inLanguage\":\"pt-PT\",\"@id\":\"https:\\\/\\\/www.altominho.tv\\\/site\\\/2021\\\/04\\\/07\\\/bombeiro-voluntario-de-viana-do-castelo-lanca-desafio-a-toda-a-populacao-para-oferecerem-uma-garrafa-de-agua-a-corporacao-da-sua-zona\\\/#primaryimage\",\"url\":\"https:\\\/\\\/www.altominho.tv\\\/site\\\/wp-content\\\/uploads\\\/2021\\\/04\\\/bombeiro_5ce7f6b15cbfb.jpeg\",\"contentUrl\":\"https:\\\/\\\/www.altominho.tv\\\/site\\\/wp-content\\\/uploads\\\/2021\\\/04\\\/bombeiro_5ce7f6b15cbfb.jpeg\",\"width\":850,\"height\":476},{\"@type\":\"BreadcrumbList\",\"@id\":\"https:\\\/\\\/www.altominho.tv\\\/site\\\/2021\\\/04\\\/07\\\/bombeiro-voluntario-de-viana-do-castelo-lanca-desafio-a-toda-a-populacao-para-oferecerem-uma-garrafa-de-agua-a-corporacao-da-sua-zona\\\/#breadcrumb\",\"itemListElement\":[{\"@type\":\"ListItem\",\"position\":1,\"name\":\"In\u00edcio\",\"item\":\"https:\\\/\\\/www.altominho.tv\\\/site\\\/\"},{\"@type\":\"ListItem\",\"position\":2,\"name\":\"Bombeiro Volunt\u00e1rio de Viana do Castelo lan\u00e7a desafio a toda a popula\u00e7\u00e3o para oferecerem uma garrafa de \u00e1gua \u00e0 corpora\u00e7\u00e3o da sua zona\"}]},{\"@type\":\"WebSite\",\"@id\":\"https:\\\/\\\/www.altominho.tv\\\/site\\\/#website\",\"url\":\"https:\\\/\\\/www.altominho.tv\\\/site\\\/\",\"name\":\"Altominho.tv\",\"description\":\"A sua regi\u00e3o \u00e0 dist\u00e2ncia de um clique...\",\"potentialAction\":[{\"@type\":\"SearchAction\",\"target\":{\"@type\":\"EntryPoint\",\"urlTemplate\":\"https:\\\/\\\/www.altominho.tv\\\/site\\\/?s={search_term_string}\"},\"query-input\":{\"@type\":\"PropertyValueSpecification\",\"valueRequired\":true,\"valueName\":\"search_term_string\"}}],\"inLanguage\":\"pt-PT\"},{\"@type\":\"Person\",\"@id\":\"https:\\\/\\\/www.altominho.tv\\\/site\\\/#\\\/schema\\\/person\\\/4e536851627d7914baf3dac752b6af22\",\"name\":\"Altominho.tv\",\"image\":{\"@type\":\"ImageObject\",\"inLanguage\":\"pt-PT\",\"@id\":\"https:\\\/\\\/www.altominho.tv\\\/site\\\/wp-content\\\/uploads\\\/2019\\\/11\\\/Logo_Avatar_2-150x150.jpg\",\"url\":\"https:\\\/\\\/www.altominho.tv\\\/site\\\/wp-content\\\/uploads\\\/2019\\\/11\\\/Logo_Avatar_2-150x150.jpg\",\"contentUrl\":\"https:\\\/\\\/www.altominho.tv\\\/site\\\/wp-content\\\/uploads\\\/2019\\\/11\\\/Logo_Avatar_2-150x150.jpg\",\"caption\":\"Altominho.tv\"},\"url\":\"https:\\\/\\\/www.altominho.tv\\\/site\\\/author\\\/altominhotv-tecnico\\\/\"}]}<\/script>\n<!-- \/ Yoast SEO Premium plugin. -->","yoast_head_json":{"title":"Bombeiro Volunt\u00e1rio de Viana do Castelo lan\u00e7a desafio a toda a popula\u00e7\u00e3o para oferecerem uma garrafa de \u00e1gua \u00e0 corpora\u00e7\u00e3o da sua zona","robots":{"index":"index","follow":"follow","max-snippet":"max-snippet:-1","max-image-preview":"max-image-preview:large","max-video-preview":"max-video-preview:-1"},"canonical":"https:\/\/www.altominho.tv\/site\/2021\/04\/07\/bombeiro-voluntario-de-viana-do-castelo-lanca-desafio-a-toda-a-populacao-para-oferecerem-uma-garrafa-de-agua-a-corporacao-da-sua-zona\/","og_locale":"pt_PT","og_type":"article","og_title":"Bombeiro Volunt\u00e1rio de Viana do Castelo lan\u00e7a desafio a toda a popula\u00e7\u00e3o para oferecerem uma garrafa de \u00e1gua \u00e0 corpora\u00e7\u00e3o da sua zona","og_description":"Hugo Viana, Bombeiro Volunt\u00e1rio em Viana do Castelo, quer lan\u00e7ar a n\u00edvel nacional, um desafio, denominado&nbsp;&#8220;GARRAFA DE \u00c1GUA SOLID\u00c1RIA&#8221;. Esta, seria uma forma de as pessoas serem solid\u00e1rias com as suas corpora\u00e7\u00f5es de bombeiros, uma vez que, como \u00e9 sabido, avizinha-se a \u00e9poca dos inc\u00eandios&nbsp;florestais (15 Maio\/15 Outubro). Todas as corpora\u00e7\u00f5es de bombeiros est\u00e3o a [&hellip;]","og_url":"https:\/\/www.altominho.tv\/site\/2021\/04\/07\/bombeiro-voluntario-de-viana-do-castelo-lanca-desafio-a-toda-a-populacao-para-oferecerem-uma-garrafa-de-agua-a-corporacao-da-sua-zona\/","og_site_name":"Altominho.tv","article_publisher":"https:\/\/www.facebook.com\/altominhotv","article_published_time":"2021-04-07T10:16:43+00:00","article_modified_time":"2021-04-20T13:02:52+00:00","og_image":[{"width":850,"height":476,"url":"https:\/\/www.altominho.tv\/site\/wp-content\/uploads\/2021\/04\/bombeiro_5ce7f6b15cbfb.jpeg","type":"image\/jpeg"}],"author":"Altominho.tv","twitter_card":"summary_large_image","twitter_creator":"@altominhoTV","twitter_site":"@altominhoTV","twitter_misc":{"Escrito por":"Altominho.tv","Tempo estimado de leitura":"1 minuto"},"schema":{"@context":"https:\/\/schema.org","@graph":[{"@type":"Article","@id":"https:\/\/www.altominho.tv\/site\/2021\/04\/07\/bombeiro-voluntario-de-viana-do-castelo-lanca-desafio-a-toda-a-populacao-para-oferecerem-uma-garrafa-de-agua-a-corporacao-da-sua-zona\/#article","isPartOf":{"@id":"https:\/\/www.altominho.tv\/site\/2021\/04\/07\/bombeiro-voluntario-de-viana-do-castelo-lanca-desafio-a-toda-a-populacao-para-oferecerem-uma-garrafa-de-agua-a-corporacao-da-sua-zona\/"},"author":{"name":"Altominho.tv","@id":"https:\/\/www.altominho.tv\/site\/#\/schema\/person\/4e536851627d7914baf3dac752b6af22"},"headline":"Bombeiro Volunt\u00e1rio de Viana do Castelo lan\u00e7a desafio a toda a popula\u00e7\u00e3o para oferecerem uma garrafa de \u00e1gua \u00e0 corpora\u00e7\u00e3o da sua zona","datePublished":"2021-04-07T10:16:43+00:00","dateModified":"2021-04-20T13:02:52+00:00","mainEntityOfPage":{"@id":"https:\/\/www.altominho.tv\/site\/2021\/04\/07\/bombeiro-voluntario-de-viana-do-castelo-lanca-desafio-a-toda-a-populacao-para-oferecerem-uma-garrafa-de-agua-a-corporacao-da-sua-zona\/"},"wordCount":250,"image":{"@id":"https:\/\/www.altominho.tv\/site\/2021\/04\/07\/bombeiro-voluntario-de-viana-do-castelo-lanca-desafio-a-toda-a-populacao-para-oferecerem-uma-garrafa-de-agua-a-corporacao-da-sua-zona\/#primaryimage"},"thumbnailUrl":"https:\/\/www.altominho.tv\/site\/wp-content\/uploads\/2021\/04\/bombeiro_5ce7f6b15cbfb.jpeg","keywords":["Sociedade"],"articleSection":["Alto Minho"],"inLanguage":"pt-PT","copyrightYear":"2021","copyrightHolder":{"@id":"https:\/\/www.altominho.tv\/site\/#organization"}},{"@type":"WebPage","@id":"https:\/\/www.altominho.tv\/site\/2021\/04\/07\/bombeiro-voluntario-de-viana-do-castelo-lanca-desafio-a-toda-a-populacao-para-oferecerem-uma-garrafa-de-agua-a-corporacao-da-sua-zona\/","url":"https:\/\/www.altominho.tv\/site\/2021\/04\/07\/bombeiro-voluntario-de-viana-do-castelo-lanca-desafio-a-toda-a-populacao-para-oferecerem-uma-garrafa-de-agua-a-corporacao-da-sua-zona\/","name":"Bombeiro Volunt\u00e1rio de Viana do Castelo lan\u00e7a desafio a toda a popula\u00e7\u00e3o para oferecerem uma garrafa de \u00e1gua \u00e0 corpora\u00e7\u00e3o da sua zona","isPartOf":{"@id":"https:\/\/www.altominho.tv\/site\/#website"},"primaryImageOfPage":{"@id":"https:\/\/www.altominho.tv\/site\/2021\/04\/07\/bombeiro-voluntario-de-viana-do-castelo-lanca-desafio-a-toda-a-populacao-para-oferecerem-uma-garrafa-de-agua-a-corporacao-da-sua-zona\/#primaryimage"},"image":{"@id":"https:\/\/www.altominho.tv\/site\/2021\/04\/07\/bombeiro-voluntario-de-viana-do-castelo-lanca-desafio-a-toda-a-populacao-para-oferecerem-uma-garrafa-de-agua-a-corporacao-da-sua-zona\/#primaryimage"},"thumbnailUrl":"https:\/\/www.altominho.tv\/site\/wp-content\/uploads\/2021\/04\/bombeiro_5ce7f6b15cbfb.jpeg","datePublished":"2021-04-07T10:16:43+00:00","dateModified":"2021-04-20T13:02:52+00:00","author":{"@id":"https:\/\/www.altominho.tv\/site\/#\/schema\/person\/4e536851627d7914baf3dac752b6af22"},"breadcrumb":{"@id":"https:\/\/www.altominho.tv\/site\/2021\/04\/07\/bombeiro-voluntario-de-viana-do-castelo-lanca-desafio-a-toda-a-populacao-para-oferecerem-uma-garrafa-de-agua-a-corporacao-da-sua-zona\/#breadcrumb"},"inLanguage":"pt-PT","potentialAction":[{"@type":"ReadAction","target":["https:\/\/www.altominho.tv\/site\/2021\/04\/07\/bombeiro-voluntario-de-viana-do-castelo-lanca-desafio-a-toda-a-populacao-para-oferecerem-uma-garrafa-de-agua-a-corporacao-da-sua-zona\/"]}]},{"@type":"ImageObject","inLanguage":"pt-PT","@id":"https:\/\/www.altominho.tv\/site\/2021\/04\/07\/bombeiro-voluntario-de-viana-do-castelo-lanca-desafio-a-toda-a-populacao-para-oferecerem-uma-garrafa-de-agua-a-corporacao-da-sua-zona\/#primaryimage","url":"https:\/\/www.altominho.tv\/site\/wp-content\/uploads\/2021\/04\/bombeiro_5ce7f6b15cbfb.jpeg","contentUrl":"https:\/\/www.altominho.tv\/site\/wp-content\/uploads\/2021\/04\/bombeiro_5ce7f6b15cbfb.jpeg","width":850,"height":476},{"@type":"BreadcrumbList","@id":"https:\/\/www.altominho.tv\/site\/2021\/04\/07\/bombeiro-voluntario-de-viana-do-castelo-lanca-desafio-a-toda-a-populacao-para-oferecerem-uma-garrafa-de-agua-a-corporacao-da-sua-zona\/#breadcrumb","itemListElement":[{"@type":"ListItem","position":1,"name":"In\u00edcio","item":"https:\/\/www.altominho.tv\/site\/"},{"@type":"ListItem","position":2,"name":"Bombeiro Volunt\u00e1rio de Viana do Castelo lan\u00e7a desafio a toda a popula\u00e7\u00e3o para oferecerem uma garrafa de \u00e1gua \u00e0 corpora\u00e7\u00e3o da sua zona"}]},{"@type":"WebSite","@id":"https:\/\/www.altominho.tv\/site\/#website","url":"https:\/\/www.altominho.tv\/site\/","name":"Altominho.tv","description":"A sua regi\u00e3o \u00e0 dist\u00e2ncia de um clique...","potentialAction":[{"@type":"SearchAction","target":{"@type":"EntryPoint","urlTemplate":"https:\/\/www.altominho.tv\/site\/?s={search_term_string}"},"query-input":{"@type":"PropertyValueSpecification","valueRequired":true,"valueName":"search_term_string"}}],"inLanguage":"pt-PT"},{"@type":"Person","@id":"https:\/\/www.altominho.tv\/site\/#\/schema\/person\/4e536851627d7914baf3dac752b6af22","name":"Altominho.tv","image":{"@type":"ImageObject","inLanguage":"pt-PT","@id":"https:\/\/www.altominho.tv\/site\/wp-content\/uploads\/2019\/11\/Logo_Avatar_2-150x150.jpg","url":"https:\/\/www.altominho.tv\/site\/wp-content\/uploads\/2019\/11\/Logo_Avatar_2-150x150.jpg","contentUrl":"https:\/\/www.altominho.tv\/site\/wp-content\/uploads\/2019\/11\/Logo_Avatar_2-150x150.jpg","caption":"Altominho.tv"},"url":"https:\/\/www.altominho.tv\/site\/author\/altominhotv-tecnico\/"}]}},"_links":{"self":[{"href":"https:\/\/www.altominho.tv\/site\/wp-json\/wp\/v2\/posts\/64876","targetHints":{"allow":["GET"]}}],"collection":[{"href":"https:\/\/www.altominho.tv\/site\/wp-json\/wp\/v2\/posts"}],"about":[{"href":"https:\/\/www.altominho.tv\/site\/wp-json\/wp\/v2\/types\/post"}],"author":[{"embeddable":true,"href":"https:\/\/www.altominho.tv\/site\/wp-json\/wp\/v2\/users\/1"}],"replies":[{"embeddable":true,"href":"https:\/\/www.altominho.tv\/site\/wp-json\/wp\/v2\/comments?post=64876"}],"version-history":[{"count":0,"href":"https:\/\/www.altominho.tv\/site\/wp-json\/wp\/v2\/posts\/64876\/revisions"}],"wp:featuredmedia":[{"embeddable":true,"href":"https:\/\/www.altominho.tv\/site\/wp-json\/wp\/v2\/media\/64877"}],"wp:attachment":[{"href":"https:\/\/www.altominho.tv\/site\/wp-json\/wp\/v2\/media?parent=64876"}],"wp:term":[{"taxonomy":"category","embeddable":true,"href":"https:\/\/www.altominho.tv\/site\/wp-json\/wp\/v2\/categories?post=64876"},{"taxonomy":"post_tag","embeddable":true,"href":"https:\/\/www.altominho.tv\/site\/wp-json\/wp\/v2\/tags?post=64876"}],"curies":[{"name":"wp","href":"https:\/\/api.w.org\/{rel}","templated":true}]}}