{"id":64873,"date":"2021-04-07T11:00:04","date_gmt":"2021-04-07T10:00:04","guid":{"rendered":"https:\/\/www.altominho.tv\/site\/?p=64873"},"modified":"2021-04-20T14:06:27","modified_gmt":"2021-04-20T13:06:27","slug":"feira-semanal-retoma-esta-quinta-feira-com-o-rigoroso-cumprimento-das-medidas-e-as-recomendacoes-da-dgs","status":"publish","type":"post","link":"https:\/\/www.altominho.tv\/site\/2021\/04\/07\/feira-semanal-retoma-esta-quinta-feira-com-o-rigoroso-cumprimento-das-medidas-e-as-recomendacoes-da-dgs\/","title":{"rendered":"Feira semanal retoma esta quinta-feira com o rigoroso cumprimento das medidas e as recomenda\u00e7\u00f5es da DGS"},"content":{"rendered":"\n<p class=\"wp-block-paragraph\">A segunda fase do plano de desconfinamento, iniciada na passada segunda-feira, 5 de abril, permitiu a reabertura de determinados equipamentos culturais e desportivos, das escolas do 2\u00ba e 3\u00ba ciclo, de lojas at\u00e9 200 m2 com porta para a rua e de esplanadas, com m\u00e1ximo de 4 pessoas por mesa.<\/p>\n\n\n\n<p class=\"wp-block-paragraph\">Passou, ainda, a estar permitida a atividade f\u00edsica ao ar livre, at\u00e9 4 pessoas, a abertura de gin\u00e1sios, sem aulas de grupo, bem como a realiza\u00e7\u00e3o de feiras e mercados n\u00e3o alimentares, mediante decis\u00e3o de cada Munic\u00edpio.<\/p>\n\n\n\n<p class=\"wp-block-paragraph\">Por despacho do Presidente da C\u00e2mara Municipal de Mon\u00e7\u00e3o, Ant\u00f3nio Barbosa, foi autorizada a reabertura da Feira Semanal de Mon\u00e7\u00e3o, iniciando-se esta quinta-feira, 8 de abril. A retoma ser\u00e1 efetuada com o rigoroso cumprimento das medidas do Estado de Emerg\u00eancia e as recomenda\u00e7\u00f5es da Dire\u00e7\u00e3o Geral de Sa\u00fade.<\/p>\n\n\n\n<p class=\"wp-block-paragraph\">Com cerca de 170 lugares de v\u00e1rias dimens\u00f5es, devidamente balizados e com todas as condi\u00e7\u00f5es para a coloca\u00e7\u00e3o dos seus expositores, fruto da requalifica\u00e7\u00e3o do espa\u00e7o em 2012, os feirantes disponibilizam ao p\u00fablico praticamente todo o g\u00e9nero de artigos, destacando-se, entre estes, os t\u00eaxteis e o cal\u00e7ado.<\/p>\n\n\n\n<p class=\"wp-block-paragraph\">Caso coincida com dia de feriado, a feira semanal \u00e9 antecipada para a ter\u00e7a-feira. Situado \u00e0 entrada da vila, junto ao muralhado, o \u201cCampo da Feira\u201d, com exce\u00e7\u00e3o do dia de feira, \u00e9 utilizado pelos mun\u00edcipes e visitantes como parque de estacionamento.<\/p>\n","protected":false},"excerpt":{"rendered":"<p>A segunda fase do plano de desconfinamento, iniciada na passada segunda-feira, 5 de abril, permitiu a reabertura de determinados equipamentos culturais e desportivos, das escolas do 2\u00ba e 3\u00ba ciclo, de lojas at\u00e9 200 m2 com porta para a rua e de esplanadas, com m\u00e1ximo de 4 pessoas por mesa. Passou, ainda, a estar permitida [&hellip;]<\/p>\n","protected":false},"author":1,"featured_media":64874,"comment_status":"closed","ping_status":"closed","sticky":false,"template":"","format":"standard","meta":{"_exactmetrics_skip_tracking":false,"footnotes":""},"categories":[9],"tags":[21,27],"class_list":["post-64873","post","type-post","status-publish","format-standard","has-post-thumbnail","hentry","category-moncao","tag-economia","tag-sociedade"],"yoast_head":"<!-- This site is optimized with the Yoast SEO Premium plugin v28.3 (Yoast SEO v28.3) - https:\/\/yoast.com\/product\/yoast-seo-premium-wordpress\/ -->\n<title>Feira semanal retoma esta quinta-feira com o rigoroso cumprimento das medidas e as recomenda\u00e7\u00f5es da DGS<\/title>\n<meta name=\"robots\" content=\"index, follow, max-snippet:-1, max-image-preview:large, max-video-preview:-1\" \/>\n<link rel=\"canonical\" href=\"https:\/\/www.altominho.tv\/site\/2021\/04\/07\/feira-semanal-retoma-esta-quinta-feira-com-o-rigoroso-cumprimento-das-medidas-e-as-recomendacoes-da-dgs\/\" \/>\n<meta property=\"og:locale\" content=\"pt_PT\" \/>\n<meta property=\"og:type\" content=\"article\" \/>\n<meta property=\"og:title\" content=\"Feira semanal retoma esta quinta-feira com o rigoroso cumprimento das medidas e as recomenda\u00e7\u00f5es da DGS\" \/>\n<meta property=\"og:description\" content=\"A segunda fase do plano de desconfinamento, iniciada na passada segunda-feira, 5 de abril, permitiu a reabertura de determinados equipamentos culturais e desportivos, das escolas do 2\u00ba e 3\u00ba ciclo, de lojas at\u00e9 200 m2 com porta para a rua e de esplanadas, com m\u00e1ximo de 4 pessoas por mesa. Passou, ainda, a estar permitida [&hellip;]\" \/>\n<meta property=\"og:url\" content=\"https:\/\/www.altominho.tv\/site\/2021\/04\/07\/feira-semanal-retoma-esta-quinta-feira-com-o-rigoroso-cumprimento-das-medidas-e-as-recomendacoes-da-dgs\/\" \/>\n<meta property=\"og:site_name\" content=\"Altominho.tv\" \/>\n<meta property=\"article:publisher\" content=\"https:\/\/www.facebook.com\/altominhotv\" \/>\n<meta property=\"article:published_time\" content=\"2021-04-07T10:00:04+00:00\" \/>\n<meta property=\"article:modified_time\" content=\"2021-04-20T13:06:27+00:00\" \/>\n<meta property=\"og:image\" content=\"https:\/\/www.altominho.tv\/site\/wp-content\/uploads\/2021\/04\/Captura-de-ecra\u0303-2021-04-07-a\u0300s-10.54.14.jpg\" \/>\n\t<meta property=\"og:image:width\" content=\"1500\" \/>\n\t<meta property=\"og:image:height\" content=\"900\" \/>\n\t<meta property=\"og:image:type\" content=\"image\/jpeg\" \/>\n<meta name=\"author\" content=\"Altominho.tv\" \/>\n<meta name=\"twitter:card\" content=\"summary_large_image\" \/>\n<meta name=\"twitter:creator\" content=\"@altominhoTV\" \/>\n<meta name=\"twitter:site\" content=\"@altominhoTV\" \/>\n<meta name=\"twitter:label1\" content=\"Escrito por\" \/>\n\t<meta name=\"twitter:data1\" content=\"Altominho.tv\" \/>\n\t<meta name=\"twitter:label2\" content=\"Tempo estimado de leitura\" \/>\n\t<meta name=\"twitter:data2\" content=\"1 minuto\" \/>\n<script type=\"application\/ld+json\" class=\"yoast-schema-graph\">{\"@context\":\"https:\\\/\\\/schema.org\",\"@graph\":[{\"@type\":\"Article\",\"@id\":\"https:\\\/\\\/www.altominho.tv\\\/site\\\/2021\\\/04\\\/07\\\/feira-semanal-retoma-esta-quinta-feira-com-o-rigoroso-cumprimento-das-medidas-e-as-recomendacoes-da-dgs\\\/#article\",\"isPartOf\":{\"@id\":\"https:\\\/\\\/www.altominho.tv\\\/site\\\/2021\\\/04\\\/07\\\/feira-semanal-retoma-esta-quinta-feira-com-o-rigoroso-cumprimento-das-medidas-e-as-recomendacoes-da-dgs\\\/\"},\"author\":{\"name\":\"Altominho.tv\",\"@id\":\"https:\\\/\\\/www.altominho.tv\\\/site\\\/#\\\/schema\\\/person\\\/4e536851627d7914baf3dac752b6af22\"},\"headline\":\"Feira semanal retoma esta quinta-feira com o rigoroso cumprimento das medidas e as recomenda\u00e7\u00f5es da DGS\",\"datePublished\":\"2021-04-07T10:00:04+00:00\",\"dateModified\":\"2021-04-20T13:06:27+00:00\",\"mainEntityOfPage\":{\"@id\":\"https:\\\/\\\/www.altominho.tv\\\/site\\\/2021\\\/04\\\/07\\\/feira-semanal-retoma-esta-quinta-feira-com-o-rigoroso-cumprimento-das-medidas-e-as-recomendacoes-da-dgs\\\/\"},\"wordCount\":257,\"image\":{\"@id\":\"https:\\\/\\\/www.altominho.tv\\\/site\\\/2021\\\/04\\\/07\\\/feira-semanal-retoma-esta-quinta-feira-com-o-rigoroso-cumprimento-das-medidas-e-as-recomendacoes-da-dgs\\\/#primaryimage\"},\"thumbnailUrl\":\"https:\\\/\\\/www.altominho.tv\\\/site\\\/wp-content\\\/uploads\\\/2021\\\/04\\\/Captura-de-ecra\u0303-2021-04-07-a\u0300s-10.54.14.jpg\",\"keywords\":[\"Economia\",\"Sociedade\"],\"articleSection\":[\"Mon\u00e7\u00e3o\"],\"inLanguage\":\"pt-PT\",\"copyrightYear\":\"2021\",\"copyrightHolder\":{\"@id\":\"https:\\\/\\\/www.altominho.tv\\\/site\\\/#organization\"}},{\"@type\":\"WebPage\",\"@id\":\"https:\\\/\\\/www.altominho.tv\\\/site\\\/2021\\\/04\\\/07\\\/feira-semanal-retoma-esta-quinta-feira-com-o-rigoroso-cumprimento-das-medidas-e-as-recomendacoes-da-dgs\\\/\",\"url\":\"https:\\\/\\\/www.altominho.tv\\\/site\\\/2021\\\/04\\\/07\\\/feira-semanal-retoma-esta-quinta-feira-com-o-rigoroso-cumprimento-das-medidas-e-as-recomendacoes-da-dgs\\\/\",\"name\":\"Feira semanal retoma esta quinta-feira com o rigoroso cumprimento das medidas e as recomenda\u00e7\u00f5es da DGS\",\"isPartOf\":{\"@id\":\"https:\\\/\\\/www.altominho.tv\\\/site\\\/#website\"},\"primaryImageOfPage\":{\"@id\":\"https:\\\/\\\/www.altominho.tv\\\/site\\\/2021\\\/04\\\/07\\\/feira-semanal-retoma-esta-quinta-feira-com-o-rigoroso-cumprimento-das-medidas-e-as-recomendacoes-da-dgs\\\/#primaryimage\"},\"image\":{\"@id\":\"https:\\\/\\\/www.altominho.tv\\\/site\\\/2021\\\/04\\\/07\\\/feira-semanal-retoma-esta-quinta-feira-com-o-rigoroso-cumprimento-das-medidas-e-as-recomendacoes-da-dgs\\\/#primaryimage\"},\"thumbnailUrl\":\"https:\\\/\\\/www.altominho.tv\\\/site\\\/wp-content\\\/uploads\\\/2021\\\/04\\\/Captura-de-ecra\u0303-2021-04-07-a\u0300s-10.54.14.jpg\",\"datePublished\":\"2021-04-07T10:00:04+00:00\",\"dateModified\":\"2021-04-20T13:06:27+00:00\",\"author\":{\"@id\":\"https:\\\/\\\/www.altominho.tv\\\/site\\\/#\\\/schema\\\/person\\\/4e536851627d7914baf3dac752b6af22\"},\"breadcrumb\":{\"@id\":\"https:\\\/\\\/www.altominho.tv\\\/site\\\/2021\\\/04\\\/07\\\/feira-semanal-retoma-esta-quinta-feira-com-o-rigoroso-cumprimento-das-medidas-e-as-recomendacoes-da-dgs\\\/#breadcrumb\"},\"inLanguage\":\"pt-PT\",\"potentialAction\":[{\"@type\":\"ReadAction\",\"target\":[\"https:\\\/\\\/www.altominho.tv\\\/site\\\/2021\\\/04\\\/07\\\/feira-semanal-retoma-esta-quinta-feira-com-o-rigoroso-cumprimento-das-medidas-e-as-recomendacoes-da-dgs\\\/\"]}]},{\"@type\":\"ImageObject\",\"inLanguage\":\"pt-PT\",\"@id\":\"https:\\\/\\\/www.altominho.tv\\\/site\\\/2021\\\/04\\\/07\\\/feira-semanal-retoma-esta-quinta-feira-com-o-rigoroso-cumprimento-das-medidas-e-as-recomendacoes-da-dgs\\\/#primaryimage\",\"url\":\"https:\\\/\\\/www.altominho.tv\\\/site\\\/wp-content\\\/uploads\\\/2021\\\/04\\\/Captura-de-ecra\u0303-2021-04-07-a\u0300s-10.54.14.jpg\",\"contentUrl\":\"https:\\\/\\\/www.altominho.tv\\\/site\\\/wp-content\\\/uploads\\\/2021\\\/04\\\/Captura-de-ecra\u0303-2021-04-07-a\u0300s-10.54.14.jpg\",\"width\":1500,\"height\":900},{\"@type\":\"BreadcrumbList\",\"@id\":\"https:\\\/\\\/www.altominho.tv\\\/site\\\/2021\\\/04\\\/07\\\/feira-semanal-retoma-esta-quinta-feira-com-o-rigoroso-cumprimento-das-medidas-e-as-recomendacoes-da-dgs\\\/#breadcrumb\",\"itemListElement\":[{\"@type\":\"ListItem\",\"position\":1,\"name\":\"In\u00edcio\",\"item\":\"https:\\\/\\\/www.altominho.tv\\\/site\\\/\"},{\"@type\":\"ListItem\",\"position\":2,\"name\":\"Feira semanal retoma esta quinta-feira com o rigoroso cumprimento das medidas e as recomenda\u00e7\u00f5es da DGS\"}]},{\"@type\":\"WebSite\",\"@id\":\"https:\\\/\\\/www.altominho.tv\\\/site\\\/#website\",\"url\":\"https:\\\/\\\/www.altominho.tv\\\/site\\\/\",\"name\":\"Altominho.tv\",\"description\":\"A sua regi\u00e3o \u00e0 dist\u00e2ncia de um clique...\",\"potentialAction\":[{\"@type\":\"SearchAction\",\"target\":{\"@type\":\"EntryPoint\",\"urlTemplate\":\"https:\\\/\\\/www.altominho.tv\\\/site\\\/?s={search_term_string}\"},\"query-input\":{\"@type\":\"PropertyValueSpecification\",\"valueRequired\":true,\"valueName\":\"search_term_string\"}}],\"inLanguage\":\"pt-PT\"},{\"@type\":\"Person\",\"@id\":\"https:\\\/\\\/www.altominho.tv\\\/site\\\/#\\\/schema\\\/person\\\/4e536851627d7914baf3dac752b6af22\",\"name\":\"Altominho.tv\",\"image\":{\"@type\":\"ImageObject\",\"inLanguage\":\"pt-PT\",\"@id\":\"https:\\\/\\\/www.altominho.tv\\\/site\\\/wp-content\\\/uploads\\\/2019\\\/11\\\/Logo_Avatar_2-150x150.jpg\",\"url\":\"https:\\\/\\\/www.altominho.tv\\\/site\\\/wp-content\\\/uploads\\\/2019\\\/11\\\/Logo_Avatar_2-150x150.jpg\",\"contentUrl\":\"https:\\\/\\\/www.altominho.tv\\\/site\\\/wp-content\\\/uploads\\\/2019\\\/11\\\/Logo_Avatar_2-150x150.jpg\",\"caption\":\"Altominho.tv\"},\"url\":\"https:\\\/\\\/www.altominho.tv\\\/site\\\/author\\\/altominhotv-tecnico\\\/\"}]}<\/script>\n<!-- \/ Yoast SEO Premium plugin. -->","yoast_head_json":{"title":"Feira semanal retoma esta quinta-feira com o rigoroso cumprimento das medidas e as recomenda\u00e7\u00f5es da DGS","robots":{"index":"index","follow":"follow","max-snippet":"max-snippet:-1","max-image-preview":"max-image-preview:large","max-video-preview":"max-video-preview:-1"},"canonical":"https:\/\/www.altominho.tv\/site\/2021\/04\/07\/feira-semanal-retoma-esta-quinta-feira-com-o-rigoroso-cumprimento-das-medidas-e-as-recomendacoes-da-dgs\/","og_locale":"pt_PT","og_type":"article","og_title":"Feira semanal retoma esta quinta-feira com o rigoroso cumprimento das medidas e as recomenda\u00e7\u00f5es da DGS","og_description":"A segunda fase do plano de desconfinamento, iniciada na passada segunda-feira, 5 de abril, permitiu a reabertura de determinados equipamentos culturais e desportivos, das escolas do 2\u00ba e 3\u00ba ciclo, de lojas at\u00e9 200 m2 com porta para a rua e de esplanadas, com m\u00e1ximo de 4 pessoas por mesa. Passou, ainda, a estar permitida [&hellip;]","og_url":"https:\/\/www.altominho.tv\/site\/2021\/04\/07\/feira-semanal-retoma-esta-quinta-feira-com-o-rigoroso-cumprimento-das-medidas-e-as-recomendacoes-da-dgs\/","og_site_name":"Altominho.tv","article_publisher":"https:\/\/www.facebook.com\/altominhotv","article_published_time":"2021-04-07T10:00:04+00:00","article_modified_time":"2021-04-20T13:06:27+00:00","og_image":[{"width":1500,"height":900,"url":"https:\/\/www.altominho.tv\/site\/wp-content\/uploads\/2021\/04\/Captura-de-ecra\u0303-2021-04-07-a\u0300s-10.54.14.jpg","type":"image\/jpeg"}],"author":"Altominho.tv","twitter_card":"summary_large_image","twitter_creator":"@altominhoTV","twitter_site":"@altominhoTV","twitter_misc":{"Escrito por":"Altominho.tv","Tempo estimado de leitura":"1 minuto"},"schema":{"@context":"https:\/\/schema.org","@graph":[{"@type":"Article","@id":"https:\/\/www.altominho.tv\/site\/2021\/04\/07\/feira-semanal-retoma-esta-quinta-feira-com-o-rigoroso-cumprimento-das-medidas-e-as-recomendacoes-da-dgs\/#article","isPartOf":{"@id":"https:\/\/www.altominho.tv\/site\/2021\/04\/07\/feira-semanal-retoma-esta-quinta-feira-com-o-rigoroso-cumprimento-das-medidas-e-as-recomendacoes-da-dgs\/"},"author":{"name":"Altominho.tv","@id":"https:\/\/www.altominho.tv\/site\/#\/schema\/person\/4e536851627d7914baf3dac752b6af22"},"headline":"Feira semanal retoma esta quinta-feira com o rigoroso cumprimento das medidas e as recomenda\u00e7\u00f5es da DGS","datePublished":"2021-04-07T10:00:04+00:00","dateModified":"2021-04-20T13:06:27+00:00","mainEntityOfPage":{"@id":"https:\/\/www.altominho.tv\/site\/2021\/04\/07\/feira-semanal-retoma-esta-quinta-feira-com-o-rigoroso-cumprimento-das-medidas-e-as-recomendacoes-da-dgs\/"},"wordCount":257,"image":{"@id":"https:\/\/www.altominho.tv\/site\/2021\/04\/07\/feira-semanal-retoma-esta-quinta-feira-com-o-rigoroso-cumprimento-das-medidas-e-as-recomendacoes-da-dgs\/#primaryimage"},"thumbnailUrl":"https:\/\/www.altominho.tv\/site\/wp-content\/uploads\/2021\/04\/Captura-de-ecra\u0303-2021-04-07-a\u0300s-10.54.14.jpg","keywords":["Economia","Sociedade"],"articleSection":["Mon\u00e7\u00e3o"],"inLanguage":"pt-PT","copyrightYear":"2021","copyrightHolder":{"@id":"https:\/\/www.altominho.tv\/site\/#organization"}},{"@type":"WebPage","@id":"https:\/\/www.altominho.tv\/site\/2021\/04\/07\/feira-semanal-retoma-esta-quinta-feira-com-o-rigoroso-cumprimento-das-medidas-e-as-recomendacoes-da-dgs\/","url":"https:\/\/www.altominho.tv\/site\/2021\/04\/07\/feira-semanal-retoma-esta-quinta-feira-com-o-rigoroso-cumprimento-das-medidas-e-as-recomendacoes-da-dgs\/","name":"Feira semanal retoma esta quinta-feira com o rigoroso cumprimento das medidas e as recomenda\u00e7\u00f5es da DGS","isPartOf":{"@id":"https:\/\/www.altominho.tv\/site\/#website"},"primaryImageOfPage":{"@id":"https:\/\/www.altominho.tv\/site\/2021\/04\/07\/feira-semanal-retoma-esta-quinta-feira-com-o-rigoroso-cumprimento-das-medidas-e-as-recomendacoes-da-dgs\/#primaryimage"},"image":{"@id":"https:\/\/www.altominho.tv\/site\/2021\/04\/07\/feira-semanal-retoma-esta-quinta-feira-com-o-rigoroso-cumprimento-das-medidas-e-as-recomendacoes-da-dgs\/#primaryimage"},"thumbnailUrl":"https:\/\/www.altominho.tv\/site\/wp-content\/uploads\/2021\/04\/Captura-de-ecra\u0303-2021-04-07-a\u0300s-10.54.14.jpg","datePublished":"2021-04-07T10:00:04+00:00","dateModified":"2021-04-20T13:06:27+00:00","author":{"@id":"https:\/\/www.altominho.tv\/site\/#\/schema\/person\/4e536851627d7914baf3dac752b6af22"},"breadcrumb":{"@id":"https:\/\/www.altominho.tv\/site\/2021\/04\/07\/feira-semanal-retoma-esta-quinta-feira-com-o-rigoroso-cumprimento-das-medidas-e-as-recomendacoes-da-dgs\/#breadcrumb"},"inLanguage":"pt-PT","potentialAction":[{"@type":"ReadAction","target":["https:\/\/www.altominho.tv\/site\/2021\/04\/07\/feira-semanal-retoma-esta-quinta-feira-com-o-rigoroso-cumprimento-das-medidas-e-as-recomendacoes-da-dgs\/"]}]},{"@type":"ImageObject","inLanguage":"pt-PT","@id":"https:\/\/www.altominho.tv\/site\/2021\/04\/07\/feira-semanal-retoma-esta-quinta-feira-com-o-rigoroso-cumprimento-das-medidas-e-as-recomendacoes-da-dgs\/#primaryimage","url":"https:\/\/www.altominho.tv\/site\/wp-content\/uploads\/2021\/04\/Captura-de-ecra\u0303-2021-04-07-a\u0300s-10.54.14.jpg","contentUrl":"https:\/\/www.altominho.tv\/site\/wp-content\/uploads\/2021\/04\/Captura-de-ecra\u0303-2021-04-07-a\u0300s-10.54.14.jpg","width":1500,"height":900},{"@type":"BreadcrumbList","@id":"https:\/\/www.altominho.tv\/site\/2021\/04\/07\/feira-semanal-retoma-esta-quinta-feira-com-o-rigoroso-cumprimento-das-medidas-e-as-recomendacoes-da-dgs\/#breadcrumb","itemListElement":[{"@type":"ListItem","position":1,"name":"In\u00edcio","item":"https:\/\/www.altominho.tv\/site\/"},{"@type":"ListItem","position":2,"name":"Feira semanal retoma esta quinta-feira com o rigoroso cumprimento das medidas e as recomenda\u00e7\u00f5es da DGS"}]},{"@type":"WebSite","@id":"https:\/\/www.altominho.tv\/site\/#website","url":"https:\/\/www.altominho.tv\/site\/","name":"Altominho.tv","description":"A sua regi\u00e3o \u00e0 dist\u00e2ncia de um clique...","potentialAction":[{"@type":"SearchAction","target":{"@type":"EntryPoint","urlTemplate":"https:\/\/www.altominho.tv\/site\/?s={search_term_string}"},"query-input":{"@type":"PropertyValueSpecification","valueRequired":true,"valueName":"search_term_string"}}],"inLanguage":"pt-PT"},{"@type":"Person","@id":"https:\/\/www.altominho.tv\/site\/#\/schema\/person\/4e536851627d7914baf3dac752b6af22","name":"Altominho.tv","image":{"@type":"ImageObject","inLanguage":"pt-PT","@id":"https:\/\/www.altominho.tv\/site\/wp-content\/uploads\/2019\/11\/Logo_Avatar_2-150x150.jpg","url":"https:\/\/www.altominho.tv\/site\/wp-content\/uploads\/2019\/11\/Logo_Avatar_2-150x150.jpg","contentUrl":"https:\/\/www.altominho.tv\/site\/wp-content\/uploads\/2019\/11\/Logo_Avatar_2-150x150.jpg","caption":"Altominho.tv"},"url":"https:\/\/www.altominho.tv\/site\/author\/altominhotv-tecnico\/"}]}},"_links":{"self":[{"href":"https:\/\/www.altominho.tv\/site\/wp-json\/wp\/v2\/posts\/64873","targetHints":{"allow":["GET"]}}],"collection":[{"href":"https:\/\/www.altominho.tv\/site\/wp-json\/wp\/v2\/posts"}],"about":[{"href":"https:\/\/www.altominho.tv\/site\/wp-json\/wp\/v2\/types\/post"}],"author":[{"embeddable":true,"href":"https:\/\/www.altominho.tv\/site\/wp-json\/wp\/v2\/users\/1"}],"replies":[{"embeddable":true,"href":"https:\/\/www.altominho.tv\/site\/wp-json\/wp\/v2\/comments?post=64873"}],"version-history":[{"count":0,"href":"https:\/\/www.altominho.tv\/site\/wp-json\/wp\/v2\/posts\/64873\/revisions"}],"wp:featuredmedia":[{"embeddable":true,"href":"https:\/\/www.altominho.tv\/site\/wp-json\/wp\/v2\/media\/64874"}],"wp:attachment":[{"href":"https:\/\/www.altominho.tv\/site\/wp-json\/wp\/v2\/media?parent=64873"}],"wp:term":[{"taxonomy":"category","embeddable":true,"href":"https:\/\/www.altominho.tv\/site\/wp-json\/wp\/v2\/categories?post=64873"},{"taxonomy":"post_tag","embeddable":true,"href":"https:\/\/www.altominho.tv\/site\/wp-json\/wp\/v2\/tags?post=64873"}],"curies":[{"name":"wp","href":"https:\/\/api.w.org\/{rel}","templated":true}]}}