{"id":64853,"date":"2021-04-06T17:04:01","date_gmt":"2021-04-06T16:04:01","guid":{"rendered":"https:\/\/www.altominho.tv\/site\/?p=64853"},"modified":"2021-04-06T17:04:11","modified_gmt":"2021-04-06T16:04:11","slug":"portugal-e-o-pais-com-maior-percentagem-de-apoios-as-empresas","status":"publish","type":"post","link":"https:\/\/www.altominho.tv\/site\/2021\/04\/06\/portugal-e-o-pais-com-maior-percentagem-de-apoios-as-empresas\/","title":{"rendered":"Portugal \u00e9 o pa\u00eds com maior percentagem de apoios \u00e0s empresas"},"content":{"rendered":"\n<p>O ministro da Economia afirmou hoje que o Plano de Recupera\u00e7\u00e3o e Resili\u00eancia (PRR) portugu\u00eas \u00e9 o que canaliza maior percentagem de apoios \u00e0s empresas e que tal vai exigir um \u201cesfor\u00e7o muito significativo\u201d de investimento do setor privado.<\/p>\n\n\n\n<p>\u201cTemos no \u00e2mbito do PRR apoios diretos \u00e0s empresas que s\u00e3o da ordem dos 4.500 milh\u00f5es de euros. Portugal \u00e9 o pa\u00eds, de todos aqueles que eu j\u00e1 conhe\u00e7o os planos de recupera\u00e7\u00e3o nacionais, que est\u00e1 a dedicar uma maior percentagem de apoios para as empresas\u201d, disse Pedro Siza Vieira numa audi\u00e7\u00e3o na Comiss\u00e3o de Economia, Inova\u00e7\u00e3o, Obras P\u00fablicas e Habita\u00e7\u00e3o sobre a resposta econ\u00f3mica e social \u00e0 pandemia.<\/p>\n\n\n\n<p>Considerando que \u201ca atribui\u00e7\u00e3o no PRR de apoios ao setor privado \u00e9 cr\u00edtico\u201d, o governante disse estar em causa \u201cmais ou menos a mesma dimens\u00e3o dos apoios nos sistemas de incentivos no PT2020\u201d, salientando que \u201cv\u00e3o correr ao mesmo tempo que os apoios do PT2030\u201d.<\/p>\n\n\n\n<p>Segundo o ministro de Estado, da Economia e da Transi\u00e7\u00e3o Digital, \u201coutros pa\u00edses est\u00e3o a focar-se nas outras prioridades\u201d, como as energias renov\u00e1veis, mas Portugal tem \u201cquase 30% dos apoios diretos para as empresas\u201d, contra cerca de 20%, por exemplo, em Espanha.<\/p>\n\n\n\n<p>\u201cIsto vai exigir por parte das nossas empresas um esfor\u00e7o de investimento a acompanhar estes apoios p\u00fablicos tamb\u00e9m muito significativo\u201d, avisou, adiantando que o Governo tem estado \u201ca discutir com o setor privado os planos de investimento que as empresas v\u00e3o ser chamadas a fazer nos esfor\u00e7os de descarboniza\u00e7\u00e3o, na parte da transi\u00e7\u00e3o digital e nas agendas mobilizadoras para a incorpora\u00e7\u00e3o de conhecimento nos processos produtivos e nos produtos\u201d.<\/p>\n\n\n\n<p>\u00c9 que, explicou, em mat\u00e9ria de incentivos \u00e0s empresas n\u00e3o existem no PRR apoios a 100%, variando a intensidade destes em fun\u00e7\u00e3o da dimens\u00e3o da empresa e do tipo de aux\u00edlio em causa.<\/p>\n\n\n\n<p>\u201cMas estimamos que, para um valor de investimento que nas agendas mobilizadoras, por exemplo, s\u00e3o cerca de mil milh\u00f5es de euros, vamos precisar de quase outro tanto de investimento empresarial associado num curto per\u00edodo de tempo\u201d, disse.<\/p>\n\n\n\n<p>Convicto de que as empresas \u201cest\u00e3o a mobilizar-se para corresponderem\u201d ao esfor\u00e7o de investimento que lhes ser\u00e1 pedido, Siza Vieira disse esperar que este tenha \u201cum efeito transformador do setor empresarial\u201d nacional, de forma a \u201cposicionar uma parte grande da produ\u00e7\u00e3o num patamar mais elevado de complexidade tecnol\u00f3gica e de competitividade\u201d.<\/p>\n\n\n\n<p>Questionado, durante a audi\u00e7\u00e3o na Assembleia da Rep\u00fablica, sobre quantas empresas ter\u00e3o encerrado por n\u00e3o terem sido abrangidas pelos apoios no \u00e2mbito da crise pand\u00e9mica, Siza Vieira disse n\u00e3o dispor de dados para fazer essa avalia\u00e7\u00e3o, avan\u00e7ando apenas que os \u201cn\u00fameros oficiais\u201d indicam que, em 2020, encerraram menos empresas do que no ano anterior (19.941, contra 23.002 mil em 2019).<\/p>\n\n\n\n<p>Por outro lado, referiu, Portugal tem, atualmente, \u201cuma taxa de desemprego muito inferior \u00e0 da m\u00e9dia da Uni\u00e3o Europeia\u201d, o que permite concluir que, \u201capesar de tudo, as medidas [de apoio \u00e0 economia] t\u00eam tido algum impacto positivo\u201d.<\/p>\n","protected":false},"excerpt":{"rendered":"<p>O ministro da Economia afirmou hoje que o Plano de Recupera\u00e7\u00e3o e Resili\u00eancia (PRR) portugu\u00eas \u00e9 o que canaliza maior percentagem de apoios \u00e0s empresas e que tal vai exigir um \u201cesfor\u00e7o muito significativo\u201d de investimento do setor privado. \u201cTemos no \u00e2mbito do PRR apoios diretos \u00e0s empresas que s\u00e3o da ordem dos 4.500 milh\u00f5es [&hellip;]<\/p>\n","protected":false},"author":16,"featured_media":64855,"comment_status":"closed","ping_status":"closed","sticky":false,"template":"","format":"standard","meta":{"_exactmetrics_skip_tracking":false,"_exactmetrics_sitenote_active":false,"_exactmetrics_sitenote_note":"","_exactmetrics_sitenote_category":0,"footnotes":""},"categories":[42722],"tags":[27],"class_list":["post-64853","post","type-post","status-publish","format-standard","has-post-thumbnail","hentry","category-covid-19","tag-sociedade"],"yoast_head":"<!-- This site is optimized with the Yoast SEO Premium plugin v27.5 (Yoast SEO v27.5) - https:\/\/yoast.com\/product\/yoast-seo-premium-wordpress\/ -->\n<title>Portugal \u00e9 o pa\u00eds com maior percentagem de apoios \u00e0s empresas<\/title>\n<meta name=\"robots\" content=\"index, follow, max-snippet:-1, max-image-preview:large, max-video-preview:-1\" \/>\n<link rel=\"canonical\" href=\"https:\/\/www.altominho.tv\/site\/2021\/04\/06\/portugal-e-o-pais-com-maior-percentagem-de-apoios-as-empresas\/\" \/>\n<meta property=\"og:locale\" content=\"pt_PT\" \/>\n<meta property=\"og:type\" content=\"article\" \/>\n<meta property=\"og:title\" content=\"Portugal \u00e9 o pa\u00eds com maior percentagem de apoios \u00e0s empresas\" \/>\n<meta property=\"og:description\" content=\"O ministro da Economia afirmou hoje que o Plano de Recupera\u00e7\u00e3o e Resili\u00eancia (PRR) portugu\u00eas \u00e9 o que canaliza maior percentagem de apoios \u00e0s empresas e que tal vai exigir um \u201cesfor\u00e7o muito significativo\u201d de investimento do setor privado. \u201cTemos no \u00e2mbito do PRR apoios diretos \u00e0s empresas que s\u00e3o da ordem dos 4.500 milh\u00f5es [&hellip;]\" \/>\n<meta property=\"og:url\" content=\"https:\/\/www.altominho.tv\/site\/2021\/04\/06\/portugal-e-o-pais-com-maior-percentagem-de-apoios-as-empresas\/\" \/>\n<meta property=\"og:site_name\" content=\"Altominho.tv\" \/>\n<meta property=\"article:publisher\" content=\"https:\/\/www.facebook.com\/altominhotv\" \/>\n<meta property=\"article:published_time\" content=\"2021-04-06T16:04:01+00:00\" \/>\n<meta property=\"article:modified_time\" content=\"2021-04-06T16:04:11+00:00\" \/>\n<meta property=\"og:image\" content=\"https:\/\/www.altominho.tv\/site\/wp-content\/uploads\/2021\/04\/empresas.jpg\" \/>\n\t<meta property=\"og:image:width\" content=\"1660\" \/>\n\t<meta property=\"og:image:height\" content=\"868\" \/>\n\t<meta property=\"og:image:type\" content=\"image\/jpeg\" \/>\n<meta name=\"author\" content=\"Andreia Cunha | Lusa\" \/>\n<meta name=\"twitter:card\" content=\"summary_large_image\" \/>\n<meta name=\"twitter:creator\" content=\"@altominhoTV\" \/>\n<meta name=\"twitter:site\" content=\"@altominhoTV\" \/>\n<meta name=\"twitter:label1\" content=\"Escrito por\" \/>\n\t<meta name=\"twitter:data1\" content=\"Andreia Cunha | Lusa\" \/>\n\t<meta name=\"twitter:label2\" content=\"Tempo estimado de leitura\" \/>\n\t<meta name=\"twitter:data2\" content=\"3 minutos\" \/>\n<script type=\"application\/ld+json\" class=\"yoast-schema-graph\">{\"@context\":\"https:\\\/\\\/schema.org\",\"@graph\":[{\"@type\":\"Article\",\"@id\":\"https:\\\/\\\/www.altominho.tv\\\/site\\\/2021\\\/04\\\/06\\\/portugal-e-o-pais-com-maior-percentagem-de-apoios-as-empresas\\\/#article\",\"isPartOf\":{\"@id\":\"https:\\\/\\\/www.altominho.tv\\\/site\\\/2021\\\/04\\\/06\\\/portugal-e-o-pais-com-maior-percentagem-de-apoios-as-empresas\\\/\"},\"author\":{\"name\":\"Andreia Cunha | Lusa\",\"@id\":\"https:\\\/\\\/www.altominho.tv\\\/site\\\/#\\\/schema\\\/person\\\/dbaf181c01b51ff40c9f461a905d321e\"},\"headline\":\"Portugal \u00e9 o pa\u00eds com maior percentagem de apoios \u00e0s empresas\",\"datePublished\":\"2021-04-06T16:04:01+00:00\",\"dateModified\":\"2021-04-06T16:04:11+00:00\",\"mainEntityOfPage\":{\"@id\":\"https:\\\/\\\/www.altominho.tv\\\/site\\\/2021\\\/04\\\/06\\\/portugal-e-o-pais-com-maior-percentagem-de-apoios-as-empresas\\\/\"},\"wordCount\":534,\"image\":{\"@id\":\"https:\\\/\\\/www.altominho.tv\\\/site\\\/2021\\\/04\\\/06\\\/portugal-e-o-pais-com-maior-percentagem-de-apoios-as-empresas\\\/#primaryimage\"},\"thumbnailUrl\":\"https:\\\/\\\/www.altominho.tv\\\/site\\\/wp-content\\\/uploads\\\/2021\\\/04\\\/empresas.jpg\",\"keywords\":[\"Sociedade\"],\"articleSection\":[\"Coronav\u00edrus\"],\"inLanguage\":\"pt-PT\",\"copyrightYear\":\"2021\",\"copyrightHolder\":{\"@id\":\"https:\\\/\\\/www.altominho.tv\\\/site\\\/#organization\"}},{\"@type\":\"WebPage\",\"@id\":\"https:\\\/\\\/www.altominho.tv\\\/site\\\/2021\\\/04\\\/06\\\/portugal-e-o-pais-com-maior-percentagem-de-apoios-as-empresas\\\/\",\"url\":\"https:\\\/\\\/www.altominho.tv\\\/site\\\/2021\\\/04\\\/06\\\/portugal-e-o-pais-com-maior-percentagem-de-apoios-as-empresas\\\/\",\"name\":\"Portugal \u00e9 o pa\u00eds com maior percentagem de apoios \u00e0s empresas\",\"isPartOf\":{\"@id\":\"https:\\\/\\\/www.altominho.tv\\\/site\\\/#website\"},\"primaryImageOfPage\":{\"@id\":\"https:\\\/\\\/www.altominho.tv\\\/site\\\/2021\\\/04\\\/06\\\/portugal-e-o-pais-com-maior-percentagem-de-apoios-as-empresas\\\/#primaryimage\"},\"image\":{\"@id\":\"https:\\\/\\\/www.altominho.tv\\\/site\\\/2021\\\/04\\\/06\\\/portugal-e-o-pais-com-maior-percentagem-de-apoios-as-empresas\\\/#primaryimage\"},\"thumbnailUrl\":\"https:\\\/\\\/www.altominho.tv\\\/site\\\/wp-content\\\/uploads\\\/2021\\\/04\\\/empresas.jpg\",\"datePublished\":\"2021-04-06T16:04:01+00:00\",\"dateModified\":\"2021-04-06T16:04:11+00:00\",\"author\":{\"@id\":\"https:\\\/\\\/www.altominho.tv\\\/site\\\/#\\\/schema\\\/person\\\/dbaf181c01b51ff40c9f461a905d321e\"},\"breadcrumb\":{\"@id\":\"https:\\\/\\\/www.altominho.tv\\\/site\\\/2021\\\/04\\\/06\\\/portugal-e-o-pais-com-maior-percentagem-de-apoios-as-empresas\\\/#breadcrumb\"},\"inLanguage\":\"pt-PT\",\"potentialAction\":[{\"@type\":\"ReadAction\",\"target\":[\"https:\\\/\\\/www.altominho.tv\\\/site\\\/2021\\\/04\\\/06\\\/portugal-e-o-pais-com-maior-percentagem-de-apoios-as-empresas\\\/\"]}]},{\"@type\":\"ImageObject\",\"inLanguage\":\"pt-PT\",\"@id\":\"https:\\\/\\\/www.altominho.tv\\\/site\\\/2021\\\/04\\\/06\\\/portugal-e-o-pais-com-maior-percentagem-de-apoios-as-empresas\\\/#primaryimage\",\"url\":\"https:\\\/\\\/www.altominho.tv\\\/site\\\/wp-content\\\/uploads\\\/2021\\\/04\\\/empresas.jpg\",\"contentUrl\":\"https:\\\/\\\/www.altominho.tv\\\/site\\\/wp-content\\\/uploads\\\/2021\\\/04\\\/empresas.jpg\",\"width\":1660,\"height\":868},{\"@type\":\"BreadcrumbList\",\"@id\":\"https:\\\/\\\/www.altominho.tv\\\/site\\\/2021\\\/04\\\/06\\\/portugal-e-o-pais-com-maior-percentagem-de-apoios-as-empresas\\\/#breadcrumb\",\"itemListElement\":[{\"@type\":\"ListItem\",\"position\":1,\"name\":\"In\u00edcio\",\"item\":\"https:\\\/\\\/www.altominho.tv\\\/site\\\/\"},{\"@type\":\"ListItem\",\"position\":2,\"name\":\"Portugal \u00e9 o pa\u00eds com maior percentagem de apoios \u00e0s empresas\"}]},{\"@type\":\"WebSite\",\"@id\":\"https:\\\/\\\/www.altominho.tv\\\/site\\\/#website\",\"url\":\"https:\\\/\\\/www.altominho.tv\\\/site\\\/\",\"name\":\"Altominho.tv\",\"description\":\"A sua regi\u00e3o \u00e0 dist\u00e2ncia de um clique...\",\"potentialAction\":[{\"@type\":\"SearchAction\",\"target\":{\"@type\":\"EntryPoint\",\"urlTemplate\":\"https:\\\/\\\/www.altominho.tv\\\/site\\\/?s={search_term_string}\"},\"query-input\":{\"@type\":\"PropertyValueSpecification\",\"valueRequired\":true,\"valueName\":\"search_term_string\"}}],\"inLanguage\":\"pt-PT\"},{\"@type\":\"Person\",\"@id\":\"https:\\\/\\\/www.altominho.tv\\\/site\\\/#\\\/schema\\\/person\\\/dbaf181c01b51ff40c9f461a905d321e\",\"name\":\"Andreia Cunha | Lusa\",\"image\":{\"@type\":\"ImageObject\",\"inLanguage\":\"pt-PT\",\"@id\":\"https:\\\/\\\/www.altominho.tv\\\/site\\\/wp-content\\\/uploads\\\/2017\\\/11\\\/Andreia_Cunha-1-150x150.jpg\",\"url\":\"https:\\\/\\\/www.altominho.tv\\\/site\\\/wp-content\\\/uploads\\\/2017\\\/11\\\/Andreia_Cunha-1-150x150.jpg\",\"contentUrl\":\"https:\\\/\\\/www.altominho.tv\\\/site\\\/wp-content\\\/uploads\\\/2017\\\/11\\\/Andreia_Cunha-1-150x150.jpg\",\"caption\":\"Andreia Cunha | Lusa\"},\"sameAs\":[\"https:\\\/\\\/www.altominho.tv\\\/site\"],\"url\":\"https:\\\/\\\/www.altominho.tv\\\/site\\\/author\\\/andreiacunhalusa\\\/\"}]}<\/script>\n<!-- \/ Yoast SEO Premium plugin. -->","yoast_head_json":{"title":"Portugal \u00e9 o pa\u00eds com maior percentagem de apoios \u00e0s empresas","robots":{"index":"index","follow":"follow","max-snippet":"max-snippet:-1","max-image-preview":"max-image-preview:large","max-video-preview":"max-video-preview:-1"},"canonical":"https:\/\/www.altominho.tv\/site\/2021\/04\/06\/portugal-e-o-pais-com-maior-percentagem-de-apoios-as-empresas\/","og_locale":"pt_PT","og_type":"article","og_title":"Portugal \u00e9 o pa\u00eds com maior percentagem de apoios \u00e0s empresas","og_description":"O ministro da Economia afirmou hoje que o Plano de Recupera\u00e7\u00e3o e Resili\u00eancia (PRR) portugu\u00eas \u00e9 o que canaliza maior percentagem de apoios \u00e0s empresas e que tal vai exigir um \u201cesfor\u00e7o muito significativo\u201d de investimento do setor privado. \u201cTemos no \u00e2mbito do PRR apoios diretos \u00e0s empresas que s\u00e3o da ordem dos 4.500 milh\u00f5es [&hellip;]","og_url":"https:\/\/www.altominho.tv\/site\/2021\/04\/06\/portugal-e-o-pais-com-maior-percentagem-de-apoios-as-empresas\/","og_site_name":"Altominho.tv","article_publisher":"https:\/\/www.facebook.com\/altominhotv","article_published_time":"2021-04-06T16:04:01+00:00","article_modified_time":"2021-04-06T16:04:11+00:00","og_image":[{"width":1660,"height":868,"url":"https:\/\/www.altominho.tv\/site\/wp-content\/uploads\/2021\/04\/empresas.jpg","type":"image\/jpeg"}],"author":"Andreia Cunha | Lusa","twitter_card":"summary_large_image","twitter_creator":"@altominhoTV","twitter_site":"@altominhoTV","twitter_misc":{"Escrito por":"Andreia Cunha | Lusa","Tempo estimado de leitura":"3 minutos"},"schema":{"@context":"https:\/\/schema.org","@graph":[{"@type":"Article","@id":"https:\/\/www.altominho.tv\/site\/2021\/04\/06\/portugal-e-o-pais-com-maior-percentagem-de-apoios-as-empresas\/#article","isPartOf":{"@id":"https:\/\/www.altominho.tv\/site\/2021\/04\/06\/portugal-e-o-pais-com-maior-percentagem-de-apoios-as-empresas\/"},"author":{"name":"Andreia Cunha | Lusa","@id":"https:\/\/www.altominho.tv\/site\/#\/schema\/person\/dbaf181c01b51ff40c9f461a905d321e"},"headline":"Portugal \u00e9 o pa\u00eds com maior percentagem de apoios \u00e0s empresas","datePublished":"2021-04-06T16:04:01+00:00","dateModified":"2021-04-06T16:04:11+00:00","mainEntityOfPage":{"@id":"https:\/\/www.altominho.tv\/site\/2021\/04\/06\/portugal-e-o-pais-com-maior-percentagem-de-apoios-as-empresas\/"},"wordCount":534,"image":{"@id":"https:\/\/www.altominho.tv\/site\/2021\/04\/06\/portugal-e-o-pais-com-maior-percentagem-de-apoios-as-empresas\/#primaryimage"},"thumbnailUrl":"https:\/\/www.altominho.tv\/site\/wp-content\/uploads\/2021\/04\/empresas.jpg","keywords":["Sociedade"],"articleSection":["Coronav\u00edrus"],"inLanguage":"pt-PT","copyrightYear":"2021","copyrightHolder":{"@id":"https:\/\/www.altominho.tv\/site\/#organization"}},{"@type":"WebPage","@id":"https:\/\/www.altominho.tv\/site\/2021\/04\/06\/portugal-e-o-pais-com-maior-percentagem-de-apoios-as-empresas\/","url":"https:\/\/www.altominho.tv\/site\/2021\/04\/06\/portugal-e-o-pais-com-maior-percentagem-de-apoios-as-empresas\/","name":"Portugal \u00e9 o pa\u00eds com maior percentagem de apoios \u00e0s empresas","isPartOf":{"@id":"https:\/\/www.altominho.tv\/site\/#website"},"primaryImageOfPage":{"@id":"https:\/\/www.altominho.tv\/site\/2021\/04\/06\/portugal-e-o-pais-com-maior-percentagem-de-apoios-as-empresas\/#primaryimage"},"image":{"@id":"https:\/\/www.altominho.tv\/site\/2021\/04\/06\/portugal-e-o-pais-com-maior-percentagem-de-apoios-as-empresas\/#primaryimage"},"thumbnailUrl":"https:\/\/www.altominho.tv\/site\/wp-content\/uploads\/2021\/04\/empresas.jpg","datePublished":"2021-04-06T16:04:01+00:00","dateModified":"2021-04-06T16:04:11+00:00","author":{"@id":"https:\/\/www.altominho.tv\/site\/#\/schema\/person\/dbaf181c01b51ff40c9f461a905d321e"},"breadcrumb":{"@id":"https:\/\/www.altominho.tv\/site\/2021\/04\/06\/portugal-e-o-pais-com-maior-percentagem-de-apoios-as-empresas\/#breadcrumb"},"inLanguage":"pt-PT","potentialAction":[{"@type":"ReadAction","target":["https:\/\/www.altominho.tv\/site\/2021\/04\/06\/portugal-e-o-pais-com-maior-percentagem-de-apoios-as-empresas\/"]}]},{"@type":"ImageObject","inLanguage":"pt-PT","@id":"https:\/\/www.altominho.tv\/site\/2021\/04\/06\/portugal-e-o-pais-com-maior-percentagem-de-apoios-as-empresas\/#primaryimage","url":"https:\/\/www.altominho.tv\/site\/wp-content\/uploads\/2021\/04\/empresas.jpg","contentUrl":"https:\/\/www.altominho.tv\/site\/wp-content\/uploads\/2021\/04\/empresas.jpg","width":1660,"height":868},{"@type":"BreadcrumbList","@id":"https:\/\/www.altominho.tv\/site\/2021\/04\/06\/portugal-e-o-pais-com-maior-percentagem-de-apoios-as-empresas\/#breadcrumb","itemListElement":[{"@type":"ListItem","position":1,"name":"In\u00edcio","item":"https:\/\/www.altominho.tv\/site\/"},{"@type":"ListItem","position":2,"name":"Portugal \u00e9 o pa\u00eds com maior percentagem de apoios \u00e0s empresas"}]},{"@type":"WebSite","@id":"https:\/\/www.altominho.tv\/site\/#website","url":"https:\/\/www.altominho.tv\/site\/","name":"Altominho.tv","description":"A sua regi\u00e3o \u00e0 dist\u00e2ncia de um clique...","potentialAction":[{"@type":"SearchAction","target":{"@type":"EntryPoint","urlTemplate":"https:\/\/www.altominho.tv\/site\/?s={search_term_string}"},"query-input":{"@type":"PropertyValueSpecification","valueRequired":true,"valueName":"search_term_string"}}],"inLanguage":"pt-PT"},{"@type":"Person","@id":"https:\/\/www.altominho.tv\/site\/#\/schema\/person\/dbaf181c01b51ff40c9f461a905d321e","name":"Andreia Cunha | Lusa","image":{"@type":"ImageObject","inLanguage":"pt-PT","@id":"https:\/\/www.altominho.tv\/site\/wp-content\/uploads\/2017\/11\/Andreia_Cunha-1-150x150.jpg","url":"https:\/\/www.altominho.tv\/site\/wp-content\/uploads\/2017\/11\/Andreia_Cunha-1-150x150.jpg","contentUrl":"https:\/\/www.altominho.tv\/site\/wp-content\/uploads\/2017\/11\/Andreia_Cunha-1-150x150.jpg","caption":"Andreia Cunha | Lusa"},"sameAs":["https:\/\/www.altominho.tv\/site"],"url":"https:\/\/www.altominho.tv\/site\/author\/andreiacunhalusa\/"}]}},"_links":{"self":[{"href":"https:\/\/www.altominho.tv\/site\/wp-json\/wp\/v2\/posts\/64853","targetHints":{"allow":["GET"]}}],"collection":[{"href":"https:\/\/www.altominho.tv\/site\/wp-json\/wp\/v2\/posts"}],"about":[{"href":"https:\/\/www.altominho.tv\/site\/wp-json\/wp\/v2\/types\/post"}],"author":[{"embeddable":true,"href":"https:\/\/www.altominho.tv\/site\/wp-json\/wp\/v2\/users\/16"}],"replies":[{"embeddable":true,"href":"https:\/\/www.altominho.tv\/site\/wp-json\/wp\/v2\/comments?post=64853"}],"version-history":[{"count":0,"href":"https:\/\/www.altominho.tv\/site\/wp-json\/wp\/v2\/posts\/64853\/revisions"}],"wp:featuredmedia":[{"embeddable":true,"href":"https:\/\/www.altominho.tv\/site\/wp-json\/wp\/v2\/media\/64855"}],"wp:attachment":[{"href":"https:\/\/www.altominho.tv\/site\/wp-json\/wp\/v2\/media?parent=64853"}],"wp:term":[{"taxonomy":"category","embeddable":true,"href":"https:\/\/www.altominho.tv\/site\/wp-json\/wp\/v2\/categories?post=64853"},{"taxonomy":"post_tag","embeddable":true,"href":"https:\/\/www.altominho.tv\/site\/wp-json\/wp\/v2\/tags?post=64853"}],"curies":[{"name":"wp","href":"https:\/\/api.w.org\/{rel}","templated":true}]}}