{"id":64842,"date":"2021-04-06T15:34:39","date_gmt":"2021-04-06T14:34:39","guid":{"rendered":"https:\/\/www.altominho.tv\/site\/?p=64842"},"modified":"2021-04-20T14:17:04","modified_gmt":"2021-04-20T13:17:04","slug":"pescadores-do-norte-param-atividade-em-protesto-contra-fiscalizacoes-excessivas","status":"publish","type":"post","link":"https:\/\/www.altominho.tv\/site\/2021\/04\/06\/pescadores-do-norte-param-atividade-em-protesto-contra-fiscalizacoes-excessivas\/","title":{"rendered":"Pescadores do Norte param atividade em protesto contra \u201cfiscaliza\u00e7\u00f5es excessivas\u201d"},"content":{"rendered":"\n<p>Os pescadores da faixa litoral norte de Viana do Castelo \u00e0 Figueira da Foz v\u00e3o na quarta-feira parar a atividade em protesto com a &#8220;excessiva fiscaliza\u00e7\u00e3o&#8221; de que t\u00eam sido alvo, informou hoje a associa\u00e7\u00e3o Apropesca.<\/p>\n\n\n\n<p>Indicando a paragem de cerca de 1500 pescadores, Carlos Cruz, presidente desta organiza\u00e7\u00e3o de produtores de pesca artesanal, com sede na P\u00f3voa de Varzim, distrito do Porto, disse que as embarca\u00e7\u00f5es da regi\u00e3o Norte t\u00eam sido, no \u00faltimo m\u00eas, frequentemente abordadas pelas autoridades para um controlo das condi\u00e7\u00f5es de trabalho, com uma abrang\u00eancia que tem causado desagrado.<\/p>\n\n\n\n<p>&#8220;Tem havido uma fiscaliza\u00e7\u00e3o excessiva por situa\u00e7\u00f5es que j\u00e1 n\u00e3o est\u00e1vamos habituados. Na mesma semana, h\u00e1 embarca\u00e7\u00f5es controladas duas ou tr\u00eas vezes, para ver os documentos e fiscalizar hor\u00e1rios, tripulantes e material, o que perturba a atividade&#8221;, explicou \u00e0 Ag\u00eancia Lusa o dirigente.<\/p>\n\n\n\n<p>Carlos Cruz lembrou que muitas das situa\u00e7\u00f5es que s\u00e3o alvo das fiscaliza\u00e7\u00f5es est\u00e3o ainda ser negociadas pelas associa\u00e7\u00f5es do setor com a Dire\u00e7\u00e3o-Geral dos Recursos Mar\u00edtimos, e que, atualmente, os armadores est\u00e3o a ser multados por &#8220;lacunas do Governo&#8221;.<\/p>\n\n\n\n<p>&#8220;N\u00e3o podemos continuar assim, e por isso decidimos que a partir da meia-noite de quarta-feira parar e \u00e0s 9:00 estaremos reunidos no Porto de Pesca da P\u00f3voa de Varzim para mostrar o nosso desagrado&#8221;, acrescentou.<\/p>\n\n\n\n<p>Segundo o dirigente, a paragem vai abranger mais de uma centena de embarca\u00e7\u00f5es, e cerca de 1500 pescadores de Viana do Castelo at\u00e9 \u00e0 Figueira da Foz.<\/p>\n\n\n\n<p>O presidente da Apropesca disse ter conhecimento que, na sequ\u00eancia de uma reuni\u00e3o entre Dire\u00e7\u00e3o-Geral dos Recursos Mar\u00edtimos, a Autoridades das Condi\u00e7\u00f5es de Trabalho e a Unidade de Controlo Costeiro da GNR, as fiscaliza\u00e7\u00f5es ir\u00e3o ser suspensas e reavaliadas, mas garantiu que a paragem s\u00f3 ser\u00e1 desconvocada quando tal for formalizado.<\/p>\n\n\n\n<p>&#8220;S\u00f3 essa informa\u00e7\u00e3o n\u00e3o chega para o nosso pessoal. Queremos que seja o Governo a esclarecer toda a situa\u00e7\u00e3o. Est\u00e1 previsto que quarta-feira a Secret\u00e1ria de Estado da Pescas venha \u00e0s instala\u00e7\u00f5es da Apropesca prestar esclarecimentos. Se agradar ao setor voltamos ao mar, caso contr\u00e1rio ficaremos parados mais tempo&#8221;, garantiu Carlos Cruz.<\/p>\n\n\n\n<p>Neste protesto, al\u00e9m da Apropesca estar\u00e3o tamb\u00e9m envolvidas a Associa\u00e7\u00e3o de Armadores de Pesca do Norte, a Cooperativa Viana Pesca, a Associa\u00e7\u00e3o Pr\u00f3 Maior Seguran\u00e7a dos Homens do Mar e sindicatos representativos do setor.<\/p>\n","protected":false},"excerpt":{"rendered":"<p>Os pescadores da faixa litoral norte de Viana do Castelo \u00e0 Figueira da Foz v\u00e3o na quarta-feira parar a atividade em protesto com a &#8220;excessiva fiscaliza\u00e7\u00e3o&#8221; de que t\u00eam sido alvo, informou hoje a associa\u00e7\u00e3o Apropesca. Indicando a paragem de cerca de 1500 pescadores, Carlos Cruz, presidente desta organiza\u00e7\u00e3o de produtores de pesca artesanal, com [&hellip;]<\/p>\n","protected":false},"author":16,"featured_media":64844,"comment_status":"closed","ping_status":"closed","sticky":false,"template":"","format":"standard","meta":{"_exactmetrics_skip_tracking":false,"_exactmetrics_sitenote_active":false,"_exactmetrics_sitenote_note":"","_exactmetrics_sitenote_category":0,"footnotes":""},"categories":[73],"tags":[27],"class_list":["post-64842","post","type-post","status-publish","format-standard","has-post-thumbnail","hentry","category-alto-minho","tag-sociedade"],"yoast_head":"<!-- This site is optimized with the Yoast SEO Premium plugin v27.4 (Yoast SEO v27.4) - https:\/\/yoast.com\/product\/yoast-seo-premium-wordpress\/ -->\n<title>Pescadores do Norte param atividade em protesto contra \u201cfiscaliza\u00e7\u00f5es excessivas\u201d<\/title>\n<meta name=\"robots\" content=\"index, follow, max-snippet:-1, max-image-preview:large, max-video-preview:-1\" \/>\n<link rel=\"canonical\" href=\"https:\/\/www.altominho.tv\/site\/2021\/04\/06\/pescadores-do-norte-param-atividade-em-protesto-contra-fiscalizacoes-excessivas\/\" \/>\n<meta property=\"og:locale\" content=\"pt_PT\" \/>\n<meta property=\"og:type\" content=\"article\" \/>\n<meta property=\"og:title\" content=\"Pescadores do Norte param atividade em protesto contra \u201cfiscaliza\u00e7\u00f5es excessivas\u201d\" \/>\n<meta property=\"og:description\" content=\"Os pescadores da faixa litoral norte de Viana do Castelo \u00e0 Figueira da Foz v\u00e3o na quarta-feira parar a atividade em protesto com a &#8220;excessiva fiscaliza\u00e7\u00e3o&#8221; de que t\u00eam sido alvo, informou hoje a associa\u00e7\u00e3o Apropesca. Indicando a paragem de cerca de 1500 pescadores, Carlos Cruz, presidente desta organiza\u00e7\u00e3o de produtores de pesca artesanal, com [&hellip;]\" \/>\n<meta property=\"og:url\" content=\"https:\/\/www.altominho.tv\/site\/2021\/04\/06\/pescadores-do-norte-param-atividade-em-protesto-contra-fiscalizacoes-excessivas\/\" \/>\n<meta property=\"og:site_name\" content=\"Altominho.tv\" \/>\n<meta property=\"article:publisher\" content=\"https:\/\/www.facebook.com\/altominhotv\" \/>\n<meta property=\"article:published_time\" content=\"2021-04-06T14:34:39+00:00\" \/>\n<meta property=\"article:modified_time\" content=\"2021-04-20T13:17:04+00:00\" \/>\n<meta property=\"og:image\" content=\"https:\/\/www.altominho.tv\/site\/wp-content\/uploads\/2021\/04\/pesca1.jpg\" \/>\n\t<meta property=\"og:image:width\" content=\"1920\" \/>\n\t<meta property=\"og:image:height\" content=\"1080\" \/>\n\t<meta property=\"og:image:type\" content=\"image\/jpeg\" \/>\n<meta name=\"author\" content=\"Andreia Cunha | Lusa\" \/>\n<meta name=\"twitter:card\" content=\"summary_large_image\" \/>\n<meta name=\"twitter:creator\" content=\"@altominhoTV\" \/>\n<meta name=\"twitter:site\" content=\"@altominhoTV\" \/>\n<meta name=\"twitter:label1\" content=\"Escrito por\" \/>\n\t<meta name=\"twitter:data1\" content=\"Andreia Cunha | Lusa\" \/>\n\t<meta name=\"twitter:label2\" content=\"Tempo estimado de leitura\" \/>\n\t<meta name=\"twitter:data2\" content=\"2 minutos\" \/>\n<script type=\"application\/ld+json\" class=\"yoast-schema-graph\">{\"@context\":\"https:\\\/\\\/schema.org\",\"@graph\":[{\"@type\":\"Article\",\"@id\":\"https:\\\/\\\/www.altominho.tv\\\/site\\\/2021\\\/04\\\/06\\\/pescadores-do-norte-param-atividade-em-protesto-contra-fiscalizacoes-excessivas\\\/#article\",\"isPartOf\":{\"@id\":\"https:\\\/\\\/www.altominho.tv\\\/site\\\/2021\\\/04\\\/06\\\/pescadores-do-norte-param-atividade-em-protesto-contra-fiscalizacoes-excessivas\\\/\"},\"author\":{\"name\":\"Andreia Cunha | Lusa\",\"@id\":\"https:\\\/\\\/www.altominho.tv\\\/site\\\/#\\\/schema\\\/person\\\/dbaf181c01b51ff40c9f461a905d321e\"},\"headline\":\"Pescadores do Norte param atividade em protesto contra \u201cfiscaliza\u00e7\u00f5es excessivas\u201d\",\"datePublished\":\"2021-04-06T14:34:39+00:00\",\"dateModified\":\"2021-04-20T13:17:04+00:00\",\"mainEntityOfPage\":{\"@id\":\"https:\\\/\\\/www.altominho.tv\\\/site\\\/2021\\\/04\\\/06\\\/pescadores-do-norte-param-atividade-em-protesto-contra-fiscalizacoes-excessivas\\\/\"},\"wordCount\":429,\"image\":{\"@id\":\"https:\\\/\\\/www.altominho.tv\\\/site\\\/2021\\\/04\\\/06\\\/pescadores-do-norte-param-atividade-em-protesto-contra-fiscalizacoes-excessivas\\\/#primaryimage\"},\"thumbnailUrl\":\"https:\\\/\\\/www.altominho.tv\\\/site\\\/wp-content\\\/uploads\\\/2021\\\/04\\\/pesca1.jpg\",\"keywords\":[\"Sociedade\"],\"articleSection\":[\"Alto Minho\"],\"inLanguage\":\"pt-PT\",\"copyrightYear\":\"2021\",\"copyrightHolder\":{\"@id\":\"https:\\\/\\\/www.altominho.tv\\\/site\\\/#organization\"}},{\"@type\":\"WebPage\",\"@id\":\"https:\\\/\\\/www.altominho.tv\\\/site\\\/2021\\\/04\\\/06\\\/pescadores-do-norte-param-atividade-em-protesto-contra-fiscalizacoes-excessivas\\\/\",\"url\":\"https:\\\/\\\/www.altominho.tv\\\/site\\\/2021\\\/04\\\/06\\\/pescadores-do-norte-param-atividade-em-protesto-contra-fiscalizacoes-excessivas\\\/\",\"name\":\"Pescadores do Norte param atividade em protesto contra \u201cfiscaliza\u00e7\u00f5es excessivas\u201d\",\"isPartOf\":{\"@id\":\"https:\\\/\\\/www.altominho.tv\\\/site\\\/#website\"},\"primaryImageOfPage\":{\"@id\":\"https:\\\/\\\/www.altominho.tv\\\/site\\\/2021\\\/04\\\/06\\\/pescadores-do-norte-param-atividade-em-protesto-contra-fiscalizacoes-excessivas\\\/#primaryimage\"},\"image\":{\"@id\":\"https:\\\/\\\/www.altominho.tv\\\/site\\\/2021\\\/04\\\/06\\\/pescadores-do-norte-param-atividade-em-protesto-contra-fiscalizacoes-excessivas\\\/#primaryimage\"},\"thumbnailUrl\":\"https:\\\/\\\/www.altominho.tv\\\/site\\\/wp-content\\\/uploads\\\/2021\\\/04\\\/pesca1.jpg\",\"datePublished\":\"2021-04-06T14:34:39+00:00\",\"dateModified\":\"2021-04-20T13:17:04+00:00\",\"author\":{\"@id\":\"https:\\\/\\\/www.altominho.tv\\\/site\\\/#\\\/schema\\\/person\\\/dbaf181c01b51ff40c9f461a905d321e\"},\"breadcrumb\":{\"@id\":\"https:\\\/\\\/www.altominho.tv\\\/site\\\/2021\\\/04\\\/06\\\/pescadores-do-norte-param-atividade-em-protesto-contra-fiscalizacoes-excessivas\\\/#breadcrumb\"},\"inLanguage\":\"pt-PT\",\"potentialAction\":[{\"@type\":\"ReadAction\",\"target\":[\"https:\\\/\\\/www.altominho.tv\\\/site\\\/2021\\\/04\\\/06\\\/pescadores-do-norte-param-atividade-em-protesto-contra-fiscalizacoes-excessivas\\\/\"]}]},{\"@type\":\"ImageObject\",\"inLanguage\":\"pt-PT\",\"@id\":\"https:\\\/\\\/www.altominho.tv\\\/site\\\/2021\\\/04\\\/06\\\/pescadores-do-norte-param-atividade-em-protesto-contra-fiscalizacoes-excessivas\\\/#primaryimage\",\"url\":\"https:\\\/\\\/www.altominho.tv\\\/site\\\/wp-content\\\/uploads\\\/2021\\\/04\\\/pesca1.jpg\",\"contentUrl\":\"https:\\\/\\\/www.altominho.tv\\\/site\\\/wp-content\\\/uploads\\\/2021\\\/04\\\/pesca1.jpg\",\"width\":1920,\"height\":1080},{\"@type\":\"BreadcrumbList\",\"@id\":\"https:\\\/\\\/www.altominho.tv\\\/site\\\/2021\\\/04\\\/06\\\/pescadores-do-norte-param-atividade-em-protesto-contra-fiscalizacoes-excessivas\\\/#breadcrumb\",\"itemListElement\":[{\"@type\":\"ListItem\",\"position\":1,\"name\":\"In\u00edcio\",\"item\":\"https:\\\/\\\/www.altominho.tv\\\/site\\\/\"},{\"@type\":\"ListItem\",\"position\":2,\"name\":\"Pescadores do Norte param atividade em protesto contra \u201cfiscaliza\u00e7\u00f5es excessivas\u201d\"}]},{\"@type\":\"WebSite\",\"@id\":\"https:\\\/\\\/www.altominho.tv\\\/site\\\/#website\",\"url\":\"https:\\\/\\\/www.altominho.tv\\\/site\\\/\",\"name\":\"Altominho.tv\",\"description\":\"A sua regi\u00e3o \u00e0 dist\u00e2ncia de um clique...\",\"potentialAction\":[{\"@type\":\"SearchAction\",\"target\":{\"@type\":\"EntryPoint\",\"urlTemplate\":\"https:\\\/\\\/www.altominho.tv\\\/site\\\/?s={search_term_string}\"},\"query-input\":{\"@type\":\"PropertyValueSpecification\",\"valueRequired\":true,\"valueName\":\"search_term_string\"}}],\"inLanguage\":\"pt-PT\"},{\"@type\":\"Person\",\"@id\":\"https:\\\/\\\/www.altominho.tv\\\/site\\\/#\\\/schema\\\/person\\\/dbaf181c01b51ff40c9f461a905d321e\",\"name\":\"Andreia Cunha | Lusa\",\"image\":{\"@type\":\"ImageObject\",\"inLanguage\":\"pt-PT\",\"@id\":\"https:\\\/\\\/www.altominho.tv\\\/site\\\/wp-content\\\/uploads\\\/2017\\\/11\\\/Andreia_Cunha-1-150x150.jpg\",\"url\":\"https:\\\/\\\/www.altominho.tv\\\/site\\\/wp-content\\\/uploads\\\/2017\\\/11\\\/Andreia_Cunha-1-150x150.jpg\",\"contentUrl\":\"https:\\\/\\\/www.altominho.tv\\\/site\\\/wp-content\\\/uploads\\\/2017\\\/11\\\/Andreia_Cunha-1-150x150.jpg\",\"caption\":\"Andreia Cunha | Lusa\"},\"sameAs\":[\"https:\\\/\\\/www.altominho.tv\\\/site\"],\"url\":\"https:\\\/\\\/www.altominho.tv\\\/site\\\/author\\\/andreiacunhalusa\\\/\"}]}<\/script>\n<!-- \/ Yoast SEO Premium plugin. -->","yoast_head_json":{"title":"Pescadores do Norte param atividade em protesto contra \u201cfiscaliza\u00e7\u00f5es excessivas\u201d","robots":{"index":"index","follow":"follow","max-snippet":"max-snippet:-1","max-image-preview":"max-image-preview:large","max-video-preview":"max-video-preview:-1"},"canonical":"https:\/\/www.altominho.tv\/site\/2021\/04\/06\/pescadores-do-norte-param-atividade-em-protesto-contra-fiscalizacoes-excessivas\/","og_locale":"pt_PT","og_type":"article","og_title":"Pescadores do Norte param atividade em protesto contra \u201cfiscaliza\u00e7\u00f5es excessivas\u201d","og_description":"Os pescadores da faixa litoral norte de Viana do Castelo \u00e0 Figueira da Foz v\u00e3o na quarta-feira parar a atividade em protesto com a &#8220;excessiva fiscaliza\u00e7\u00e3o&#8221; de que t\u00eam sido alvo, informou hoje a associa\u00e7\u00e3o Apropesca. Indicando a paragem de cerca de 1500 pescadores, Carlos Cruz, presidente desta organiza\u00e7\u00e3o de produtores de pesca artesanal, com [&hellip;]","og_url":"https:\/\/www.altominho.tv\/site\/2021\/04\/06\/pescadores-do-norte-param-atividade-em-protesto-contra-fiscalizacoes-excessivas\/","og_site_name":"Altominho.tv","article_publisher":"https:\/\/www.facebook.com\/altominhotv","article_published_time":"2021-04-06T14:34:39+00:00","article_modified_time":"2021-04-20T13:17:04+00:00","og_image":[{"width":1920,"height":1080,"url":"https:\/\/www.altominho.tv\/site\/wp-content\/uploads\/2021\/04\/pesca1.jpg","type":"image\/jpeg"}],"author":"Andreia Cunha | Lusa","twitter_card":"summary_large_image","twitter_creator":"@altominhoTV","twitter_site":"@altominhoTV","twitter_misc":{"Escrito por":"Andreia Cunha | Lusa","Tempo estimado de leitura":"2 minutos"},"schema":{"@context":"https:\/\/schema.org","@graph":[{"@type":"Article","@id":"https:\/\/www.altominho.tv\/site\/2021\/04\/06\/pescadores-do-norte-param-atividade-em-protesto-contra-fiscalizacoes-excessivas\/#article","isPartOf":{"@id":"https:\/\/www.altominho.tv\/site\/2021\/04\/06\/pescadores-do-norte-param-atividade-em-protesto-contra-fiscalizacoes-excessivas\/"},"author":{"name":"Andreia Cunha | Lusa","@id":"https:\/\/www.altominho.tv\/site\/#\/schema\/person\/dbaf181c01b51ff40c9f461a905d321e"},"headline":"Pescadores do Norte param atividade em protesto contra \u201cfiscaliza\u00e7\u00f5es excessivas\u201d","datePublished":"2021-04-06T14:34:39+00:00","dateModified":"2021-04-20T13:17:04+00:00","mainEntityOfPage":{"@id":"https:\/\/www.altominho.tv\/site\/2021\/04\/06\/pescadores-do-norte-param-atividade-em-protesto-contra-fiscalizacoes-excessivas\/"},"wordCount":429,"image":{"@id":"https:\/\/www.altominho.tv\/site\/2021\/04\/06\/pescadores-do-norte-param-atividade-em-protesto-contra-fiscalizacoes-excessivas\/#primaryimage"},"thumbnailUrl":"https:\/\/www.altominho.tv\/site\/wp-content\/uploads\/2021\/04\/pesca1.jpg","keywords":["Sociedade"],"articleSection":["Alto Minho"],"inLanguage":"pt-PT","copyrightYear":"2021","copyrightHolder":{"@id":"https:\/\/www.altominho.tv\/site\/#organization"}},{"@type":"WebPage","@id":"https:\/\/www.altominho.tv\/site\/2021\/04\/06\/pescadores-do-norte-param-atividade-em-protesto-contra-fiscalizacoes-excessivas\/","url":"https:\/\/www.altominho.tv\/site\/2021\/04\/06\/pescadores-do-norte-param-atividade-em-protesto-contra-fiscalizacoes-excessivas\/","name":"Pescadores do Norte param atividade em protesto contra \u201cfiscaliza\u00e7\u00f5es excessivas\u201d","isPartOf":{"@id":"https:\/\/www.altominho.tv\/site\/#website"},"primaryImageOfPage":{"@id":"https:\/\/www.altominho.tv\/site\/2021\/04\/06\/pescadores-do-norte-param-atividade-em-protesto-contra-fiscalizacoes-excessivas\/#primaryimage"},"image":{"@id":"https:\/\/www.altominho.tv\/site\/2021\/04\/06\/pescadores-do-norte-param-atividade-em-protesto-contra-fiscalizacoes-excessivas\/#primaryimage"},"thumbnailUrl":"https:\/\/www.altominho.tv\/site\/wp-content\/uploads\/2021\/04\/pesca1.jpg","datePublished":"2021-04-06T14:34:39+00:00","dateModified":"2021-04-20T13:17:04+00:00","author":{"@id":"https:\/\/www.altominho.tv\/site\/#\/schema\/person\/dbaf181c01b51ff40c9f461a905d321e"},"breadcrumb":{"@id":"https:\/\/www.altominho.tv\/site\/2021\/04\/06\/pescadores-do-norte-param-atividade-em-protesto-contra-fiscalizacoes-excessivas\/#breadcrumb"},"inLanguage":"pt-PT","potentialAction":[{"@type":"ReadAction","target":["https:\/\/www.altominho.tv\/site\/2021\/04\/06\/pescadores-do-norte-param-atividade-em-protesto-contra-fiscalizacoes-excessivas\/"]}]},{"@type":"ImageObject","inLanguage":"pt-PT","@id":"https:\/\/www.altominho.tv\/site\/2021\/04\/06\/pescadores-do-norte-param-atividade-em-protesto-contra-fiscalizacoes-excessivas\/#primaryimage","url":"https:\/\/www.altominho.tv\/site\/wp-content\/uploads\/2021\/04\/pesca1.jpg","contentUrl":"https:\/\/www.altominho.tv\/site\/wp-content\/uploads\/2021\/04\/pesca1.jpg","width":1920,"height":1080},{"@type":"BreadcrumbList","@id":"https:\/\/www.altominho.tv\/site\/2021\/04\/06\/pescadores-do-norte-param-atividade-em-protesto-contra-fiscalizacoes-excessivas\/#breadcrumb","itemListElement":[{"@type":"ListItem","position":1,"name":"In\u00edcio","item":"https:\/\/www.altominho.tv\/site\/"},{"@type":"ListItem","position":2,"name":"Pescadores do Norte param atividade em protesto contra \u201cfiscaliza\u00e7\u00f5es excessivas\u201d"}]},{"@type":"WebSite","@id":"https:\/\/www.altominho.tv\/site\/#website","url":"https:\/\/www.altominho.tv\/site\/","name":"Altominho.tv","description":"A sua regi\u00e3o \u00e0 dist\u00e2ncia de um clique...","potentialAction":[{"@type":"SearchAction","target":{"@type":"EntryPoint","urlTemplate":"https:\/\/www.altominho.tv\/site\/?s={search_term_string}"},"query-input":{"@type":"PropertyValueSpecification","valueRequired":true,"valueName":"search_term_string"}}],"inLanguage":"pt-PT"},{"@type":"Person","@id":"https:\/\/www.altominho.tv\/site\/#\/schema\/person\/dbaf181c01b51ff40c9f461a905d321e","name":"Andreia Cunha | Lusa","image":{"@type":"ImageObject","inLanguage":"pt-PT","@id":"https:\/\/www.altominho.tv\/site\/wp-content\/uploads\/2017\/11\/Andreia_Cunha-1-150x150.jpg","url":"https:\/\/www.altominho.tv\/site\/wp-content\/uploads\/2017\/11\/Andreia_Cunha-1-150x150.jpg","contentUrl":"https:\/\/www.altominho.tv\/site\/wp-content\/uploads\/2017\/11\/Andreia_Cunha-1-150x150.jpg","caption":"Andreia Cunha | Lusa"},"sameAs":["https:\/\/www.altominho.tv\/site"],"url":"https:\/\/www.altominho.tv\/site\/author\/andreiacunhalusa\/"}]}},"_links":{"self":[{"href":"https:\/\/www.altominho.tv\/site\/wp-json\/wp\/v2\/posts\/64842","targetHints":{"allow":["GET"]}}],"collection":[{"href":"https:\/\/www.altominho.tv\/site\/wp-json\/wp\/v2\/posts"}],"about":[{"href":"https:\/\/www.altominho.tv\/site\/wp-json\/wp\/v2\/types\/post"}],"author":[{"embeddable":true,"href":"https:\/\/www.altominho.tv\/site\/wp-json\/wp\/v2\/users\/16"}],"replies":[{"embeddable":true,"href":"https:\/\/www.altominho.tv\/site\/wp-json\/wp\/v2\/comments?post=64842"}],"version-history":[{"count":0,"href":"https:\/\/www.altominho.tv\/site\/wp-json\/wp\/v2\/posts\/64842\/revisions"}],"wp:featuredmedia":[{"embeddable":true,"href":"https:\/\/www.altominho.tv\/site\/wp-json\/wp\/v2\/media\/64844"}],"wp:attachment":[{"href":"https:\/\/www.altominho.tv\/site\/wp-json\/wp\/v2\/media?parent=64842"}],"wp:term":[{"taxonomy":"category","embeddable":true,"href":"https:\/\/www.altominho.tv\/site\/wp-json\/wp\/v2\/categories?post=64842"},{"taxonomy":"post_tag","embeddable":true,"href":"https:\/\/www.altominho.tv\/site\/wp-json\/wp\/v2\/tags?post=64842"}],"curies":[{"name":"wp","href":"https:\/\/api.w.org\/{rel}","templated":true}]}}