{"id":64836,"date":"2021-04-06T15:32:47","date_gmt":"2021-04-06T14:32:47","guid":{"rendered":"https:\/\/www.altominho.tv\/site\/?p=64836"},"modified":"2021-04-06T22:34:57","modified_gmt":"2021-04-06T21:34:57","slug":"abrigo-de-montanha-na-peneda-preve-aumentar-oferta-de-alojamento-e-potenciar-turismo","status":"publish","type":"post","link":"https:\/\/www.altominho.tv\/site\/2021\/04\/06\/abrigo-de-montanha-na-peneda-preve-aumentar-oferta-de-alojamento-e-potenciar-turismo\/","title":{"rendered":"Abrigo de montanha na Peneda prev\u00ea aumentar oferta de alojamento e potenciar turismo"},"content":{"rendered":"<p>Um investimento de mais de 116 mil euros vai reconverter um dos antigos quart\u00e9is do santu\u00e1rio de Nossa Senhora da Peneda, na Gavieira, Arcos de Valdevez, em abrigo de montanha, foi hoje divulgado pela C\u00e2mara.<\/p>\n<p>O projeto, que resulta de uma parceria entre aquela autarquia do distrito de Viana do Castelo e a Confraria de Nossa Senhora da Peneda, &#8220;prev\u00ea a cria\u00e7\u00e3o de camaratas, espa\u00e7os destinados a instala\u00e7\u00f5es sanit\u00e1rias e copa&#8221;.<\/p>\n<p>O santu\u00e1rio &#8220;ser\u00e1 dotado com um espa\u00e7o que permita alojar os romeiros da Peneda, da via Mariana, os turistas e os montanhistas que fa\u00e7am a travessia do Parque Nacional Peneda-Ger\u00eas (PNPG) ou escolham o local para pr\u00e1tica de escalada e outras atividades de montanha&#8221;.<\/p>\n<p>O abrigo de montada &#8220;vai ter capacidade para alojar 28 pessoas, repartidas por duas camaratas&#8221;.<\/p>\n<p>A adjudica\u00e7\u00e3o da empreitada de remodela\u00e7\u00e3o e beneficia\u00e7\u00e3o do edif\u00edcio destinado a abrigo de montanha, pelo valor de 116.070.00 euros foi aprovada na \u00faltima reuni\u00e3o camar\u00e1ria.<\/p>\n<p>Segundo a C\u00e2mara de Arcos de Valdevez, presidida pelo social-democrata Jo\u00e3o Manuel Esteves, o &#8220;projeto prev\u00ea aumentar a oferta ao n\u00edvel do alojamento dentro da \u00e1rea do PNPG, contribuindo para a dinamiza\u00e7\u00e3o do turismo de natureza no concelho, bem como para a valoriza\u00e7\u00e3o do patrim\u00f3nio cultural&#8221;.<\/p>\n<p>O templo da Senhora da Peneda, foi elevado a santu\u00e1rio, em abril 2020, por decreto do ent\u00e3o bispo da Diocese de Viana do Castelo, Anacleto Oliveira, que morreu, em setembro, num acidente de via\u00e7\u00e3o.<\/p>\n<p>A eleva\u00e7\u00e3o a santu\u00e1rio ocorreu no ano em que se celebraram oito s\u00e9culos de devo\u00e7\u00e3o \u00e0 santa.<\/p>\n<p>Datado do s\u00e9culo XVIII, o santu\u00e1rio da Senhora da Peneda, \u00e9 constitu\u00eddo pela igreja que foi terminada em 1875, por um grande terreiro dos evangelistas e uma escadaria com cerca de 300 metros, sendo que nas suas laterais existem 20 capelas que retratam cenas da vida de Cristo, e ainda os quart\u00e9is.<\/p>\n<p>No decreto assinado pelo bispo da diocese de Viana do Castelo, Anacleto Oliveira sustenta a eleva\u00e7\u00e3o do templo a santu\u00e1rio com &#8220;o longo e enriquecedor percurso hist\u00f3rico e o valioso patrim\u00f3nio espiritual, religioso e material, testemunho de ass\u00edduas e seculares peregrina\u00e7\u00f5es de fi\u00e9is e da profunda devo\u00e7\u00e3o e culto \u00e0 Virgem Maria&#8221;.<\/p>\n<p>Para a diocese, trata-se de &#8220;um dos monumentos marianos mais not\u00e1veis&#8221; do distrito de Viana do Castelo e, &#8220;pela sua antiguidade, dos mais venerados em todo o Alto Minho, estendendo-se o seu prest\u00edgio e influ\u00eancia \u00e0 vizinha regi\u00e3o aut\u00f3noma da Galiza, em Espanha&#8221;.<\/p>\n<p>O reconhecimento como santu\u00e1rio diocesano \u00e9 ainda justificado pela &#8220;relev\u00e2ncia que se estendeu a n\u00edvel nacional e at\u00e9 internacional&#8221; do templo, sendo destacado o &#8220;fluxo de peregrinos que tem sido cont\u00ednuo e ininterrupto ao longo de oito s\u00e9culos, marcando de uma forma especial n\u00e3o s\u00f3 a devo\u00e7\u00e3o e a espiritualidade mariana do povo nortenho, mas tamb\u00e9m o pr\u00f3prio calend\u00e1rio e a organiza\u00e7\u00e3o da vida das popula\u00e7\u00f5es, nomeadamente no in\u00edcio de setembro&#8221;.<\/p>\n<p>Anacleto Oliveira sublinhava tamb\u00e9m &#8220;as potencialidades que este patrim\u00f3nio religioso, pela sua estrutura, dimens\u00e3o e infraestruturas, proporciona em ordem a uma pastoral mais din\u00e2mica com relevo para as camadas jovens&#8221;.<\/p>\n<p>Tamb\u00e9m em abril de 2020, a C\u00e2mara iniciou o processo de classifica\u00e7\u00e3o nacional do santu\u00e1rio.<\/p>\n<p>&#8220;Esta classifica\u00e7\u00e3o \u00e9 muito importante n\u00e3o s\u00f3 para o concelho de Arcos de Valdevez, como para toda a regi\u00e3o, inclu\u00eddo a Galiza. O santu\u00e1rio de Nossa Senhora da Peneda \u00e9 um dos grandes santu\u00e1rios marianos do Alto Minho, do Minho e da zona da Galiza&#8221;, afirmou, na ocasi\u00e3o \u00e0 Lusa, o autarca Jo\u00e3o Manuel Esteves.<\/p>\n<p>Adiantou que o objetivo da classifica\u00e7\u00e3o passa por &#8220;valorizar todo o patrim\u00f3nio, constitu\u00eddo pelo santu\u00e1rio, a escadaria, as capelas e a zona dos quart\u00e9is, dois edif\u00edcios situados na envolvente que antigamente serviam de alojamento, dar-lhe visibilidade e aumentar a atra\u00e7\u00e3o de turistas&#8221;.<\/p>\n<p>&#8220;Por outro lado, com a classifica\u00e7\u00e3o podermos aceder a outro tipo de apoios para fazer obras de recupera\u00e7\u00e3o &#8220;, explicou.<\/p>\n","protected":false},"excerpt":{"rendered":"<p>Um investimento de mais de 116 mil euros vai reconverter um dos antigos quart\u00e9is do santu\u00e1rio de Nossa Senhora da Peneda, na Gavieira, Arcos de Valdevez, em abrigo de montanha, foi hoje divulgado pela C\u00e2mara. O projeto, que resulta de uma parceria entre aquela autarquia do distrito de Viana do Castelo e a Confraria de [&hellip;]<\/p>\n","protected":false},"author":1,"featured_media":64838,"comment_status":"closed","ping_status":"closed","sticky":false,"template":"","format":"standard","meta":{"_exactmetrics_skip_tracking":false,"footnotes":""},"categories":[2],"tags":[24],"class_list":["post-64836","post","type-post","status-publish","format-standard","has-post-thumbnail","hentry","category-arcos-de-valdevez","tag-lazer"],"yoast_head":"<!-- This site is optimized with the Yoast SEO Premium plugin v28.3 (Yoast SEO v28.3) - https:\/\/yoast.com\/product\/yoast-seo-premium-wordpress\/ -->\n<title>Abrigo de montanha na Peneda prev\u00ea aumentar oferta de alojamento e potenciar turismo<\/title>\n<meta name=\"robots\" content=\"index, follow, max-snippet:-1, max-image-preview:large, max-video-preview:-1\" \/>\n<link rel=\"canonical\" href=\"https:\/\/www.altominho.tv\/site\/2021\/04\/06\/abrigo-de-montanha-na-peneda-preve-aumentar-oferta-de-alojamento-e-potenciar-turismo\/\" \/>\n<meta property=\"og:locale\" content=\"pt_PT\" \/>\n<meta property=\"og:type\" content=\"article\" \/>\n<meta property=\"og:title\" content=\"Abrigo de montanha na Peneda prev\u00ea aumentar oferta de alojamento e potenciar turismo\" \/>\n<meta property=\"og:description\" content=\"Um investimento de mais de 116 mil euros vai reconverter um dos antigos quart\u00e9is do santu\u00e1rio de Nossa Senhora da Peneda, na Gavieira, Arcos de Valdevez, em abrigo de montanha, foi hoje divulgado pela C\u00e2mara. O projeto, que resulta de uma parceria entre aquela autarquia do distrito de Viana do Castelo e a Confraria de [&hellip;]\" \/>\n<meta property=\"og:url\" content=\"https:\/\/www.altominho.tv\/site\/2021\/04\/06\/abrigo-de-montanha-na-peneda-preve-aumentar-oferta-de-alojamento-e-potenciar-turismo\/\" \/>\n<meta property=\"og:site_name\" content=\"Altominho.tv\" \/>\n<meta property=\"article:publisher\" content=\"https:\/\/www.facebook.com\/altominhotv\" \/>\n<meta property=\"article:published_time\" content=\"2021-04-06T14:32:47+00:00\" \/>\n<meta property=\"article:modified_time\" content=\"2021-04-06T21:34:57+00:00\" \/>\n<meta property=\"og:image\" content=\"https:\/\/www.altominho.tv\/site\/wp-content\/uploads\/2021\/04\/Abrigo_Peneda.jpg\" \/>\n\t<meta property=\"og:image:width\" content=\"1518\" \/>\n\t<meta property=\"og:image:height\" content=\"913\" \/>\n\t<meta property=\"og:image:type\" content=\"image\/jpeg\" \/>\n<meta name=\"author\" content=\"Altominho.tv\" \/>\n<meta name=\"twitter:card\" content=\"summary_large_image\" \/>\n<meta name=\"twitter:creator\" content=\"@altominhoTV\" \/>\n<meta name=\"twitter:site\" content=\"@altominhoTV\" \/>\n<meta name=\"twitter:label1\" content=\"Escrito por\" \/>\n\t<meta name=\"twitter:data1\" content=\"Altominho.tv\" \/>\n\t<meta name=\"twitter:label2\" content=\"Tempo estimado de leitura\" \/>\n\t<meta name=\"twitter:data2\" content=\"4 minutos\" \/>\n<script type=\"application\/ld+json\" class=\"yoast-schema-graph\">{\"@context\":\"https:\\\/\\\/schema.org\",\"@graph\":[{\"@type\":\"Article\",\"@id\":\"https:\\\/\\\/www.altominho.tv\\\/site\\\/2021\\\/04\\\/06\\\/abrigo-de-montanha-na-peneda-preve-aumentar-oferta-de-alojamento-e-potenciar-turismo\\\/#article\",\"isPartOf\":{\"@id\":\"https:\\\/\\\/www.altominho.tv\\\/site\\\/2021\\\/04\\\/06\\\/abrigo-de-montanha-na-peneda-preve-aumentar-oferta-de-alojamento-e-potenciar-turismo\\\/\"},\"author\":{\"name\":\"Altominho.tv\",\"@id\":\"https:\\\/\\\/www.altominho.tv\\\/site\\\/#\\\/schema\\\/person\\\/4e536851627d7914baf3dac752b6af22\"},\"headline\":\"Abrigo de montanha na Peneda prev\u00ea aumentar oferta de alojamento e potenciar turismo\",\"datePublished\":\"2021-04-06T14:32:47+00:00\",\"dateModified\":\"2021-04-06T21:34:57+00:00\",\"mainEntityOfPage\":{\"@id\":\"https:\\\/\\\/www.altominho.tv\\\/site\\\/2021\\\/04\\\/06\\\/abrigo-de-montanha-na-peneda-preve-aumentar-oferta-de-alojamento-e-potenciar-turismo\\\/\"},\"wordCount\":715,\"image\":{\"@id\":\"https:\\\/\\\/www.altominho.tv\\\/site\\\/2021\\\/04\\\/06\\\/abrigo-de-montanha-na-peneda-preve-aumentar-oferta-de-alojamento-e-potenciar-turismo\\\/#primaryimage\"},\"thumbnailUrl\":\"https:\\\/\\\/www.altominho.tv\\\/site\\\/wp-content\\\/uploads\\\/2021\\\/04\\\/Abrigo_Peneda.jpg\",\"keywords\":[\"Lazer\"],\"articleSection\":[\"Arcos de Valdevez\"],\"inLanguage\":\"pt-PT\",\"copyrightYear\":\"2021\",\"copyrightHolder\":{\"@id\":\"https:\\\/\\\/www.altominho.tv\\\/site\\\/#organization\"}},{\"@type\":\"WebPage\",\"@id\":\"https:\\\/\\\/www.altominho.tv\\\/site\\\/2021\\\/04\\\/06\\\/abrigo-de-montanha-na-peneda-preve-aumentar-oferta-de-alojamento-e-potenciar-turismo\\\/\",\"url\":\"https:\\\/\\\/www.altominho.tv\\\/site\\\/2021\\\/04\\\/06\\\/abrigo-de-montanha-na-peneda-preve-aumentar-oferta-de-alojamento-e-potenciar-turismo\\\/\",\"name\":\"Abrigo de montanha na Peneda prev\u00ea aumentar oferta de alojamento e potenciar turismo\",\"isPartOf\":{\"@id\":\"https:\\\/\\\/www.altominho.tv\\\/site\\\/#website\"},\"primaryImageOfPage\":{\"@id\":\"https:\\\/\\\/www.altominho.tv\\\/site\\\/2021\\\/04\\\/06\\\/abrigo-de-montanha-na-peneda-preve-aumentar-oferta-de-alojamento-e-potenciar-turismo\\\/#primaryimage\"},\"image\":{\"@id\":\"https:\\\/\\\/www.altominho.tv\\\/site\\\/2021\\\/04\\\/06\\\/abrigo-de-montanha-na-peneda-preve-aumentar-oferta-de-alojamento-e-potenciar-turismo\\\/#primaryimage\"},\"thumbnailUrl\":\"https:\\\/\\\/www.altominho.tv\\\/site\\\/wp-content\\\/uploads\\\/2021\\\/04\\\/Abrigo_Peneda.jpg\",\"datePublished\":\"2021-04-06T14:32:47+00:00\",\"dateModified\":\"2021-04-06T21:34:57+00:00\",\"author\":{\"@id\":\"https:\\\/\\\/www.altominho.tv\\\/site\\\/#\\\/schema\\\/person\\\/4e536851627d7914baf3dac752b6af22\"},\"breadcrumb\":{\"@id\":\"https:\\\/\\\/www.altominho.tv\\\/site\\\/2021\\\/04\\\/06\\\/abrigo-de-montanha-na-peneda-preve-aumentar-oferta-de-alojamento-e-potenciar-turismo\\\/#breadcrumb\"},\"inLanguage\":\"pt-PT\",\"potentialAction\":[{\"@type\":\"ReadAction\",\"target\":[\"https:\\\/\\\/www.altominho.tv\\\/site\\\/2021\\\/04\\\/06\\\/abrigo-de-montanha-na-peneda-preve-aumentar-oferta-de-alojamento-e-potenciar-turismo\\\/\"]}]},{\"@type\":\"ImageObject\",\"inLanguage\":\"pt-PT\",\"@id\":\"https:\\\/\\\/www.altominho.tv\\\/site\\\/2021\\\/04\\\/06\\\/abrigo-de-montanha-na-peneda-preve-aumentar-oferta-de-alojamento-e-potenciar-turismo\\\/#primaryimage\",\"url\":\"https:\\\/\\\/www.altominho.tv\\\/site\\\/wp-content\\\/uploads\\\/2021\\\/04\\\/Abrigo_Peneda.jpg\",\"contentUrl\":\"https:\\\/\\\/www.altominho.tv\\\/site\\\/wp-content\\\/uploads\\\/2021\\\/04\\\/Abrigo_Peneda.jpg\",\"width\":1518,\"height\":913},{\"@type\":\"BreadcrumbList\",\"@id\":\"https:\\\/\\\/www.altominho.tv\\\/site\\\/2021\\\/04\\\/06\\\/abrigo-de-montanha-na-peneda-preve-aumentar-oferta-de-alojamento-e-potenciar-turismo\\\/#breadcrumb\",\"itemListElement\":[{\"@type\":\"ListItem\",\"position\":1,\"name\":\"In\u00edcio\",\"item\":\"https:\\\/\\\/www.altominho.tv\\\/site\\\/\"},{\"@type\":\"ListItem\",\"position\":2,\"name\":\"Abrigo de montanha na Peneda prev\u00ea aumentar oferta de alojamento e potenciar turismo\"}]},{\"@type\":\"WebSite\",\"@id\":\"https:\\\/\\\/www.altominho.tv\\\/site\\\/#website\",\"url\":\"https:\\\/\\\/www.altominho.tv\\\/site\\\/\",\"name\":\"Altominho.tv\",\"description\":\"A sua regi\u00e3o \u00e0 dist\u00e2ncia de um clique...\",\"potentialAction\":[{\"@type\":\"SearchAction\",\"target\":{\"@type\":\"EntryPoint\",\"urlTemplate\":\"https:\\\/\\\/www.altominho.tv\\\/site\\\/?s={search_term_string}\"},\"query-input\":{\"@type\":\"PropertyValueSpecification\",\"valueRequired\":true,\"valueName\":\"search_term_string\"}}],\"inLanguage\":\"pt-PT\"},{\"@type\":\"Person\",\"@id\":\"https:\\\/\\\/www.altominho.tv\\\/site\\\/#\\\/schema\\\/person\\\/4e536851627d7914baf3dac752b6af22\",\"name\":\"Altominho.tv\",\"image\":{\"@type\":\"ImageObject\",\"inLanguage\":\"pt-PT\",\"@id\":\"https:\\\/\\\/www.altominho.tv\\\/site\\\/wp-content\\\/uploads\\\/2019\\\/11\\\/Logo_Avatar_2-150x150.jpg\",\"url\":\"https:\\\/\\\/www.altominho.tv\\\/site\\\/wp-content\\\/uploads\\\/2019\\\/11\\\/Logo_Avatar_2-150x150.jpg\",\"contentUrl\":\"https:\\\/\\\/www.altominho.tv\\\/site\\\/wp-content\\\/uploads\\\/2019\\\/11\\\/Logo_Avatar_2-150x150.jpg\",\"caption\":\"Altominho.tv\"},\"url\":\"https:\\\/\\\/www.altominho.tv\\\/site\\\/author\\\/altominhotv-tecnico\\\/\"}]}<\/script>\n<!-- \/ Yoast SEO Premium plugin. -->","yoast_head_json":{"title":"Abrigo de montanha na Peneda prev\u00ea aumentar oferta de alojamento e potenciar turismo","robots":{"index":"index","follow":"follow","max-snippet":"max-snippet:-1","max-image-preview":"max-image-preview:large","max-video-preview":"max-video-preview:-1"},"canonical":"https:\/\/www.altominho.tv\/site\/2021\/04\/06\/abrigo-de-montanha-na-peneda-preve-aumentar-oferta-de-alojamento-e-potenciar-turismo\/","og_locale":"pt_PT","og_type":"article","og_title":"Abrigo de montanha na Peneda prev\u00ea aumentar oferta de alojamento e potenciar turismo","og_description":"Um investimento de mais de 116 mil euros vai reconverter um dos antigos quart\u00e9is do santu\u00e1rio de Nossa Senhora da Peneda, na Gavieira, Arcos de Valdevez, em abrigo de montanha, foi hoje divulgado pela C\u00e2mara. O projeto, que resulta de uma parceria entre aquela autarquia do distrito de Viana do Castelo e a Confraria de [&hellip;]","og_url":"https:\/\/www.altominho.tv\/site\/2021\/04\/06\/abrigo-de-montanha-na-peneda-preve-aumentar-oferta-de-alojamento-e-potenciar-turismo\/","og_site_name":"Altominho.tv","article_publisher":"https:\/\/www.facebook.com\/altominhotv","article_published_time":"2021-04-06T14:32:47+00:00","article_modified_time":"2021-04-06T21:34:57+00:00","og_image":[{"width":1518,"height":913,"url":"https:\/\/www.altominho.tv\/site\/wp-content\/uploads\/2021\/04\/Abrigo_Peneda.jpg","type":"image\/jpeg"}],"author":"Altominho.tv","twitter_card":"summary_large_image","twitter_creator":"@altominhoTV","twitter_site":"@altominhoTV","twitter_misc":{"Escrito por":"Altominho.tv","Tempo estimado de leitura":"4 minutos"},"schema":{"@context":"https:\/\/schema.org","@graph":[{"@type":"Article","@id":"https:\/\/www.altominho.tv\/site\/2021\/04\/06\/abrigo-de-montanha-na-peneda-preve-aumentar-oferta-de-alojamento-e-potenciar-turismo\/#article","isPartOf":{"@id":"https:\/\/www.altominho.tv\/site\/2021\/04\/06\/abrigo-de-montanha-na-peneda-preve-aumentar-oferta-de-alojamento-e-potenciar-turismo\/"},"author":{"name":"Altominho.tv","@id":"https:\/\/www.altominho.tv\/site\/#\/schema\/person\/4e536851627d7914baf3dac752b6af22"},"headline":"Abrigo de montanha na Peneda prev\u00ea aumentar oferta de alojamento e potenciar turismo","datePublished":"2021-04-06T14:32:47+00:00","dateModified":"2021-04-06T21:34:57+00:00","mainEntityOfPage":{"@id":"https:\/\/www.altominho.tv\/site\/2021\/04\/06\/abrigo-de-montanha-na-peneda-preve-aumentar-oferta-de-alojamento-e-potenciar-turismo\/"},"wordCount":715,"image":{"@id":"https:\/\/www.altominho.tv\/site\/2021\/04\/06\/abrigo-de-montanha-na-peneda-preve-aumentar-oferta-de-alojamento-e-potenciar-turismo\/#primaryimage"},"thumbnailUrl":"https:\/\/www.altominho.tv\/site\/wp-content\/uploads\/2021\/04\/Abrigo_Peneda.jpg","keywords":["Lazer"],"articleSection":["Arcos de Valdevez"],"inLanguage":"pt-PT","copyrightYear":"2021","copyrightHolder":{"@id":"https:\/\/www.altominho.tv\/site\/#organization"}},{"@type":"WebPage","@id":"https:\/\/www.altominho.tv\/site\/2021\/04\/06\/abrigo-de-montanha-na-peneda-preve-aumentar-oferta-de-alojamento-e-potenciar-turismo\/","url":"https:\/\/www.altominho.tv\/site\/2021\/04\/06\/abrigo-de-montanha-na-peneda-preve-aumentar-oferta-de-alojamento-e-potenciar-turismo\/","name":"Abrigo de montanha na Peneda prev\u00ea aumentar oferta de alojamento e potenciar turismo","isPartOf":{"@id":"https:\/\/www.altominho.tv\/site\/#website"},"primaryImageOfPage":{"@id":"https:\/\/www.altominho.tv\/site\/2021\/04\/06\/abrigo-de-montanha-na-peneda-preve-aumentar-oferta-de-alojamento-e-potenciar-turismo\/#primaryimage"},"image":{"@id":"https:\/\/www.altominho.tv\/site\/2021\/04\/06\/abrigo-de-montanha-na-peneda-preve-aumentar-oferta-de-alojamento-e-potenciar-turismo\/#primaryimage"},"thumbnailUrl":"https:\/\/www.altominho.tv\/site\/wp-content\/uploads\/2021\/04\/Abrigo_Peneda.jpg","datePublished":"2021-04-06T14:32:47+00:00","dateModified":"2021-04-06T21:34:57+00:00","author":{"@id":"https:\/\/www.altominho.tv\/site\/#\/schema\/person\/4e536851627d7914baf3dac752b6af22"},"breadcrumb":{"@id":"https:\/\/www.altominho.tv\/site\/2021\/04\/06\/abrigo-de-montanha-na-peneda-preve-aumentar-oferta-de-alojamento-e-potenciar-turismo\/#breadcrumb"},"inLanguage":"pt-PT","potentialAction":[{"@type":"ReadAction","target":["https:\/\/www.altominho.tv\/site\/2021\/04\/06\/abrigo-de-montanha-na-peneda-preve-aumentar-oferta-de-alojamento-e-potenciar-turismo\/"]}]},{"@type":"ImageObject","inLanguage":"pt-PT","@id":"https:\/\/www.altominho.tv\/site\/2021\/04\/06\/abrigo-de-montanha-na-peneda-preve-aumentar-oferta-de-alojamento-e-potenciar-turismo\/#primaryimage","url":"https:\/\/www.altominho.tv\/site\/wp-content\/uploads\/2021\/04\/Abrigo_Peneda.jpg","contentUrl":"https:\/\/www.altominho.tv\/site\/wp-content\/uploads\/2021\/04\/Abrigo_Peneda.jpg","width":1518,"height":913},{"@type":"BreadcrumbList","@id":"https:\/\/www.altominho.tv\/site\/2021\/04\/06\/abrigo-de-montanha-na-peneda-preve-aumentar-oferta-de-alojamento-e-potenciar-turismo\/#breadcrumb","itemListElement":[{"@type":"ListItem","position":1,"name":"In\u00edcio","item":"https:\/\/www.altominho.tv\/site\/"},{"@type":"ListItem","position":2,"name":"Abrigo de montanha na Peneda prev\u00ea aumentar oferta de alojamento e potenciar turismo"}]},{"@type":"WebSite","@id":"https:\/\/www.altominho.tv\/site\/#website","url":"https:\/\/www.altominho.tv\/site\/","name":"Altominho.tv","description":"A sua regi\u00e3o \u00e0 dist\u00e2ncia de um clique...","potentialAction":[{"@type":"SearchAction","target":{"@type":"EntryPoint","urlTemplate":"https:\/\/www.altominho.tv\/site\/?s={search_term_string}"},"query-input":{"@type":"PropertyValueSpecification","valueRequired":true,"valueName":"search_term_string"}}],"inLanguage":"pt-PT"},{"@type":"Person","@id":"https:\/\/www.altominho.tv\/site\/#\/schema\/person\/4e536851627d7914baf3dac752b6af22","name":"Altominho.tv","image":{"@type":"ImageObject","inLanguage":"pt-PT","@id":"https:\/\/www.altominho.tv\/site\/wp-content\/uploads\/2019\/11\/Logo_Avatar_2-150x150.jpg","url":"https:\/\/www.altominho.tv\/site\/wp-content\/uploads\/2019\/11\/Logo_Avatar_2-150x150.jpg","contentUrl":"https:\/\/www.altominho.tv\/site\/wp-content\/uploads\/2019\/11\/Logo_Avatar_2-150x150.jpg","caption":"Altominho.tv"},"url":"https:\/\/www.altominho.tv\/site\/author\/altominhotv-tecnico\/"}]}},"_links":{"self":[{"href":"https:\/\/www.altominho.tv\/site\/wp-json\/wp\/v2\/posts\/64836","targetHints":{"allow":["GET"]}}],"collection":[{"href":"https:\/\/www.altominho.tv\/site\/wp-json\/wp\/v2\/posts"}],"about":[{"href":"https:\/\/www.altominho.tv\/site\/wp-json\/wp\/v2\/types\/post"}],"author":[{"embeddable":true,"href":"https:\/\/www.altominho.tv\/site\/wp-json\/wp\/v2\/users\/1"}],"replies":[{"embeddable":true,"href":"https:\/\/www.altominho.tv\/site\/wp-json\/wp\/v2\/comments?post=64836"}],"version-history":[{"count":0,"href":"https:\/\/www.altominho.tv\/site\/wp-json\/wp\/v2\/posts\/64836\/revisions"}],"wp:featuredmedia":[{"embeddable":true,"href":"https:\/\/www.altominho.tv\/site\/wp-json\/wp\/v2\/media\/64838"}],"wp:attachment":[{"href":"https:\/\/www.altominho.tv\/site\/wp-json\/wp\/v2\/media?parent=64836"}],"wp:term":[{"taxonomy":"category","embeddable":true,"href":"https:\/\/www.altominho.tv\/site\/wp-json\/wp\/v2\/categories?post=64836"},{"taxonomy":"post_tag","embeddable":true,"href":"https:\/\/www.altominho.tv\/site\/wp-json\/wp\/v2\/tags?post=64836"}],"curies":[{"name":"wp","href":"https:\/\/api.w.org\/{rel}","templated":true}]}}