{"id":64835,"date":"2021-04-06T15:31:10","date_gmt":"2021-04-06T14:31:10","guid":{"rendered":"https:\/\/www.altominho.tv\/site\/?p=64835"},"modified":"2021-04-12T17:18:41","modified_gmt":"2021-04-12T16:18:41","slug":"costa-preocupado-com-velocidade-de-contagios-nas-escolas-e-promete-reforco-da-vigilancia","status":"publish","type":"post","link":"https:\/\/www.altominho.tv\/site\/2021\/04\/06\/costa-preocupado-com-velocidade-de-contagios-nas-escolas-e-promete-reforco-da-vigilancia\/","title":{"rendered":"Costa preocupado com velocidade de cont\u00e1gios nas escolas e promete refor\u00e7o da vigil\u00e2ncia"},"content":{"rendered":"\n<p>O primeiro-ministro manifestou-se hoje preocupado com a velocidade de transmiss\u00e3o das infe\u00e7\u00f5es de covid-19 nas escolas, que associou \u00e0 variante brit\u00e2nica, e afirmou estar em curso um refor\u00e7o da testagem e um alargamento da vigil\u00e2ncia.<\/p>\n\n\n\n<p>Ant\u00f3nio Costa falava em confer\u00eancia de imprensa, em S\u00e3o Bento, ap\u00f3s ter estado reunido por videoconfer\u00eancia com os presidentes de c\u00e2maras dos sete munic\u00edpios que registam mais de 240 casos de covid-19 por cem mil habitantes nos \u00faltimos 15 dias: Alandroal, Carregal do Sal, Moura, Odemira, Portim\u00e3o, Ribeira de Pena e Rio Maior.<\/p>\n\n\n\n<p>Confrontado com dados que indiciam um aumento dos cont\u00e1gios entre crian\u00e7as, sobretudo desde que reabriram as escolas em 15 de mar\u00e7o, o l\u00edder do executivo reconheceu estar apreensivo.<\/p>\n\n\n\n<p>&#8220;Temos vindo a acompanhar muito de perto a situa\u00e7\u00e3o. Como se recordam, houve uma testagem de todo o pessoal docente e n\u00e3o docente antes da abertura das creches, do pr\u00e9-escolar e do 1\u00ba ciclo do b\u00e1sico. E, para um refor\u00e7o do grau de prote\u00e7\u00e3o, est\u00e1 em curso uma vacina\u00e7\u00e3o massiva de todo o pessoal&#8221; docente e n\u00e3o docente de estabelecimentos de ensino, apontou.<\/p>\n\n\n\n<p>No entanto, de acordo com o primeiro-ministro, h\u00e1 agora um dado novo.<\/p>\n\n\n\n<p>&#8220;Ao contr\u00e1rio do que aconteceu no primeiro per\u00edodo [deste ano letivo], \u00e9 que, agora, em resultado desta nova variante [brit\u00e2nica], que tem maior transmissibilidade, em regra, quando \u00e9 comunicado um caso e quando se faz a testagem generalizada, verificam-se logo outros casos&#8221;, revelou Ant\u00f3nio Costa.<\/p>\n\n\n\n<p>Nesse sentido, segundo o primeiro-ministro, ap\u00f3s a identifica\u00e7\u00e3o de um caso com uma crian\u00e7a numa escola, &#8220;est\u00e3o tamb\u00e9m a ser testadas as respetivas fam\u00edlias&#8221;.<\/p>\n\n\n\n<p>&#8220;Temos de alargar o universo de vigil\u00e2ncia porque, de facto, esta variante, como j\u00e1 t\u00ednhamos percebido no final de dezembro, faz aumentar muito significativamente os riscos de transmiss\u00e3o&#8221;, acrescentou.<\/p>\n\n\n\n<p>Portugal registou hoje duas mortes relacionadas com a covid-19 e 874 novos casos de infe\u00e7\u00e3o com o novo coronav\u00edrus, o valor mais elevado desde o in\u00edcio de mar\u00e7o, segundo a Dire\u00e7\u00e3o-Geral da Sa\u00fade (DGS).<\/p>\n\n\n\n<p>O boletim epidemiol\u00f3gico da DGS revela que est\u00e3o internados 504 doentes (menos 32 do que na segunda-feira), o mais baixo desde 19 de setembro, dia em que estavam internadas 497 pessoas.<\/p>\n\n\n\n<p>Nos cuidados intensivos, Portugal tem hoje 113 doentes, mais um em rela\u00e7\u00e3o a segunda-feira, valor mais baixo desde 07 de outubro, dia em que estavam internadas nestas unidades 104 pessoas.<\/p>\n","protected":false},"excerpt":{"rendered":"<p>O primeiro-ministro manifestou-se hoje preocupado com a velocidade de transmiss\u00e3o das infe\u00e7\u00f5es de covid-19 nas escolas, que associou \u00e0 variante brit\u00e2nica, e afirmou estar em curso um refor\u00e7o da testagem e um alargamento da vigil\u00e2ncia. Ant\u00f3nio Costa falava em confer\u00eancia de imprensa, em S\u00e3o Bento, ap\u00f3s ter estado reunido por videoconfer\u00eancia com os presidentes de [&hellip;]<\/p>\n","protected":false},"author":13,"featured_media":64837,"comment_status":"closed","ping_status":"closed","sticky":false,"template":"","format":"standard","meta":{"_exactmetrics_skip_tracking":false,"_exactmetrics_sitenote_active":false,"_exactmetrics_sitenote_note":"","_exactmetrics_sitenote_category":0,"footnotes":""},"categories":[42722],"tags":[26,27],"class_list":["post-64835","post","type-post","status-publish","format-standard","has-post-thumbnail","hentry","category-covid-19","tag-saude","tag-sociedade"],"yoast_head":"<!-- This site is optimized with the Yoast SEO Premium plugin v27.5 (Yoast SEO v27.5) - https:\/\/yoast.com\/product\/yoast-seo-premium-wordpress\/ -->\n<title>Costa preocupado com velocidade de cont\u00e1gios nas escolas e promete refor\u00e7o da vigil\u00e2ncia<\/title>\n<meta name=\"robots\" content=\"index, follow, max-snippet:-1, max-image-preview:large, max-video-preview:-1\" \/>\n<link rel=\"canonical\" href=\"https:\/\/www.altominho.tv\/site\/2021\/04\/06\/costa-preocupado-com-velocidade-de-contagios-nas-escolas-e-promete-reforco-da-vigilancia\/\" \/>\n<meta property=\"og:locale\" content=\"pt_PT\" \/>\n<meta property=\"og:type\" content=\"article\" \/>\n<meta property=\"og:title\" content=\"Costa preocupado com velocidade de cont\u00e1gios nas escolas e promete refor\u00e7o da vigil\u00e2ncia\" \/>\n<meta property=\"og:description\" content=\"O primeiro-ministro manifestou-se hoje preocupado com a velocidade de transmiss\u00e3o das infe\u00e7\u00f5es de covid-19 nas escolas, que associou \u00e0 variante brit\u00e2nica, e afirmou estar em curso um refor\u00e7o da testagem e um alargamento da vigil\u00e2ncia. Ant\u00f3nio Costa falava em confer\u00eancia de imprensa, em S\u00e3o Bento, ap\u00f3s ter estado reunido por videoconfer\u00eancia com os presidentes de [&hellip;]\" \/>\n<meta property=\"og:url\" content=\"https:\/\/www.altominho.tv\/site\/2021\/04\/06\/costa-preocupado-com-velocidade-de-contagios-nas-escolas-e-promete-reforco-da-vigilancia\/\" \/>\n<meta property=\"og:site_name\" content=\"Altominho.tv\" \/>\n<meta property=\"article:publisher\" content=\"https:\/\/www.facebook.com\/altominhotv\" \/>\n<meta property=\"article:published_time\" content=\"2021-04-06T14:31:10+00:00\" \/>\n<meta property=\"article:modified_time\" content=\"2021-04-12T16:18:41+00:00\" \/>\n<meta property=\"og:image\" content=\"https:\/\/www.altominho.tv\/site\/wp-content\/uploads\/2021\/04\/image.jpeg\" \/>\n\t<meta property=\"og:image:width\" content=\"1400\" \/>\n\t<meta property=\"og:image:height\" content=\"933\" \/>\n\t<meta property=\"og:image:type\" content=\"image\/jpeg\" \/>\n<meta name=\"author\" content=\"Lusa\" \/>\n<meta name=\"twitter:card\" content=\"summary_large_image\" \/>\n<meta name=\"twitter:creator\" content=\"@altominhoTV\" \/>\n<meta name=\"twitter:site\" content=\"@altominhoTV\" \/>\n<meta name=\"twitter:label1\" content=\"Escrito por\" \/>\n\t<meta name=\"twitter:data1\" content=\"Lusa\" \/>\n\t<meta name=\"twitter:label2\" content=\"Tempo estimado de leitura\" \/>\n\t<meta name=\"twitter:data2\" content=\"2 minutos\" \/>\n<script type=\"application\/ld+json\" class=\"yoast-schema-graph\">{\"@context\":\"https:\\\/\\\/schema.org\",\"@graph\":[{\"@type\":\"Article\",\"@id\":\"https:\\\/\\\/www.altominho.tv\\\/site\\\/2021\\\/04\\\/06\\\/costa-preocupado-com-velocidade-de-contagios-nas-escolas-e-promete-reforco-da-vigilancia\\\/#article\",\"isPartOf\":{\"@id\":\"https:\\\/\\\/www.altominho.tv\\\/site\\\/2021\\\/04\\\/06\\\/costa-preocupado-com-velocidade-de-contagios-nas-escolas-e-promete-reforco-da-vigilancia\\\/\"},\"author\":{\"name\":\"Lusa\",\"@id\":\"https:\\\/\\\/www.altominho.tv\\\/site\\\/#\\\/schema\\\/person\\\/63f693da3e1899361cbe955c46f3232e\"},\"headline\":\"Costa preocupado com velocidade de cont\u00e1gios nas escolas e promete refor\u00e7o da vigil\u00e2ncia\",\"datePublished\":\"2021-04-06T14:31:10+00:00\",\"dateModified\":\"2021-04-12T16:18:41+00:00\",\"mainEntityOfPage\":{\"@id\":\"https:\\\/\\\/www.altominho.tv\\\/site\\\/2021\\\/04\\\/06\\\/costa-preocupado-com-velocidade-de-contagios-nas-escolas-e-promete-reforco-da-vigilancia\\\/\"},\"wordCount\":432,\"image\":{\"@id\":\"https:\\\/\\\/www.altominho.tv\\\/site\\\/2021\\\/04\\\/06\\\/costa-preocupado-com-velocidade-de-contagios-nas-escolas-e-promete-reforco-da-vigilancia\\\/#primaryimage\"},\"thumbnailUrl\":\"https:\\\/\\\/www.altominho.tv\\\/site\\\/wp-content\\\/uploads\\\/2021\\\/04\\\/image.jpeg\",\"keywords\":[\"Sa\u00fade\",\"Sociedade\"],\"articleSection\":[\"Coronav\u00edrus\"],\"inLanguage\":\"pt-PT\",\"copyrightYear\":\"2021\",\"copyrightHolder\":{\"@id\":\"https:\\\/\\\/www.altominho.tv\\\/site\\\/#organization\"}},{\"@type\":\"WebPage\",\"@id\":\"https:\\\/\\\/www.altominho.tv\\\/site\\\/2021\\\/04\\\/06\\\/costa-preocupado-com-velocidade-de-contagios-nas-escolas-e-promete-reforco-da-vigilancia\\\/\",\"url\":\"https:\\\/\\\/www.altominho.tv\\\/site\\\/2021\\\/04\\\/06\\\/costa-preocupado-com-velocidade-de-contagios-nas-escolas-e-promete-reforco-da-vigilancia\\\/\",\"name\":\"Costa preocupado com velocidade de cont\u00e1gios nas escolas e promete refor\u00e7o da vigil\u00e2ncia\",\"isPartOf\":{\"@id\":\"https:\\\/\\\/www.altominho.tv\\\/site\\\/#website\"},\"primaryImageOfPage\":{\"@id\":\"https:\\\/\\\/www.altominho.tv\\\/site\\\/2021\\\/04\\\/06\\\/costa-preocupado-com-velocidade-de-contagios-nas-escolas-e-promete-reforco-da-vigilancia\\\/#primaryimage\"},\"image\":{\"@id\":\"https:\\\/\\\/www.altominho.tv\\\/site\\\/2021\\\/04\\\/06\\\/costa-preocupado-com-velocidade-de-contagios-nas-escolas-e-promete-reforco-da-vigilancia\\\/#primaryimage\"},\"thumbnailUrl\":\"https:\\\/\\\/www.altominho.tv\\\/site\\\/wp-content\\\/uploads\\\/2021\\\/04\\\/image.jpeg\",\"datePublished\":\"2021-04-06T14:31:10+00:00\",\"dateModified\":\"2021-04-12T16:18:41+00:00\",\"author\":{\"@id\":\"https:\\\/\\\/www.altominho.tv\\\/site\\\/#\\\/schema\\\/person\\\/63f693da3e1899361cbe955c46f3232e\"},\"breadcrumb\":{\"@id\":\"https:\\\/\\\/www.altominho.tv\\\/site\\\/2021\\\/04\\\/06\\\/costa-preocupado-com-velocidade-de-contagios-nas-escolas-e-promete-reforco-da-vigilancia\\\/#breadcrumb\"},\"inLanguage\":\"pt-PT\",\"potentialAction\":[{\"@type\":\"ReadAction\",\"target\":[\"https:\\\/\\\/www.altominho.tv\\\/site\\\/2021\\\/04\\\/06\\\/costa-preocupado-com-velocidade-de-contagios-nas-escolas-e-promete-reforco-da-vigilancia\\\/\"]}]},{\"@type\":\"ImageObject\",\"inLanguage\":\"pt-PT\",\"@id\":\"https:\\\/\\\/www.altominho.tv\\\/site\\\/2021\\\/04\\\/06\\\/costa-preocupado-com-velocidade-de-contagios-nas-escolas-e-promete-reforco-da-vigilancia\\\/#primaryimage\",\"url\":\"https:\\\/\\\/www.altominho.tv\\\/site\\\/wp-content\\\/uploads\\\/2021\\\/04\\\/image.jpeg\",\"contentUrl\":\"https:\\\/\\\/www.altominho.tv\\\/site\\\/wp-content\\\/uploads\\\/2021\\\/04\\\/image.jpeg\",\"width\":1400,\"height\":933},{\"@type\":\"BreadcrumbList\",\"@id\":\"https:\\\/\\\/www.altominho.tv\\\/site\\\/2021\\\/04\\\/06\\\/costa-preocupado-com-velocidade-de-contagios-nas-escolas-e-promete-reforco-da-vigilancia\\\/#breadcrumb\",\"itemListElement\":[{\"@type\":\"ListItem\",\"position\":1,\"name\":\"In\u00edcio\",\"item\":\"https:\\\/\\\/www.altominho.tv\\\/site\\\/\"},{\"@type\":\"ListItem\",\"position\":2,\"name\":\"Costa preocupado com velocidade de cont\u00e1gios nas escolas e promete refor\u00e7o da vigil\u00e2ncia\"}]},{\"@type\":\"WebSite\",\"@id\":\"https:\\\/\\\/www.altominho.tv\\\/site\\\/#website\",\"url\":\"https:\\\/\\\/www.altominho.tv\\\/site\\\/\",\"name\":\"Altominho.tv\",\"description\":\"A sua regi\u00e3o \u00e0 dist\u00e2ncia de um clique...\",\"potentialAction\":[{\"@type\":\"SearchAction\",\"target\":{\"@type\":\"EntryPoint\",\"urlTemplate\":\"https:\\\/\\\/www.altominho.tv\\\/site\\\/?s={search_term_string}\"},\"query-input\":{\"@type\":\"PropertyValueSpecification\",\"valueRequired\":true,\"valueName\":\"search_term_string\"}}],\"inLanguage\":\"pt-PT\"},{\"@type\":\"Person\",\"@id\":\"https:\\\/\\\/www.altominho.tv\\\/site\\\/#\\\/schema\\\/person\\\/63f693da3e1899361cbe955c46f3232e\",\"name\":\"Lusa\",\"image\":{\"@type\":\"ImageObject\",\"inLanguage\":\"pt-PT\",\"@id\":\"https:\\\/\\\/www.altominho.tv\\\/site\\\/wp-content\\\/uploads\\\/2019\\\/08\\\/LUSA_Logo.gif\",\"url\":\"https:\\\/\\\/www.altominho.tv\\\/site\\\/wp-content\\\/uploads\\\/2019\\\/08\\\/LUSA_Logo.gif\",\"contentUrl\":\"https:\\\/\\\/www.altominho.tv\\\/site\\\/wp-content\\\/uploads\\\/2019\\\/08\\\/LUSA_Logo.gif\",\"caption\":\"Lusa\"},\"sameAs\":[\"http:\\\/\\\/\\\/\\\/www.altominho.tv\\\/site\"],\"url\":\"https:\\\/\\\/www.altominho.tv\\\/site\\\/author\\\/lusa\\\/\"}]}<\/script>\n<!-- \/ Yoast SEO Premium plugin. -->","yoast_head_json":{"title":"Costa preocupado com velocidade de cont\u00e1gios nas escolas e promete refor\u00e7o da vigil\u00e2ncia","robots":{"index":"index","follow":"follow","max-snippet":"max-snippet:-1","max-image-preview":"max-image-preview:large","max-video-preview":"max-video-preview:-1"},"canonical":"https:\/\/www.altominho.tv\/site\/2021\/04\/06\/costa-preocupado-com-velocidade-de-contagios-nas-escolas-e-promete-reforco-da-vigilancia\/","og_locale":"pt_PT","og_type":"article","og_title":"Costa preocupado com velocidade de cont\u00e1gios nas escolas e promete refor\u00e7o da vigil\u00e2ncia","og_description":"O primeiro-ministro manifestou-se hoje preocupado com a velocidade de transmiss\u00e3o das infe\u00e7\u00f5es de covid-19 nas escolas, que associou \u00e0 variante brit\u00e2nica, e afirmou estar em curso um refor\u00e7o da testagem e um alargamento da vigil\u00e2ncia. Ant\u00f3nio Costa falava em confer\u00eancia de imprensa, em S\u00e3o Bento, ap\u00f3s ter estado reunido por videoconfer\u00eancia com os presidentes de [&hellip;]","og_url":"https:\/\/www.altominho.tv\/site\/2021\/04\/06\/costa-preocupado-com-velocidade-de-contagios-nas-escolas-e-promete-reforco-da-vigilancia\/","og_site_name":"Altominho.tv","article_publisher":"https:\/\/www.facebook.com\/altominhotv","article_published_time":"2021-04-06T14:31:10+00:00","article_modified_time":"2021-04-12T16:18:41+00:00","og_image":[{"width":1400,"height":933,"url":"https:\/\/www.altominho.tv\/site\/wp-content\/uploads\/2021\/04\/image.jpeg","type":"image\/jpeg"}],"author":"Lusa","twitter_card":"summary_large_image","twitter_creator":"@altominhoTV","twitter_site":"@altominhoTV","twitter_misc":{"Escrito por":"Lusa","Tempo estimado de leitura":"2 minutos"},"schema":{"@context":"https:\/\/schema.org","@graph":[{"@type":"Article","@id":"https:\/\/www.altominho.tv\/site\/2021\/04\/06\/costa-preocupado-com-velocidade-de-contagios-nas-escolas-e-promete-reforco-da-vigilancia\/#article","isPartOf":{"@id":"https:\/\/www.altominho.tv\/site\/2021\/04\/06\/costa-preocupado-com-velocidade-de-contagios-nas-escolas-e-promete-reforco-da-vigilancia\/"},"author":{"name":"Lusa","@id":"https:\/\/www.altominho.tv\/site\/#\/schema\/person\/63f693da3e1899361cbe955c46f3232e"},"headline":"Costa preocupado com velocidade de cont\u00e1gios nas escolas e promete refor\u00e7o da vigil\u00e2ncia","datePublished":"2021-04-06T14:31:10+00:00","dateModified":"2021-04-12T16:18:41+00:00","mainEntityOfPage":{"@id":"https:\/\/www.altominho.tv\/site\/2021\/04\/06\/costa-preocupado-com-velocidade-de-contagios-nas-escolas-e-promete-reforco-da-vigilancia\/"},"wordCount":432,"image":{"@id":"https:\/\/www.altominho.tv\/site\/2021\/04\/06\/costa-preocupado-com-velocidade-de-contagios-nas-escolas-e-promete-reforco-da-vigilancia\/#primaryimage"},"thumbnailUrl":"https:\/\/www.altominho.tv\/site\/wp-content\/uploads\/2021\/04\/image.jpeg","keywords":["Sa\u00fade","Sociedade"],"articleSection":["Coronav\u00edrus"],"inLanguage":"pt-PT","copyrightYear":"2021","copyrightHolder":{"@id":"https:\/\/www.altominho.tv\/site\/#organization"}},{"@type":"WebPage","@id":"https:\/\/www.altominho.tv\/site\/2021\/04\/06\/costa-preocupado-com-velocidade-de-contagios-nas-escolas-e-promete-reforco-da-vigilancia\/","url":"https:\/\/www.altominho.tv\/site\/2021\/04\/06\/costa-preocupado-com-velocidade-de-contagios-nas-escolas-e-promete-reforco-da-vigilancia\/","name":"Costa preocupado com velocidade de cont\u00e1gios nas escolas e promete refor\u00e7o da vigil\u00e2ncia","isPartOf":{"@id":"https:\/\/www.altominho.tv\/site\/#website"},"primaryImageOfPage":{"@id":"https:\/\/www.altominho.tv\/site\/2021\/04\/06\/costa-preocupado-com-velocidade-de-contagios-nas-escolas-e-promete-reforco-da-vigilancia\/#primaryimage"},"image":{"@id":"https:\/\/www.altominho.tv\/site\/2021\/04\/06\/costa-preocupado-com-velocidade-de-contagios-nas-escolas-e-promete-reforco-da-vigilancia\/#primaryimage"},"thumbnailUrl":"https:\/\/www.altominho.tv\/site\/wp-content\/uploads\/2021\/04\/image.jpeg","datePublished":"2021-04-06T14:31:10+00:00","dateModified":"2021-04-12T16:18:41+00:00","author":{"@id":"https:\/\/www.altominho.tv\/site\/#\/schema\/person\/63f693da3e1899361cbe955c46f3232e"},"breadcrumb":{"@id":"https:\/\/www.altominho.tv\/site\/2021\/04\/06\/costa-preocupado-com-velocidade-de-contagios-nas-escolas-e-promete-reforco-da-vigilancia\/#breadcrumb"},"inLanguage":"pt-PT","potentialAction":[{"@type":"ReadAction","target":["https:\/\/www.altominho.tv\/site\/2021\/04\/06\/costa-preocupado-com-velocidade-de-contagios-nas-escolas-e-promete-reforco-da-vigilancia\/"]}]},{"@type":"ImageObject","inLanguage":"pt-PT","@id":"https:\/\/www.altominho.tv\/site\/2021\/04\/06\/costa-preocupado-com-velocidade-de-contagios-nas-escolas-e-promete-reforco-da-vigilancia\/#primaryimage","url":"https:\/\/www.altominho.tv\/site\/wp-content\/uploads\/2021\/04\/image.jpeg","contentUrl":"https:\/\/www.altominho.tv\/site\/wp-content\/uploads\/2021\/04\/image.jpeg","width":1400,"height":933},{"@type":"BreadcrumbList","@id":"https:\/\/www.altominho.tv\/site\/2021\/04\/06\/costa-preocupado-com-velocidade-de-contagios-nas-escolas-e-promete-reforco-da-vigilancia\/#breadcrumb","itemListElement":[{"@type":"ListItem","position":1,"name":"In\u00edcio","item":"https:\/\/www.altominho.tv\/site\/"},{"@type":"ListItem","position":2,"name":"Costa preocupado com velocidade de cont\u00e1gios nas escolas e promete refor\u00e7o da vigil\u00e2ncia"}]},{"@type":"WebSite","@id":"https:\/\/www.altominho.tv\/site\/#website","url":"https:\/\/www.altominho.tv\/site\/","name":"Altominho.tv","description":"A sua regi\u00e3o \u00e0 dist\u00e2ncia de um clique...","potentialAction":[{"@type":"SearchAction","target":{"@type":"EntryPoint","urlTemplate":"https:\/\/www.altominho.tv\/site\/?s={search_term_string}"},"query-input":{"@type":"PropertyValueSpecification","valueRequired":true,"valueName":"search_term_string"}}],"inLanguage":"pt-PT"},{"@type":"Person","@id":"https:\/\/www.altominho.tv\/site\/#\/schema\/person\/63f693da3e1899361cbe955c46f3232e","name":"Lusa","image":{"@type":"ImageObject","inLanguage":"pt-PT","@id":"https:\/\/www.altominho.tv\/site\/wp-content\/uploads\/2019\/08\/LUSA_Logo.gif","url":"https:\/\/www.altominho.tv\/site\/wp-content\/uploads\/2019\/08\/LUSA_Logo.gif","contentUrl":"https:\/\/www.altominho.tv\/site\/wp-content\/uploads\/2019\/08\/LUSA_Logo.gif","caption":"Lusa"},"sameAs":["http:\/\/\/\/www.altominho.tv\/site"],"url":"https:\/\/www.altominho.tv\/site\/author\/lusa\/"}]}},"_links":{"self":[{"href":"https:\/\/www.altominho.tv\/site\/wp-json\/wp\/v2\/posts\/64835","targetHints":{"allow":["GET"]}}],"collection":[{"href":"https:\/\/www.altominho.tv\/site\/wp-json\/wp\/v2\/posts"}],"about":[{"href":"https:\/\/www.altominho.tv\/site\/wp-json\/wp\/v2\/types\/post"}],"author":[{"embeddable":true,"href":"https:\/\/www.altominho.tv\/site\/wp-json\/wp\/v2\/users\/13"}],"replies":[{"embeddable":true,"href":"https:\/\/www.altominho.tv\/site\/wp-json\/wp\/v2\/comments?post=64835"}],"version-history":[{"count":0,"href":"https:\/\/www.altominho.tv\/site\/wp-json\/wp\/v2\/posts\/64835\/revisions"}],"wp:featuredmedia":[{"embeddable":true,"href":"https:\/\/www.altominho.tv\/site\/wp-json\/wp\/v2\/media\/64837"}],"wp:attachment":[{"href":"https:\/\/www.altominho.tv\/site\/wp-json\/wp\/v2\/media?parent=64835"}],"wp:term":[{"taxonomy":"category","embeddable":true,"href":"https:\/\/www.altominho.tv\/site\/wp-json\/wp\/v2\/categories?post=64835"},{"taxonomy":"post_tag","embeddable":true,"href":"https:\/\/www.altominho.tv\/site\/wp-json\/wp\/v2\/tags?post=64835"}],"curies":[{"name":"wp","href":"https:\/\/api.w.org\/{rel}","templated":true}]}}