{"id":64829,"date":"2021-04-06T14:33:15","date_gmt":"2021-04-06T13:33:15","guid":{"rendered":"https:\/\/www.altominho.tv\/site\/?p=64829"},"modified":"2021-04-06T23:01:29","modified_gmt":"2021-04-06T22:01:29","slug":"portugal-regista-mais-dois-mortos-e-874-casos-de-covid-19","status":"publish","type":"post","link":"https:\/\/www.altominho.tv\/site\/2021\/04\/06\/portugal-regista-mais-dois-mortos-e-874-casos-de-covid-19\/","title":{"rendered":"Portugal regista mais dois mortos e 874 casos de Covid-19"},"content":{"rendered":"<p class=\"t-article-content-intro-1 selectionShareable\">Portugal reportou duas mortes e 874 casos de Covid-19 nas \u00faltimas 24 horas, registo mais elevado desde o 1007 de 6 de fevereiro.<\/p>\n<p class=\"selectionShareable\">A pandemia causou 16.887 mortos em Portugal desde que foi detetada no pa\u00eds, em mar\u00e7o de 2020. Os n\u00fameros incluem j\u00e1 os dois \u00f3bitos registados nas \u00faltimas 24 horas, per\u00edodo no qual foram reportados 874 casos de Covid-19, registo mais elevado desde 6 de fevereiro. O total de infe\u00e7\u00f5es detetadas em 13 meses para 824.368.<\/p>\n<p class=\"selectionShareable\">A Dire\u00e7\u00e3o Geral da Sa\u00fade esclarece, no entanto, que dos 874 casos reportados esta ter\u00e7a-feira, 599 s\u00e3o notifica\u00e7\u00f5es laboratoriais positivas que reportam ao fim de semana, pelo que o total de casos seria de 275, contando apenas as \u00faltimas 24 horas.<\/p>\n<p class=\"selectionShareable\">S\u00e3o quase 600 casos a acrescentar aos totais reportados no domingo, 193, e segunda-feira, 159 &#8211; dois dias com menos de 200 casos, o que aconteceu pela primeira vez desde agosto de 2020. A m\u00e9dia, nestes tr\u00eas dias, somando todos os casos, ascende a 408 positivos por dia.<\/p>\n<p class=\"selectionShareable\">Ap\u00f3s dois dias a subir, o total de hospitalizados caiu em 32. S\u00e3o agora 504 os doentes acamados em hospitais portugueses devido \u00e0 Covid-19, o n\u00famero mais baixo desde 19 de setembro, quando havia 497 pessoas acamadas.<\/p>\n<p class=\"selectionShareable\">Em sentido inverso, s\u00e3o agora 113 os doentes internados em unidade de cuidados intensivos (UCI). N\u00famero que representa uma subida de um relativamente doente aos 112 que ontem estavam em estado grave na segunda-feira.<\/p>\n<p class=\"selectionShareable\">Com mais 894 doentes recuperados (781.537 no total) nas \u00faltimas 24 horas, o n\u00famero de casos ativos caiu para 25.944, menos 22 do que na segunda-feira.<\/p>\n<p class=\"selectionShareable\">As v\u00edtimas mortais, um homem com mais de 70 anos e uma mulher com mais de 80, residiam ambas na Regi\u00e3o de Lisboa, que chora a perda de 7155 vidas desde o in\u00edcio da pandemia. O entorno da capital portuguesa reportou 317 novos caos de Covid-19, com o total a ascender a 312.537 desde mar\u00e7o de 2020.<\/p>\n","protected":false},"excerpt":{"rendered":"<p>Portugal reportou duas mortes e 874 casos de Covid-19 nas \u00faltimas 24 horas, registo mais elevado desde o 1007 de 6 de fevereiro. A pandemia causou 16.887 mortos em Portugal desde que foi detetada no pa\u00eds, em mar\u00e7o de 2020. Os n\u00fameros incluem j\u00e1 os dois \u00f3bitos registados nas \u00faltimas 24 horas, per\u00edodo no qual [&hellip;]<\/p>\n","protected":false},"author":8,"featured_media":61724,"comment_status":"closed","ping_status":"closed","sticky":false,"template":"","format":"standard","meta":{"_exactmetrics_skip_tracking":false,"_exactmetrics_sitenote_active":false,"_exactmetrics_sitenote_note":"","_exactmetrics_sitenote_category":0,"footnotes":""},"categories":[42722],"tags":[26,27],"class_list":["post-64829","post","type-post","status-publish","format-standard","has-post-thumbnail","hentry","category-covid-19","tag-saude","tag-sociedade"],"yoast_head":"<!-- This site is optimized with the Yoast SEO Premium plugin v27.5 (Yoast SEO v27.5) - https:\/\/yoast.com\/product\/yoast-seo-premium-wordpress\/ -->\n<title>Portugal regista mais dois mortos e 874 casos de Covid-19<\/title>\n<meta name=\"robots\" content=\"index, follow, max-snippet:-1, max-image-preview:large, max-video-preview:-1\" \/>\n<link rel=\"canonical\" href=\"https:\/\/www.altominho.tv\/site\/2021\/04\/06\/portugal-regista-mais-dois-mortos-e-874-casos-de-covid-19\/\" \/>\n<meta property=\"og:locale\" content=\"pt_PT\" \/>\n<meta property=\"og:type\" content=\"article\" \/>\n<meta property=\"og:title\" content=\"Portugal regista mais dois mortos e 874 casos de Covid-19\" \/>\n<meta property=\"og:description\" content=\"Portugal reportou duas mortes e 874 casos de Covid-19 nas \u00faltimas 24 horas, registo mais elevado desde o 1007 de 6 de fevereiro. A pandemia causou 16.887 mortos em Portugal desde que foi detetada no pa\u00eds, em mar\u00e7o de 2020. Os n\u00fameros incluem j\u00e1 os dois \u00f3bitos registados nas \u00faltimas 24 horas, per\u00edodo no qual [&hellip;]\" \/>\n<meta property=\"og:url\" content=\"https:\/\/www.altominho.tv\/site\/2021\/04\/06\/portugal-regista-mais-dois-mortos-e-874-casos-de-covid-19\/\" \/>\n<meta property=\"og:site_name\" content=\"Altominho.tv\" \/>\n<meta property=\"article:publisher\" content=\"https:\/\/www.facebook.com\/altominhotv\" \/>\n<meta property=\"article:published_time\" content=\"2021-04-06T13:33:15+00:00\" \/>\n<meta property=\"article:modified_time\" content=\"2021-04-06T22:01:29+00:00\" \/>\n<meta property=\"og:image\" content=\"https:\/\/www.altominho.tv\/site\/wp-content\/uploads\/2021\/02\/doc2020041128622859mac_110420_1248889615888defaultlarge_1024.jpg\" \/>\n\t<meta property=\"og:image:width\" content=\"1024\" \/>\n\t<meta property=\"og:image:height\" content=\"683\" \/>\n\t<meta property=\"og:image:type\" content=\"image\/jpeg\" \/>\n<meta name=\"author\" content=\"Alexandre Ferreira\" \/>\n<meta name=\"twitter:card\" content=\"summary_large_image\" \/>\n<meta name=\"twitter:creator\" content=\"@altominhoTV\" \/>\n<meta name=\"twitter:site\" content=\"@altominhoTV\" \/>\n<meta name=\"twitter:label1\" content=\"Escrito por\" \/>\n\t<meta name=\"twitter:data1\" content=\"Alexandre Ferreira\" \/>\n\t<meta name=\"twitter:label2\" content=\"Tempo estimado de leitura\" \/>\n\t<meta name=\"twitter:data2\" content=\"2 minutos\" \/>\n<script type=\"application\/ld+json\" class=\"yoast-schema-graph\">{\"@context\":\"https:\\\/\\\/schema.org\",\"@graph\":[{\"@type\":\"Article\",\"@id\":\"https:\\\/\\\/www.altominho.tv\\\/site\\\/2021\\\/04\\\/06\\\/portugal-regista-mais-dois-mortos-e-874-casos-de-covid-19\\\/#article\",\"isPartOf\":{\"@id\":\"https:\\\/\\\/www.altominho.tv\\\/site\\\/2021\\\/04\\\/06\\\/portugal-regista-mais-dois-mortos-e-874-casos-de-covid-19\\\/\"},\"author\":{\"name\":\"Alexandre Ferreira\",\"@id\":\"https:\\\/\\\/www.altominho.tv\\\/site\\\/#\\\/schema\\\/person\\\/56c462a0f6591602f4e9fb3fa6ea49bd\"},\"headline\":\"Portugal regista mais dois mortos e 874 casos de Covid-19\",\"datePublished\":\"2021-04-06T13:33:15+00:00\",\"dateModified\":\"2021-04-06T22:01:29+00:00\",\"mainEntityOfPage\":{\"@id\":\"https:\\\/\\\/www.altominho.tv\\\/site\\\/2021\\\/04\\\/06\\\/portugal-regista-mais-dois-mortos-e-874-casos-de-covid-19\\\/\"},\"wordCount\":314,\"image\":{\"@id\":\"https:\\\/\\\/www.altominho.tv\\\/site\\\/2021\\\/04\\\/06\\\/portugal-regista-mais-dois-mortos-e-874-casos-de-covid-19\\\/#primaryimage\"},\"thumbnailUrl\":\"https:\\\/\\\/www.altominho.tv\\\/site\\\/wp-content\\\/uploads\\\/2021\\\/02\\\/doc2020041128622859mac_110420_1248889615888defaultlarge_1024.jpg\",\"keywords\":[\"Sa\u00fade\",\"Sociedade\"],\"articleSection\":[\"Coronav\u00edrus\"],\"inLanguage\":\"pt-PT\",\"copyrightYear\":\"2021\",\"copyrightHolder\":{\"@id\":\"https:\\\/\\\/www.altominho.tv\\\/site\\\/#organization\"}},{\"@type\":\"WebPage\",\"@id\":\"https:\\\/\\\/www.altominho.tv\\\/site\\\/2021\\\/04\\\/06\\\/portugal-regista-mais-dois-mortos-e-874-casos-de-covid-19\\\/\",\"url\":\"https:\\\/\\\/www.altominho.tv\\\/site\\\/2021\\\/04\\\/06\\\/portugal-regista-mais-dois-mortos-e-874-casos-de-covid-19\\\/\",\"name\":\"Portugal regista mais dois mortos e 874 casos de Covid-19\",\"isPartOf\":{\"@id\":\"https:\\\/\\\/www.altominho.tv\\\/site\\\/#website\"},\"primaryImageOfPage\":{\"@id\":\"https:\\\/\\\/www.altominho.tv\\\/site\\\/2021\\\/04\\\/06\\\/portugal-regista-mais-dois-mortos-e-874-casos-de-covid-19\\\/#primaryimage\"},\"image\":{\"@id\":\"https:\\\/\\\/www.altominho.tv\\\/site\\\/2021\\\/04\\\/06\\\/portugal-regista-mais-dois-mortos-e-874-casos-de-covid-19\\\/#primaryimage\"},\"thumbnailUrl\":\"https:\\\/\\\/www.altominho.tv\\\/site\\\/wp-content\\\/uploads\\\/2021\\\/02\\\/doc2020041128622859mac_110420_1248889615888defaultlarge_1024.jpg\",\"datePublished\":\"2021-04-06T13:33:15+00:00\",\"dateModified\":\"2021-04-06T22:01:29+00:00\",\"author\":{\"@id\":\"https:\\\/\\\/www.altominho.tv\\\/site\\\/#\\\/schema\\\/person\\\/56c462a0f6591602f4e9fb3fa6ea49bd\"},\"breadcrumb\":{\"@id\":\"https:\\\/\\\/www.altominho.tv\\\/site\\\/2021\\\/04\\\/06\\\/portugal-regista-mais-dois-mortos-e-874-casos-de-covid-19\\\/#breadcrumb\"},\"inLanguage\":\"pt-PT\",\"potentialAction\":[{\"@type\":\"ReadAction\",\"target\":[\"https:\\\/\\\/www.altominho.tv\\\/site\\\/2021\\\/04\\\/06\\\/portugal-regista-mais-dois-mortos-e-874-casos-de-covid-19\\\/\"]}]},{\"@type\":\"ImageObject\",\"inLanguage\":\"pt-PT\",\"@id\":\"https:\\\/\\\/www.altominho.tv\\\/site\\\/2021\\\/04\\\/06\\\/portugal-regista-mais-dois-mortos-e-874-casos-de-covid-19\\\/#primaryimage\",\"url\":\"https:\\\/\\\/www.altominho.tv\\\/site\\\/wp-content\\\/uploads\\\/2021\\\/02\\\/doc2020041128622859mac_110420_1248889615888defaultlarge_1024.jpg\",\"contentUrl\":\"https:\\\/\\\/www.altominho.tv\\\/site\\\/wp-content\\\/uploads\\\/2021\\\/02\\\/doc2020041128622859mac_110420_1248889615888defaultlarge_1024.jpg\",\"width\":1024,\"height\":683},{\"@type\":\"BreadcrumbList\",\"@id\":\"https:\\\/\\\/www.altominho.tv\\\/site\\\/2021\\\/04\\\/06\\\/portugal-regista-mais-dois-mortos-e-874-casos-de-covid-19\\\/#breadcrumb\",\"itemListElement\":[{\"@type\":\"ListItem\",\"position\":1,\"name\":\"In\u00edcio\",\"item\":\"https:\\\/\\\/www.altominho.tv\\\/site\\\/\"},{\"@type\":\"ListItem\",\"position\":2,\"name\":\"Portugal regista mais dois mortos e 874 casos de Covid-19\"}]},{\"@type\":\"WebSite\",\"@id\":\"https:\\\/\\\/www.altominho.tv\\\/site\\\/#website\",\"url\":\"https:\\\/\\\/www.altominho.tv\\\/site\\\/\",\"name\":\"Altominho.tv\",\"description\":\"A sua regi\u00e3o \u00e0 dist\u00e2ncia de um clique...\",\"potentialAction\":[{\"@type\":\"SearchAction\",\"target\":{\"@type\":\"EntryPoint\",\"urlTemplate\":\"https:\\\/\\\/www.altominho.tv\\\/site\\\/?s={search_term_string}\"},\"query-input\":{\"@type\":\"PropertyValueSpecification\",\"valueRequired\":true,\"valueName\":\"search_term_string\"}}],\"inLanguage\":\"pt-PT\"},{\"@type\":\"Person\",\"@id\":\"https:\\\/\\\/www.altominho.tv\\\/site\\\/#\\\/schema\\\/person\\\/56c462a0f6591602f4e9fb3fa6ea49bd\",\"name\":\"Alexandre Ferreira\",\"image\":{\"@type\":\"ImageObject\",\"inLanguage\":\"pt-PT\",\"@id\":\"https:\\\/\\\/www.altominho.tv\\\/site\\\/wp-content\\\/uploads\\\/2017\\\/11\\\/Alexandre-150x150.jpg\",\"url\":\"https:\\\/\\\/www.altominho.tv\\\/site\\\/wp-content\\\/uploads\\\/2017\\\/11\\\/Alexandre-150x150.jpg\",\"contentUrl\":\"https:\\\/\\\/www.altominho.tv\\\/site\\\/wp-content\\\/uploads\\\/2017\\\/11\\\/Alexandre-150x150.jpg\",\"caption\":\"Alexandre Ferreira\"},\"url\":\"https:\\\/\\\/www.altominho.tv\\\/site\\\/author\\\/alexandreferreira\\\/\"}]}<\/script>\n<!-- \/ Yoast SEO Premium plugin. -->","yoast_head_json":{"title":"Portugal regista mais dois mortos e 874 casos de Covid-19","robots":{"index":"index","follow":"follow","max-snippet":"max-snippet:-1","max-image-preview":"max-image-preview:large","max-video-preview":"max-video-preview:-1"},"canonical":"https:\/\/www.altominho.tv\/site\/2021\/04\/06\/portugal-regista-mais-dois-mortos-e-874-casos-de-covid-19\/","og_locale":"pt_PT","og_type":"article","og_title":"Portugal regista mais dois mortos e 874 casos de Covid-19","og_description":"Portugal reportou duas mortes e 874 casos de Covid-19 nas \u00faltimas 24 horas, registo mais elevado desde o 1007 de 6 de fevereiro. A pandemia causou 16.887 mortos em Portugal desde que foi detetada no pa\u00eds, em mar\u00e7o de 2020. Os n\u00fameros incluem j\u00e1 os dois \u00f3bitos registados nas \u00faltimas 24 horas, per\u00edodo no qual [&hellip;]","og_url":"https:\/\/www.altominho.tv\/site\/2021\/04\/06\/portugal-regista-mais-dois-mortos-e-874-casos-de-covid-19\/","og_site_name":"Altominho.tv","article_publisher":"https:\/\/www.facebook.com\/altominhotv","article_published_time":"2021-04-06T13:33:15+00:00","article_modified_time":"2021-04-06T22:01:29+00:00","og_image":[{"width":1024,"height":683,"url":"https:\/\/www.altominho.tv\/site\/wp-content\/uploads\/2021\/02\/doc2020041128622859mac_110420_1248889615888defaultlarge_1024.jpg","type":"image\/jpeg"}],"author":"Alexandre Ferreira","twitter_card":"summary_large_image","twitter_creator":"@altominhoTV","twitter_site":"@altominhoTV","twitter_misc":{"Escrito por":"Alexandre Ferreira","Tempo estimado de leitura":"2 minutos"},"schema":{"@context":"https:\/\/schema.org","@graph":[{"@type":"Article","@id":"https:\/\/www.altominho.tv\/site\/2021\/04\/06\/portugal-regista-mais-dois-mortos-e-874-casos-de-covid-19\/#article","isPartOf":{"@id":"https:\/\/www.altominho.tv\/site\/2021\/04\/06\/portugal-regista-mais-dois-mortos-e-874-casos-de-covid-19\/"},"author":{"name":"Alexandre Ferreira","@id":"https:\/\/www.altominho.tv\/site\/#\/schema\/person\/56c462a0f6591602f4e9fb3fa6ea49bd"},"headline":"Portugal regista mais dois mortos e 874 casos de Covid-19","datePublished":"2021-04-06T13:33:15+00:00","dateModified":"2021-04-06T22:01:29+00:00","mainEntityOfPage":{"@id":"https:\/\/www.altominho.tv\/site\/2021\/04\/06\/portugal-regista-mais-dois-mortos-e-874-casos-de-covid-19\/"},"wordCount":314,"image":{"@id":"https:\/\/www.altominho.tv\/site\/2021\/04\/06\/portugal-regista-mais-dois-mortos-e-874-casos-de-covid-19\/#primaryimage"},"thumbnailUrl":"https:\/\/www.altominho.tv\/site\/wp-content\/uploads\/2021\/02\/doc2020041128622859mac_110420_1248889615888defaultlarge_1024.jpg","keywords":["Sa\u00fade","Sociedade"],"articleSection":["Coronav\u00edrus"],"inLanguage":"pt-PT","copyrightYear":"2021","copyrightHolder":{"@id":"https:\/\/www.altominho.tv\/site\/#organization"}},{"@type":"WebPage","@id":"https:\/\/www.altominho.tv\/site\/2021\/04\/06\/portugal-regista-mais-dois-mortos-e-874-casos-de-covid-19\/","url":"https:\/\/www.altominho.tv\/site\/2021\/04\/06\/portugal-regista-mais-dois-mortos-e-874-casos-de-covid-19\/","name":"Portugal regista mais dois mortos e 874 casos de Covid-19","isPartOf":{"@id":"https:\/\/www.altominho.tv\/site\/#website"},"primaryImageOfPage":{"@id":"https:\/\/www.altominho.tv\/site\/2021\/04\/06\/portugal-regista-mais-dois-mortos-e-874-casos-de-covid-19\/#primaryimage"},"image":{"@id":"https:\/\/www.altominho.tv\/site\/2021\/04\/06\/portugal-regista-mais-dois-mortos-e-874-casos-de-covid-19\/#primaryimage"},"thumbnailUrl":"https:\/\/www.altominho.tv\/site\/wp-content\/uploads\/2021\/02\/doc2020041128622859mac_110420_1248889615888defaultlarge_1024.jpg","datePublished":"2021-04-06T13:33:15+00:00","dateModified":"2021-04-06T22:01:29+00:00","author":{"@id":"https:\/\/www.altominho.tv\/site\/#\/schema\/person\/56c462a0f6591602f4e9fb3fa6ea49bd"},"breadcrumb":{"@id":"https:\/\/www.altominho.tv\/site\/2021\/04\/06\/portugal-regista-mais-dois-mortos-e-874-casos-de-covid-19\/#breadcrumb"},"inLanguage":"pt-PT","potentialAction":[{"@type":"ReadAction","target":["https:\/\/www.altominho.tv\/site\/2021\/04\/06\/portugal-regista-mais-dois-mortos-e-874-casos-de-covid-19\/"]}]},{"@type":"ImageObject","inLanguage":"pt-PT","@id":"https:\/\/www.altominho.tv\/site\/2021\/04\/06\/portugal-regista-mais-dois-mortos-e-874-casos-de-covid-19\/#primaryimage","url":"https:\/\/www.altominho.tv\/site\/wp-content\/uploads\/2021\/02\/doc2020041128622859mac_110420_1248889615888defaultlarge_1024.jpg","contentUrl":"https:\/\/www.altominho.tv\/site\/wp-content\/uploads\/2021\/02\/doc2020041128622859mac_110420_1248889615888defaultlarge_1024.jpg","width":1024,"height":683},{"@type":"BreadcrumbList","@id":"https:\/\/www.altominho.tv\/site\/2021\/04\/06\/portugal-regista-mais-dois-mortos-e-874-casos-de-covid-19\/#breadcrumb","itemListElement":[{"@type":"ListItem","position":1,"name":"In\u00edcio","item":"https:\/\/www.altominho.tv\/site\/"},{"@type":"ListItem","position":2,"name":"Portugal regista mais dois mortos e 874 casos de Covid-19"}]},{"@type":"WebSite","@id":"https:\/\/www.altominho.tv\/site\/#website","url":"https:\/\/www.altominho.tv\/site\/","name":"Altominho.tv","description":"A sua regi\u00e3o \u00e0 dist\u00e2ncia de um clique...","potentialAction":[{"@type":"SearchAction","target":{"@type":"EntryPoint","urlTemplate":"https:\/\/www.altominho.tv\/site\/?s={search_term_string}"},"query-input":{"@type":"PropertyValueSpecification","valueRequired":true,"valueName":"search_term_string"}}],"inLanguage":"pt-PT"},{"@type":"Person","@id":"https:\/\/www.altominho.tv\/site\/#\/schema\/person\/56c462a0f6591602f4e9fb3fa6ea49bd","name":"Alexandre Ferreira","image":{"@type":"ImageObject","inLanguage":"pt-PT","@id":"https:\/\/www.altominho.tv\/site\/wp-content\/uploads\/2017\/11\/Alexandre-150x150.jpg","url":"https:\/\/www.altominho.tv\/site\/wp-content\/uploads\/2017\/11\/Alexandre-150x150.jpg","contentUrl":"https:\/\/www.altominho.tv\/site\/wp-content\/uploads\/2017\/11\/Alexandre-150x150.jpg","caption":"Alexandre Ferreira"},"url":"https:\/\/www.altominho.tv\/site\/author\/alexandreferreira\/"}]}},"_links":{"self":[{"href":"https:\/\/www.altominho.tv\/site\/wp-json\/wp\/v2\/posts\/64829","targetHints":{"allow":["GET"]}}],"collection":[{"href":"https:\/\/www.altominho.tv\/site\/wp-json\/wp\/v2\/posts"}],"about":[{"href":"https:\/\/www.altominho.tv\/site\/wp-json\/wp\/v2\/types\/post"}],"author":[{"embeddable":true,"href":"https:\/\/www.altominho.tv\/site\/wp-json\/wp\/v2\/users\/8"}],"replies":[{"embeddable":true,"href":"https:\/\/www.altominho.tv\/site\/wp-json\/wp\/v2\/comments?post=64829"}],"version-history":[{"count":0,"href":"https:\/\/www.altominho.tv\/site\/wp-json\/wp\/v2\/posts\/64829\/revisions"}],"wp:featuredmedia":[{"embeddable":true,"href":"https:\/\/www.altominho.tv\/site\/wp-json\/wp\/v2\/media\/61724"}],"wp:attachment":[{"href":"https:\/\/www.altominho.tv\/site\/wp-json\/wp\/v2\/media?parent=64829"}],"wp:term":[{"taxonomy":"category","embeddable":true,"href":"https:\/\/www.altominho.tv\/site\/wp-json\/wp\/v2\/categories?post=64829"},{"taxonomy":"post_tag","embeddable":true,"href":"https:\/\/www.altominho.tv\/site\/wp-json\/wp\/v2\/tags?post=64829"}],"curies":[{"name":"wp","href":"https:\/\/api.w.org\/{rel}","templated":true}]}}