{"id":64797,"date":"2021-04-05T16:53:53","date_gmt":"2021-04-05T15:53:53","guid":{"rendered":"https:\/\/www.altominho.tv\/site\/?p=64797"},"modified":"2021-04-05T16:53:55","modified_gmt":"2021-04-05T15:53:55","slug":"alto-minho-regista-alteracoes-apos-divulgacao-do-mapa-de-incidencia","status":"publish","type":"post","link":"https:\/\/www.altominho.tv\/site\/2021\/04\/05\/alto-minho-regista-alteracoes-apos-divulgacao-do-mapa-de-incidencia\/","title":{"rendered":"Alto Minho regista altera\u00e7\u00f5es ap\u00f3s divulga\u00e7\u00e3o do mapa de incid\u00eancia"},"content":{"rendered":"<p>A Dire\u00e7\u00e3o-Geral de Sa\u00fade (DGS) divulgou esta segunda-feira, os dados de incid\u00eancia por concelho, no per\u00edodo de 17 a 30 de mar\u00e7o, h\u00e1 19 munic\u00edpios em Portugal continental, seis na Madeira e um nos A\u00e7ores, com valores acima dos 120 casos por 100 mil habitantes.<\/p>\n<p>Constata-se que, apesar de n\u00e3o haver nenhum concelho do Alto Minho com n\u00edveis de incid\u00eancia acima dos 120 casos por 100 mil habitantes (limiar de risco m\u00e1ximo considerado pelo governo para aplicar restri\u00e7\u00f5es no desconfinamento), Caminha e Ponte da Barca registaram nos \u00faltimos 14 dias a incid\u00eancia mais elevada de todo o Alto Minho.<\/p>\n<p>O relat\u00f3rio de hoje reporta-se ao per\u00edodo de 17 a 30 de mar\u00e7o e coincide com os dados avan\u00e7ados pelo primeiro-ministro na passada quinta-feira, quando anunciou a segunda fase de desconfinamento.<\/p>\n<p>No total s\u00e3o 26 os munic\u00edpios a superar o limite de 120 casos por 100 mil habitantes, dos quais seis s\u00e3o na Madeira e um nos A\u00e7ores. Para efeitos do plano de desconfinamento, contudo, apenas s\u00e3o relevantes os concelhos de Portugal continental, pois nas ilhas as regras s\u00e3o definidas pelas autoridades locais.<\/p>\n<p>No Alto Minho, o grau de risco ainda permanece baixo, mas existem 2 concelhos, Caminha e Ponte da Barca, que est\u00e3o no intervalo compreendido entre 60-120 casos por 100 mil habitantes.<\/p>\n<p dir=\"auto\">Estes s\u00e3o os dados divulgados pela DGS, que enquadram os n\u00edveis de risco, com base na incid\u00eancia cumulativa a 14 dias:<\/p>\n<h5 dir=\"auto\">Arcos de Valdevez:<\/h5>\n<p dir=\"auto\">Casos por 100 mil habitantes entre 17 e 30 de mar\u00e7o: <strong>33<\/strong><\/p>\n<h5 dir=\"auto\">Caminha:<\/h5>\n<p dir=\"auto\">Casos por 100 mil habitantes entre 17 e 30 de mar\u00e7o: <strong>63<\/strong><\/p>\n<h5 dir=\"auto\">Melga\u00e7o:<\/h5>\n<p dir=\"auto\">Casos por 100 mil habitantes entre 17 e 30 de mar\u00e7o: <strong>49<\/strong><\/p>\n<h5 dir=\"auto\">Mon\u00e7\u00e3o:<\/h5>\n<p dir=\"auto\">Casos por 100 mil habitantes entre 17 e 30 de mar\u00e7o: <strong>28<\/strong><\/p>\n<h5 dir=\"auto\">Paredes de Coura:<\/h5>\n<p dir=\"auto\">Casos por 100 mil habitantes entre 17 e 30 de mar\u00e7o: <strong>35<\/strong><\/p>\n<h5 dir=\"auto\">Ponte da Barca:<\/h5>\n<p dir=\"auto\">Casos por 100 mil habitantes entre 17 e 30 de mar\u00e7o: <strong>63<\/strong><\/p>\n<h5 dir=\"auto\">Ponte de Lima:<\/h5>\n<p dir=\"auto\">Casos por 100 mil habitantes entre 17 e 30 de mar\u00e7o: <strong>22<\/strong><\/p>\n<h5 dir=\"auto\">Valen\u00e7a:<\/h5>\n<p dir=\"auto\">Casos por 100 mil habitantes entre 17 e 30 de mar\u00e7o: <strong>30<\/strong><\/p>\n<h5 dir=\"auto\">Viana do Castelo:<\/h5>\n<p dir=\"auto\">Casos por 100 mil habitantes entre 17 e 30 de mar\u00e7o: <strong>59<\/strong><\/p>\n<h5 dir=\"auto\">Vila Nova de Cerveira:<\/h5>\n<p dir=\"auto\">Casos por 100 mil habitantes entre 17 e 30 de mar\u00e7o: <strong>45<\/strong><\/p>\n<p><strong>\u00a0<\/strong><\/p>\n","protected":false},"excerpt":{"rendered":"<p>A Dire\u00e7\u00e3o-Geral de Sa\u00fade (DGS) divulgou esta segunda-feira, os dados de incid\u00eancia por concelho, no per\u00edodo de 17 a 30 de mar\u00e7o, h\u00e1 19 munic\u00edpios em Portugal continental, seis na Madeira e um nos A\u00e7ores, com valores acima dos 120 casos por 100 mil habitantes. Constata-se que, apesar de n\u00e3o haver nenhum concelho do Alto [&hellip;]<\/p>\n","protected":false},"author":1,"featured_media":64801,"comment_status":"closed","ping_status":"closed","sticky":false,"template":"","format":"standard","meta":{"_exactmetrics_skip_tracking":false,"_exactmetrics_sitenote_active":false,"_exactmetrics_sitenote_note":"","_exactmetrics_sitenote_category":0,"footnotes":""},"categories":[73],"tags":[26,27],"class_list":["post-64797","post","type-post","status-publish","format-standard","has-post-thumbnail","hentry","category-alto-minho","tag-saude","tag-sociedade"],"yoast_head":"<!-- This site is optimized with the Yoast SEO Premium plugin v27.4 (Yoast SEO v27.4) - https:\/\/yoast.com\/product\/yoast-seo-premium-wordpress\/ -->\n<title>Alto Minho regista altera\u00e7\u00f5es ap\u00f3s divulga\u00e7\u00e3o do mapa de incid\u00eancia<\/title>\n<meta name=\"robots\" content=\"index, follow, max-snippet:-1, max-image-preview:large, max-video-preview:-1\" \/>\n<link rel=\"canonical\" href=\"https:\/\/www.altominho.tv\/site\/2021\/04\/05\/alto-minho-regista-alteracoes-apos-divulgacao-do-mapa-de-incidencia\/\" \/>\n<meta property=\"og:locale\" content=\"pt_PT\" \/>\n<meta property=\"og:type\" content=\"article\" \/>\n<meta property=\"og:title\" content=\"Alto Minho regista altera\u00e7\u00f5es ap\u00f3s divulga\u00e7\u00e3o do mapa de incid\u00eancia\" \/>\n<meta property=\"og:description\" content=\"A Dire\u00e7\u00e3o-Geral de Sa\u00fade (DGS) divulgou esta segunda-feira, os dados de incid\u00eancia por concelho, no per\u00edodo de 17 a 30 de mar\u00e7o, h\u00e1 19 munic\u00edpios em Portugal continental, seis na Madeira e um nos A\u00e7ores, com valores acima dos 120 casos por 100 mil habitantes. Constata-se que, apesar de n\u00e3o haver nenhum concelho do Alto [&hellip;]\" \/>\n<meta property=\"og:url\" content=\"https:\/\/www.altominho.tv\/site\/2021\/04\/05\/alto-minho-regista-alteracoes-apos-divulgacao-do-mapa-de-incidencia\/\" \/>\n<meta property=\"og:site_name\" content=\"Altominho.tv\" \/>\n<meta property=\"article:publisher\" content=\"https:\/\/www.facebook.com\/altominhotv\" \/>\n<meta property=\"article:published_time\" content=\"2021-04-05T15:53:53+00:00\" \/>\n<meta property=\"article:modified_time\" content=\"2021-04-05T15:53:55+00:00\" \/>\n<meta property=\"og:image\" content=\"https:\/\/www.altominho.tv\/site\/wp-content\/uploads\/2021\/04\/MAPA_INCIDENCIA_17_30_04_ATV.jpg\" \/>\n\t<meta property=\"og:image:width\" content=\"1500\" \/>\n\t<meta property=\"og:image:height\" content=\"864\" \/>\n\t<meta property=\"og:image:type\" content=\"image\/jpeg\" \/>\n<meta name=\"author\" content=\"Altominho.tv\" \/>\n<meta name=\"twitter:card\" content=\"summary_large_image\" \/>\n<meta name=\"twitter:creator\" content=\"@altominhoTV\" \/>\n<meta name=\"twitter:site\" content=\"@altominhoTV\" \/>\n<meta name=\"twitter:label1\" content=\"Escrito por\" \/>\n\t<meta name=\"twitter:data1\" content=\"Altominho.tv\" \/>\n\t<meta name=\"twitter:label2\" content=\"Tempo estimado de leitura\" \/>\n\t<meta name=\"twitter:data2\" content=\"2 minutos\" \/>\n<script type=\"application\/ld+json\" class=\"yoast-schema-graph\">{\"@context\":\"https:\\\/\\\/schema.org\",\"@graph\":[{\"@type\":\"Article\",\"@id\":\"https:\\\/\\\/www.altominho.tv\\\/site\\\/2021\\\/04\\\/05\\\/alto-minho-regista-alteracoes-apos-divulgacao-do-mapa-de-incidencia\\\/#article\",\"isPartOf\":{\"@id\":\"https:\\\/\\\/www.altominho.tv\\\/site\\\/2021\\\/04\\\/05\\\/alto-minho-regista-alteracoes-apos-divulgacao-do-mapa-de-incidencia\\\/\"},\"author\":{\"name\":\"Altominho.tv\",\"@id\":\"https:\\\/\\\/www.altominho.tv\\\/site\\\/#\\\/schema\\\/person\\\/4e536851627d7914baf3dac752b6af22\"},\"headline\":\"Alto Minho regista altera\u00e7\u00f5es ap\u00f3s divulga\u00e7\u00e3o do mapa de incid\u00eancia\",\"datePublished\":\"2021-04-05T15:53:53+00:00\",\"dateModified\":\"2021-04-05T15:53:55+00:00\",\"mainEntityOfPage\":{\"@id\":\"https:\\\/\\\/www.altominho.tv\\\/site\\\/2021\\\/04\\\/05\\\/alto-minho-regista-alteracoes-apos-divulgacao-do-mapa-de-incidencia\\\/\"},\"wordCount\":375,\"image\":{\"@id\":\"https:\\\/\\\/www.altominho.tv\\\/site\\\/2021\\\/04\\\/05\\\/alto-minho-regista-alteracoes-apos-divulgacao-do-mapa-de-incidencia\\\/#primaryimage\"},\"thumbnailUrl\":\"https:\\\/\\\/www.altominho.tv\\\/site\\\/wp-content\\\/uploads\\\/2021\\\/04\\\/MAPA_INCIDENCIA_17_30_04_ATV.jpg\",\"keywords\":[\"Sa\u00fade\",\"Sociedade\"],\"articleSection\":[\"Alto Minho\"],\"inLanguage\":\"pt-PT\",\"copyrightYear\":\"2021\",\"copyrightHolder\":{\"@id\":\"https:\\\/\\\/www.altominho.tv\\\/site\\\/#organization\"}},{\"@type\":\"WebPage\",\"@id\":\"https:\\\/\\\/www.altominho.tv\\\/site\\\/2021\\\/04\\\/05\\\/alto-minho-regista-alteracoes-apos-divulgacao-do-mapa-de-incidencia\\\/\",\"url\":\"https:\\\/\\\/www.altominho.tv\\\/site\\\/2021\\\/04\\\/05\\\/alto-minho-regista-alteracoes-apos-divulgacao-do-mapa-de-incidencia\\\/\",\"name\":\"Alto Minho regista altera\u00e7\u00f5es ap\u00f3s divulga\u00e7\u00e3o do mapa de incid\u00eancia\",\"isPartOf\":{\"@id\":\"https:\\\/\\\/www.altominho.tv\\\/site\\\/#website\"},\"primaryImageOfPage\":{\"@id\":\"https:\\\/\\\/www.altominho.tv\\\/site\\\/2021\\\/04\\\/05\\\/alto-minho-regista-alteracoes-apos-divulgacao-do-mapa-de-incidencia\\\/#primaryimage\"},\"image\":{\"@id\":\"https:\\\/\\\/www.altominho.tv\\\/site\\\/2021\\\/04\\\/05\\\/alto-minho-regista-alteracoes-apos-divulgacao-do-mapa-de-incidencia\\\/#primaryimage\"},\"thumbnailUrl\":\"https:\\\/\\\/www.altominho.tv\\\/site\\\/wp-content\\\/uploads\\\/2021\\\/04\\\/MAPA_INCIDENCIA_17_30_04_ATV.jpg\",\"datePublished\":\"2021-04-05T15:53:53+00:00\",\"dateModified\":\"2021-04-05T15:53:55+00:00\",\"author\":{\"@id\":\"https:\\\/\\\/www.altominho.tv\\\/site\\\/#\\\/schema\\\/person\\\/4e536851627d7914baf3dac752b6af22\"},\"breadcrumb\":{\"@id\":\"https:\\\/\\\/www.altominho.tv\\\/site\\\/2021\\\/04\\\/05\\\/alto-minho-regista-alteracoes-apos-divulgacao-do-mapa-de-incidencia\\\/#breadcrumb\"},\"inLanguage\":\"pt-PT\",\"potentialAction\":[{\"@type\":\"ReadAction\",\"target\":[\"https:\\\/\\\/www.altominho.tv\\\/site\\\/2021\\\/04\\\/05\\\/alto-minho-regista-alteracoes-apos-divulgacao-do-mapa-de-incidencia\\\/\"]}]},{\"@type\":\"ImageObject\",\"inLanguage\":\"pt-PT\",\"@id\":\"https:\\\/\\\/www.altominho.tv\\\/site\\\/2021\\\/04\\\/05\\\/alto-minho-regista-alteracoes-apos-divulgacao-do-mapa-de-incidencia\\\/#primaryimage\",\"url\":\"https:\\\/\\\/www.altominho.tv\\\/site\\\/wp-content\\\/uploads\\\/2021\\\/04\\\/MAPA_INCIDENCIA_17_30_04_ATV.jpg\",\"contentUrl\":\"https:\\\/\\\/www.altominho.tv\\\/site\\\/wp-content\\\/uploads\\\/2021\\\/04\\\/MAPA_INCIDENCIA_17_30_04_ATV.jpg\",\"width\":1500,\"height\":864},{\"@type\":\"BreadcrumbList\",\"@id\":\"https:\\\/\\\/www.altominho.tv\\\/site\\\/2021\\\/04\\\/05\\\/alto-minho-regista-alteracoes-apos-divulgacao-do-mapa-de-incidencia\\\/#breadcrumb\",\"itemListElement\":[{\"@type\":\"ListItem\",\"position\":1,\"name\":\"In\u00edcio\",\"item\":\"https:\\\/\\\/www.altominho.tv\\\/site\\\/\"},{\"@type\":\"ListItem\",\"position\":2,\"name\":\"Alto Minho regista altera\u00e7\u00f5es ap\u00f3s divulga\u00e7\u00e3o do mapa de incid\u00eancia\"}]},{\"@type\":\"WebSite\",\"@id\":\"https:\\\/\\\/www.altominho.tv\\\/site\\\/#website\",\"url\":\"https:\\\/\\\/www.altominho.tv\\\/site\\\/\",\"name\":\"Altominho.tv\",\"description\":\"A sua regi\u00e3o \u00e0 dist\u00e2ncia de um clique...\",\"potentialAction\":[{\"@type\":\"SearchAction\",\"target\":{\"@type\":\"EntryPoint\",\"urlTemplate\":\"https:\\\/\\\/www.altominho.tv\\\/site\\\/?s={search_term_string}\"},\"query-input\":{\"@type\":\"PropertyValueSpecification\",\"valueRequired\":true,\"valueName\":\"search_term_string\"}}],\"inLanguage\":\"pt-PT\"},{\"@type\":\"Person\",\"@id\":\"https:\\\/\\\/www.altominho.tv\\\/site\\\/#\\\/schema\\\/person\\\/4e536851627d7914baf3dac752b6af22\",\"name\":\"Altominho.tv\",\"image\":{\"@type\":\"ImageObject\",\"inLanguage\":\"pt-PT\",\"@id\":\"https:\\\/\\\/www.altominho.tv\\\/site\\\/wp-content\\\/uploads\\\/2019\\\/11\\\/Logo_Avatar_2-150x150.jpg\",\"url\":\"https:\\\/\\\/www.altominho.tv\\\/site\\\/wp-content\\\/uploads\\\/2019\\\/11\\\/Logo_Avatar_2-150x150.jpg\",\"contentUrl\":\"https:\\\/\\\/www.altominho.tv\\\/site\\\/wp-content\\\/uploads\\\/2019\\\/11\\\/Logo_Avatar_2-150x150.jpg\",\"caption\":\"Altominho.tv\"},\"url\":\"https:\\\/\\\/www.altominho.tv\\\/site\\\/author\\\/altominhotv-tecnico\\\/\"}]}<\/script>\n<!-- \/ Yoast SEO Premium plugin. -->","yoast_head_json":{"title":"Alto Minho regista altera\u00e7\u00f5es ap\u00f3s divulga\u00e7\u00e3o do mapa de incid\u00eancia","robots":{"index":"index","follow":"follow","max-snippet":"max-snippet:-1","max-image-preview":"max-image-preview:large","max-video-preview":"max-video-preview:-1"},"canonical":"https:\/\/www.altominho.tv\/site\/2021\/04\/05\/alto-minho-regista-alteracoes-apos-divulgacao-do-mapa-de-incidencia\/","og_locale":"pt_PT","og_type":"article","og_title":"Alto Minho regista altera\u00e7\u00f5es ap\u00f3s divulga\u00e7\u00e3o do mapa de incid\u00eancia","og_description":"A Dire\u00e7\u00e3o-Geral de Sa\u00fade (DGS) divulgou esta segunda-feira, os dados de incid\u00eancia por concelho, no per\u00edodo de 17 a 30 de mar\u00e7o, h\u00e1 19 munic\u00edpios em Portugal continental, seis na Madeira e um nos A\u00e7ores, com valores acima dos 120 casos por 100 mil habitantes. Constata-se que, apesar de n\u00e3o haver nenhum concelho do Alto [&hellip;]","og_url":"https:\/\/www.altominho.tv\/site\/2021\/04\/05\/alto-minho-regista-alteracoes-apos-divulgacao-do-mapa-de-incidencia\/","og_site_name":"Altominho.tv","article_publisher":"https:\/\/www.facebook.com\/altominhotv","article_published_time":"2021-04-05T15:53:53+00:00","article_modified_time":"2021-04-05T15:53:55+00:00","og_image":[{"width":1500,"height":864,"url":"https:\/\/www.altominho.tv\/site\/wp-content\/uploads\/2021\/04\/MAPA_INCIDENCIA_17_30_04_ATV.jpg","type":"image\/jpeg"}],"author":"Altominho.tv","twitter_card":"summary_large_image","twitter_creator":"@altominhoTV","twitter_site":"@altominhoTV","twitter_misc":{"Escrito por":"Altominho.tv","Tempo estimado de leitura":"2 minutos"},"schema":{"@context":"https:\/\/schema.org","@graph":[{"@type":"Article","@id":"https:\/\/www.altominho.tv\/site\/2021\/04\/05\/alto-minho-regista-alteracoes-apos-divulgacao-do-mapa-de-incidencia\/#article","isPartOf":{"@id":"https:\/\/www.altominho.tv\/site\/2021\/04\/05\/alto-minho-regista-alteracoes-apos-divulgacao-do-mapa-de-incidencia\/"},"author":{"name":"Altominho.tv","@id":"https:\/\/www.altominho.tv\/site\/#\/schema\/person\/4e536851627d7914baf3dac752b6af22"},"headline":"Alto Minho regista altera\u00e7\u00f5es ap\u00f3s divulga\u00e7\u00e3o do mapa de incid\u00eancia","datePublished":"2021-04-05T15:53:53+00:00","dateModified":"2021-04-05T15:53:55+00:00","mainEntityOfPage":{"@id":"https:\/\/www.altominho.tv\/site\/2021\/04\/05\/alto-minho-regista-alteracoes-apos-divulgacao-do-mapa-de-incidencia\/"},"wordCount":375,"image":{"@id":"https:\/\/www.altominho.tv\/site\/2021\/04\/05\/alto-minho-regista-alteracoes-apos-divulgacao-do-mapa-de-incidencia\/#primaryimage"},"thumbnailUrl":"https:\/\/www.altominho.tv\/site\/wp-content\/uploads\/2021\/04\/MAPA_INCIDENCIA_17_30_04_ATV.jpg","keywords":["Sa\u00fade","Sociedade"],"articleSection":["Alto Minho"],"inLanguage":"pt-PT","copyrightYear":"2021","copyrightHolder":{"@id":"https:\/\/www.altominho.tv\/site\/#organization"}},{"@type":"WebPage","@id":"https:\/\/www.altominho.tv\/site\/2021\/04\/05\/alto-minho-regista-alteracoes-apos-divulgacao-do-mapa-de-incidencia\/","url":"https:\/\/www.altominho.tv\/site\/2021\/04\/05\/alto-minho-regista-alteracoes-apos-divulgacao-do-mapa-de-incidencia\/","name":"Alto Minho regista altera\u00e7\u00f5es ap\u00f3s divulga\u00e7\u00e3o do mapa de incid\u00eancia","isPartOf":{"@id":"https:\/\/www.altominho.tv\/site\/#website"},"primaryImageOfPage":{"@id":"https:\/\/www.altominho.tv\/site\/2021\/04\/05\/alto-minho-regista-alteracoes-apos-divulgacao-do-mapa-de-incidencia\/#primaryimage"},"image":{"@id":"https:\/\/www.altominho.tv\/site\/2021\/04\/05\/alto-minho-regista-alteracoes-apos-divulgacao-do-mapa-de-incidencia\/#primaryimage"},"thumbnailUrl":"https:\/\/www.altominho.tv\/site\/wp-content\/uploads\/2021\/04\/MAPA_INCIDENCIA_17_30_04_ATV.jpg","datePublished":"2021-04-05T15:53:53+00:00","dateModified":"2021-04-05T15:53:55+00:00","author":{"@id":"https:\/\/www.altominho.tv\/site\/#\/schema\/person\/4e536851627d7914baf3dac752b6af22"},"breadcrumb":{"@id":"https:\/\/www.altominho.tv\/site\/2021\/04\/05\/alto-minho-regista-alteracoes-apos-divulgacao-do-mapa-de-incidencia\/#breadcrumb"},"inLanguage":"pt-PT","potentialAction":[{"@type":"ReadAction","target":["https:\/\/www.altominho.tv\/site\/2021\/04\/05\/alto-minho-regista-alteracoes-apos-divulgacao-do-mapa-de-incidencia\/"]}]},{"@type":"ImageObject","inLanguage":"pt-PT","@id":"https:\/\/www.altominho.tv\/site\/2021\/04\/05\/alto-minho-regista-alteracoes-apos-divulgacao-do-mapa-de-incidencia\/#primaryimage","url":"https:\/\/www.altominho.tv\/site\/wp-content\/uploads\/2021\/04\/MAPA_INCIDENCIA_17_30_04_ATV.jpg","contentUrl":"https:\/\/www.altominho.tv\/site\/wp-content\/uploads\/2021\/04\/MAPA_INCIDENCIA_17_30_04_ATV.jpg","width":1500,"height":864},{"@type":"BreadcrumbList","@id":"https:\/\/www.altominho.tv\/site\/2021\/04\/05\/alto-minho-regista-alteracoes-apos-divulgacao-do-mapa-de-incidencia\/#breadcrumb","itemListElement":[{"@type":"ListItem","position":1,"name":"In\u00edcio","item":"https:\/\/www.altominho.tv\/site\/"},{"@type":"ListItem","position":2,"name":"Alto Minho regista altera\u00e7\u00f5es ap\u00f3s divulga\u00e7\u00e3o do mapa de incid\u00eancia"}]},{"@type":"WebSite","@id":"https:\/\/www.altominho.tv\/site\/#website","url":"https:\/\/www.altominho.tv\/site\/","name":"Altominho.tv","description":"A sua regi\u00e3o \u00e0 dist\u00e2ncia de um clique...","potentialAction":[{"@type":"SearchAction","target":{"@type":"EntryPoint","urlTemplate":"https:\/\/www.altominho.tv\/site\/?s={search_term_string}"},"query-input":{"@type":"PropertyValueSpecification","valueRequired":true,"valueName":"search_term_string"}}],"inLanguage":"pt-PT"},{"@type":"Person","@id":"https:\/\/www.altominho.tv\/site\/#\/schema\/person\/4e536851627d7914baf3dac752b6af22","name":"Altominho.tv","image":{"@type":"ImageObject","inLanguage":"pt-PT","@id":"https:\/\/www.altominho.tv\/site\/wp-content\/uploads\/2019\/11\/Logo_Avatar_2-150x150.jpg","url":"https:\/\/www.altominho.tv\/site\/wp-content\/uploads\/2019\/11\/Logo_Avatar_2-150x150.jpg","contentUrl":"https:\/\/www.altominho.tv\/site\/wp-content\/uploads\/2019\/11\/Logo_Avatar_2-150x150.jpg","caption":"Altominho.tv"},"url":"https:\/\/www.altominho.tv\/site\/author\/altominhotv-tecnico\/"}]}},"_links":{"self":[{"href":"https:\/\/www.altominho.tv\/site\/wp-json\/wp\/v2\/posts\/64797","targetHints":{"allow":["GET"]}}],"collection":[{"href":"https:\/\/www.altominho.tv\/site\/wp-json\/wp\/v2\/posts"}],"about":[{"href":"https:\/\/www.altominho.tv\/site\/wp-json\/wp\/v2\/types\/post"}],"author":[{"embeddable":true,"href":"https:\/\/www.altominho.tv\/site\/wp-json\/wp\/v2\/users\/1"}],"replies":[{"embeddable":true,"href":"https:\/\/www.altominho.tv\/site\/wp-json\/wp\/v2\/comments?post=64797"}],"version-history":[{"count":0,"href":"https:\/\/www.altominho.tv\/site\/wp-json\/wp\/v2\/posts\/64797\/revisions"}],"wp:featuredmedia":[{"embeddable":true,"href":"https:\/\/www.altominho.tv\/site\/wp-json\/wp\/v2\/media\/64801"}],"wp:attachment":[{"href":"https:\/\/www.altominho.tv\/site\/wp-json\/wp\/v2\/media?parent=64797"}],"wp:term":[{"taxonomy":"category","embeddable":true,"href":"https:\/\/www.altominho.tv\/site\/wp-json\/wp\/v2\/categories?post=64797"},{"taxonomy":"post_tag","embeddable":true,"href":"https:\/\/www.altominho.tv\/site\/wp-json\/wp\/v2\/tags?post=64797"}],"curies":[{"name":"wp","href":"https:\/\/api.w.org\/{rel}","templated":true}]}}