{"id":64795,"date":"2021-04-05T15:29:18","date_gmt":"2021-04-05T14:29:18","guid":{"rendered":"https:\/\/www.altominho.tv\/site\/?p=64795"},"modified":"2021-04-05T15:29:23","modified_gmt":"2021-04-05T14:29:23","slug":"marcelo-fala-em-nova-primavera-e-pede-a-todos-que-evitem-recuo-na-reabertura","status":"publish","type":"post","link":"https:\/\/www.altominho.tv\/site\/2021\/04\/05\/marcelo-fala-em-nova-primavera-e-pede-a-todos-que-evitem-recuo-na-reabertura\/","title":{"rendered":"Marcelo fala em &#8220;nova primavera&#8221; e pede a todos que evitem recuo na reabertura"},"content":{"rendered":"\n<p>O Presidente da Rep\u00fablica comparou hoje a retoma das atividades escolares a uma &#8220;nova primavera&#8221; e pediu aos portugueses &#8220;um esfor\u00e7o nacional de todos para todos&#8221; para se evitar um recuo nesta reabertura progressiva.<\/p>\n\n\n\n<p>No dia em que os alunos dos segundo e terceiro ciclos regressaram \u00e0s escolas, o chefe de Estado visitou a Escola B\u00e1sica Francisco de Arruda, em Lisboa, com o ministro da Educa\u00e7\u00e3o, Tiago Brand\u00e3o Rodrigues.<\/p>\n\n\n\n<p>Defendendo que &#8220;\u00e9 completamente diferente o ensino \u00e0 dist\u00e2ncia do ensino presencial&#8221;, Marcelo Rebelo de Sousa afirmou que &#8220;\u00e0 sua maneira, este \u00e9 um dia hist\u00f3rico&#8221;, que corresponde a &#8220;um virar de p\u00e1gina que se espera sem recuo, irrevers\u00edvel&#8221;.<\/p>\n\n\n\n<p>O Presidente da Rep\u00fablica pegou no lema desta escola, &#8220;de todos para todos&#8221;, e fez um apelo aos portugueses para que &#8220;engrenem neste esfor\u00e7o nacional de todos para todos&#8221; que assegure a concretiza\u00e7\u00e3o das pr\u00f3ximas etapas do plano de desconfinamento se concretizem e a reabertura de todas as atividades escolares.<\/p>\n\n\n\n<p>&#8220;Num dia t\u00e3o bonito, isto corresponde a uma nova primavera, \u00e9 a primavera como esta\u00e7\u00e3o do ano, mas \u00e9 a primavera em Portugal, a primavera nas escolas&#8221;, considerou.<\/p>\n\n\n\n<p>Com o ministro da Educa\u00e7\u00e3o ao seu lado, declarou: &#8220;Estamos aqui, simbolicamente, para dizer que este \u00e9 um esfor\u00e7o conjunto, acreditando que \u00e9 uma abertura para o futuro&#8221;.<\/p>\n\n\n\n<p>Questionado se d\u00e1 como adquirido que h\u00e1 condi\u00e7\u00f5es para se cumprir o plano de desconfinamento do Governo, o chefe de Estado respondeu: &#8220;\u00c9 um esfor\u00e7o de todos os dias&#8221;.<\/p>\n\n\n\n<p>No seu entender, &#8220;todos os portugueses t\u00eam feito o esfor\u00e7o, fizeram em confinamento, est\u00e3o a fazer em desconfinamento, fizeram antes da semana da P\u00e1scoa, fizeram na semana da P\u00e1scoa&#8221; e tamb\u00e9m o &#8220;v\u00e3o fazer nas pr\u00f3ximas semanas, respeitando as regras de sa\u00fade p\u00fablica&#8221;.<\/p>\n\n\n\n<p>&#8220;Portanto, isto \u00e9 feito dia a dia, permanentemente&#8221;, reiterou.<\/p>\n\n\n\n<p>Marcelo Rebelo de Sousa salientou que a reabertura progressiva &#8220;passa pelo comportamento de todos&#8221; e insistiu que o m\u00eas de abril \u00e9 fundamental.<\/p>\n\n\n\n<p>&#8220;\u00c9 no m\u00eas de abril que se consolida este processo de desconfinamento. Se correr bem, quando chegarmos a maio e depois a junho j\u00e1 teremos ultrapassado aquilo que \u00e9 o programa de desconfinamento. \u00c9 o que desejamos. \u00c9 o que cada portugu\u00eas, todos os dias, tem de pensar, que \u00e9 tamb\u00e9m sua responsabilidade. Nenhum de n\u00f3s deseja voltar para tr\u00e1s&#8221;, acrescentou.<\/p>\n\n\n\n<p>Em Portugal, j\u00e1 morreram mais de 16 mil pessoas com covid-19 e foram contabilizados at\u00e9 agora mais de 823 mil casos de infe\u00e7\u00e3o com o novo coronav\u00edrus que provoca esta doen\u00e7a, de acordo com a Dire\u00e7\u00e3o-Geral da Sa\u00fade (DGS).<\/p>\n","protected":false},"excerpt":{"rendered":"<p>O Presidente da Rep\u00fablica comparou hoje a retoma das atividades escolares a uma &#8220;nova primavera&#8221; e pediu aos portugueses &#8220;um esfor\u00e7o nacional de todos para todos&#8221; para se evitar um recuo nesta reabertura progressiva. No dia em que os alunos dos segundo e terceiro ciclos regressaram \u00e0s escolas, o chefe de Estado visitou a Escola [&hellip;]<\/p>\n","protected":false},"author":16,"featured_media":64207,"comment_status":"closed","ping_status":"closed","sticky":false,"template":"","format":"standard","meta":{"_exactmetrics_skip_tracking":false,"_exactmetrics_sitenote_active":false,"_exactmetrics_sitenote_note":"","_exactmetrics_sitenote_category":0,"footnotes":""},"categories":[42722],"tags":[22,26],"class_list":["post-64795","post","type-post","status-publish","format-standard","has-post-thumbnail","hentry","category-covid-19","tag-educacao","tag-saude"],"yoast_head":"<!-- This site is optimized with the Yoast SEO Premium plugin v27.5 (Yoast SEO v27.5) - https:\/\/yoast.com\/product\/yoast-seo-premium-wordpress\/ -->\n<title>Marcelo fala em &quot;nova primavera&quot; e pede a todos que evitem recuo na reabertura<\/title>\n<meta name=\"robots\" content=\"index, follow, max-snippet:-1, max-image-preview:large, max-video-preview:-1\" \/>\n<link rel=\"canonical\" href=\"https:\/\/www.altominho.tv\/site\/2021\/04\/05\/marcelo-fala-em-nova-primavera-e-pede-a-todos-que-evitem-recuo-na-reabertura\/\" \/>\n<meta property=\"og:locale\" content=\"pt_PT\" \/>\n<meta property=\"og:type\" content=\"article\" \/>\n<meta property=\"og:title\" content=\"Marcelo fala em &quot;nova primavera&quot; e pede a todos que evitem recuo na reabertura\" \/>\n<meta property=\"og:description\" content=\"O Presidente da Rep\u00fablica comparou hoje a retoma das atividades escolares a uma &#8220;nova primavera&#8221; e pediu aos portugueses &#8220;um esfor\u00e7o nacional de todos para todos&#8221; para se evitar um recuo nesta reabertura progressiva. No dia em que os alunos dos segundo e terceiro ciclos regressaram \u00e0s escolas, o chefe de Estado visitou a Escola [&hellip;]\" \/>\n<meta property=\"og:url\" content=\"https:\/\/www.altominho.tv\/site\/2021\/04\/05\/marcelo-fala-em-nova-primavera-e-pede-a-todos-que-evitem-recuo-na-reabertura\/\" \/>\n<meta property=\"og:site_name\" content=\"Altominho.tv\" \/>\n<meta property=\"article:publisher\" content=\"https:\/\/www.facebook.com\/altominhotv\" \/>\n<meta property=\"article:published_time\" content=\"2021-04-05T14:29:18+00:00\" \/>\n<meta property=\"article:modified_time\" content=\"2021-04-05T14:29:23+00:00\" \/>\n<meta property=\"og:image\" content=\"https:\/\/www.altominho.tv\/site\/wp-content\/uploads\/2021\/03\/marcelo-1.jpg\" \/>\n\t<meta property=\"og:image:width\" content=\"800\" \/>\n\t<meta property=\"og:image:height\" content=\"533\" \/>\n\t<meta property=\"og:image:type\" content=\"image\/jpeg\" \/>\n<meta name=\"author\" content=\"Andreia Cunha | Lusa\" \/>\n<meta name=\"twitter:card\" content=\"summary_large_image\" \/>\n<meta name=\"twitter:creator\" content=\"@altominhoTV\" \/>\n<meta name=\"twitter:site\" content=\"@altominhoTV\" \/>\n<meta name=\"twitter:label1\" content=\"Escrito por\" \/>\n\t<meta name=\"twitter:data1\" content=\"Andreia Cunha | Lusa\" \/>\n\t<meta name=\"twitter:label2\" content=\"Tempo estimado de leitura\" \/>\n\t<meta name=\"twitter:data2\" content=\"2 minutos\" \/>\n<script type=\"application\/ld+json\" class=\"yoast-schema-graph\">{\"@context\":\"https:\\\/\\\/schema.org\",\"@graph\":[{\"@type\":\"Article\",\"@id\":\"https:\\\/\\\/www.altominho.tv\\\/site\\\/2021\\\/04\\\/05\\\/marcelo-fala-em-nova-primavera-e-pede-a-todos-que-evitem-recuo-na-reabertura\\\/#article\",\"isPartOf\":{\"@id\":\"https:\\\/\\\/www.altominho.tv\\\/site\\\/2021\\\/04\\\/05\\\/marcelo-fala-em-nova-primavera-e-pede-a-todos-que-evitem-recuo-na-reabertura\\\/\"},\"author\":{\"name\":\"Andreia Cunha | Lusa\",\"@id\":\"https:\\\/\\\/www.altominho.tv\\\/site\\\/#\\\/schema\\\/person\\\/dbaf181c01b51ff40c9f461a905d321e\"},\"headline\":\"Marcelo fala em &#8220;nova primavera&#8221; e pede a todos que evitem recuo na reabertura\",\"datePublished\":\"2021-04-05T14:29:18+00:00\",\"dateModified\":\"2021-04-05T14:29:23+00:00\",\"mainEntityOfPage\":{\"@id\":\"https:\\\/\\\/www.altominho.tv\\\/site\\\/2021\\\/04\\\/05\\\/marcelo-fala-em-nova-primavera-e-pede-a-todos-que-evitem-recuo-na-reabertura\\\/\"},\"wordCount\":454,\"image\":{\"@id\":\"https:\\\/\\\/www.altominho.tv\\\/site\\\/2021\\\/04\\\/05\\\/marcelo-fala-em-nova-primavera-e-pede-a-todos-que-evitem-recuo-na-reabertura\\\/#primaryimage\"},\"thumbnailUrl\":\"https:\\\/\\\/www.altominho.tv\\\/site\\\/wp-content\\\/uploads\\\/2021\\\/03\\\/marcelo-1.jpg\",\"keywords\":[\"Educa\u00e7\u00e3o\",\"Sa\u00fade\"],\"articleSection\":[\"Coronav\u00edrus\"],\"inLanguage\":\"pt-PT\",\"copyrightYear\":\"2021\",\"copyrightHolder\":{\"@id\":\"https:\\\/\\\/www.altominho.tv\\\/site\\\/#organization\"}},{\"@type\":\"WebPage\",\"@id\":\"https:\\\/\\\/www.altominho.tv\\\/site\\\/2021\\\/04\\\/05\\\/marcelo-fala-em-nova-primavera-e-pede-a-todos-que-evitem-recuo-na-reabertura\\\/\",\"url\":\"https:\\\/\\\/www.altominho.tv\\\/site\\\/2021\\\/04\\\/05\\\/marcelo-fala-em-nova-primavera-e-pede-a-todos-que-evitem-recuo-na-reabertura\\\/\",\"name\":\"Marcelo fala em \\\"nova primavera\\\" e pede a todos que evitem recuo na reabertura\",\"isPartOf\":{\"@id\":\"https:\\\/\\\/www.altominho.tv\\\/site\\\/#website\"},\"primaryImageOfPage\":{\"@id\":\"https:\\\/\\\/www.altominho.tv\\\/site\\\/2021\\\/04\\\/05\\\/marcelo-fala-em-nova-primavera-e-pede-a-todos-que-evitem-recuo-na-reabertura\\\/#primaryimage\"},\"image\":{\"@id\":\"https:\\\/\\\/www.altominho.tv\\\/site\\\/2021\\\/04\\\/05\\\/marcelo-fala-em-nova-primavera-e-pede-a-todos-que-evitem-recuo-na-reabertura\\\/#primaryimage\"},\"thumbnailUrl\":\"https:\\\/\\\/www.altominho.tv\\\/site\\\/wp-content\\\/uploads\\\/2021\\\/03\\\/marcelo-1.jpg\",\"datePublished\":\"2021-04-05T14:29:18+00:00\",\"dateModified\":\"2021-04-05T14:29:23+00:00\",\"author\":{\"@id\":\"https:\\\/\\\/www.altominho.tv\\\/site\\\/#\\\/schema\\\/person\\\/dbaf181c01b51ff40c9f461a905d321e\"},\"breadcrumb\":{\"@id\":\"https:\\\/\\\/www.altominho.tv\\\/site\\\/2021\\\/04\\\/05\\\/marcelo-fala-em-nova-primavera-e-pede-a-todos-que-evitem-recuo-na-reabertura\\\/#breadcrumb\"},\"inLanguage\":\"pt-PT\",\"potentialAction\":[{\"@type\":\"ReadAction\",\"target\":[\"https:\\\/\\\/www.altominho.tv\\\/site\\\/2021\\\/04\\\/05\\\/marcelo-fala-em-nova-primavera-e-pede-a-todos-que-evitem-recuo-na-reabertura\\\/\"]}]},{\"@type\":\"ImageObject\",\"inLanguage\":\"pt-PT\",\"@id\":\"https:\\\/\\\/www.altominho.tv\\\/site\\\/2021\\\/04\\\/05\\\/marcelo-fala-em-nova-primavera-e-pede-a-todos-que-evitem-recuo-na-reabertura\\\/#primaryimage\",\"url\":\"https:\\\/\\\/www.altominho.tv\\\/site\\\/wp-content\\\/uploads\\\/2021\\\/03\\\/marcelo-1.jpg\",\"contentUrl\":\"https:\\\/\\\/www.altominho.tv\\\/site\\\/wp-content\\\/uploads\\\/2021\\\/03\\\/marcelo-1.jpg\",\"width\":800,\"height\":533},{\"@type\":\"BreadcrumbList\",\"@id\":\"https:\\\/\\\/www.altominho.tv\\\/site\\\/2021\\\/04\\\/05\\\/marcelo-fala-em-nova-primavera-e-pede-a-todos-que-evitem-recuo-na-reabertura\\\/#breadcrumb\",\"itemListElement\":[{\"@type\":\"ListItem\",\"position\":1,\"name\":\"In\u00edcio\",\"item\":\"https:\\\/\\\/www.altominho.tv\\\/site\\\/\"},{\"@type\":\"ListItem\",\"position\":2,\"name\":\"Marcelo fala em &#8220;nova primavera&#8221; e pede a todos que evitem recuo na reabertura\"}]},{\"@type\":\"WebSite\",\"@id\":\"https:\\\/\\\/www.altominho.tv\\\/site\\\/#website\",\"url\":\"https:\\\/\\\/www.altominho.tv\\\/site\\\/\",\"name\":\"Altominho.tv\",\"description\":\"A sua regi\u00e3o \u00e0 dist\u00e2ncia de um clique...\",\"potentialAction\":[{\"@type\":\"SearchAction\",\"target\":{\"@type\":\"EntryPoint\",\"urlTemplate\":\"https:\\\/\\\/www.altominho.tv\\\/site\\\/?s={search_term_string}\"},\"query-input\":{\"@type\":\"PropertyValueSpecification\",\"valueRequired\":true,\"valueName\":\"search_term_string\"}}],\"inLanguage\":\"pt-PT\"},{\"@type\":\"Person\",\"@id\":\"https:\\\/\\\/www.altominho.tv\\\/site\\\/#\\\/schema\\\/person\\\/dbaf181c01b51ff40c9f461a905d321e\",\"name\":\"Andreia Cunha | Lusa\",\"image\":{\"@type\":\"ImageObject\",\"inLanguage\":\"pt-PT\",\"@id\":\"https:\\\/\\\/www.altominho.tv\\\/site\\\/wp-content\\\/uploads\\\/2017\\\/11\\\/Andreia_Cunha-1-150x150.jpg\",\"url\":\"https:\\\/\\\/www.altominho.tv\\\/site\\\/wp-content\\\/uploads\\\/2017\\\/11\\\/Andreia_Cunha-1-150x150.jpg\",\"contentUrl\":\"https:\\\/\\\/www.altominho.tv\\\/site\\\/wp-content\\\/uploads\\\/2017\\\/11\\\/Andreia_Cunha-1-150x150.jpg\",\"caption\":\"Andreia Cunha | Lusa\"},\"sameAs\":[\"https:\\\/\\\/www.altominho.tv\\\/site\"],\"url\":\"https:\\\/\\\/www.altominho.tv\\\/site\\\/author\\\/andreiacunhalusa\\\/\"}]}<\/script>\n<!-- \/ Yoast SEO Premium plugin. -->","yoast_head_json":{"title":"Marcelo fala em \"nova primavera\" e pede a todos que evitem recuo na reabertura","robots":{"index":"index","follow":"follow","max-snippet":"max-snippet:-1","max-image-preview":"max-image-preview:large","max-video-preview":"max-video-preview:-1"},"canonical":"https:\/\/www.altominho.tv\/site\/2021\/04\/05\/marcelo-fala-em-nova-primavera-e-pede-a-todos-que-evitem-recuo-na-reabertura\/","og_locale":"pt_PT","og_type":"article","og_title":"Marcelo fala em \"nova primavera\" e pede a todos que evitem recuo na reabertura","og_description":"O Presidente da Rep\u00fablica comparou hoje a retoma das atividades escolares a uma &#8220;nova primavera&#8221; e pediu aos portugueses &#8220;um esfor\u00e7o nacional de todos para todos&#8221; para se evitar um recuo nesta reabertura progressiva. No dia em que os alunos dos segundo e terceiro ciclos regressaram \u00e0s escolas, o chefe de Estado visitou a Escola [&hellip;]","og_url":"https:\/\/www.altominho.tv\/site\/2021\/04\/05\/marcelo-fala-em-nova-primavera-e-pede-a-todos-que-evitem-recuo-na-reabertura\/","og_site_name":"Altominho.tv","article_publisher":"https:\/\/www.facebook.com\/altominhotv","article_published_time":"2021-04-05T14:29:18+00:00","article_modified_time":"2021-04-05T14:29:23+00:00","og_image":[{"width":800,"height":533,"url":"https:\/\/www.altominho.tv\/site\/wp-content\/uploads\/2021\/03\/marcelo-1.jpg","type":"image\/jpeg"}],"author":"Andreia Cunha | Lusa","twitter_card":"summary_large_image","twitter_creator":"@altominhoTV","twitter_site":"@altominhoTV","twitter_misc":{"Escrito por":"Andreia Cunha | Lusa","Tempo estimado de leitura":"2 minutos"},"schema":{"@context":"https:\/\/schema.org","@graph":[{"@type":"Article","@id":"https:\/\/www.altominho.tv\/site\/2021\/04\/05\/marcelo-fala-em-nova-primavera-e-pede-a-todos-que-evitem-recuo-na-reabertura\/#article","isPartOf":{"@id":"https:\/\/www.altominho.tv\/site\/2021\/04\/05\/marcelo-fala-em-nova-primavera-e-pede-a-todos-que-evitem-recuo-na-reabertura\/"},"author":{"name":"Andreia Cunha | Lusa","@id":"https:\/\/www.altominho.tv\/site\/#\/schema\/person\/dbaf181c01b51ff40c9f461a905d321e"},"headline":"Marcelo fala em &#8220;nova primavera&#8221; e pede a todos que evitem recuo na reabertura","datePublished":"2021-04-05T14:29:18+00:00","dateModified":"2021-04-05T14:29:23+00:00","mainEntityOfPage":{"@id":"https:\/\/www.altominho.tv\/site\/2021\/04\/05\/marcelo-fala-em-nova-primavera-e-pede-a-todos-que-evitem-recuo-na-reabertura\/"},"wordCount":454,"image":{"@id":"https:\/\/www.altominho.tv\/site\/2021\/04\/05\/marcelo-fala-em-nova-primavera-e-pede-a-todos-que-evitem-recuo-na-reabertura\/#primaryimage"},"thumbnailUrl":"https:\/\/www.altominho.tv\/site\/wp-content\/uploads\/2021\/03\/marcelo-1.jpg","keywords":["Educa\u00e7\u00e3o","Sa\u00fade"],"articleSection":["Coronav\u00edrus"],"inLanguage":"pt-PT","copyrightYear":"2021","copyrightHolder":{"@id":"https:\/\/www.altominho.tv\/site\/#organization"}},{"@type":"WebPage","@id":"https:\/\/www.altominho.tv\/site\/2021\/04\/05\/marcelo-fala-em-nova-primavera-e-pede-a-todos-que-evitem-recuo-na-reabertura\/","url":"https:\/\/www.altominho.tv\/site\/2021\/04\/05\/marcelo-fala-em-nova-primavera-e-pede-a-todos-que-evitem-recuo-na-reabertura\/","name":"Marcelo fala em \"nova primavera\" e pede a todos que evitem recuo na reabertura","isPartOf":{"@id":"https:\/\/www.altominho.tv\/site\/#website"},"primaryImageOfPage":{"@id":"https:\/\/www.altominho.tv\/site\/2021\/04\/05\/marcelo-fala-em-nova-primavera-e-pede-a-todos-que-evitem-recuo-na-reabertura\/#primaryimage"},"image":{"@id":"https:\/\/www.altominho.tv\/site\/2021\/04\/05\/marcelo-fala-em-nova-primavera-e-pede-a-todos-que-evitem-recuo-na-reabertura\/#primaryimage"},"thumbnailUrl":"https:\/\/www.altominho.tv\/site\/wp-content\/uploads\/2021\/03\/marcelo-1.jpg","datePublished":"2021-04-05T14:29:18+00:00","dateModified":"2021-04-05T14:29:23+00:00","author":{"@id":"https:\/\/www.altominho.tv\/site\/#\/schema\/person\/dbaf181c01b51ff40c9f461a905d321e"},"breadcrumb":{"@id":"https:\/\/www.altominho.tv\/site\/2021\/04\/05\/marcelo-fala-em-nova-primavera-e-pede-a-todos-que-evitem-recuo-na-reabertura\/#breadcrumb"},"inLanguage":"pt-PT","potentialAction":[{"@type":"ReadAction","target":["https:\/\/www.altominho.tv\/site\/2021\/04\/05\/marcelo-fala-em-nova-primavera-e-pede-a-todos-que-evitem-recuo-na-reabertura\/"]}]},{"@type":"ImageObject","inLanguage":"pt-PT","@id":"https:\/\/www.altominho.tv\/site\/2021\/04\/05\/marcelo-fala-em-nova-primavera-e-pede-a-todos-que-evitem-recuo-na-reabertura\/#primaryimage","url":"https:\/\/www.altominho.tv\/site\/wp-content\/uploads\/2021\/03\/marcelo-1.jpg","contentUrl":"https:\/\/www.altominho.tv\/site\/wp-content\/uploads\/2021\/03\/marcelo-1.jpg","width":800,"height":533},{"@type":"BreadcrumbList","@id":"https:\/\/www.altominho.tv\/site\/2021\/04\/05\/marcelo-fala-em-nova-primavera-e-pede-a-todos-que-evitem-recuo-na-reabertura\/#breadcrumb","itemListElement":[{"@type":"ListItem","position":1,"name":"In\u00edcio","item":"https:\/\/www.altominho.tv\/site\/"},{"@type":"ListItem","position":2,"name":"Marcelo fala em &#8220;nova primavera&#8221; e pede a todos que evitem recuo na reabertura"}]},{"@type":"WebSite","@id":"https:\/\/www.altominho.tv\/site\/#website","url":"https:\/\/www.altominho.tv\/site\/","name":"Altominho.tv","description":"A sua regi\u00e3o \u00e0 dist\u00e2ncia de um clique...","potentialAction":[{"@type":"SearchAction","target":{"@type":"EntryPoint","urlTemplate":"https:\/\/www.altominho.tv\/site\/?s={search_term_string}"},"query-input":{"@type":"PropertyValueSpecification","valueRequired":true,"valueName":"search_term_string"}}],"inLanguage":"pt-PT"},{"@type":"Person","@id":"https:\/\/www.altominho.tv\/site\/#\/schema\/person\/dbaf181c01b51ff40c9f461a905d321e","name":"Andreia Cunha | Lusa","image":{"@type":"ImageObject","inLanguage":"pt-PT","@id":"https:\/\/www.altominho.tv\/site\/wp-content\/uploads\/2017\/11\/Andreia_Cunha-1-150x150.jpg","url":"https:\/\/www.altominho.tv\/site\/wp-content\/uploads\/2017\/11\/Andreia_Cunha-1-150x150.jpg","contentUrl":"https:\/\/www.altominho.tv\/site\/wp-content\/uploads\/2017\/11\/Andreia_Cunha-1-150x150.jpg","caption":"Andreia Cunha | Lusa"},"sameAs":["https:\/\/www.altominho.tv\/site"],"url":"https:\/\/www.altominho.tv\/site\/author\/andreiacunhalusa\/"}]}},"_links":{"self":[{"href":"https:\/\/www.altominho.tv\/site\/wp-json\/wp\/v2\/posts\/64795","targetHints":{"allow":["GET"]}}],"collection":[{"href":"https:\/\/www.altominho.tv\/site\/wp-json\/wp\/v2\/posts"}],"about":[{"href":"https:\/\/www.altominho.tv\/site\/wp-json\/wp\/v2\/types\/post"}],"author":[{"embeddable":true,"href":"https:\/\/www.altominho.tv\/site\/wp-json\/wp\/v2\/users\/16"}],"replies":[{"embeddable":true,"href":"https:\/\/www.altominho.tv\/site\/wp-json\/wp\/v2\/comments?post=64795"}],"version-history":[{"count":0,"href":"https:\/\/www.altominho.tv\/site\/wp-json\/wp\/v2\/posts\/64795\/revisions"}],"wp:featuredmedia":[{"embeddable":true,"href":"https:\/\/www.altominho.tv\/site\/wp-json\/wp\/v2\/media\/64207"}],"wp:attachment":[{"href":"https:\/\/www.altominho.tv\/site\/wp-json\/wp\/v2\/media?parent=64795"}],"wp:term":[{"taxonomy":"category","embeddable":true,"href":"https:\/\/www.altominho.tv\/site\/wp-json\/wp\/v2\/categories?post=64795"},{"taxonomy":"post_tag","embeddable":true,"href":"https:\/\/www.altominho.tv\/site\/wp-json\/wp\/v2\/tags?post=64795"}],"curies":[{"name":"wp","href":"https:\/\/api.w.org\/{rel}","templated":true}]}}