{"id":64781,"date":"2021-04-05T10:06:48","date_gmt":"2021-04-05T09:06:48","guid":{"rendered":"https:\/\/www.altominho.tv\/site\/?p=64781"},"modified":"2021-04-20T14:37:34","modified_gmt":"2021-04-20T13:37:34","slug":"desporto-volta-a-desconfinar-um-pouco-a-espera-da-retoma-da-formacao","status":"publish","type":"post","link":"https:\/\/www.altominho.tv\/site\/2021\/04\/05\/desporto-volta-a-desconfinar-um-pouco-a-espera-da-retoma-da-formacao\/","title":{"rendered":"Desporto volta a desconfinar um pouco, \u00e0 espera da retoma da forma\u00e7\u00e3o"},"content":{"rendered":"\n<p class=\"wp-block-paragraph\">A pr\u00e1tica de modalidades desportivas de baixo risco e de atividade f\u00edsica ao ar livre ou em gin\u00e1sios e academias volta a ser autorizada a partir de hoje, no arranque da segunda fase do plano de desconfinamento em Portugal.<\/p>\n\n\n\n<p class=\"wp-block-paragraph\">De acordo com o comunicado do Conselho de Ministros na quinta-feira, a pr\u00e1tica de atividade f\u00edsica ao ar livre em plena pandemia de covid-19, que estava restringida desde meados de janeiro a t\u00edtulo individual, fica limitada a grupos de at\u00e9 quatro pessoas, enquanto as aulas de grupo v\u00e3o continuar proibidas em gin\u00e1sios e academias.<\/p>\n\n\n\n<p class=\"wp-block-paragraph\">J\u00e1 quanto \u00e0 pr\u00e1tica amadora de modalidades listadas pela Dire\u00e7\u00e3o-Geral da Sa\u00fade (DGS) como \u201catividade f\u00edsica e desportiva de baixo risco\u201d, s\u00e3o permitidas todas as vertentes de aeron\u00e1utica, atletismo, automobilismo, canoagem, ciclismo, equestre, motociclismo, moton\u00e1utica, paraquedismo, pentatlo moderno, remo, surf, t\u00e9nis, t\u00e9nis de mesa e tiro.<\/p>\n\n\n\n<p class=\"wp-block-paragraph\">Igual determina\u00e7\u00e3o incide sobre aeromodelismo, aikido, badminton, beisebol e softebol, bilhar, bridge, campismo e montanhismo, columbofilia, damas, esgrima, golfe, padel, halterofilismo, orienta\u00e7\u00e3o, pesca desportiva, petanca, triatlo, vela, voo livre ou xadrez.<\/p>\n\n\n\n<p class=\"wp-block-paragraph\">Segundo a orienta\u00e7\u00e3o da DGS em agosto de 2020 quanto \u00e0 estratifica\u00e7\u00e3o do risco de cont\u00e1gio por covid-19, estas modalidades garantem contextos de treino e competitivos com \u201cdistanciamento f\u00edsico permanente de pelo menos tr\u00eas metros entre praticantes\u201d.<\/p>\n\n\n\n<p class=\"wp-block-paragraph\">\u201cNo \u00e2mbito das instala\u00e7\u00f5es desportivas permite-se a abertura de determinados equipamentos: campos de tiro; courts de t\u00e9nis, padel e similares; circuitos permanentes de motas, autom\u00f3veis e similares; vel\u00f3dromos; hip\u00f3dromos e pistas similares; gin\u00e1sios e academias; pistas de atletismo e campos de golfe\u201d, enumera o Conselho de Ministros.<\/p>\n\n\n\n<p class=\"wp-block-paragraph\">Caso a evolu\u00e7\u00e3o di\u00e1ria da pandemia de covid-19 em Portugal seja favor\u00e1vel, a segunda fase do plano de desconfinamento do Governo para a pr\u00e1tica desportiva ir\u00e1 come\u00e7ar a partir de 19 de abril, assinalando a retoma das modalidades classificadas de m\u00e9dio risco.<\/p>\n\n\n\n<p class=\"wp-block-paragraph\">Nesse lote est\u00e3o inclu\u00eddas as principais modalidades coletivas, casos do andebol, basquetebol, futebol, futsal, h\u00f3quei em patins e voleibol, cujas divis\u00f5es profissionais prosseguiram durante o segundo confinamento geral, em vigor desde 15 de janeiro.<\/p>\n\n\n\n<p class=\"wp-block-paragraph\">Corfebol, futebol de praia, h\u00f3quei e h\u00f3quei em linha, polo aqu\u00e1tico, aquatlon, h\u00f3quei subaqu\u00e1tico e r\u00e2guebi subaqu\u00e1tico tamb\u00e9m regressar\u00e3o ao ativo, assim como o r\u00e2guebi em cadeira de rodas, que completar\u00e1 o leque de desportos para pessoas com defici\u00eancia.<\/p>\n\n\n\n<p class=\"wp-block-paragraph\">Al\u00e9m das modalidades de m\u00e9dio risco, que \u201cn\u00e3o permitem o distanciamento entre atletas, ainda que n\u00e3o impliquem contacto face a face\u201d, o Governo prev\u00ea expandir a atividade f\u00edsica ao ar livre at\u00e9 grupos de seis pessoas e manter os gin\u00e1sios sem aulas de grupo.<\/p>\n\n\n\n<p class=\"wp-block-paragraph\">Esses dois cen\u00e1rios dever\u00e3o ficar livres de restri\u00e7\u00f5es duas semanas depois, quando ressurgir\u00e3o as modalidades de alto risco de cont\u00e1gio, por \u201cimplicarem contacto face a face\u201d, entre as quais boxe, jiu jitsu, judo, kickboxing e muaythai, lutas amadoras e r\u00e2guebi.<\/p>\n\n\n\n<p class=\"wp-block-paragraph\">A variante de pares de patinagem art\u00edstica consumar\u00e1 o regresso pleno dos desportos de inverno, tal como a vertente acrob\u00e1tica na gin\u00e1stica, o kumite no karat\u00e9 e no kempo, o kiorugy no taekwondo, as disciplinas standard, latino-americana e de pares na dan\u00e7a desportiva ou o san da e wushu kung fu na esfera das artes marciais chinesas.<\/p>\n\n\n\n<p class=\"wp-block-paragraph\">O Governo tem adiado o regresso de p\u00fablico aos recintos, contrariando a expectativa da Liga Portuguesa de Futebol Profissional e do Aut\u00f3dromo Internacional do Algarve, palco de etapas dos Mundiais de MotoGP, em 18 de abril, e de F\u00f3rmula 1, em 02 de maio.<\/p>\n\n\n\n<p class=\"wp-block-paragraph\">\u201cObviamente, n\u00e3o h\u00e1 eventos com p\u00fablico, porque s\u00e3o um risco acrescido de juntar pessoas e h\u00e1 um risco acrescido de transmiss\u00e3o da doen\u00e7a. Isso tem de ser evitado e vamos continuar a evitar\u201d, assumiu na quinta-feira o primeiro-ministro Ant\u00f3nio Costa.<\/p>\n\n\n\n<p class=\"wp-block-paragraph\">Os adeptos est\u00e3o afastados das bancadas desde mar\u00e7o de 2020, quando Portugal enfrentou o primeiro confinamento geral e todo o desporto foi suspenso, incluindo os escal\u00f5es de forma\u00e7\u00e3o, cujo restabelecimento nas modalidades de m\u00e9dio e alto risco depender\u00e1 de testes obrigat\u00f3rios \u00e0 covid-19 at\u00e9 72 horas antes do in\u00edcio das atividades.<\/p>\n","protected":false},"excerpt":{"rendered":"<p>A pr\u00e1tica de modalidades desportivas de baixo risco e de atividade f\u00edsica ao ar livre ou em gin\u00e1sios e academias volta a ser autorizada a partir de hoje, no arranque da segunda fase do plano de desconfinamento em Portugal. De acordo com o comunicado do Conselho de Ministros na quinta-feira, a pr\u00e1tica de atividade f\u00edsica [&hellip;]<\/p>\n","protected":false},"author":16,"featured_media":64782,"comment_status":"closed","ping_status":"closed","sticky":false,"template":"","format":"standard","meta":{"_exactmetrics_skip_tracking":false,"footnotes":""},"categories":[73],"tags":[20,26],"class_list":["post-64781","post","type-post","status-publish","format-standard","has-post-thumbnail","hentry","category-alto-minho","tag-desporto","tag-saude"],"yoast_head":"<!-- This site is optimized with the Yoast SEO Premium plugin v28.3 (Yoast SEO v28.3) - https:\/\/yoast.com\/product\/yoast-seo-premium-wordpress\/ -->\n<title>Desporto volta a desconfinar um pouco, \u00e0 espera da retoma da forma\u00e7\u00e3o<\/title>\n<meta name=\"robots\" content=\"index, follow, max-snippet:-1, max-image-preview:large, max-video-preview:-1\" \/>\n<link rel=\"canonical\" href=\"https:\/\/www.altominho.tv\/site\/2021\/04\/05\/desporto-volta-a-desconfinar-um-pouco-a-espera-da-retoma-da-formacao\/\" \/>\n<meta property=\"og:locale\" content=\"pt_PT\" \/>\n<meta property=\"og:type\" content=\"article\" \/>\n<meta property=\"og:title\" content=\"Desporto volta a desconfinar um pouco, \u00e0 espera da retoma da forma\u00e7\u00e3o\" \/>\n<meta property=\"og:description\" content=\"A pr\u00e1tica de modalidades desportivas de baixo risco e de atividade f\u00edsica ao ar livre ou em gin\u00e1sios e academias volta a ser autorizada a partir de hoje, no arranque da segunda fase do plano de desconfinamento em Portugal. De acordo com o comunicado do Conselho de Ministros na quinta-feira, a pr\u00e1tica de atividade f\u00edsica [&hellip;]\" \/>\n<meta property=\"og:url\" content=\"https:\/\/www.altominho.tv\/site\/2021\/04\/05\/desporto-volta-a-desconfinar-um-pouco-a-espera-da-retoma-da-formacao\/\" \/>\n<meta property=\"og:site_name\" content=\"Altominho.tv\" \/>\n<meta property=\"article:publisher\" content=\"https:\/\/www.facebook.com\/altominhotv\" \/>\n<meta property=\"article:published_time\" content=\"2021-04-05T09:06:48+00:00\" \/>\n<meta property=\"article:modified_time\" content=\"2021-04-20T13:37:34+00:00\" \/>\n<meta property=\"og:image\" content=\"https:\/\/www.altominho.tv\/site\/wp-content\/uploads\/2021\/04\/desporto-1.jpg\" \/>\n\t<meta property=\"og:image:width\" content=\"576\" \/>\n\t<meta property=\"og:image:height\" content=\"398\" \/>\n\t<meta property=\"og:image:type\" content=\"image\/jpeg\" \/>\n<meta name=\"author\" content=\"Andreia Cunha | Lusa\" \/>\n<meta name=\"twitter:card\" content=\"summary_large_image\" \/>\n<meta name=\"twitter:creator\" content=\"@altominhoTV\" \/>\n<meta name=\"twitter:site\" content=\"@altominhoTV\" \/>\n<meta name=\"twitter:label1\" content=\"Escrito por\" \/>\n\t<meta name=\"twitter:data1\" content=\"Andreia Cunha | Lusa\" \/>\n\t<meta name=\"twitter:label2\" content=\"Tempo estimado de leitura\" \/>\n\t<meta name=\"twitter:data2\" content=\"4 minutos\" \/>\n<script type=\"application\/ld+json\" class=\"yoast-schema-graph\">{\"@context\":\"https:\\\/\\\/schema.org\",\"@graph\":[{\"@type\":\"Article\",\"@id\":\"https:\\\/\\\/www.altominho.tv\\\/site\\\/2021\\\/04\\\/05\\\/desporto-volta-a-desconfinar-um-pouco-a-espera-da-retoma-da-formacao\\\/#article\",\"isPartOf\":{\"@id\":\"https:\\\/\\\/www.altominho.tv\\\/site\\\/2021\\\/04\\\/05\\\/desporto-volta-a-desconfinar-um-pouco-a-espera-da-retoma-da-formacao\\\/\"},\"author\":{\"name\":\"Andreia Cunha | Lusa\",\"@id\":\"https:\\\/\\\/www.altominho.tv\\\/site\\\/#\\\/schema\\\/person\\\/dbaf181c01b51ff40c9f461a905d321e\"},\"headline\":\"Desporto volta a desconfinar um pouco, \u00e0 espera da retoma da forma\u00e7\u00e3o\",\"datePublished\":\"2021-04-05T09:06:48+00:00\",\"dateModified\":\"2021-04-20T13:37:34+00:00\",\"mainEntityOfPage\":{\"@id\":\"https:\\\/\\\/www.altominho.tv\\\/site\\\/2021\\\/04\\\/05\\\/desporto-volta-a-desconfinar-um-pouco-a-espera-da-retoma-da-formacao\\\/\"},\"wordCount\":729,\"image\":{\"@id\":\"https:\\\/\\\/www.altominho.tv\\\/site\\\/2021\\\/04\\\/05\\\/desporto-volta-a-desconfinar-um-pouco-a-espera-da-retoma-da-formacao\\\/#primaryimage\"},\"thumbnailUrl\":\"https:\\\/\\\/www.altominho.tv\\\/site\\\/wp-content\\\/uploads\\\/2021\\\/04\\\/desporto-1.jpg\",\"keywords\":[\"Desporto\",\"Sa\u00fade\"],\"articleSection\":[\"Alto Minho\"],\"inLanguage\":\"pt-PT\",\"copyrightYear\":\"2021\",\"copyrightHolder\":{\"@id\":\"https:\\\/\\\/www.altominho.tv\\\/site\\\/#organization\"}},{\"@type\":\"WebPage\",\"@id\":\"https:\\\/\\\/www.altominho.tv\\\/site\\\/2021\\\/04\\\/05\\\/desporto-volta-a-desconfinar-um-pouco-a-espera-da-retoma-da-formacao\\\/\",\"url\":\"https:\\\/\\\/www.altominho.tv\\\/site\\\/2021\\\/04\\\/05\\\/desporto-volta-a-desconfinar-um-pouco-a-espera-da-retoma-da-formacao\\\/\",\"name\":\"Desporto volta a desconfinar um pouco, \u00e0 espera da retoma da forma\u00e7\u00e3o\",\"isPartOf\":{\"@id\":\"https:\\\/\\\/www.altominho.tv\\\/site\\\/#website\"},\"primaryImageOfPage\":{\"@id\":\"https:\\\/\\\/www.altominho.tv\\\/site\\\/2021\\\/04\\\/05\\\/desporto-volta-a-desconfinar-um-pouco-a-espera-da-retoma-da-formacao\\\/#primaryimage\"},\"image\":{\"@id\":\"https:\\\/\\\/www.altominho.tv\\\/site\\\/2021\\\/04\\\/05\\\/desporto-volta-a-desconfinar-um-pouco-a-espera-da-retoma-da-formacao\\\/#primaryimage\"},\"thumbnailUrl\":\"https:\\\/\\\/www.altominho.tv\\\/site\\\/wp-content\\\/uploads\\\/2021\\\/04\\\/desporto-1.jpg\",\"datePublished\":\"2021-04-05T09:06:48+00:00\",\"dateModified\":\"2021-04-20T13:37:34+00:00\",\"author\":{\"@id\":\"https:\\\/\\\/www.altominho.tv\\\/site\\\/#\\\/schema\\\/person\\\/dbaf181c01b51ff40c9f461a905d321e\"},\"breadcrumb\":{\"@id\":\"https:\\\/\\\/www.altominho.tv\\\/site\\\/2021\\\/04\\\/05\\\/desporto-volta-a-desconfinar-um-pouco-a-espera-da-retoma-da-formacao\\\/#breadcrumb\"},\"inLanguage\":\"pt-PT\",\"potentialAction\":[{\"@type\":\"ReadAction\",\"target\":[\"https:\\\/\\\/www.altominho.tv\\\/site\\\/2021\\\/04\\\/05\\\/desporto-volta-a-desconfinar-um-pouco-a-espera-da-retoma-da-formacao\\\/\"]}]},{\"@type\":\"ImageObject\",\"inLanguage\":\"pt-PT\",\"@id\":\"https:\\\/\\\/www.altominho.tv\\\/site\\\/2021\\\/04\\\/05\\\/desporto-volta-a-desconfinar-um-pouco-a-espera-da-retoma-da-formacao\\\/#primaryimage\",\"url\":\"https:\\\/\\\/www.altominho.tv\\\/site\\\/wp-content\\\/uploads\\\/2021\\\/04\\\/desporto-1.jpg\",\"contentUrl\":\"https:\\\/\\\/www.altominho.tv\\\/site\\\/wp-content\\\/uploads\\\/2021\\\/04\\\/desporto-1.jpg\",\"width\":576,\"height\":398},{\"@type\":\"BreadcrumbList\",\"@id\":\"https:\\\/\\\/www.altominho.tv\\\/site\\\/2021\\\/04\\\/05\\\/desporto-volta-a-desconfinar-um-pouco-a-espera-da-retoma-da-formacao\\\/#breadcrumb\",\"itemListElement\":[{\"@type\":\"ListItem\",\"position\":1,\"name\":\"In\u00edcio\",\"item\":\"https:\\\/\\\/www.altominho.tv\\\/site\\\/\"},{\"@type\":\"ListItem\",\"position\":2,\"name\":\"Desporto volta a desconfinar um pouco, \u00e0 espera da retoma da forma\u00e7\u00e3o\"}]},{\"@type\":\"WebSite\",\"@id\":\"https:\\\/\\\/www.altominho.tv\\\/site\\\/#website\",\"url\":\"https:\\\/\\\/www.altominho.tv\\\/site\\\/\",\"name\":\"Altominho.tv\",\"description\":\"A sua regi\u00e3o \u00e0 dist\u00e2ncia de um clique...\",\"potentialAction\":[{\"@type\":\"SearchAction\",\"target\":{\"@type\":\"EntryPoint\",\"urlTemplate\":\"https:\\\/\\\/www.altominho.tv\\\/site\\\/?s={search_term_string}\"},\"query-input\":{\"@type\":\"PropertyValueSpecification\",\"valueRequired\":true,\"valueName\":\"search_term_string\"}}],\"inLanguage\":\"pt-PT\"},{\"@type\":\"Person\",\"@id\":\"https:\\\/\\\/www.altominho.tv\\\/site\\\/#\\\/schema\\\/person\\\/dbaf181c01b51ff40c9f461a905d321e\",\"name\":\"Andreia Cunha | Lusa\",\"image\":{\"@type\":\"ImageObject\",\"inLanguage\":\"pt-PT\",\"@id\":\"https:\\\/\\\/www.altominho.tv\\\/site\\\/wp-content\\\/uploads\\\/2017\\\/11\\\/Andreia_Cunha-1-150x150.jpg\",\"url\":\"https:\\\/\\\/www.altominho.tv\\\/site\\\/wp-content\\\/uploads\\\/2017\\\/11\\\/Andreia_Cunha-1-150x150.jpg\",\"contentUrl\":\"https:\\\/\\\/www.altominho.tv\\\/site\\\/wp-content\\\/uploads\\\/2017\\\/11\\\/Andreia_Cunha-1-150x150.jpg\",\"caption\":\"Andreia Cunha | Lusa\"},\"sameAs\":[\"https:\\\/\\\/www.altominho.tv\\\/site\"],\"url\":\"https:\\\/\\\/www.altominho.tv\\\/site\\\/author\\\/andreiacunhalusa\\\/\"}]}<\/script>\n<!-- \/ Yoast SEO Premium plugin. -->","yoast_head_json":{"title":"Desporto volta a desconfinar um pouco, \u00e0 espera da retoma da forma\u00e7\u00e3o","robots":{"index":"index","follow":"follow","max-snippet":"max-snippet:-1","max-image-preview":"max-image-preview:large","max-video-preview":"max-video-preview:-1"},"canonical":"https:\/\/www.altominho.tv\/site\/2021\/04\/05\/desporto-volta-a-desconfinar-um-pouco-a-espera-da-retoma-da-formacao\/","og_locale":"pt_PT","og_type":"article","og_title":"Desporto volta a desconfinar um pouco, \u00e0 espera da retoma da forma\u00e7\u00e3o","og_description":"A pr\u00e1tica de modalidades desportivas de baixo risco e de atividade f\u00edsica ao ar livre ou em gin\u00e1sios e academias volta a ser autorizada a partir de hoje, no arranque da segunda fase do plano de desconfinamento em Portugal. De acordo com o comunicado do Conselho de Ministros na quinta-feira, a pr\u00e1tica de atividade f\u00edsica [&hellip;]","og_url":"https:\/\/www.altominho.tv\/site\/2021\/04\/05\/desporto-volta-a-desconfinar-um-pouco-a-espera-da-retoma-da-formacao\/","og_site_name":"Altominho.tv","article_publisher":"https:\/\/www.facebook.com\/altominhotv","article_published_time":"2021-04-05T09:06:48+00:00","article_modified_time":"2021-04-20T13:37:34+00:00","og_image":[{"width":576,"height":398,"url":"https:\/\/www.altominho.tv\/site\/wp-content\/uploads\/2021\/04\/desporto-1.jpg","type":"image\/jpeg"}],"author":"Andreia Cunha | Lusa","twitter_card":"summary_large_image","twitter_creator":"@altominhoTV","twitter_site":"@altominhoTV","twitter_misc":{"Escrito por":"Andreia Cunha | Lusa","Tempo estimado de leitura":"4 minutos"},"schema":{"@context":"https:\/\/schema.org","@graph":[{"@type":"Article","@id":"https:\/\/www.altominho.tv\/site\/2021\/04\/05\/desporto-volta-a-desconfinar-um-pouco-a-espera-da-retoma-da-formacao\/#article","isPartOf":{"@id":"https:\/\/www.altominho.tv\/site\/2021\/04\/05\/desporto-volta-a-desconfinar-um-pouco-a-espera-da-retoma-da-formacao\/"},"author":{"name":"Andreia Cunha | Lusa","@id":"https:\/\/www.altominho.tv\/site\/#\/schema\/person\/dbaf181c01b51ff40c9f461a905d321e"},"headline":"Desporto volta a desconfinar um pouco, \u00e0 espera da retoma da forma\u00e7\u00e3o","datePublished":"2021-04-05T09:06:48+00:00","dateModified":"2021-04-20T13:37:34+00:00","mainEntityOfPage":{"@id":"https:\/\/www.altominho.tv\/site\/2021\/04\/05\/desporto-volta-a-desconfinar-um-pouco-a-espera-da-retoma-da-formacao\/"},"wordCount":729,"image":{"@id":"https:\/\/www.altominho.tv\/site\/2021\/04\/05\/desporto-volta-a-desconfinar-um-pouco-a-espera-da-retoma-da-formacao\/#primaryimage"},"thumbnailUrl":"https:\/\/www.altominho.tv\/site\/wp-content\/uploads\/2021\/04\/desporto-1.jpg","keywords":["Desporto","Sa\u00fade"],"articleSection":["Alto Minho"],"inLanguage":"pt-PT","copyrightYear":"2021","copyrightHolder":{"@id":"https:\/\/www.altominho.tv\/site\/#organization"}},{"@type":"WebPage","@id":"https:\/\/www.altominho.tv\/site\/2021\/04\/05\/desporto-volta-a-desconfinar-um-pouco-a-espera-da-retoma-da-formacao\/","url":"https:\/\/www.altominho.tv\/site\/2021\/04\/05\/desporto-volta-a-desconfinar-um-pouco-a-espera-da-retoma-da-formacao\/","name":"Desporto volta a desconfinar um pouco, \u00e0 espera da retoma da forma\u00e7\u00e3o","isPartOf":{"@id":"https:\/\/www.altominho.tv\/site\/#website"},"primaryImageOfPage":{"@id":"https:\/\/www.altominho.tv\/site\/2021\/04\/05\/desporto-volta-a-desconfinar-um-pouco-a-espera-da-retoma-da-formacao\/#primaryimage"},"image":{"@id":"https:\/\/www.altominho.tv\/site\/2021\/04\/05\/desporto-volta-a-desconfinar-um-pouco-a-espera-da-retoma-da-formacao\/#primaryimage"},"thumbnailUrl":"https:\/\/www.altominho.tv\/site\/wp-content\/uploads\/2021\/04\/desporto-1.jpg","datePublished":"2021-04-05T09:06:48+00:00","dateModified":"2021-04-20T13:37:34+00:00","author":{"@id":"https:\/\/www.altominho.tv\/site\/#\/schema\/person\/dbaf181c01b51ff40c9f461a905d321e"},"breadcrumb":{"@id":"https:\/\/www.altominho.tv\/site\/2021\/04\/05\/desporto-volta-a-desconfinar-um-pouco-a-espera-da-retoma-da-formacao\/#breadcrumb"},"inLanguage":"pt-PT","potentialAction":[{"@type":"ReadAction","target":["https:\/\/www.altominho.tv\/site\/2021\/04\/05\/desporto-volta-a-desconfinar-um-pouco-a-espera-da-retoma-da-formacao\/"]}]},{"@type":"ImageObject","inLanguage":"pt-PT","@id":"https:\/\/www.altominho.tv\/site\/2021\/04\/05\/desporto-volta-a-desconfinar-um-pouco-a-espera-da-retoma-da-formacao\/#primaryimage","url":"https:\/\/www.altominho.tv\/site\/wp-content\/uploads\/2021\/04\/desporto-1.jpg","contentUrl":"https:\/\/www.altominho.tv\/site\/wp-content\/uploads\/2021\/04\/desporto-1.jpg","width":576,"height":398},{"@type":"BreadcrumbList","@id":"https:\/\/www.altominho.tv\/site\/2021\/04\/05\/desporto-volta-a-desconfinar-um-pouco-a-espera-da-retoma-da-formacao\/#breadcrumb","itemListElement":[{"@type":"ListItem","position":1,"name":"In\u00edcio","item":"https:\/\/www.altominho.tv\/site\/"},{"@type":"ListItem","position":2,"name":"Desporto volta a desconfinar um pouco, \u00e0 espera da retoma da forma\u00e7\u00e3o"}]},{"@type":"WebSite","@id":"https:\/\/www.altominho.tv\/site\/#website","url":"https:\/\/www.altominho.tv\/site\/","name":"Altominho.tv","description":"A sua regi\u00e3o \u00e0 dist\u00e2ncia de um clique...","potentialAction":[{"@type":"SearchAction","target":{"@type":"EntryPoint","urlTemplate":"https:\/\/www.altominho.tv\/site\/?s={search_term_string}"},"query-input":{"@type":"PropertyValueSpecification","valueRequired":true,"valueName":"search_term_string"}}],"inLanguage":"pt-PT"},{"@type":"Person","@id":"https:\/\/www.altominho.tv\/site\/#\/schema\/person\/dbaf181c01b51ff40c9f461a905d321e","name":"Andreia Cunha | Lusa","image":{"@type":"ImageObject","inLanguage":"pt-PT","@id":"https:\/\/www.altominho.tv\/site\/wp-content\/uploads\/2017\/11\/Andreia_Cunha-1-150x150.jpg","url":"https:\/\/www.altominho.tv\/site\/wp-content\/uploads\/2017\/11\/Andreia_Cunha-1-150x150.jpg","contentUrl":"https:\/\/www.altominho.tv\/site\/wp-content\/uploads\/2017\/11\/Andreia_Cunha-1-150x150.jpg","caption":"Andreia Cunha | Lusa"},"sameAs":["https:\/\/www.altominho.tv\/site"],"url":"https:\/\/www.altominho.tv\/site\/author\/andreiacunhalusa\/"}]}},"_links":{"self":[{"href":"https:\/\/www.altominho.tv\/site\/wp-json\/wp\/v2\/posts\/64781","targetHints":{"allow":["GET"]}}],"collection":[{"href":"https:\/\/www.altominho.tv\/site\/wp-json\/wp\/v2\/posts"}],"about":[{"href":"https:\/\/www.altominho.tv\/site\/wp-json\/wp\/v2\/types\/post"}],"author":[{"embeddable":true,"href":"https:\/\/www.altominho.tv\/site\/wp-json\/wp\/v2\/users\/16"}],"replies":[{"embeddable":true,"href":"https:\/\/www.altominho.tv\/site\/wp-json\/wp\/v2\/comments?post=64781"}],"version-history":[{"count":0,"href":"https:\/\/www.altominho.tv\/site\/wp-json\/wp\/v2\/posts\/64781\/revisions"}],"wp:featuredmedia":[{"embeddable":true,"href":"https:\/\/www.altominho.tv\/site\/wp-json\/wp\/v2\/media\/64782"}],"wp:attachment":[{"href":"https:\/\/www.altominho.tv\/site\/wp-json\/wp\/v2\/media?parent=64781"}],"wp:term":[{"taxonomy":"category","embeddable":true,"href":"https:\/\/www.altominho.tv\/site\/wp-json\/wp\/v2\/categories?post=64781"},{"taxonomy":"post_tag","embeddable":true,"href":"https:\/\/www.altominho.tv\/site\/wp-json\/wp\/v2\/tags?post=64781"}],"curies":[{"name":"wp","href":"https:\/\/api.w.org\/{rel}","templated":true}]}}