{"id":64772,"date":"2021-04-05T08:31:33","date_gmt":"2021-04-05T07:31:33","guid":{"rendered":"https:\/\/www.altominho.tv\/site\/?p=64772"},"modified":"2021-04-05T08:31:38","modified_gmt":"2021-04-05T07:31:38","slug":"arranca-hoje-segunda-fase-do-plano-de-desconfinamento","status":"publish","type":"post","link":"https:\/\/www.altominho.tv\/site\/2021\/04\/05\/arranca-hoje-segunda-fase-do-plano-de-desconfinamento\/","title":{"rendered":"Arranca hoje segunda fase do plano de desconfinamento"},"content":{"rendered":"<p>Os alunos dos 2.\u00ba e 3.\u00ba ciclos retomam esta segunda-feira as aulas presenciais, no \u00e2mbito da segunda fase do plano de desconfinamento do pa\u00eds devido \u00e0 pandemia, que prev\u00ea tamb\u00e9m a reabertura de centros de dia, equipamentos para deficientes e esplanadas.<\/p>\n<p class=\"text-paragraph\">A decis\u00e3o de avan\u00e7ar com a segunda fase do plano do Governo foi tomada na sexta-feira em Conselho de Ministros, depois de analisada a situa\u00e7\u00e3o da pandemia em Portugal, em especial o \u00edndice de transmissibilidade (Rt) do v\u00edrus SARS-CoV-2 e a taxa de incid\u00eancia de novos casos de Covid-19.<\/p>\n<p class=\"text-paragraph\">Al\u00e9m das escolas dos 2.\u00ba e 3.\u00ba ciclos, voltam a estar dispon\u00edveis as Atividades de Tempos Livres dirigidas a esses estudantes, assim como centros de dia e equipamentos sociais de apoio \u00e0 defici\u00eancia.<\/p>\n<p class=\"text-paragraph\">Na \u00e1rea da restaura\u00e7\u00e3o, a segunda fase do desconfinamento em Portugal continental prev\u00ea tamb\u00e9m que os restaurantes, as pastelarias e os caf\u00e9s que tenham esplanada podem reabrir esses espa\u00e7os ao ar livre, mas com grupos limitados a um m\u00e1ximo de quatro pessoas.<\/p>\n<p class=\"text-paragraph\">No que se refere ao com\u00e9rcio, a partir desta segunda-feira as lojas com porta para a rua com menos de 200 metros quadrados deixam de ter de vender ao postigo e passam a poder ter as suas portas abertas ao p\u00fablico, para, de acordo com a rota\u00e7\u00e3o e as regras da Dire\u00e7\u00e3o-Geral da Sa\u00fade, poderem fazer atendimento presencial dos seus clientes.<\/p>\n<p class=\"text-paragraph\">Os gin\u00e1sios tamb\u00e9m voltam a reabrir, mas ainda sem a possibilidade de aulas em grupo.<\/p>\n<p class=\"text-paragraph\">A partir de ter\u00e7a-feira, e durante a pr\u00f3xima quinzena, a proibi\u00e7\u00e3o da circula\u00e7\u00e3o entre concelhos no continente portugu\u00eas deixa de estar em vigor, mantendo-se encerrada a fronteira terrestre entre Portugal e Espanha.<\/p>\n<p class=\"text-paragraph\">Na sexta-feira, o primeiro-ministro, Ant\u00f3nio Costa, afirmou que Portugal pode \u201cdar o passo de avan\u00e7ar\u201d com estas medidas de desconfinamento, alegando que \u201ca aplica\u00e7\u00e3o combinada dos dois crit\u00e9rios\u201d \u2013 incid\u00eancia e ritmo de transmiss\u00e3o da Covid-19 &#8211; mant\u00e9m Portugal \u201cclaramente no quadrante verde\u201d.<\/p>\n","protected":false},"excerpt":{"rendered":"<p>Os alunos dos 2.\u00ba e 3.\u00ba ciclos retomam esta segunda-feira as aulas presenciais, no \u00e2mbito da segunda fase do plano de desconfinamento do pa\u00eds devido \u00e0 pandemia, que prev\u00ea tamb\u00e9m a reabertura de centros de dia, equipamentos para deficientes e esplanadas. A decis\u00e3o de avan\u00e7ar com a segunda fase do plano do Governo foi tomada [&hellip;]<\/p>\n","protected":false},"author":13,"featured_media":64773,"comment_status":"closed","ping_status":"closed","sticky":false,"template":"","format":"standard","meta":{"_exactmetrics_skip_tracking":false,"_exactmetrics_sitenote_active":false,"_exactmetrics_sitenote_note":"","_exactmetrics_sitenote_category":0,"footnotes":""},"categories":[42722],"tags":[27],"class_list":["post-64772","post","type-post","status-publish","format-standard","has-post-thumbnail","hentry","category-covid-19","tag-sociedade"],"yoast_head":"<!-- This site is optimized with the Yoast SEO Premium plugin v27.5 (Yoast SEO v27.5) - https:\/\/yoast.com\/product\/yoast-seo-premium-wordpress\/ -->\n<title>Arranca hoje segunda fase do plano de desconfinamento<\/title>\n<meta name=\"robots\" content=\"index, follow, max-snippet:-1, max-image-preview:large, max-video-preview:-1\" \/>\n<link rel=\"canonical\" href=\"https:\/\/www.altominho.tv\/site\/2021\/04\/05\/arranca-hoje-segunda-fase-do-plano-de-desconfinamento\/\" \/>\n<meta property=\"og:locale\" content=\"pt_PT\" \/>\n<meta property=\"og:type\" content=\"article\" \/>\n<meta property=\"og:title\" content=\"Arranca hoje segunda fase do plano de desconfinamento\" \/>\n<meta property=\"og:description\" content=\"Os alunos dos 2.\u00ba e 3.\u00ba ciclos retomam esta segunda-feira as aulas presenciais, no \u00e2mbito da segunda fase do plano de desconfinamento do pa\u00eds devido \u00e0 pandemia, que prev\u00ea tamb\u00e9m a reabertura de centros de dia, equipamentos para deficientes e esplanadas. A decis\u00e3o de avan\u00e7ar com a segunda fase do plano do Governo foi tomada [&hellip;]\" \/>\n<meta property=\"og:url\" content=\"https:\/\/www.altominho.tv\/site\/2021\/04\/05\/arranca-hoje-segunda-fase-do-plano-de-desconfinamento\/\" \/>\n<meta property=\"og:site_name\" content=\"Altominho.tv\" \/>\n<meta property=\"article:publisher\" content=\"https:\/\/www.facebook.com\/altominhotv\" \/>\n<meta property=\"article:published_time\" content=\"2021-04-05T07:31:33+00:00\" \/>\n<meta property=\"article:modified_time\" content=\"2021-04-05T07:31:38+00:00\" \/>\n<meta property=\"og:image\" content=\"https:\/\/www.altominho.tv\/site\/wp-content\/uploads\/2021\/04\/Esplanada.jpg\" \/>\n\t<meta property=\"og:image:width\" content=\"951\" \/>\n\t<meta property=\"og:image:height\" content=\"530\" \/>\n\t<meta property=\"og:image:type\" content=\"image\/jpeg\" \/>\n<meta name=\"author\" content=\"Lusa\" \/>\n<meta name=\"twitter:card\" content=\"summary_large_image\" \/>\n<meta name=\"twitter:creator\" content=\"@altominhoTV\" \/>\n<meta name=\"twitter:site\" content=\"@altominhoTV\" \/>\n<meta name=\"twitter:label1\" content=\"Escrito por\" \/>\n\t<meta name=\"twitter:data1\" content=\"Lusa\" \/>\n\t<meta name=\"twitter:label2\" content=\"Tempo estimado de leitura\" \/>\n\t<meta name=\"twitter:data2\" content=\"2 minutos\" \/>\n<script type=\"application\/ld+json\" class=\"yoast-schema-graph\">{\"@context\":\"https:\\\/\\\/schema.org\",\"@graph\":[{\"@type\":\"Article\",\"@id\":\"https:\\\/\\\/www.altominho.tv\\\/site\\\/2021\\\/04\\\/05\\\/arranca-hoje-segunda-fase-do-plano-de-desconfinamento\\\/#article\",\"isPartOf\":{\"@id\":\"https:\\\/\\\/www.altominho.tv\\\/site\\\/2021\\\/04\\\/05\\\/arranca-hoje-segunda-fase-do-plano-de-desconfinamento\\\/\"},\"author\":{\"name\":\"Lusa\",\"@id\":\"https:\\\/\\\/www.altominho.tv\\\/site\\\/#\\\/schema\\\/person\\\/63f693da3e1899361cbe955c46f3232e\"},\"headline\":\"Arranca hoje segunda fase do plano de desconfinamento\",\"datePublished\":\"2021-04-05T07:31:33+00:00\",\"dateModified\":\"2021-04-05T07:31:38+00:00\",\"mainEntityOfPage\":{\"@id\":\"https:\\\/\\\/www.altominho.tv\\\/site\\\/2021\\\/04\\\/05\\\/arranca-hoje-segunda-fase-do-plano-de-desconfinamento\\\/\"},\"wordCount\":350,\"image\":{\"@id\":\"https:\\\/\\\/www.altominho.tv\\\/site\\\/2021\\\/04\\\/05\\\/arranca-hoje-segunda-fase-do-plano-de-desconfinamento\\\/#primaryimage\"},\"thumbnailUrl\":\"https:\\\/\\\/www.altominho.tv\\\/site\\\/wp-content\\\/uploads\\\/2021\\\/04\\\/Esplanada.jpg\",\"keywords\":[\"Sociedade\"],\"articleSection\":[\"Coronav\u00edrus\"],\"inLanguage\":\"pt-PT\",\"copyrightYear\":\"2021\",\"copyrightHolder\":{\"@id\":\"https:\\\/\\\/www.altominho.tv\\\/site\\\/#organization\"}},{\"@type\":\"WebPage\",\"@id\":\"https:\\\/\\\/www.altominho.tv\\\/site\\\/2021\\\/04\\\/05\\\/arranca-hoje-segunda-fase-do-plano-de-desconfinamento\\\/\",\"url\":\"https:\\\/\\\/www.altominho.tv\\\/site\\\/2021\\\/04\\\/05\\\/arranca-hoje-segunda-fase-do-plano-de-desconfinamento\\\/\",\"name\":\"Arranca hoje segunda fase do plano de desconfinamento\",\"isPartOf\":{\"@id\":\"https:\\\/\\\/www.altominho.tv\\\/site\\\/#website\"},\"primaryImageOfPage\":{\"@id\":\"https:\\\/\\\/www.altominho.tv\\\/site\\\/2021\\\/04\\\/05\\\/arranca-hoje-segunda-fase-do-plano-de-desconfinamento\\\/#primaryimage\"},\"image\":{\"@id\":\"https:\\\/\\\/www.altominho.tv\\\/site\\\/2021\\\/04\\\/05\\\/arranca-hoje-segunda-fase-do-plano-de-desconfinamento\\\/#primaryimage\"},\"thumbnailUrl\":\"https:\\\/\\\/www.altominho.tv\\\/site\\\/wp-content\\\/uploads\\\/2021\\\/04\\\/Esplanada.jpg\",\"datePublished\":\"2021-04-05T07:31:33+00:00\",\"dateModified\":\"2021-04-05T07:31:38+00:00\",\"author\":{\"@id\":\"https:\\\/\\\/www.altominho.tv\\\/site\\\/#\\\/schema\\\/person\\\/63f693da3e1899361cbe955c46f3232e\"},\"breadcrumb\":{\"@id\":\"https:\\\/\\\/www.altominho.tv\\\/site\\\/2021\\\/04\\\/05\\\/arranca-hoje-segunda-fase-do-plano-de-desconfinamento\\\/#breadcrumb\"},\"inLanguage\":\"pt-PT\",\"potentialAction\":[{\"@type\":\"ReadAction\",\"target\":[\"https:\\\/\\\/www.altominho.tv\\\/site\\\/2021\\\/04\\\/05\\\/arranca-hoje-segunda-fase-do-plano-de-desconfinamento\\\/\"]}]},{\"@type\":\"ImageObject\",\"inLanguage\":\"pt-PT\",\"@id\":\"https:\\\/\\\/www.altominho.tv\\\/site\\\/2021\\\/04\\\/05\\\/arranca-hoje-segunda-fase-do-plano-de-desconfinamento\\\/#primaryimage\",\"url\":\"https:\\\/\\\/www.altominho.tv\\\/site\\\/wp-content\\\/uploads\\\/2021\\\/04\\\/Esplanada.jpg\",\"contentUrl\":\"https:\\\/\\\/www.altominho.tv\\\/site\\\/wp-content\\\/uploads\\\/2021\\\/04\\\/Esplanada.jpg\",\"width\":951,\"height\":530},{\"@type\":\"BreadcrumbList\",\"@id\":\"https:\\\/\\\/www.altominho.tv\\\/site\\\/2021\\\/04\\\/05\\\/arranca-hoje-segunda-fase-do-plano-de-desconfinamento\\\/#breadcrumb\",\"itemListElement\":[{\"@type\":\"ListItem\",\"position\":1,\"name\":\"In\u00edcio\",\"item\":\"https:\\\/\\\/www.altominho.tv\\\/site\\\/\"},{\"@type\":\"ListItem\",\"position\":2,\"name\":\"Arranca hoje segunda fase do plano de desconfinamento\"}]},{\"@type\":\"WebSite\",\"@id\":\"https:\\\/\\\/www.altominho.tv\\\/site\\\/#website\",\"url\":\"https:\\\/\\\/www.altominho.tv\\\/site\\\/\",\"name\":\"Altominho.tv\",\"description\":\"A sua regi\u00e3o \u00e0 dist\u00e2ncia de um clique...\",\"potentialAction\":[{\"@type\":\"SearchAction\",\"target\":{\"@type\":\"EntryPoint\",\"urlTemplate\":\"https:\\\/\\\/www.altominho.tv\\\/site\\\/?s={search_term_string}\"},\"query-input\":{\"@type\":\"PropertyValueSpecification\",\"valueRequired\":true,\"valueName\":\"search_term_string\"}}],\"inLanguage\":\"pt-PT\"},{\"@type\":\"Person\",\"@id\":\"https:\\\/\\\/www.altominho.tv\\\/site\\\/#\\\/schema\\\/person\\\/63f693da3e1899361cbe955c46f3232e\",\"name\":\"Lusa\",\"image\":{\"@type\":\"ImageObject\",\"inLanguage\":\"pt-PT\",\"@id\":\"https:\\\/\\\/www.altominho.tv\\\/site\\\/wp-content\\\/uploads\\\/2019\\\/08\\\/LUSA_Logo.gif\",\"url\":\"https:\\\/\\\/www.altominho.tv\\\/site\\\/wp-content\\\/uploads\\\/2019\\\/08\\\/LUSA_Logo.gif\",\"contentUrl\":\"https:\\\/\\\/www.altominho.tv\\\/site\\\/wp-content\\\/uploads\\\/2019\\\/08\\\/LUSA_Logo.gif\",\"caption\":\"Lusa\"},\"sameAs\":[\"http:\\\/\\\/\\\/\\\/www.altominho.tv\\\/site\"],\"url\":\"https:\\\/\\\/www.altominho.tv\\\/site\\\/author\\\/lusa\\\/\"}]}<\/script>\n<!-- \/ Yoast SEO Premium plugin. -->","yoast_head_json":{"title":"Arranca hoje segunda fase do plano de desconfinamento","robots":{"index":"index","follow":"follow","max-snippet":"max-snippet:-1","max-image-preview":"max-image-preview:large","max-video-preview":"max-video-preview:-1"},"canonical":"https:\/\/www.altominho.tv\/site\/2021\/04\/05\/arranca-hoje-segunda-fase-do-plano-de-desconfinamento\/","og_locale":"pt_PT","og_type":"article","og_title":"Arranca hoje segunda fase do plano de desconfinamento","og_description":"Os alunos dos 2.\u00ba e 3.\u00ba ciclos retomam esta segunda-feira as aulas presenciais, no \u00e2mbito da segunda fase do plano de desconfinamento do pa\u00eds devido \u00e0 pandemia, que prev\u00ea tamb\u00e9m a reabertura de centros de dia, equipamentos para deficientes e esplanadas. A decis\u00e3o de avan\u00e7ar com a segunda fase do plano do Governo foi tomada [&hellip;]","og_url":"https:\/\/www.altominho.tv\/site\/2021\/04\/05\/arranca-hoje-segunda-fase-do-plano-de-desconfinamento\/","og_site_name":"Altominho.tv","article_publisher":"https:\/\/www.facebook.com\/altominhotv","article_published_time":"2021-04-05T07:31:33+00:00","article_modified_time":"2021-04-05T07:31:38+00:00","og_image":[{"width":951,"height":530,"url":"https:\/\/www.altominho.tv\/site\/wp-content\/uploads\/2021\/04\/Esplanada.jpg","type":"image\/jpeg"}],"author":"Lusa","twitter_card":"summary_large_image","twitter_creator":"@altominhoTV","twitter_site":"@altominhoTV","twitter_misc":{"Escrito por":"Lusa","Tempo estimado de leitura":"2 minutos"},"schema":{"@context":"https:\/\/schema.org","@graph":[{"@type":"Article","@id":"https:\/\/www.altominho.tv\/site\/2021\/04\/05\/arranca-hoje-segunda-fase-do-plano-de-desconfinamento\/#article","isPartOf":{"@id":"https:\/\/www.altominho.tv\/site\/2021\/04\/05\/arranca-hoje-segunda-fase-do-plano-de-desconfinamento\/"},"author":{"name":"Lusa","@id":"https:\/\/www.altominho.tv\/site\/#\/schema\/person\/63f693da3e1899361cbe955c46f3232e"},"headline":"Arranca hoje segunda fase do plano de desconfinamento","datePublished":"2021-04-05T07:31:33+00:00","dateModified":"2021-04-05T07:31:38+00:00","mainEntityOfPage":{"@id":"https:\/\/www.altominho.tv\/site\/2021\/04\/05\/arranca-hoje-segunda-fase-do-plano-de-desconfinamento\/"},"wordCount":350,"image":{"@id":"https:\/\/www.altominho.tv\/site\/2021\/04\/05\/arranca-hoje-segunda-fase-do-plano-de-desconfinamento\/#primaryimage"},"thumbnailUrl":"https:\/\/www.altominho.tv\/site\/wp-content\/uploads\/2021\/04\/Esplanada.jpg","keywords":["Sociedade"],"articleSection":["Coronav\u00edrus"],"inLanguage":"pt-PT","copyrightYear":"2021","copyrightHolder":{"@id":"https:\/\/www.altominho.tv\/site\/#organization"}},{"@type":"WebPage","@id":"https:\/\/www.altominho.tv\/site\/2021\/04\/05\/arranca-hoje-segunda-fase-do-plano-de-desconfinamento\/","url":"https:\/\/www.altominho.tv\/site\/2021\/04\/05\/arranca-hoje-segunda-fase-do-plano-de-desconfinamento\/","name":"Arranca hoje segunda fase do plano de desconfinamento","isPartOf":{"@id":"https:\/\/www.altominho.tv\/site\/#website"},"primaryImageOfPage":{"@id":"https:\/\/www.altominho.tv\/site\/2021\/04\/05\/arranca-hoje-segunda-fase-do-plano-de-desconfinamento\/#primaryimage"},"image":{"@id":"https:\/\/www.altominho.tv\/site\/2021\/04\/05\/arranca-hoje-segunda-fase-do-plano-de-desconfinamento\/#primaryimage"},"thumbnailUrl":"https:\/\/www.altominho.tv\/site\/wp-content\/uploads\/2021\/04\/Esplanada.jpg","datePublished":"2021-04-05T07:31:33+00:00","dateModified":"2021-04-05T07:31:38+00:00","author":{"@id":"https:\/\/www.altominho.tv\/site\/#\/schema\/person\/63f693da3e1899361cbe955c46f3232e"},"breadcrumb":{"@id":"https:\/\/www.altominho.tv\/site\/2021\/04\/05\/arranca-hoje-segunda-fase-do-plano-de-desconfinamento\/#breadcrumb"},"inLanguage":"pt-PT","potentialAction":[{"@type":"ReadAction","target":["https:\/\/www.altominho.tv\/site\/2021\/04\/05\/arranca-hoje-segunda-fase-do-plano-de-desconfinamento\/"]}]},{"@type":"ImageObject","inLanguage":"pt-PT","@id":"https:\/\/www.altominho.tv\/site\/2021\/04\/05\/arranca-hoje-segunda-fase-do-plano-de-desconfinamento\/#primaryimage","url":"https:\/\/www.altominho.tv\/site\/wp-content\/uploads\/2021\/04\/Esplanada.jpg","contentUrl":"https:\/\/www.altominho.tv\/site\/wp-content\/uploads\/2021\/04\/Esplanada.jpg","width":951,"height":530},{"@type":"BreadcrumbList","@id":"https:\/\/www.altominho.tv\/site\/2021\/04\/05\/arranca-hoje-segunda-fase-do-plano-de-desconfinamento\/#breadcrumb","itemListElement":[{"@type":"ListItem","position":1,"name":"In\u00edcio","item":"https:\/\/www.altominho.tv\/site\/"},{"@type":"ListItem","position":2,"name":"Arranca hoje segunda fase do plano de desconfinamento"}]},{"@type":"WebSite","@id":"https:\/\/www.altominho.tv\/site\/#website","url":"https:\/\/www.altominho.tv\/site\/","name":"Altominho.tv","description":"A sua regi\u00e3o \u00e0 dist\u00e2ncia de um clique...","potentialAction":[{"@type":"SearchAction","target":{"@type":"EntryPoint","urlTemplate":"https:\/\/www.altominho.tv\/site\/?s={search_term_string}"},"query-input":{"@type":"PropertyValueSpecification","valueRequired":true,"valueName":"search_term_string"}}],"inLanguage":"pt-PT"},{"@type":"Person","@id":"https:\/\/www.altominho.tv\/site\/#\/schema\/person\/63f693da3e1899361cbe955c46f3232e","name":"Lusa","image":{"@type":"ImageObject","inLanguage":"pt-PT","@id":"https:\/\/www.altominho.tv\/site\/wp-content\/uploads\/2019\/08\/LUSA_Logo.gif","url":"https:\/\/www.altominho.tv\/site\/wp-content\/uploads\/2019\/08\/LUSA_Logo.gif","contentUrl":"https:\/\/www.altominho.tv\/site\/wp-content\/uploads\/2019\/08\/LUSA_Logo.gif","caption":"Lusa"},"sameAs":["http:\/\/\/\/www.altominho.tv\/site"],"url":"https:\/\/www.altominho.tv\/site\/author\/lusa\/"}]}},"_links":{"self":[{"href":"https:\/\/www.altominho.tv\/site\/wp-json\/wp\/v2\/posts\/64772","targetHints":{"allow":["GET"]}}],"collection":[{"href":"https:\/\/www.altominho.tv\/site\/wp-json\/wp\/v2\/posts"}],"about":[{"href":"https:\/\/www.altominho.tv\/site\/wp-json\/wp\/v2\/types\/post"}],"author":[{"embeddable":true,"href":"https:\/\/www.altominho.tv\/site\/wp-json\/wp\/v2\/users\/13"}],"replies":[{"embeddable":true,"href":"https:\/\/www.altominho.tv\/site\/wp-json\/wp\/v2\/comments?post=64772"}],"version-history":[{"count":0,"href":"https:\/\/www.altominho.tv\/site\/wp-json\/wp\/v2\/posts\/64772\/revisions"}],"wp:featuredmedia":[{"embeddable":true,"href":"https:\/\/www.altominho.tv\/site\/wp-json\/wp\/v2\/media\/64773"}],"wp:attachment":[{"href":"https:\/\/www.altominho.tv\/site\/wp-json\/wp\/v2\/media?parent=64772"}],"wp:term":[{"taxonomy":"category","embeddable":true,"href":"https:\/\/www.altominho.tv\/site\/wp-json\/wp\/v2\/categories?post=64772"},{"taxonomy":"post_tag","embeddable":true,"href":"https:\/\/www.altominho.tv\/site\/wp-json\/wp\/v2\/tags?post=64772"}],"curies":[{"name":"wp","href":"https:\/\/api.w.org\/{rel}","templated":true}]}}