{"id":64697,"date":"2021-04-01T18:22:08","date_gmt":"2021-04-01T17:22:08","guid":{"rendered":"https:\/\/www.altominho.tv\/site\/?p=64697"},"modified":"2021-04-01T18:22:10","modified_gmt":"2021-04-01T17:22:10","slug":"aprovada-devolucao-de-bilhetes-de-espetaculos-previstos-para-2020-e-adiados-para-2022","status":"publish","type":"post","link":"https:\/\/www.altominho.tv\/site\/2021\/04\/01\/aprovada-devolucao-de-bilhetes-de-espetaculos-previstos-para-2020-e-adiados-para-2022\/","title":{"rendered":"Aprovada devolu\u00e7\u00e3o de bilhetes de espet\u00e1culos previstos para 2020 e adiados para 2022"},"content":{"rendered":"<p>Os detentores de bilhetes para espet\u00e1culos e festivais inicialmente previstos para 2020, e entretanto adiados para 2022, podem pedir a devolu\u00e7\u00e3o do seu valor, aprovou hoje o Governo, em Conselho de Ministros.<\/p>\n<p class=\"text-paragraph\">Segundo o comunicado final da reuni\u00e3o de hoje, \u201cno caso dos espet\u00e1culos e festivais inicialmente agendados para o ano de 2020 e que ocorram apenas em 2022, prev\u00ea-se que: os consumidores possam pedir a devolu\u00e7\u00e3o do pre\u00e7o dos bilhetes, no prazo de 14 dias \u00fateis a contar da data prevista para a realiza\u00e7\u00e3o do evento no ano de 2021\u201d.<\/p>\n<p class=\"text-paragraph\">Se o consumidor n\u00e3o pedir a devolu\u00e7\u00e3o do valor dos bilhetes, \u201cconsidera-se que aceita o reagendamento do espet\u00e1culo para o ano de 2022\u201d.<\/p>\n<p class=\"text-paragraph\">O Governo esclarece que \u201co mesmo acontece com os vales emitidos com validade at\u00e9 ao final do ano de 2021, que passam a ser v\u00e1lidos at\u00e9 ao final do ano de 2022\u201d.<\/p>\n<p class=\"text-paragraph\">Estas altera\u00e7\u00f5es est\u00e3o inclu\u00eddas no decreto-lei \u201cque altera as medidas excecionais e tempor\u00e1rias de resposta \u00e0 pandemia da doen\u00e7a covid-19 no \u00e2mbito cultural e art\u00edstico\u201d, hoje aprovado\u201d e que \u201cestabelece as normas aplicadas aos espet\u00e1culos do ano de 2021\u201d.<\/p>\n","protected":false},"excerpt":{"rendered":"<p>Os detentores de bilhetes para espet\u00e1culos e festivais inicialmente previstos para 2020, e entretanto adiados para 2022, podem pedir a devolu\u00e7\u00e3o do seu valor, aprovou hoje o Governo, em Conselho de Ministros. Segundo o comunicado final da reuni\u00e3o de hoje, \u201cno caso dos espet\u00e1culos e festivais inicialmente agendados para o ano de 2020 e que [&hellip;]<\/p>\n","protected":false},"author":13,"featured_media":64698,"comment_status":"closed","ping_status":"closed","sticky":false,"template":"","format":"standard","meta":{"_exactmetrics_skip_tracking":false,"footnotes":""},"categories":[73],"tags":[19,24],"class_list":["post-64697","post","type-post","status-publish","format-standard","has-post-thumbnail","hentry","category-alto-minho","tag-cultura","tag-lazer"],"yoast_head":"<!-- This site is optimized with the Yoast SEO Premium plugin v28.3 (Yoast SEO v28.3) - https:\/\/yoast.com\/product\/yoast-seo-premium-wordpress\/ -->\n<title>Aprovada devolu\u00e7\u00e3o de bilhetes de espet\u00e1culos previstos para 2020 e adiados para 2022<\/title>\n<meta name=\"robots\" content=\"index, follow, max-snippet:-1, max-image-preview:large, max-video-preview:-1\" \/>\n<link rel=\"canonical\" href=\"https:\/\/www.altominho.tv\/site\/2021\/04\/01\/aprovada-devolucao-de-bilhetes-de-espetaculos-previstos-para-2020-e-adiados-para-2022\/\" \/>\n<meta property=\"og:locale\" content=\"pt_PT\" \/>\n<meta property=\"og:type\" content=\"article\" \/>\n<meta property=\"og:title\" content=\"Aprovada devolu\u00e7\u00e3o de bilhetes de espet\u00e1culos previstos para 2020 e adiados para 2022\" \/>\n<meta property=\"og:description\" content=\"Os detentores de bilhetes para espet\u00e1culos e festivais inicialmente previstos para 2020, e entretanto adiados para 2022, podem pedir a devolu\u00e7\u00e3o do seu valor, aprovou hoje o Governo, em Conselho de Ministros. Segundo o comunicado final da reuni\u00e3o de hoje, \u201cno caso dos espet\u00e1culos e festivais inicialmente agendados para o ano de 2020 e que [&hellip;]\" \/>\n<meta property=\"og:url\" content=\"https:\/\/www.altominho.tv\/site\/2021\/04\/01\/aprovada-devolucao-de-bilhetes-de-espetaculos-previstos-para-2020-e-adiados-para-2022\/\" \/>\n<meta property=\"og:site_name\" content=\"Altominho.tv\" \/>\n<meta property=\"article:publisher\" content=\"https:\/\/www.facebook.com\/altominhotv\" \/>\n<meta property=\"article:published_time\" content=\"2021-04-01T17:22:08+00:00\" \/>\n<meta property=\"article:modified_time\" content=\"2021-04-01T17:22:10+00:00\" \/>\n<meta property=\"og:image\" content=\"https:\/\/www.altominho.tv\/site\/wp-content\/uploads\/2021\/04\/Vodafone_PCoura_ATV.jpg\" \/>\n\t<meta property=\"og:image:width\" content=\"1726\" \/>\n\t<meta property=\"og:image:height\" content=\"970\" \/>\n\t<meta property=\"og:image:type\" content=\"image\/jpeg\" \/>\n<meta name=\"author\" content=\"Lusa\" \/>\n<meta name=\"twitter:card\" content=\"summary_large_image\" \/>\n<meta name=\"twitter:creator\" content=\"@altominhoTV\" \/>\n<meta name=\"twitter:site\" content=\"@altominhoTV\" \/>\n<meta name=\"twitter:label1\" content=\"Escrito por\" \/>\n\t<meta name=\"twitter:data1\" content=\"Lusa\" \/>\n\t<meta name=\"twitter:label2\" content=\"Tempo estimado de leitura\" \/>\n\t<meta name=\"twitter:data2\" content=\"1 minuto\" \/>\n<script type=\"application\/ld+json\" class=\"yoast-schema-graph\">{\"@context\":\"https:\\\/\\\/schema.org\",\"@graph\":[{\"@type\":\"Article\",\"@id\":\"https:\\\/\\\/www.altominho.tv\\\/site\\\/2021\\\/04\\\/01\\\/aprovada-devolucao-de-bilhetes-de-espetaculos-previstos-para-2020-e-adiados-para-2022\\\/#article\",\"isPartOf\":{\"@id\":\"https:\\\/\\\/www.altominho.tv\\\/site\\\/2021\\\/04\\\/01\\\/aprovada-devolucao-de-bilhetes-de-espetaculos-previstos-para-2020-e-adiados-para-2022\\\/\"},\"author\":{\"name\":\"Lusa\",\"@id\":\"https:\\\/\\\/www.altominho.tv\\\/site\\\/#\\\/schema\\\/person\\\/63f693da3e1899361cbe955c46f3232e\"},\"headline\":\"Aprovada devolu\u00e7\u00e3o de bilhetes de espet\u00e1culos previstos para 2020 e adiados para 2022\",\"datePublished\":\"2021-04-01T17:22:08+00:00\",\"dateModified\":\"2021-04-01T17:22:10+00:00\",\"mainEntityOfPage\":{\"@id\":\"https:\\\/\\\/www.altominho.tv\\\/site\\\/2021\\\/04\\\/01\\\/aprovada-devolucao-de-bilhetes-de-espetaculos-previstos-para-2020-e-adiados-para-2022\\\/\"},\"wordCount\":206,\"image\":{\"@id\":\"https:\\\/\\\/www.altominho.tv\\\/site\\\/2021\\\/04\\\/01\\\/aprovada-devolucao-de-bilhetes-de-espetaculos-previstos-para-2020-e-adiados-para-2022\\\/#primaryimage\"},\"thumbnailUrl\":\"https:\\\/\\\/www.altominho.tv\\\/site\\\/wp-content\\\/uploads\\\/2021\\\/04\\\/Vodafone_PCoura_ATV.jpg\",\"keywords\":[\"Cultura\",\"Lazer\"],\"articleSection\":[\"Alto Minho\"],\"inLanguage\":\"pt-PT\",\"copyrightYear\":\"2021\",\"copyrightHolder\":{\"@id\":\"https:\\\/\\\/www.altominho.tv\\\/site\\\/#organization\"}},{\"@type\":\"WebPage\",\"@id\":\"https:\\\/\\\/www.altominho.tv\\\/site\\\/2021\\\/04\\\/01\\\/aprovada-devolucao-de-bilhetes-de-espetaculos-previstos-para-2020-e-adiados-para-2022\\\/\",\"url\":\"https:\\\/\\\/www.altominho.tv\\\/site\\\/2021\\\/04\\\/01\\\/aprovada-devolucao-de-bilhetes-de-espetaculos-previstos-para-2020-e-adiados-para-2022\\\/\",\"name\":\"Aprovada devolu\u00e7\u00e3o de bilhetes de espet\u00e1culos previstos para 2020 e adiados para 2022\",\"isPartOf\":{\"@id\":\"https:\\\/\\\/www.altominho.tv\\\/site\\\/#website\"},\"primaryImageOfPage\":{\"@id\":\"https:\\\/\\\/www.altominho.tv\\\/site\\\/2021\\\/04\\\/01\\\/aprovada-devolucao-de-bilhetes-de-espetaculos-previstos-para-2020-e-adiados-para-2022\\\/#primaryimage\"},\"image\":{\"@id\":\"https:\\\/\\\/www.altominho.tv\\\/site\\\/2021\\\/04\\\/01\\\/aprovada-devolucao-de-bilhetes-de-espetaculos-previstos-para-2020-e-adiados-para-2022\\\/#primaryimage\"},\"thumbnailUrl\":\"https:\\\/\\\/www.altominho.tv\\\/site\\\/wp-content\\\/uploads\\\/2021\\\/04\\\/Vodafone_PCoura_ATV.jpg\",\"datePublished\":\"2021-04-01T17:22:08+00:00\",\"dateModified\":\"2021-04-01T17:22:10+00:00\",\"author\":{\"@id\":\"https:\\\/\\\/www.altominho.tv\\\/site\\\/#\\\/schema\\\/person\\\/63f693da3e1899361cbe955c46f3232e\"},\"breadcrumb\":{\"@id\":\"https:\\\/\\\/www.altominho.tv\\\/site\\\/2021\\\/04\\\/01\\\/aprovada-devolucao-de-bilhetes-de-espetaculos-previstos-para-2020-e-adiados-para-2022\\\/#breadcrumb\"},\"inLanguage\":\"pt-PT\",\"potentialAction\":[{\"@type\":\"ReadAction\",\"target\":[\"https:\\\/\\\/www.altominho.tv\\\/site\\\/2021\\\/04\\\/01\\\/aprovada-devolucao-de-bilhetes-de-espetaculos-previstos-para-2020-e-adiados-para-2022\\\/\"]}]},{\"@type\":\"ImageObject\",\"inLanguage\":\"pt-PT\",\"@id\":\"https:\\\/\\\/www.altominho.tv\\\/site\\\/2021\\\/04\\\/01\\\/aprovada-devolucao-de-bilhetes-de-espetaculos-previstos-para-2020-e-adiados-para-2022\\\/#primaryimage\",\"url\":\"https:\\\/\\\/www.altominho.tv\\\/site\\\/wp-content\\\/uploads\\\/2021\\\/04\\\/Vodafone_PCoura_ATV.jpg\",\"contentUrl\":\"https:\\\/\\\/www.altominho.tv\\\/site\\\/wp-content\\\/uploads\\\/2021\\\/04\\\/Vodafone_PCoura_ATV.jpg\",\"width\":1726,\"height\":970},{\"@type\":\"BreadcrumbList\",\"@id\":\"https:\\\/\\\/www.altominho.tv\\\/site\\\/2021\\\/04\\\/01\\\/aprovada-devolucao-de-bilhetes-de-espetaculos-previstos-para-2020-e-adiados-para-2022\\\/#breadcrumb\",\"itemListElement\":[{\"@type\":\"ListItem\",\"position\":1,\"name\":\"In\u00edcio\",\"item\":\"https:\\\/\\\/www.altominho.tv\\\/site\\\/\"},{\"@type\":\"ListItem\",\"position\":2,\"name\":\"Aprovada devolu\u00e7\u00e3o de bilhetes de espet\u00e1culos previstos para 2020 e adiados para 2022\"}]},{\"@type\":\"WebSite\",\"@id\":\"https:\\\/\\\/www.altominho.tv\\\/site\\\/#website\",\"url\":\"https:\\\/\\\/www.altominho.tv\\\/site\\\/\",\"name\":\"Altominho.tv\",\"description\":\"A sua regi\u00e3o \u00e0 dist\u00e2ncia de um clique...\",\"potentialAction\":[{\"@type\":\"SearchAction\",\"target\":{\"@type\":\"EntryPoint\",\"urlTemplate\":\"https:\\\/\\\/www.altominho.tv\\\/site\\\/?s={search_term_string}\"},\"query-input\":{\"@type\":\"PropertyValueSpecification\",\"valueRequired\":true,\"valueName\":\"search_term_string\"}}],\"inLanguage\":\"pt-PT\"},{\"@type\":\"Person\",\"@id\":\"https:\\\/\\\/www.altominho.tv\\\/site\\\/#\\\/schema\\\/person\\\/63f693da3e1899361cbe955c46f3232e\",\"name\":\"Lusa\",\"image\":{\"@type\":\"ImageObject\",\"inLanguage\":\"pt-PT\",\"@id\":\"https:\\\/\\\/www.altominho.tv\\\/site\\\/wp-content\\\/uploads\\\/2019\\\/08\\\/LUSA_Logo.gif\",\"url\":\"https:\\\/\\\/www.altominho.tv\\\/site\\\/wp-content\\\/uploads\\\/2019\\\/08\\\/LUSA_Logo.gif\",\"contentUrl\":\"https:\\\/\\\/www.altominho.tv\\\/site\\\/wp-content\\\/uploads\\\/2019\\\/08\\\/LUSA_Logo.gif\",\"caption\":\"Lusa\"},\"sameAs\":[\"http:\\\/\\\/\\\/\\\/www.altominho.tv\\\/site\"],\"url\":\"https:\\\/\\\/www.altominho.tv\\\/site\\\/author\\\/lusa\\\/\"}]}<\/script>\n<!-- \/ Yoast SEO Premium plugin. -->","yoast_head_json":{"title":"Aprovada devolu\u00e7\u00e3o de bilhetes de espet\u00e1culos previstos para 2020 e adiados para 2022","robots":{"index":"index","follow":"follow","max-snippet":"max-snippet:-1","max-image-preview":"max-image-preview:large","max-video-preview":"max-video-preview:-1"},"canonical":"https:\/\/www.altominho.tv\/site\/2021\/04\/01\/aprovada-devolucao-de-bilhetes-de-espetaculos-previstos-para-2020-e-adiados-para-2022\/","og_locale":"pt_PT","og_type":"article","og_title":"Aprovada devolu\u00e7\u00e3o de bilhetes de espet\u00e1culos previstos para 2020 e adiados para 2022","og_description":"Os detentores de bilhetes para espet\u00e1culos e festivais inicialmente previstos para 2020, e entretanto adiados para 2022, podem pedir a devolu\u00e7\u00e3o do seu valor, aprovou hoje o Governo, em Conselho de Ministros. Segundo o comunicado final da reuni\u00e3o de hoje, \u201cno caso dos espet\u00e1culos e festivais inicialmente agendados para o ano de 2020 e que [&hellip;]","og_url":"https:\/\/www.altominho.tv\/site\/2021\/04\/01\/aprovada-devolucao-de-bilhetes-de-espetaculos-previstos-para-2020-e-adiados-para-2022\/","og_site_name":"Altominho.tv","article_publisher":"https:\/\/www.facebook.com\/altominhotv","article_published_time":"2021-04-01T17:22:08+00:00","article_modified_time":"2021-04-01T17:22:10+00:00","og_image":[{"width":1726,"height":970,"url":"https:\/\/www.altominho.tv\/site\/wp-content\/uploads\/2021\/04\/Vodafone_PCoura_ATV.jpg","type":"image\/jpeg"}],"author":"Lusa","twitter_card":"summary_large_image","twitter_creator":"@altominhoTV","twitter_site":"@altominhoTV","twitter_misc":{"Escrito por":"Lusa","Tempo estimado de leitura":"1 minuto"},"schema":{"@context":"https:\/\/schema.org","@graph":[{"@type":"Article","@id":"https:\/\/www.altominho.tv\/site\/2021\/04\/01\/aprovada-devolucao-de-bilhetes-de-espetaculos-previstos-para-2020-e-adiados-para-2022\/#article","isPartOf":{"@id":"https:\/\/www.altominho.tv\/site\/2021\/04\/01\/aprovada-devolucao-de-bilhetes-de-espetaculos-previstos-para-2020-e-adiados-para-2022\/"},"author":{"name":"Lusa","@id":"https:\/\/www.altominho.tv\/site\/#\/schema\/person\/63f693da3e1899361cbe955c46f3232e"},"headline":"Aprovada devolu\u00e7\u00e3o de bilhetes de espet\u00e1culos previstos para 2020 e adiados para 2022","datePublished":"2021-04-01T17:22:08+00:00","dateModified":"2021-04-01T17:22:10+00:00","mainEntityOfPage":{"@id":"https:\/\/www.altominho.tv\/site\/2021\/04\/01\/aprovada-devolucao-de-bilhetes-de-espetaculos-previstos-para-2020-e-adiados-para-2022\/"},"wordCount":206,"image":{"@id":"https:\/\/www.altominho.tv\/site\/2021\/04\/01\/aprovada-devolucao-de-bilhetes-de-espetaculos-previstos-para-2020-e-adiados-para-2022\/#primaryimage"},"thumbnailUrl":"https:\/\/www.altominho.tv\/site\/wp-content\/uploads\/2021\/04\/Vodafone_PCoura_ATV.jpg","keywords":["Cultura","Lazer"],"articleSection":["Alto Minho"],"inLanguage":"pt-PT","copyrightYear":"2021","copyrightHolder":{"@id":"https:\/\/www.altominho.tv\/site\/#organization"}},{"@type":"WebPage","@id":"https:\/\/www.altominho.tv\/site\/2021\/04\/01\/aprovada-devolucao-de-bilhetes-de-espetaculos-previstos-para-2020-e-adiados-para-2022\/","url":"https:\/\/www.altominho.tv\/site\/2021\/04\/01\/aprovada-devolucao-de-bilhetes-de-espetaculos-previstos-para-2020-e-adiados-para-2022\/","name":"Aprovada devolu\u00e7\u00e3o de bilhetes de espet\u00e1culos previstos para 2020 e adiados para 2022","isPartOf":{"@id":"https:\/\/www.altominho.tv\/site\/#website"},"primaryImageOfPage":{"@id":"https:\/\/www.altominho.tv\/site\/2021\/04\/01\/aprovada-devolucao-de-bilhetes-de-espetaculos-previstos-para-2020-e-adiados-para-2022\/#primaryimage"},"image":{"@id":"https:\/\/www.altominho.tv\/site\/2021\/04\/01\/aprovada-devolucao-de-bilhetes-de-espetaculos-previstos-para-2020-e-adiados-para-2022\/#primaryimage"},"thumbnailUrl":"https:\/\/www.altominho.tv\/site\/wp-content\/uploads\/2021\/04\/Vodafone_PCoura_ATV.jpg","datePublished":"2021-04-01T17:22:08+00:00","dateModified":"2021-04-01T17:22:10+00:00","author":{"@id":"https:\/\/www.altominho.tv\/site\/#\/schema\/person\/63f693da3e1899361cbe955c46f3232e"},"breadcrumb":{"@id":"https:\/\/www.altominho.tv\/site\/2021\/04\/01\/aprovada-devolucao-de-bilhetes-de-espetaculos-previstos-para-2020-e-adiados-para-2022\/#breadcrumb"},"inLanguage":"pt-PT","potentialAction":[{"@type":"ReadAction","target":["https:\/\/www.altominho.tv\/site\/2021\/04\/01\/aprovada-devolucao-de-bilhetes-de-espetaculos-previstos-para-2020-e-adiados-para-2022\/"]}]},{"@type":"ImageObject","inLanguage":"pt-PT","@id":"https:\/\/www.altominho.tv\/site\/2021\/04\/01\/aprovada-devolucao-de-bilhetes-de-espetaculos-previstos-para-2020-e-adiados-para-2022\/#primaryimage","url":"https:\/\/www.altominho.tv\/site\/wp-content\/uploads\/2021\/04\/Vodafone_PCoura_ATV.jpg","contentUrl":"https:\/\/www.altominho.tv\/site\/wp-content\/uploads\/2021\/04\/Vodafone_PCoura_ATV.jpg","width":1726,"height":970},{"@type":"BreadcrumbList","@id":"https:\/\/www.altominho.tv\/site\/2021\/04\/01\/aprovada-devolucao-de-bilhetes-de-espetaculos-previstos-para-2020-e-adiados-para-2022\/#breadcrumb","itemListElement":[{"@type":"ListItem","position":1,"name":"In\u00edcio","item":"https:\/\/www.altominho.tv\/site\/"},{"@type":"ListItem","position":2,"name":"Aprovada devolu\u00e7\u00e3o de bilhetes de espet\u00e1culos previstos para 2020 e adiados para 2022"}]},{"@type":"WebSite","@id":"https:\/\/www.altominho.tv\/site\/#website","url":"https:\/\/www.altominho.tv\/site\/","name":"Altominho.tv","description":"A sua regi\u00e3o \u00e0 dist\u00e2ncia de um clique...","potentialAction":[{"@type":"SearchAction","target":{"@type":"EntryPoint","urlTemplate":"https:\/\/www.altominho.tv\/site\/?s={search_term_string}"},"query-input":{"@type":"PropertyValueSpecification","valueRequired":true,"valueName":"search_term_string"}}],"inLanguage":"pt-PT"},{"@type":"Person","@id":"https:\/\/www.altominho.tv\/site\/#\/schema\/person\/63f693da3e1899361cbe955c46f3232e","name":"Lusa","image":{"@type":"ImageObject","inLanguage":"pt-PT","@id":"https:\/\/www.altominho.tv\/site\/wp-content\/uploads\/2019\/08\/LUSA_Logo.gif","url":"https:\/\/www.altominho.tv\/site\/wp-content\/uploads\/2019\/08\/LUSA_Logo.gif","contentUrl":"https:\/\/www.altominho.tv\/site\/wp-content\/uploads\/2019\/08\/LUSA_Logo.gif","caption":"Lusa"},"sameAs":["http:\/\/\/\/www.altominho.tv\/site"],"url":"https:\/\/www.altominho.tv\/site\/author\/lusa\/"}]}},"_links":{"self":[{"href":"https:\/\/www.altominho.tv\/site\/wp-json\/wp\/v2\/posts\/64697","targetHints":{"allow":["GET"]}}],"collection":[{"href":"https:\/\/www.altominho.tv\/site\/wp-json\/wp\/v2\/posts"}],"about":[{"href":"https:\/\/www.altominho.tv\/site\/wp-json\/wp\/v2\/types\/post"}],"author":[{"embeddable":true,"href":"https:\/\/www.altominho.tv\/site\/wp-json\/wp\/v2\/users\/13"}],"replies":[{"embeddable":true,"href":"https:\/\/www.altominho.tv\/site\/wp-json\/wp\/v2\/comments?post=64697"}],"version-history":[{"count":0,"href":"https:\/\/www.altominho.tv\/site\/wp-json\/wp\/v2\/posts\/64697\/revisions"}],"wp:featuredmedia":[{"embeddable":true,"href":"https:\/\/www.altominho.tv\/site\/wp-json\/wp\/v2\/media\/64698"}],"wp:attachment":[{"href":"https:\/\/www.altominho.tv\/site\/wp-json\/wp\/v2\/media?parent=64697"}],"wp:term":[{"taxonomy":"category","embeddable":true,"href":"https:\/\/www.altominho.tv\/site\/wp-json\/wp\/v2\/categories?post=64697"},{"taxonomy":"post_tag","embeddable":true,"href":"https:\/\/www.altominho.tv\/site\/wp-json\/wp\/v2\/tags?post=64697"}],"curies":[{"name":"wp","href":"https:\/\/api.w.org\/{rel}","templated":true}]}}