{"id":6464,"date":"2017-12-07T16:47:01","date_gmt":"2017-12-07T16:47:01","guid":{"rendered":"http:\/\/www.altominho.tv\/site\/?p=6464"},"modified":"2017-12-07T16:47:01","modified_gmt":"2017-12-07T16:47:01","slug":"melgaco-apresenta-um-programa-diversificado-para-este-natal","status":"publish","type":"post","link":"https:\/\/www.altominho.tv\/site\/2017\/12\/07\/melgaco-apresenta-um-programa-diversificado-para-este-natal\/","title":{"rendered":"Melga\u00e7o apresenta um programa diversificado para este Natal"},"content":{"rendered":"<p>A quadra natal\u00edcia traz ao Munic\u00edpio mais a Norte de Portugal uma pan\u00f3plia de atividades, desde rafting com o Pai Natal a passeios de charrete, encontro de coros, exposi\u00e7\u00f5es ecol\u00f3gicas, desfile de moda, teatro, Mercadinho de Natal, insufl\u00e1veis, anima\u00e7\u00e3o de rua, Casa do Pai Natal, concertos de Natal e de Ano Novo, a Queima do Ano Velho em Castro Laboreiro e ainda, pela primeira vez, a Festa de Passagem de Ano. S\u00e3o iniciativas para todos os gostos, para pequenos e crescidos, que se poder\u00e3o deliciar ainda com a ilumina\u00e7\u00e3o prop\u00edcia \u00e0 \u00e9poca nas ruas melgacenses.<u><\/u><u><\/u><\/p>\n<p><u><\/u>\u00a0<u><\/u><\/p>\n<p>Melga\u00e7o quer com este programa atrair mais pessoas ao concelho: \u2018Sabemos que Melga\u00e7o tem muitos encantos. Tem locais maravilhosos e tem uma gastronomia divinal. Os turistas que nos visitam s\u00e3o cada vez mais e saem de c\u00e1 fascinados.\u00a0Porque n\u00e3o colocar Melga\u00e7o nos roteiros natal\u00edcios?\u00a0Queremos que nesta \u00e9poca tamb\u00e9m visitem Melga\u00e7o\u2019, alerta Manoel Batista, Presidente da C\u00e2mara Municipal de Melga\u00e7o, chamando ainda a aten\u00e7\u00e3o para as compras natal\u00edcias no com\u00e9rcio tradicional:\u00a0\u2018nesta \u00e9poca queremos tamb\u00e9m envolver toda a comunidade, incentivando-a a fazer as compras de Natal no com\u00e9rcio local. E o Mercadinho de Natal que este ano propomos, \u00e9 tamb\u00e9m uma boa op\u00e7\u00e3o\u2019.<\/p>\n","protected":false},"excerpt":{"rendered":"<p>A quadra natal\u00edcia traz ao Munic\u00edpio mais a Norte de Portugal uma pan\u00f3plia de atividades, desde rafting com o Pai Natal a passeios de charrete, encontro de coros, exposi\u00e7\u00f5es ecol\u00f3gicas, desfile de moda, teatro, Mercadinho de Natal, insufl\u00e1veis, anima\u00e7\u00e3o de rua, Casa do Pai Natal, concertos de Natal e de Ano Novo, a Queima do [&hellip;]<\/p>\n","protected":false},"author":11,"featured_media":6465,"comment_status":"closed","ping_status":"closed","sticky":false,"template":"","format":"standard","meta":{"_exactmetrics_skip_tracking":false,"_exactmetrics_sitenote_active":false,"_exactmetrics_sitenote_note":"","_exactmetrics_sitenote_category":0,"footnotes":""},"categories":[8],"tags":[],"class_list":["post-6464","post","type-post","status-publish","format-standard","has-post-thumbnail","hentry","category-melgaco"],"yoast_head":"<!-- This site is optimized with the Yoast SEO Premium plugin v27.5 (Yoast SEO v27.5) - https:\/\/yoast.com\/product\/yoast-seo-premium-wordpress\/ -->\n<title>Melga\u00e7o apresenta um programa diversificado para este Natal<\/title>\n<meta name=\"robots\" content=\"index, follow, max-snippet:-1, max-image-preview:large, max-video-preview:-1\" \/>\n<link rel=\"canonical\" href=\"https:\/\/www.altominho.tv\/site\/2017\/12\/07\/melgaco-apresenta-um-programa-diversificado-para-este-natal\/\" \/>\n<meta property=\"og:locale\" content=\"pt_PT\" \/>\n<meta property=\"og:type\" content=\"article\" \/>\n<meta property=\"og:title\" content=\"Melga\u00e7o apresenta um programa diversificado para este Natal\" \/>\n<meta property=\"og:description\" content=\"A quadra natal\u00edcia traz ao Munic\u00edpio mais a Norte de Portugal uma pan\u00f3plia de atividades, desde rafting com o Pai Natal a passeios de charrete, encontro de coros, exposi\u00e7\u00f5es ecol\u00f3gicas, desfile de moda, teatro, Mercadinho de Natal, insufl\u00e1veis, anima\u00e7\u00e3o de rua, Casa do Pai Natal, concertos de Natal e de Ano Novo, a Queima do [&hellip;]\" \/>\n<meta property=\"og:url\" content=\"https:\/\/www.altominho.tv\/site\/2017\/12\/07\/melgaco-apresenta-um-programa-diversificado-para-este-natal\/\" \/>\n<meta property=\"og:site_name\" content=\"Altominho.tv\" \/>\n<meta property=\"article:publisher\" content=\"https:\/\/www.facebook.com\/altominhotv\" \/>\n<meta property=\"article:published_time\" content=\"2017-12-07T16:47:01+00:00\" \/>\n<meta property=\"og:image\" content=\"https:\/\/www.altominho.tv\/site\/wp-content\/uploads\/2017\/12\/image008.jpg\" \/>\n\t<meta property=\"og:image:width\" content=\"340\" \/>\n\t<meta property=\"og:image:height\" content=\"223\" \/>\n\t<meta property=\"og:image:type\" content=\"image\/jpeg\" \/>\n<meta name=\"author\" content=\"M\u00e1rcio Ferreira\" \/>\n<meta name=\"twitter:card\" content=\"summary_large_image\" \/>\n<meta name=\"twitter:creator\" content=\"@altominhoTV\" \/>\n<meta name=\"twitter:site\" content=\"@altominhoTV\" \/>\n<meta name=\"twitter:label1\" content=\"Escrito por\" \/>\n\t<meta name=\"twitter:data1\" content=\"M\u00e1rcio Ferreira\" \/>\n\t<meta name=\"twitter:label2\" content=\"Tempo estimado de leitura\" \/>\n\t<meta name=\"twitter:data2\" content=\"1 minuto\" \/>\n<script type=\"application\/ld+json\" class=\"yoast-schema-graph\">{\"@context\":\"https:\\\/\\\/schema.org\",\"@graph\":[{\"@type\":\"Article\",\"@id\":\"https:\\\/\\\/www.altominho.tv\\\/site\\\/2017\\\/12\\\/07\\\/melgaco-apresenta-um-programa-diversificado-para-este-natal\\\/#article\",\"isPartOf\":{\"@id\":\"https:\\\/\\\/www.altominho.tv\\\/site\\\/2017\\\/12\\\/07\\\/melgaco-apresenta-um-programa-diversificado-para-este-natal\\\/\"},\"author\":{\"name\":\"M\u00e1rcio Ferreira\",\"@id\":\"https:\\\/\\\/www.altominho.tv\\\/site\\\/#\\\/schema\\\/person\\\/f836e37082b5dabe9144f3eb724ed5a7\"},\"headline\":\"Melga\u00e7o apresenta um programa diversificado para este Natal\",\"datePublished\":\"2017-12-07T16:47:01+00:00\",\"mainEntityOfPage\":{\"@id\":\"https:\\\/\\\/www.altominho.tv\\\/site\\\/2017\\\/12\\\/07\\\/melgaco-apresenta-um-programa-diversificado-para-este-natal\\\/\"},\"wordCount\":234,\"image\":{\"@id\":\"https:\\\/\\\/www.altominho.tv\\\/site\\\/2017\\\/12\\\/07\\\/melgaco-apresenta-um-programa-diversificado-para-este-natal\\\/#primaryimage\"},\"thumbnailUrl\":\"https:\\\/\\\/www.altominho.tv\\\/site\\\/wp-content\\\/uploads\\\/2017\\\/12\\\/image008.jpg\",\"articleSection\":[\"Melga\u00e7o\"],\"inLanguage\":\"pt-PT\",\"copyrightYear\":\"2017\",\"copyrightHolder\":{\"@id\":\"https:\\\/\\\/www.altominho.tv\\\/site\\\/#organization\"}},{\"@type\":\"WebPage\",\"@id\":\"https:\\\/\\\/www.altominho.tv\\\/site\\\/2017\\\/12\\\/07\\\/melgaco-apresenta-um-programa-diversificado-para-este-natal\\\/\",\"url\":\"https:\\\/\\\/www.altominho.tv\\\/site\\\/2017\\\/12\\\/07\\\/melgaco-apresenta-um-programa-diversificado-para-este-natal\\\/\",\"name\":\"Melga\u00e7o apresenta um programa diversificado para este Natal\",\"isPartOf\":{\"@id\":\"https:\\\/\\\/www.altominho.tv\\\/site\\\/#website\"},\"primaryImageOfPage\":{\"@id\":\"https:\\\/\\\/www.altominho.tv\\\/site\\\/2017\\\/12\\\/07\\\/melgaco-apresenta-um-programa-diversificado-para-este-natal\\\/#primaryimage\"},\"image\":{\"@id\":\"https:\\\/\\\/www.altominho.tv\\\/site\\\/2017\\\/12\\\/07\\\/melgaco-apresenta-um-programa-diversificado-para-este-natal\\\/#primaryimage\"},\"thumbnailUrl\":\"https:\\\/\\\/www.altominho.tv\\\/site\\\/wp-content\\\/uploads\\\/2017\\\/12\\\/image008.jpg\",\"datePublished\":\"2017-12-07T16:47:01+00:00\",\"author\":{\"@id\":\"https:\\\/\\\/www.altominho.tv\\\/site\\\/#\\\/schema\\\/person\\\/f836e37082b5dabe9144f3eb724ed5a7\"},\"breadcrumb\":{\"@id\":\"https:\\\/\\\/www.altominho.tv\\\/site\\\/2017\\\/12\\\/07\\\/melgaco-apresenta-um-programa-diversificado-para-este-natal\\\/#breadcrumb\"},\"inLanguage\":\"pt-PT\",\"potentialAction\":[{\"@type\":\"ReadAction\",\"target\":[\"https:\\\/\\\/www.altominho.tv\\\/site\\\/2017\\\/12\\\/07\\\/melgaco-apresenta-um-programa-diversificado-para-este-natal\\\/\"]}]},{\"@type\":\"ImageObject\",\"inLanguage\":\"pt-PT\",\"@id\":\"https:\\\/\\\/www.altominho.tv\\\/site\\\/2017\\\/12\\\/07\\\/melgaco-apresenta-um-programa-diversificado-para-este-natal\\\/#primaryimage\",\"url\":\"https:\\\/\\\/www.altominho.tv\\\/site\\\/wp-content\\\/uploads\\\/2017\\\/12\\\/image008.jpg\",\"contentUrl\":\"https:\\\/\\\/www.altominho.tv\\\/site\\\/wp-content\\\/uploads\\\/2017\\\/12\\\/image008.jpg\",\"width\":340,\"height\":223},{\"@type\":\"BreadcrumbList\",\"@id\":\"https:\\\/\\\/www.altominho.tv\\\/site\\\/2017\\\/12\\\/07\\\/melgaco-apresenta-um-programa-diversificado-para-este-natal\\\/#breadcrumb\",\"itemListElement\":[{\"@type\":\"ListItem\",\"position\":1,\"name\":\"In\u00edcio\",\"item\":\"https:\\\/\\\/www.altominho.tv\\\/site\\\/\"},{\"@type\":\"ListItem\",\"position\":2,\"name\":\"Melga\u00e7o apresenta um programa diversificado para este Natal\"}]},{\"@type\":\"WebSite\",\"@id\":\"https:\\\/\\\/www.altominho.tv\\\/site\\\/#website\",\"url\":\"https:\\\/\\\/www.altominho.tv\\\/site\\\/\",\"name\":\"Altominho.tv\",\"description\":\"A sua regi\u00e3o \u00e0 dist\u00e2ncia de um clique...\",\"potentialAction\":[{\"@type\":\"SearchAction\",\"target\":{\"@type\":\"EntryPoint\",\"urlTemplate\":\"https:\\\/\\\/www.altominho.tv\\\/site\\\/?s={search_term_string}\"},\"query-input\":{\"@type\":\"PropertyValueSpecification\",\"valueRequired\":true,\"valueName\":\"search_term_string\"}}],\"inLanguage\":\"pt-PT\"},{\"@type\":\"Person\",\"@id\":\"https:\\\/\\\/www.altominho.tv\\\/site\\\/#\\\/schema\\\/person\\\/f836e37082b5dabe9144f3eb724ed5a7\",\"name\":\"M\u00e1rcio Ferreira\",\"image\":{\"@type\":\"ImageObject\",\"inLanguage\":\"pt-PT\",\"@id\":\"https:\\\/\\\/www.altominho.tv\\\/site\\\/wp-content\\\/uploads\\\/2017\\\/11\\\/Marcio-150x150.jpg\",\"url\":\"https:\\\/\\\/www.altominho.tv\\\/site\\\/wp-content\\\/uploads\\\/2017\\\/11\\\/Marcio-150x150.jpg\",\"contentUrl\":\"https:\\\/\\\/www.altominho.tv\\\/site\\\/wp-content\\\/uploads\\\/2017\\\/11\\\/Marcio-150x150.jpg\",\"caption\":\"M\u00e1rcio Ferreira\"},\"url\":\"https:\\\/\\\/www.altominho.tv\\\/site\\\/author\\\/marcioferreira\\\/\"}]}<\/script>\n<!-- \/ Yoast SEO Premium plugin. -->","yoast_head_json":{"title":"Melga\u00e7o apresenta um programa diversificado para este Natal","robots":{"index":"index","follow":"follow","max-snippet":"max-snippet:-1","max-image-preview":"max-image-preview:large","max-video-preview":"max-video-preview:-1"},"canonical":"https:\/\/www.altominho.tv\/site\/2017\/12\/07\/melgaco-apresenta-um-programa-diversificado-para-este-natal\/","og_locale":"pt_PT","og_type":"article","og_title":"Melga\u00e7o apresenta um programa diversificado para este Natal","og_description":"A quadra natal\u00edcia traz ao Munic\u00edpio mais a Norte de Portugal uma pan\u00f3plia de atividades, desde rafting com o Pai Natal a passeios de charrete, encontro de coros, exposi\u00e7\u00f5es ecol\u00f3gicas, desfile de moda, teatro, Mercadinho de Natal, insufl\u00e1veis, anima\u00e7\u00e3o de rua, Casa do Pai Natal, concertos de Natal e de Ano Novo, a Queima do [&hellip;]","og_url":"https:\/\/www.altominho.tv\/site\/2017\/12\/07\/melgaco-apresenta-um-programa-diversificado-para-este-natal\/","og_site_name":"Altominho.tv","article_publisher":"https:\/\/www.facebook.com\/altominhotv","article_published_time":"2017-12-07T16:47:01+00:00","og_image":[{"width":340,"height":223,"url":"https:\/\/www.altominho.tv\/site\/wp-content\/uploads\/2017\/12\/image008.jpg","type":"image\/jpeg"}],"author":"M\u00e1rcio Ferreira","twitter_card":"summary_large_image","twitter_creator":"@altominhoTV","twitter_site":"@altominhoTV","twitter_misc":{"Escrito por":"M\u00e1rcio Ferreira","Tempo estimado de leitura":"1 minuto"},"schema":{"@context":"https:\/\/schema.org","@graph":[{"@type":"Article","@id":"https:\/\/www.altominho.tv\/site\/2017\/12\/07\/melgaco-apresenta-um-programa-diversificado-para-este-natal\/#article","isPartOf":{"@id":"https:\/\/www.altominho.tv\/site\/2017\/12\/07\/melgaco-apresenta-um-programa-diversificado-para-este-natal\/"},"author":{"name":"M\u00e1rcio Ferreira","@id":"https:\/\/www.altominho.tv\/site\/#\/schema\/person\/f836e37082b5dabe9144f3eb724ed5a7"},"headline":"Melga\u00e7o apresenta um programa diversificado para este Natal","datePublished":"2017-12-07T16:47:01+00:00","mainEntityOfPage":{"@id":"https:\/\/www.altominho.tv\/site\/2017\/12\/07\/melgaco-apresenta-um-programa-diversificado-para-este-natal\/"},"wordCount":234,"image":{"@id":"https:\/\/www.altominho.tv\/site\/2017\/12\/07\/melgaco-apresenta-um-programa-diversificado-para-este-natal\/#primaryimage"},"thumbnailUrl":"https:\/\/www.altominho.tv\/site\/wp-content\/uploads\/2017\/12\/image008.jpg","articleSection":["Melga\u00e7o"],"inLanguage":"pt-PT","copyrightYear":"2017","copyrightHolder":{"@id":"https:\/\/www.altominho.tv\/site\/#organization"}},{"@type":"WebPage","@id":"https:\/\/www.altominho.tv\/site\/2017\/12\/07\/melgaco-apresenta-um-programa-diversificado-para-este-natal\/","url":"https:\/\/www.altominho.tv\/site\/2017\/12\/07\/melgaco-apresenta-um-programa-diversificado-para-este-natal\/","name":"Melga\u00e7o apresenta um programa diversificado para este Natal","isPartOf":{"@id":"https:\/\/www.altominho.tv\/site\/#website"},"primaryImageOfPage":{"@id":"https:\/\/www.altominho.tv\/site\/2017\/12\/07\/melgaco-apresenta-um-programa-diversificado-para-este-natal\/#primaryimage"},"image":{"@id":"https:\/\/www.altominho.tv\/site\/2017\/12\/07\/melgaco-apresenta-um-programa-diversificado-para-este-natal\/#primaryimage"},"thumbnailUrl":"https:\/\/www.altominho.tv\/site\/wp-content\/uploads\/2017\/12\/image008.jpg","datePublished":"2017-12-07T16:47:01+00:00","author":{"@id":"https:\/\/www.altominho.tv\/site\/#\/schema\/person\/f836e37082b5dabe9144f3eb724ed5a7"},"breadcrumb":{"@id":"https:\/\/www.altominho.tv\/site\/2017\/12\/07\/melgaco-apresenta-um-programa-diversificado-para-este-natal\/#breadcrumb"},"inLanguage":"pt-PT","potentialAction":[{"@type":"ReadAction","target":["https:\/\/www.altominho.tv\/site\/2017\/12\/07\/melgaco-apresenta-um-programa-diversificado-para-este-natal\/"]}]},{"@type":"ImageObject","inLanguage":"pt-PT","@id":"https:\/\/www.altominho.tv\/site\/2017\/12\/07\/melgaco-apresenta-um-programa-diversificado-para-este-natal\/#primaryimage","url":"https:\/\/www.altominho.tv\/site\/wp-content\/uploads\/2017\/12\/image008.jpg","contentUrl":"https:\/\/www.altominho.tv\/site\/wp-content\/uploads\/2017\/12\/image008.jpg","width":340,"height":223},{"@type":"BreadcrumbList","@id":"https:\/\/www.altominho.tv\/site\/2017\/12\/07\/melgaco-apresenta-um-programa-diversificado-para-este-natal\/#breadcrumb","itemListElement":[{"@type":"ListItem","position":1,"name":"In\u00edcio","item":"https:\/\/www.altominho.tv\/site\/"},{"@type":"ListItem","position":2,"name":"Melga\u00e7o apresenta um programa diversificado para este Natal"}]},{"@type":"WebSite","@id":"https:\/\/www.altominho.tv\/site\/#website","url":"https:\/\/www.altominho.tv\/site\/","name":"Altominho.tv","description":"A sua regi\u00e3o \u00e0 dist\u00e2ncia de um clique...","potentialAction":[{"@type":"SearchAction","target":{"@type":"EntryPoint","urlTemplate":"https:\/\/www.altominho.tv\/site\/?s={search_term_string}"},"query-input":{"@type":"PropertyValueSpecification","valueRequired":true,"valueName":"search_term_string"}}],"inLanguage":"pt-PT"},{"@type":"Person","@id":"https:\/\/www.altominho.tv\/site\/#\/schema\/person\/f836e37082b5dabe9144f3eb724ed5a7","name":"M\u00e1rcio Ferreira","image":{"@type":"ImageObject","inLanguage":"pt-PT","@id":"https:\/\/www.altominho.tv\/site\/wp-content\/uploads\/2017\/11\/Marcio-150x150.jpg","url":"https:\/\/www.altominho.tv\/site\/wp-content\/uploads\/2017\/11\/Marcio-150x150.jpg","contentUrl":"https:\/\/www.altominho.tv\/site\/wp-content\/uploads\/2017\/11\/Marcio-150x150.jpg","caption":"M\u00e1rcio Ferreira"},"url":"https:\/\/www.altominho.tv\/site\/author\/marcioferreira\/"}]}},"_links":{"self":[{"href":"https:\/\/www.altominho.tv\/site\/wp-json\/wp\/v2\/posts\/6464","targetHints":{"allow":["GET"]}}],"collection":[{"href":"https:\/\/www.altominho.tv\/site\/wp-json\/wp\/v2\/posts"}],"about":[{"href":"https:\/\/www.altominho.tv\/site\/wp-json\/wp\/v2\/types\/post"}],"author":[{"embeddable":true,"href":"https:\/\/www.altominho.tv\/site\/wp-json\/wp\/v2\/users\/11"}],"replies":[{"embeddable":true,"href":"https:\/\/www.altominho.tv\/site\/wp-json\/wp\/v2\/comments?post=6464"}],"version-history":[{"count":0,"href":"https:\/\/www.altominho.tv\/site\/wp-json\/wp\/v2\/posts\/6464\/revisions"}],"wp:featuredmedia":[{"embeddable":true,"href":"https:\/\/www.altominho.tv\/site\/wp-json\/wp\/v2\/media\/6465"}],"wp:attachment":[{"href":"https:\/\/www.altominho.tv\/site\/wp-json\/wp\/v2\/media?parent=6464"}],"wp:term":[{"taxonomy":"category","embeddable":true,"href":"https:\/\/www.altominho.tv\/site\/wp-json\/wp\/v2\/categories?post=6464"},{"taxonomy":"post_tag","embeddable":true,"href":"https:\/\/www.altominho.tv\/site\/wp-json\/wp\/v2\/tags?post=6464"}],"curies":[{"name":"wp","href":"https:\/\/api.w.org\/{rel}","templated":true}]}}