{"id":64460,"date":"2021-03-29T15:45:09","date_gmt":"2021-03-29T14:45:09","guid":{"rendered":"https:\/\/www.altominho.tv\/site\/?p=64460"},"modified":"2021-03-29T15:45:13","modified_gmt":"2021-03-29T14:45:13","slug":"ponte-internacional-que-liga-moncao-e-salvaterra-do-mino-inaugurada-ha-26-anos","status":"publish","type":"post","link":"https:\/\/www.altominho.tv\/site\/2021\/03\/29\/ponte-internacional-que-liga-moncao-e-salvaterra-do-mino-inaugurada-ha-26-anos\/","title":{"rendered":"Ponte internacional que liga Mon\u00e7\u00e3o e Salvaterra do Mi\u00f1o inaugurada h\u00e1 26 anos"},"content":{"rendered":"<p>A ponte internacional sobre o rio Minho que liga Mon\u00e7\u00e3o, no distrito de Viana do Castelo, a Salvaterra do Mi\u00f1o, na Galiza comemora hoje o 26\u00ba aniversario da sua inaugura\u00e7\u00e3o, informou a C\u00e2mara portuguesa.<\/p>\n<p>Em comunicado, a C\u00e2mara de Mon\u00e7\u00e3o adiantou que a travessia, batizada com os nomes &#8220;Jo\u00e3o Verde &#8211; Amador Saavedra&#8221;, em homenagem a dois poetas raianos, foi inaugurada no dia 29 de mar\u00e7o de 1995, &#8220;potenciando, nos anos seguintes, o relacionamento cultural, social, desportivo e o interc\u00e2mbio econ\u00f3mico entre as duas localidades vizinhas&#8221;.<\/p>\n<p>Atualmente a ponte &#8220;est\u00e1 parcialmente encerrada, sendo apenas poss\u00edvel circular entre as 06h00 e as 09h00 e as 17h00 e as 20h00, de segunda a sexta-feira, devido \u00e0 pandemia de Covid-19.<\/p>\n","protected":false},"excerpt":{"rendered":"<p>A ponte internacional sobre o rio Minho que liga Mon\u00e7\u00e3o, no distrito de Viana do Castelo, a Salvaterra do Mi\u00f1o, na Galiza comemora hoje o 26\u00ba aniversario da sua inaugura\u00e7\u00e3o, informou a C\u00e2mara portuguesa. Em comunicado, a C\u00e2mara de Mon\u00e7\u00e3o adiantou que a travessia, batizada com os nomes &#8220;Jo\u00e3o Verde &#8211; Amador Saavedra&#8221;, em homenagem [&hellip;]<\/p>\n","protected":false},"author":13,"featured_media":64007,"comment_status":"closed","ping_status":"closed","sticky":false,"template":"","format":"standard","meta":{"_exactmetrics_skip_tracking":false,"footnotes":""},"categories":[9],"tags":[27],"class_list":["post-64460","post","type-post","status-publish","format-standard","has-post-thumbnail","hentry","category-moncao","tag-sociedade"],"yoast_head":"<!-- This site is optimized with the Yoast SEO Premium plugin v28.3 (Yoast SEO v28.3) - https:\/\/yoast.com\/product\/yoast-seo-premium-wordpress\/ -->\n<title>Ponte internacional que liga Mon\u00e7\u00e3o e Salvaterra do Mi\u00f1o inaugurada h\u00e1 26 anos<\/title>\n<meta name=\"robots\" content=\"index, follow, max-snippet:-1, max-image-preview:large, max-video-preview:-1\" \/>\n<link rel=\"canonical\" href=\"https:\/\/www.altominho.tv\/site\/2021\/03\/29\/ponte-internacional-que-liga-moncao-e-salvaterra-do-mino-inaugurada-ha-26-anos\/\" \/>\n<meta property=\"og:locale\" content=\"pt_PT\" \/>\n<meta property=\"og:type\" content=\"article\" \/>\n<meta property=\"og:title\" content=\"Ponte internacional que liga Mon\u00e7\u00e3o e Salvaterra do Mi\u00f1o inaugurada h\u00e1 26 anos\" \/>\n<meta property=\"og:description\" content=\"A ponte internacional sobre o rio Minho que liga Mon\u00e7\u00e3o, no distrito de Viana do Castelo, a Salvaterra do Mi\u00f1o, na Galiza comemora hoje o 26\u00ba aniversario da sua inaugura\u00e7\u00e3o, informou a C\u00e2mara portuguesa. Em comunicado, a C\u00e2mara de Mon\u00e7\u00e3o adiantou que a travessia, batizada com os nomes &#8220;Jo\u00e3o Verde &#8211; Amador Saavedra&#8221;, em homenagem [&hellip;]\" \/>\n<meta property=\"og:url\" content=\"https:\/\/www.altominho.tv\/site\/2021\/03\/29\/ponte-internacional-que-liga-moncao-e-salvaterra-do-mino-inaugurada-ha-26-anos\/\" \/>\n<meta property=\"og:site_name\" content=\"Altominho.tv\" \/>\n<meta property=\"article:publisher\" content=\"https:\/\/www.facebook.com\/altominhotv\" \/>\n<meta property=\"article:published_time\" content=\"2021-03-29T14:45:09+00:00\" \/>\n<meta property=\"article:modified_time\" content=\"2021-03-29T14:45:13+00:00\" \/>\n<meta property=\"og:image\" content=\"https:\/\/www.altominho.tv\/site\/wp-content\/uploads\/2021\/03\/Captura-de-ecra\u0303-2021-03-18-a\u0300s-13.02.11.png\" \/>\n\t<meta property=\"og:image:width\" content=\"1266\" \/>\n\t<meta property=\"og:image:height\" content=\"661\" \/>\n\t<meta property=\"og:image:type\" content=\"image\/png\" \/>\n<meta name=\"author\" content=\"Lusa\" \/>\n<meta name=\"twitter:card\" content=\"summary_large_image\" \/>\n<meta name=\"twitter:creator\" content=\"@altominhoTV\" \/>\n<meta name=\"twitter:site\" content=\"@altominhoTV\" \/>\n<meta name=\"twitter:label1\" content=\"Escrito por\" \/>\n\t<meta name=\"twitter:data1\" content=\"Lusa\" \/>\n\t<meta name=\"twitter:label2\" content=\"Tempo estimado de leitura\" \/>\n\t<meta name=\"twitter:data2\" content=\"1 minuto\" \/>\n<script type=\"application\/ld+json\" class=\"yoast-schema-graph\">{\"@context\":\"https:\\\/\\\/schema.org\",\"@graph\":[{\"@type\":\"Article\",\"@id\":\"https:\\\/\\\/www.altominho.tv\\\/site\\\/2021\\\/03\\\/29\\\/ponte-internacional-que-liga-moncao-e-salvaterra-do-mino-inaugurada-ha-26-anos\\\/#article\",\"isPartOf\":{\"@id\":\"https:\\\/\\\/www.altominho.tv\\\/site\\\/2021\\\/03\\\/29\\\/ponte-internacional-que-liga-moncao-e-salvaterra-do-mino-inaugurada-ha-26-anos\\\/\"},\"author\":{\"name\":\"Lusa\",\"@id\":\"https:\\\/\\\/www.altominho.tv\\\/site\\\/#\\\/schema\\\/person\\\/63f693da3e1899361cbe955c46f3232e\"},\"headline\":\"Ponte internacional que liga Mon\u00e7\u00e3o e Salvaterra do Mi\u00f1o inaugurada h\u00e1 26 anos\",\"datePublished\":\"2021-03-29T14:45:09+00:00\",\"dateModified\":\"2021-03-29T14:45:13+00:00\",\"mainEntityOfPage\":{\"@id\":\"https:\\\/\\\/www.altominho.tv\\\/site\\\/2021\\\/03\\\/29\\\/ponte-internacional-que-liga-moncao-e-salvaterra-do-mino-inaugurada-ha-26-anos\\\/\"},\"wordCount\":138,\"image\":{\"@id\":\"https:\\\/\\\/www.altominho.tv\\\/site\\\/2021\\\/03\\\/29\\\/ponte-internacional-que-liga-moncao-e-salvaterra-do-mino-inaugurada-ha-26-anos\\\/#primaryimage\"},\"thumbnailUrl\":\"https:\\\/\\\/www.altominho.tv\\\/site\\\/wp-content\\\/uploads\\\/2021\\\/03\\\/Captura-de-ecra\u0303-2021-03-18-a\u0300s-13.02.11.png\",\"keywords\":[\"Sociedade\"],\"articleSection\":[\"Mon\u00e7\u00e3o\"],\"inLanguage\":\"pt-PT\",\"copyrightYear\":\"2021\",\"copyrightHolder\":{\"@id\":\"https:\\\/\\\/www.altominho.tv\\\/site\\\/#organization\"}},{\"@type\":\"WebPage\",\"@id\":\"https:\\\/\\\/www.altominho.tv\\\/site\\\/2021\\\/03\\\/29\\\/ponte-internacional-que-liga-moncao-e-salvaterra-do-mino-inaugurada-ha-26-anos\\\/\",\"url\":\"https:\\\/\\\/www.altominho.tv\\\/site\\\/2021\\\/03\\\/29\\\/ponte-internacional-que-liga-moncao-e-salvaterra-do-mino-inaugurada-ha-26-anos\\\/\",\"name\":\"Ponte internacional que liga Mon\u00e7\u00e3o e Salvaterra do Mi\u00f1o inaugurada h\u00e1 26 anos\",\"isPartOf\":{\"@id\":\"https:\\\/\\\/www.altominho.tv\\\/site\\\/#website\"},\"primaryImageOfPage\":{\"@id\":\"https:\\\/\\\/www.altominho.tv\\\/site\\\/2021\\\/03\\\/29\\\/ponte-internacional-que-liga-moncao-e-salvaterra-do-mino-inaugurada-ha-26-anos\\\/#primaryimage\"},\"image\":{\"@id\":\"https:\\\/\\\/www.altominho.tv\\\/site\\\/2021\\\/03\\\/29\\\/ponte-internacional-que-liga-moncao-e-salvaterra-do-mino-inaugurada-ha-26-anos\\\/#primaryimage\"},\"thumbnailUrl\":\"https:\\\/\\\/www.altominho.tv\\\/site\\\/wp-content\\\/uploads\\\/2021\\\/03\\\/Captura-de-ecra\u0303-2021-03-18-a\u0300s-13.02.11.png\",\"datePublished\":\"2021-03-29T14:45:09+00:00\",\"dateModified\":\"2021-03-29T14:45:13+00:00\",\"author\":{\"@id\":\"https:\\\/\\\/www.altominho.tv\\\/site\\\/#\\\/schema\\\/person\\\/63f693da3e1899361cbe955c46f3232e\"},\"breadcrumb\":{\"@id\":\"https:\\\/\\\/www.altominho.tv\\\/site\\\/2021\\\/03\\\/29\\\/ponte-internacional-que-liga-moncao-e-salvaterra-do-mino-inaugurada-ha-26-anos\\\/#breadcrumb\"},\"inLanguage\":\"pt-PT\",\"potentialAction\":[{\"@type\":\"ReadAction\",\"target\":[\"https:\\\/\\\/www.altominho.tv\\\/site\\\/2021\\\/03\\\/29\\\/ponte-internacional-que-liga-moncao-e-salvaterra-do-mino-inaugurada-ha-26-anos\\\/\"]}]},{\"@type\":\"ImageObject\",\"inLanguage\":\"pt-PT\",\"@id\":\"https:\\\/\\\/www.altominho.tv\\\/site\\\/2021\\\/03\\\/29\\\/ponte-internacional-que-liga-moncao-e-salvaterra-do-mino-inaugurada-ha-26-anos\\\/#primaryimage\",\"url\":\"https:\\\/\\\/www.altominho.tv\\\/site\\\/wp-content\\\/uploads\\\/2021\\\/03\\\/Captura-de-ecra\u0303-2021-03-18-a\u0300s-13.02.11.png\",\"contentUrl\":\"https:\\\/\\\/www.altominho.tv\\\/site\\\/wp-content\\\/uploads\\\/2021\\\/03\\\/Captura-de-ecra\u0303-2021-03-18-a\u0300s-13.02.11.png\",\"width\":1266,\"height\":661},{\"@type\":\"BreadcrumbList\",\"@id\":\"https:\\\/\\\/www.altominho.tv\\\/site\\\/2021\\\/03\\\/29\\\/ponte-internacional-que-liga-moncao-e-salvaterra-do-mino-inaugurada-ha-26-anos\\\/#breadcrumb\",\"itemListElement\":[{\"@type\":\"ListItem\",\"position\":1,\"name\":\"In\u00edcio\",\"item\":\"https:\\\/\\\/www.altominho.tv\\\/site\\\/\"},{\"@type\":\"ListItem\",\"position\":2,\"name\":\"Ponte internacional que liga Mon\u00e7\u00e3o e Salvaterra do Mi\u00f1o inaugurada h\u00e1 26 anos\"}]},{\"@type\":\"WebSite\",\"@id\":\"https:\\\/\\\/www.altominho.tv\\\/site\\\/#website\",\"url\":\"https:\\\/\\\/www.altominho.tv\\\/site\\\/\",\"name\":\"Altominho.tv\",\"description\":\"A sua regi\u00e3o \u00e0 dist\u00e2ncia de um clique...\",\"potentialAction\":[{\"@type\":\"SearchAction\",\"target\":{\"@type\":\"EntryPoint\",\"urlTemplate\":\"https:\\\/\\\/www.altominho.tv\\\/site\\\/?s={search_term_string}\"},\"query-input\":{\"@type\":\"PropertyValueSpecification\",\"valueRequired\":true,\"valueName\":\"search_term_string\"}}],\"inLanguage\":\"pt-PT\"},{\"@type\":\"Person\",\"@id\":\"https:\\\/\\\/www.altominho.tv\\\/site\\\/#\\\/schema\\\/person\\\/63f693da3e1899361cbe955c46f3232e\",\"name\":\"Lusa\",\"image\":{\"@type\":\"ImageObject\",\"inLanguage\":\"pt-PT\",\"@id\":\"https:\\\/\\\/www.altominho.tv\\\/site\\\/wp-content\\\/uploads\\\/2019\\\/08\\\/LUSA_Logo.gif\",\"url\":\"https:\\\/\\\/www.altominho.tv\\\/site\\\/wp-content\\\/uploads\\\/2019\\\/08\\\/LUSA_Logo.gif\",\"contentUrl\":\"https:\\\/\\\/www.altominho.tv\\\/site\\\/wp-content\\\/uploads\\\/2019\\\/08\\\/LUSA_Logo.gif\",\"caption\":\"Lusa\"},\"sameAs\":[\"http:\\\/\\\/\\\/\\\/www.altominho.tv\\\/site\"],\"url\":\"https:\\\/\\\/www.altominho.tv\\\/site\\\/author\\\/lusa\\\/\"}]}<\/script>\n<!-- \/ Yoast SEO Premium plugin. -->","yoast_head_json":{"title":"Ponte internacional que liga Mon\u00e7\u00e3o e Salvaterra do Mi\u00f1o inaugurada h\u00e1 26 anos","robots":{"index":"index","follow":"follow","max-snippet":"max-snippet:-1","max-image-preview":"max-image-preview:large","max-video-preview":"max-video-preview:-1"},"canonical":"https:\/\/www.altominho.tv\/site\/2021\/03\/29\/ponte-internacional-que-liga-moncao-e-salvaterra-do-mino-inaugurada-ha-26-anos\/","og_locale":"pt_PT","og_type":"article","og_title":"Ponte internacional que liga Mon\u00e7\u00e3o e Salvaterra do Mi\u00f1o inaugurada h\u00e1 26 anos","og_description":"A ponte internacional sobre o rio Minho que liga Mon\u00e7\u00e3o, no distrito de Viana do Castelo, a Salvaterra do Mi\u00f1o, na Galiza comemora hoje o 26\u00ba aniversario da sua inaugura\u00e7\u00e3o, informou a C\u00e2mara portuguesa. Em comunicado, a C\u00e2mara de Mon\u00e7\u00e3o adiantou que a travessia, batizada com os nomes &#8220;Jo\u00e3o Verde &#8211; Amador Saavedra&#8221;, em homenagem [&hellip;]","og_url":"https:\/\/www.altominho.tv\/site\/2021\/03\/29\/ponte-internacional-que-liga-moncao-e-salvaterra-do-mino-inaugurada-ha-26-anos\/","og_site_name":"Altominho.tv","article_publisher":"https:\/\/www.facebook.com\/altominhotv","article_published_time":"2021-03-29T14:45:09+00:00","article_modified_time":"2021-03-29T14:45:13+00:00","og_image":[{"width":1266,"height":661,"url":"https:\/\/www.altominho.tv\/site\/wp-content\/uploads\/2021\/03\/Captura-de-ecra\u0303-2021-03-18-a\u0300s-13.02.11.png","type":"image\/png"}],"author":"Lusa","twitter_card":"summary_large_image","twitter_creator":"@altominhoTV","twitter_site":"@altominhoTV","twitter_misc":{"Escrito por":"Lusa","Tempo estimado de leitura":"1 minuto"},"schema":{"@context":"https:\/\/schema.org","@graph":[{"@type":"Article","@id":"https:\/\/www.altominho.tv\/site\/2021\/03\/29\/ponte-internacional-que-liga-moncao-e-salvaterra-do-mino-inaugurada-ha-26-anos\/#article","isPartOf":{"@id":"https:\/\/www.altominho.tv\/site\/2021\/03\/29\/ponte-internacional-que-liga-moncao-e-salvaterra-do-mino-inaugurada-ha-26-anos\/"},"author":{"name":"Lusa","@id":"https:\/\/www.altominho.tv\/site\/#\/schema\/person\/63f693da3e1899361cbe955c46f3232e"},"headline":"Ponte internacional que liga Mon\u00e7\u00e3o e Salvaterra do Mi\u00f1o inaugurada h\u00e1 26 anos","datePublished":"2021-03-29T14:45:09+00:00","dateModified":"2021-03-29T14:45:13+00:00","mainEntityOfPage":{"@id":"https:\/\/www.altominho.tv\/site\/2021\/03\/29\/ponte-internacional-que-liga-moncao-e-salvaterra-do-mino-inaugurada-ha-26-anos\/"},"wordCount":138,"image":{"@id":"https:\/\/www.altominho.tv\/site\/2021\/03\/29\/ponte-internacional-que-liga-moncao-e-salvaterra-do-mino-inaugurada-ha-26-anos\/#primaryimage"},"thumbnailUrl":"https:\/\/www.altominho.tv\/site\/wp-content\/uploads\/2021\/03\/Captura-de-ecra\u0303-2021-03-18-a\u0300s-13.02.11.png","keywords":["Sociedade"],"articleSection":["Mon\u00e7\u00e3o"],"inLanguage":"pt-PT","copyrightYear":"2021","copyrightHolder":{"@id":"https:\/\/www.altominho.tv\/site\/#organization"}},{"@type":"WebPage","@id":"https:\/\/www.altominho.tv\/site\/2021\/03\/29\/ponte-internacional-que-liga-moncao-e-salvaterra-do-mino-inaugurada-ha-26-anos\/","url":"https:\/\/www.altominho.tv\/site\/2021\/03\/29\/ponte-internacional-que-liga-moncao-e-salvaterra-do-mino-inaugurada-ha-26-anos\/","name":"Ponte internacional que liga Mon\u00e7\u00e3o e Salvaterra do Mi\u00f1o inaugurada h\u00e1 26 anos","isPartOf":{"@id":"https:\/\/www.altominho.tv\/site\/#website"},"primaryImageOfPage":{"@id":"https:\/\/www.altominho.tv\/site\/2021\/03\/29\/ponte-internacional-que-liga-moncao-e-salvaterra-do-mino-inaugurada-ha-26-anos\/#primaryimage"},"image":{"@id":"https:\/\/www.altominho.tv\/site\/2021\/03\/29\/ponte-internacional-que-liga-moncao-e-salvaterra-do-mino-inaugurada-ha-26-anos\/#primaryimage"},"thumbnailUrl":"https:\/\/www.altominho.tv\/site\/wp-content\/uploads\/2021\/03\/Captura-de-ecra\u0303-2021-03-18-a\u0300s-13.02.11.png","datePublished":"2021-03-29T14:45:09+00:00","dateModified":"2021-03-29T14:45:13+00:00","author":{"@id":"https:\/\/www.altominho.tv\/site\/#\/schema\/person\/63f693da3e1899361cbe955c46f3232e"},"breadcrumb":{"@id":"https:\/\/www.altominho.tv\/site\/2021\/03\/29\/ponte-internacional-que-liga-moncao-e-salvaterra-do-mino-inaugurada-ha-26-anos\/#breadcrumb"},"inLanguage":"pt-PT","potentialAction":[{"@type":"ReadAction","target":["https:\/\/www.altominho.tv\/site\/2021\/03\/29\/ponte-internacional-que-liga-moncao-e-salvaterra-do-mino-inaugurada-ha-26-anos\/"]}]},{"@type":"ImageObject","inLanguage":"pt-PT","@id":"https:\/\/www.altominho.tv\/site\/2021\/03\/29\/ponte-internacional-que-liga-moncao-e-salvaterra-do-mino-inaugurada-ha-26-anos\/#primaryimage","url":"https:\/\/www.altominho.tv\/site\/wp-content\/uploads\/2021\/03\/Captura-de-ecra\u0303-2021-03-18-a\u0300s-13.02.11.png","contentUrl":"https:\/\/www.altominho.tv\/site\/wp-content\/uploads\/2021\/03\/Captura-de-ecra\u0303-2021-03-18-a\u0300s-13.02.11.png","width":1266,"height":661},{"@type":"BreadcrumbList","@id":"https:\/\/www.altominho.tv\/site\/2021\/03\/29\/ponte-internacional-que-liga-moncao-e-salvaterra-do-mino-inaugurada-ha-26-anos\/#breadcrumb","itemListElement":[{"@type":"ListItem","position":1,"name":"In\u00edcio","item":"https:\/\/www.altominho.tv\/site\/"},{"@type":"ListItem","position":2,"name":"Ponte internacional que liga Mon\u00e7\u00e3o e Salvaterra do Mi\u00f1o inaugurada h\u00e1 26 anos"}]},{"@type":"WebSite","@id":"https:\/\/www.altominho.tv\/site\/#website","url":"https:\/\/www.altominho.tv\/site\/","name":"Altominho.tv","description":"A sua regi\u00e3o \u00e0 dist\u00e2ncia de um clique...","potentialAction":[{"@type":"SearchAction","target":{"@type":"EntryPoint","urlTemplate":"https:\/\/www.altominho.tv\/site\/?s={search_term_string}"},"query-input":{"@type":"PropertyValueSpecification","valueRequired":true,"valueName":"search_term_string"}}],"inLanguage":"pt-PT"},{"@type":"Person","@id":"https:\/\/www.altominho.tv\/site\/#\/schema\/person\/63f693da3e1899361cbe955c46f3232e","name":"Lusa","image":{"@type":"ImageObject","inLanguage":"pt-PT","@id":"https:\/\/www.altominho.tv\/site\/wp-content\/uploads\/2019\/08\/LUSA_Logo.gif","url":"https:\/\/www.altominho.tv\/site\/wp-content\/uploads\/2019\/08\/LUSA_Logo.gif","contentUrl":"https:\/\/www.altominho.tv\/site\/wp-content\/uploads\/2019\/08\/LUSA_Logo.gif","caption":"Lusa"},"sameAs":["http:\/\/\/\/www.altominho.tv\/site"],"url":"https:\/\/www.altominho.tv\/site\/author\/lusa\/"}]}},"_links":{"self":[{"href":"https:\/\/www.altominho.tv\/site\/wp-json\/wp\/v2\/posts\/64460","targetHints":{"allow":["GET"]}}],"collection":[{"href":"https:\/\/www.altominho.tv\/site\/wp-json\/wp\/v2\/posts"}],"about":[{"href":"https:\/\/www.altominho.tv\/site\/wp-json\/wp\/v2\/types\/post"}],"author":[{"embeddable":true,"href":"https:\/\/www.altominho.tv\/site\/wp-json\/wp\/v2\/users\/13"}],"replies":[{"embeddable":true,"href":"https:\/\/www.altominho.tv\/site\/wp-json\/wp\/v2\/comments?post=64460"}],"version-history":[{"count":0,"href":"https:\/\/www.altominho.tv\/site\/wp-json\/wp\/v2\/posts\/64460\/revisions"}],"wp:featuredmedia":[{"embeddable":true,"href":"https:\/\/www.altominho.tv\/site\/wp-json\/wp\/v2\/media\/64007"}],"wp:attachment":[{"href":"https:\/\/www.altominho.tv\/site\/wp-json\/wp\/v2\/media?parent=64460"}],"wp:term":[{"taxonomy":"category","embeddable":true,"href":"https:\/\/www.altominho.tv\/site\/wp-json\/wp\/v2\/categories?post=64460"},{"taxonomy":"post_tag","embeddable":true,"href":"https:\/\/www.altominho.tv\/site\/wp-json\/wp\/v2\/tags?post=64460"}],"curies":[{"name":"wp","href":"https:\/\/api.w.org\/{rel}","templated":true}]}}