{"id":64393,"date":"2021-03-27T08:24:57","date_gmt":"2021-03-27T08:24:57","guid":{"rendered":"https:\/\/www.altominho.tv\/site\/?p=64393"},"modified":"2021-03-27T08:25:01","modified_gmt":"2021-03-27T08:25:01","slug":"vacinacao-de-professores-e-funcionarios-do-pre-escolar-e-1-o-ciclo-arranca-hoje","status":"publish","type":"post","link":"https:\/\/www.altominho.tv\/site\/2021\/03\/27\/vacinacao-de-professores-e-funcionarios-do-pre-escolar-e-1-o-ciclo-arranca-hoje\/","title":{"rendered":"Vacina\u00e7\u00e3o de professores e funcion\u00e1rios do pr\u00e9-escolar e 1.\u00ba ciclo arranca hoje"},"content":{"rendered":"<p>A vacina\u00e7\u00e3o dos professores e trabalhadores n\u00e3o-docentes do pr\u00e9-escolar e 1.\u00ba ciclo contra a Covid-19 arranca hoje em todo o pa\u00eds, num processo que vai envolver quase 80 mil profissionais da educa\u00e7\u00e3o.<\/p>\n<p class=\"text-paragraph\">No total, est\u00e3o inclu\u00eddos nesta primeira fase, que decorre entre s\u00e1bado e domingo, cerca de 78.700 os professores e funcion\u00e1rios do pr\u00e9-escolar, primeiro ciclo e tamb\u00e9m da chamada &#8220;Escola a Tempo Inteiro&#8221;, que reabriram na semana passada, abrangendo os setores p\u00fablico e privado.<\/p>\n<p class=\"text-paragraph\">Na quarta-feira, os docentes e n\u00e3o-docentes come\u00e7aram a receber a convocat\u00f3ria, atrav\u00e9s de SMS, para receberem a primeira dose da vacina AstraZeneca, e tiveram um dia para responder se pretendem ou n\u00e3o ser vacinados. Caso n\u00e3o o tenham feito ou recusem esta vacina, perdem a prioridade na vacina\u00e7\u00e3o.<\/p>\n<p class=\"text-paragraph\">Por outro lado, o Minist\u00e9rio da Educa\u00e7\u00e3o assegurou que n\u00e3o perderiam o lugar se, por qualquer motivo, n\u00e3o tiverem sido contactados, aconselhando-os a avisar a dire\u00e7\u00e3o do respetivo estabelecimento de ensino, para que a escola envie a informa\u00e7\u00e3o \u00e0 dire\u00e7\u00e3o de servi\u00e7os regional, &#8220;a fim de ser elaborada uma lista e enquadrada(s) a(s) situa\u00e7\u00e3o(\u00f5es) numa futura fase de vacina\u00e7\u00e3o&#8221;.<\/p>\n<p class=\"text-paragraph\">O processo de vacina\u00e7\u00e3o vai decorrer de tr\u00eas formas: nos concelhos onde o grupo de profissionais a vacinar seja inferior a 250 pessoas, ser\u00e1 nos centros de sa\u00fade, naqueles em que se prev\u00ea a vacina\u00e7\u00e3o entre 250 e 500 pessoas, o processo ser\u00e1 realizado nas escolas e nos locais com mais de 500 pessoas, a escolha recaiu nos Centros de Vacina\u00e7\u00e3o Covid.<\/p>\n<p class=\"text-paragraph\">No primeiro dia, a vacina\u00e7\u00e3o dos professores vai ser acompanhada pelo primeiro-ministro, Ant\u00f3nio Costa, que estar\u00e1 acompanhado pelo ministro da Educa\u00e7\u00e3o, Tiago Brand\u00e3o Rodrigues, pelas 10:30 em Odivelas.<\/p>\n<p class=\"text-paragraph\">Da parte da tarde, o presidente da C\u00e2mara Municipal de Lisboa, Fernando Medida, acompanha o coordenador da \u2018task force\u2019 para o plano de vacina\u00e7\u00e3o contra a covid-19, vice-almirante Henrique Gouveia e Melo, ao centro de vacina\u00e7\u00e3o da Cidade Universit\u00e1ria, inaugurado esta semana.<\/p>\n<p class=\"text-paragraph\">Tamb\u00e9m a Federa\u00e7\u00e3o Nacional dos Professores (Fenprof) vai estar atenta ao primeiro dia do processo h\u00e1 muito tempo reivindicado, e o secret\u00e1rio-geral, M\u00e1rio Nogueira, acompanhar\u00e1 a vacina\u00e7\u00e3o em Coimbra.<\/p>\n<p class=\"text-paragraph\">Depois desta primeira fase, o processo de vacina\u00e7\u00e3o dos profissionais da educa\u00e7\u00e3o vai continuar a decorrer de forma progressiva durante o m\u00eas de abril, acompanhando o processo de desconfinamento.<\/p>\n<p class=\"text-paragraph\">De acordo com o planeamento da \u2018task-force\u2019, os profissionais dos 2.\u00ba e 3.\u00ba ciclos do ensino b\u00e1sico e do ensino secund\u00e1rio come\u00e7am a ser vacinados no fim de semana de 10 e 11 de abril, podendo o processo ser prolongado por mais fins de semana caso haja necessidade.<\/p>\n<p class=\"text-paragraph\">No total, a\u00a0&#8216;task force&#8217; prev\u00ea vacinar cerca de 280 mil professores e pessoal n\u00e3o docente desde creches at\u00e9 ao ensino secund\u00e1rio.<\/p>\n<p class=\"text-paragraph\">Em 10 de mar\u00e7o, a Dire\u00e7\u00e3o-Geral da Sa\u00fade incluiu nos grupos priorit\u00e1rios da fase 1 para a vacina contra a covid-19 os professores e o pessoal n\u00e3o docente, do setor p\u00fablico e privado.<\/p>\n<p class=\"text-paragraph\">A vacina\u00e7\u00e3o dos profissionais do pr\u00e9-escolar e 1.\u00ba ciclo deveria ter arrancado no passado fim de semana, mas a suspens\u00e3o tempor\u00e1ria da administra\u00e7\u00e3o da vacina da AstraZeneca ditou o adiamento do processo.<\/p>\n","protected":false},"excerpt":{"rendered":"<p>A vacina\u00e7\u00e3o dos professores e trabalhadores n\u00e3o-docentes do pr\u00e9-escolar e 1.\u00ba ciclo contra a Covid-19 arranca hoje em todo o pa\u00eds, num processo que vai envolver quase 80 mil profissionais da educa\u00e7\u00e3o. No total, est\u00e3o inclu\u00eddos nesta primeira fase, que decorre entre s\u00e1bado e domingo, cerca de 78.700 os professores e funcion\u00e1rios do pr\u00e9-escolar, primeiro [&hellip;]<\/p>\n","protected":false},"author":13,"featured_media":63872,"comment_status":"closed","ping_status":"closed","sticky":false,"template":"","format":"standard","meta":{"_exactmetrics_skip_tracking":false,"_exactmetrics_sitenote_active":false,"_exactmetrics_sitenote_note":"","_exactmetrics_sitenote_category":0,"footnotes":""},"categories":[42722],"tags":[26,27],"class_list":["post-64393","post","type-post","status-publish","format-standard","has-post-thumbnail","hentry","category-covid-19","tag-saude","tag-sociedade"],"yoast_head":"<!-- This site is optimized with the Yoast SEO Premium plugin v27.5 (Yoast SEO v27.5) - https:\/\/yoast.com\/product\/yoast-seo-premium-wordpress\/ -->\n<title>Vacina\u00e7\u00e3o de professores e funcion\u00e1rios do pr\u00e9-escolar e 1.\u00ba ciclo arranca hoje<\/title>\n<meta name=\"robots\" content=\"index, follow, max-snippet:-1, max-image-preview:large, max-video-preview:-1\" \/>\n<link rel=\"canonical\" href=\"https:\/\/www.altominho.tv\/site\/2021\/03\/27\/vacinacao-de-professores-e-funcionarios-do-pre-escolar-e-1-o-ciclo-arranca-hoje\/\" \/>\n<meta property=\"og:locale\" content=\"pt_PT\" \/>\n<meta property=\"og:type\" content=\"article\" \/>\n<meta property=\"og:title\" content=\"Vacina\u00e7\u00e3o de professores e funcion\u00e1rios do pr\u00e9-escolar e 1.\u00ba ciclo arranca hoje\" \/>\n<meta property=\"og:description\" content=\"A vacina\u00e7\u00e3o dos professores e trabalhadores n\u00e3o-docentes do pr\u00e9-escolar e 1.\u00ba ciclo contra a Covid-19 arranca hoje em todo o pa\u00eds, num processo que vai envolver quase 80 mil profissionais da educa\u00e7\u00e3o. No total, est\u00e3o inclu\u00eddos nesta primeira fase, que decorre entre s\u00e1bado e domingo, cerca de 78.700 os professores e funcion\u00e1rios do pr\u00e9-escolar, primeiro [&hellip;]\" \/>\n<meta property=\"og:url\" content=\"https:\/\/www.altominho.tv\/site\/2021\/03\/27\/vacinacao-de-professores-e-funcionarios-do-pre-escolar-e-1-o-ciclo-arranca-hoje\/\" \/>\n<meta property=\"og:site_name\" content=\"Altominho.tv\" \/>\n<meta property=\"article:publisher\" content=\"https:\/\/www.facebook.com\/altominhotv\" \/>\n<meta property=\"article:published_time\" content=\"2021-03-27T08:24:57+00:00\" \/>\n<meta property=\"article:modified_time\" content=\"2021-03-27T08:25:01+00:00\" \/>\n<meta property=\"og:image\" content=\"https:\/\/www.altominho.tv\/site\/wp-content\/uploads\/2021\/03\/Vacinac\u0327a\u0303o_professores_.jpg\" \/>\n\t<meta property=\"og:image:width\" content=\"1260\" \/>\n\t<meta property=\"og:image:height\" content=\"709\" \/>\n\t<meta property=\"og:image:type\" content=\"image\/jpeg\" \/>\n<meta name=\"author\" content=\"Lusa\" \/>\n<meta name=\"twitter:card\" content=\"summary_large_image\" \/>\n<meta name=\"twitter:creator\" content=\"@altominhoTV\" \/>\n<meta name=\"twitter:site\" content=\"@altominhoTV\" \/>\n<meta name=\"twitter:label1\" content=\"Escrito por\" \/>\n\t<meta name=\"twitter:data1\" content=\"Lusa\" \/>\n\t<meta name=\"twitter:label2\" content=\"Tempo estimado de leitura\" \/>\n\t<meta name=\"twitter:data2\" content=\"3 minutos\" \/>\n<script type=\"application\/ld+json\" class=\"yoast-schema-graph\">{\"@context\":\"https:\\\/\\\/schema.org\",\"@graph\":[{\"@type\":\"Article\",\"@id\":\"https:\\\/\\\/www.altominho.tv\\\/site\\\/2021\\\/03\\\/27\\\/vacinacao-de-professores-e-funcionarios-do-pre-escolar-e-1-o-ciclo-arranca-hoje\\\/#article\",\"isPartOf\":{\"@id\":\"https:\\\/\\\/www.altominho.tv\\\/site\\\/2021\\\/03\\\/27\\\/vacinacao-de-professores-e-funcionarios-do-pre-escolar-e-1-o-ciclo-arranca-hoje\\\/\"},\"author\":{\"name\":\"Lusa\",\"@id\":\"https:\\\/\\\/www.altominho.tv\\\/site\\\/#\\\/schema\\\/person\\\/63f693da3e1899361cbe955c46f3232e\"},\"headline\":\"Vacina\u00e7\u00e3o de professores e funcion\u00e1rios do pr\u00e9-escolar e 1.\u00ba ciclo arranca hoje\",\"datePublished\":\"2021-03-27T08:24:57+00:00\",\"dateModified\":\"2021-03-27T08:25:01+00:00\",\"mainEntityOfPage\":{\"@id\":\"https:\\\/\\\/www.altominho.tv\\\/site\\\/2021\\\/03\\\/27\\\/vacinacao-de-professores-e-funcionarios-do-pre-escolar-e-1-o-ciclo-arranca-hoje\\\/\"},\"wordCount\":573,\"image\":{\"@id\":\"https:\\\/\\\/www.altominho.tv\\\/site\\\/2021\\\/03\\\/27\\\/vacinacao-de-professores-e-funcionarios-do-pre-escolar-e-1-o-ciclo-arranca-hoje\\\/#primaryimage\"},\"thumbnailUrl\":\"https:\\\/\\\/www.altominho.tv\\\/site\\\/wp-content\\\/uploads\\\/2021\\\/03\\\/Vacinac\u0327a\u0303o_professores_.jpg\",\"keywords\":[\"Sa\u00fade\",\"Sociedade\"],\"articleSection\":[\"Coronav\u00edrus\"],\"inLanguage\":\"pt-PT\",\"copyrightYear\":\"2021\",\"copyrightHolder\":{\"@id\":\"https:\\\/\\\/www.altominho.tv\\\/site\\\/#organization\"}},{\"@type\":\"WebPage\",\"@id\":\"https:\\\/\\\/www.altominho.tv\\\/site\\\/2021\\\/03\\\/27\\\/vacinacao-de-professores-e-funcionarios-do-pre-escolar-e-1-o-ciclo-arranca-hoje\\\/\",\"url\":\"https:\\\/\\\/www.altominho.tv\\\/site\\\/2021\\\/03\\\/27\\\/vacinacao-de-professores-e-funcionarios-do-pre-escolar-e-1-o-ciclo-arranca-hoje\\\/\",\"name\":\"Vacina\u00e7\u00e3o de professores e funcion\u00e1rios do pr\u00e9-escolar e 1.\u00ba ciclo arranca hoje\",\"isPartOf\":{\"@id\":\"https:\\\/\\\/www.altominho.tv\\\/site\\\/#website\"},\"primaryImageOfPage\":{\"@id\":\"https:\\\/\\\/www.altominho.tv\\\/site\\\/2021\\\/03\\\/27\\\/vacinacao-de-professores-e-funcionarios-do-pre-escolar-e-1-o-ciclo-arranca-hoje\\\/#primaryimage\"},\"image\":{\"@id\":\"https:\\\/\\\/www.altominho.tv\\\/site\\\/2021\\\/03\\\/27\\\/vacinacao-de-professores-e-funcionarios-do-pre-escolar-e-1-o-ciclo-arranca-hoje\\\/#primaryimage\"},\"thumbnailUrl\":\"https:\\\/\\\/www.altominho.tv\\\/site\\\/wp-content\\\/uploads\\\/2021\\\/03\\\/Vacinac\u0327a\u0303o_professores_.jpg\",\"datePublished\":\"2021-03-27T08:24:57+00:00\",\"dateModified\":\"2021-03-27T08:25:01+00:00\",\"author\":{\"@id\":\"https:\\\/\\\/www.altominho.tv\\\/site\\\/#\\\/schema\\\/person\\\/63f693da3e1899361cbe955c46f3232e\"},\"breadcrumb\":{\"@id\":\"https:\\\/\\\/www.altominho.tv\\\/site\\\/2021\\\/03\\\/27\\\/vacinacao-de-professores-e-funcionarios-do-pre-escolar-e-1-o-ciclo-arranca-hoje\\\/#breadcrumb\"},\"inLanguage\":\"pt-PT\",\"potentialAction\":[{\"@type\":\"ReadAction\",\"target\":[\"https:\\\/\\\/www.altominho.tv\\\/site\\\/2021\\\/03\\\/27\\\/vacinacao-de-professores-e-funcionarios-do-pre-escolar-e-1-o-ciclo-arranca-hoje\\\/\"]}]},{\"@type\":\"ImageObject\",\"inLanguage\":\"pt-PT\",\"@id\":\"https:\\\/\\\/www.altominho.tv\\\/site\\\/2021\\\/03\\\/27\\\/vacinacao-de-professores-e-funcionarios-do-pre-escolar-e-1-o-ciclo-arranca-hoje\\\/#primaryimage\",\"url\":\"https:\\\/\\\/www.altominho.tv\\\/site\\\/wp-content\\\/uploads\\\/2021\\\/03\\\/Vacinac\u0327a\u0303o_professores_.jpg\",\"contentUrl\":\"https:\\\/\\\/www.altominho.tv\\\/site\\\/wp-content\\\/uploads\\\/2021\\\/03\\\/Vacinac\u0327a\u0303o_professores_.jpg\",\"width\":1260,\"height\":709},{\"@type\":\"BreadcrumbList\",\"@id\":\"https:\\\/\\\/www.altominho.tv\\\/site\\\/2021\\\/03\\\/27\\\/vacinacao-de-professores-e-funcionarios-do-pre-escolar-e-1-o-ciclo-arranca-hoje\\\/#breadcrumb\",\"itemListElement\":[{\"@type\":\"ListItem\",\"position\":1,\"name\":\"In\u00edcio\",\"item\":\"https:\\\/\\\/www.altominho.tv\\\/site\\\/\"},{\"@type\":\"ListItem\",\"position\":2,\"name\":\"Vacina\u00e7\u00e3o de professores e funcion\u00e1rios do pr\u00e9-escolar e 1.\u00ba ciclo arranca hoje\"}]},{\"@type\":\"WebSite\",\"@id\":\"https:\\\/\\\/www.altominho.tv\\\/site\\\/#website\",\"url\":\"https:\\\/\\\/www.altominho.tv\\\/site\\\/\",\"name\":\"Altominho.tv\",\"description\":\"A sua regi\u00e3o \u00e0 dist\u00e2ncia de um clique...\",\"potentialAction\":[{\"@type\":\"SearchAction\",\"target\":{\"@type\":\"EntryPoint\",\"urlTemplate\":\"https:\\\/\\\/www.altominho.tv\\\/site\\\/?s={search_term_string}\"},\"query-input\":{\"@type\":\"PropertyValueSpecification\",\"valueRequired\":true,\"valueName\":\"search_term_string\"}}],\"inLanguage\":\"pt-PT\"},{\"@type\":\"Person\",\"@id\":\"https:\\\/\\\/www.altominho.tv\\\/site\\\/#\\\/schema\\\/person\\\/63f693da3e1899361cbe955c46f3232e\",\"name\":\"Lusa\",\"image\":{\"@type\":\"ImageObject\",\"inLanguage\":\"pt-PT\",\"@id\":\"https:\\\/\\\/www.altominho.tv\\\/site\\\/wp-content\\\/uploads\\\/2019\\\/08\\\/LUSA_Logo.gif\",\"url\":\"https:\\\/\\\/www.altominho.tv\\\/site\\\/wp-content\\\/uploads\\\/2019\\\/08\\\/LUSA_Logo.gif\",\"contentUrl\":\"https:\\\/\\\/www.altominho.tv\\\/site\\\/wp-content\\\/uploads\\\/2019\\\/08\\\/LUSA_Logo.gif\",\"caption\":\"Lusa\"},\"sameAs\":[\"http:\\\/\\\/\\\/\\\/www.altominho.tv\\\/site\"],\"url\":\"https:\\\/\\\/www.altominho.tv\\\/site\\\/author\\\/lusa\\\/\"}]}<\/script>\n<!-- \/ Yoast SEO Premium plugin. -->","yoast_head_json":{"title":"Vacina\u00e7\u00e3o de professores e funcion\u00e1rios do pr\u00e9-escolar e 1.\u00ba ciclo arranca hoje","robots":{"index":"index","follow":"follow","max-snippet":"max-snippet:-1","max-image-preview":"max-image-preview:large","max-video-preview":"max-video-preview:-1"},"canonical":"https:\/\/www.altominho.tv\/site\/2021\/03\/27\/vacinacao-de-professores-e-funcionarios-do-pre-escolar-e-1-o-ciclo-arranca-hoje\/","og_locale":"pt_PT","og_type":"article","og_title":"Vacina\u00e7\u00e3o de professores e funcion\u00e1rios do pr\u00e9-escolar e 1.\u00ba ciclo arranca hoje","og_description":"A vacina\u00e7\u00e3o dos professores e trabalhadores n\u00e3o-docentes do pr\u00e9-escolar e 1.\u00ba ciclo contra a Covid-19 arranca hoje em todo o pa\u00eds, num processo que vai envolver quase 80 mil profissionais da educa\u00e7\u00e3o. No total, est\u00e3o inclu\u00eddos nesta primeira fase, que decorre entre s\u00e1bado e domingo, cerca de 78.700 os professores e funcion\u00e1rios do pr\u00e9-escolar, primeiro [&hellip;]","og_url":"https:\/\/www.altominho.tv\/site\/2021\/03\/27\/vacinacao-de-professores-e-funcionarios-do-pre-escolar-e-1-o-ciclo-arranca-hoje\/","og_site_name":"Altominho.tv","article_publisher":"https:\/\/www.facebook.com\/altominhotv","article_published_time":"2021-03-27T08:24:57+00:00","article_modified_time":"2021-03-27T08:25:01+00:00","og_image":[{"width":1260,"height":709,"url":"https:\/\/www.altominho.tv\/site\/wp-content\/uploads\/2021\/03\/Vacinac\u0327a\u0303o_professores_.jpg","type":"image\/jpeg"}],"author":"Lusa","twitter_card":"summary_large_image","twitter_creator":"@altominhoTV","twitter_site":"@altominhoTV","twitter_misc":{"Escrito por":"Lusa","Tempo estimado de leitura":"3 minutos"},"schema":{"@context":"https:\/\/schema.org","@graph":[{"@type":"Article","@id":"https:\/\/www.altominho.tv\/site\/2021\/03\/27\/vacinacao-de-professores-e-funcionarios-do-pre-escolar-e-1-o-ciclo-arranca-hoje\/#article","isPartOf":{"@id":"https:\/\/www.altominho.tv\/site\/2021\/03\/27\/vacinacao-de-professores-e-funcionarios-do-pre-escolar-e-1-o-ciclo-arranca-hoje\/"},"author":{"name":"Lusa","@id":"https:\/\/www.altominho.tv\/site\/#\/schema\/person\/63f693da3e1899361cbe955c46f3232e"},"headline":"Vacina\u00e7\u00e3o de professores e funcion\u00e1rios do pr\u00e9-escolar e 1.\u00ba ciclo arranca hoje","datePublished":"2021-03-27T08:24:57+00:00","dateModified":"2021-03-27T08:25:01+00:00","mainEntityOfPage":{"@id":"https:\/\/www.altominho.tv\/site\/2021\/03\/27\/vacinacao-de-professores-e-funcionarios-do-pre-escolar-e-1-o-ciclo-arranca-hoje\/"},"wordCount":573,"image":{"@id":"https:\/\/www.altominho.tv\/site\/2021\/03\/27\/vacinacao-de-professores-e-funcionarios-do-pre-escolar-e-1-o-ciclo-arranca-hoje\/#primaryimage"},"thumbnailUrl":"https:\/\/www.altominho.tv\/site\/wp-content\/uploads\/2021\/03\/Vacinac\u0327a\u0303o_professores_.jpg","keywords":["Sa\u00fade","Sociedade"],"articleSection":["Coronav\u00edrus"],"inLanguage":"pt-PT","copyrightYear":"2021","copyrightHolder":{"@id":"https:\/\/www.altominho.tv\/site\/#organization"}},{"@type":"WebPage","@id":"https:\/\/www.altominho.tv\/site\/2021\/03\/27\/vacinacao-de-professores-e-funcionarios-do-pre-escolar-e-1-o-ciclo-arranca-hoje\/","url":"https:\/\/www.altominho.tv\/site\/2021\/03\/27\/vacinacao-de-professores-e-funcionarios-do-pre-escolar-e-1-o-ciclo-arranca-hoje\/","name":"Vacina\u00e7\u00e3o de professores e funcion\u00e1rios do pr\u00e9-escolar e 1.\u00ba ciclo arranca hoje","isPartOf":{"@id":"https:\/\/www.altominho.tv\/site\/#website"},"primaryImageOfPage":{"@id":"https:\/\/www.altominho.tv\/site\/2021\/03\/27\/vacinacao-de-professores-e-funcionarios-do-pre-escolar-e-1-o-ciclo-arranca-hoje\/#primaryimage"},"image":{"@id":"https:\/\/www.altominho.tv\/site\/2021\/03\/27\/vacinacao-de-professores-e-funcionarios-do-pre-escolar-e-1-o-ciclo-arranca-hoje\/#primaryimage"},"thumbnailUrl":"https:\/\/www.altominho.tv\/site\/wp-content\/uploads\/2021\/03\/Vacinac\u0327a\u0303o_professores_.jpg","datePublished":"2021-03-27T08:24:57+00:00","dateModified":"2021-03-27T08:25:01+00:00","author":{"@id":"https:\/\/www.altominho.tv\/site\/#\/schema\/person\/63f693da3e1899361cbe955c46f3232e"},"breadcrumb":{"@id":"https:\/\/www.altominho.tv\/site\/2021\/03\/27\/vacinacao-de-professores-e-funcionarios-do-pre-escolar-e-1-o-ciclo-arranca-hoje\/#breadcrumb"},"inLanguage":"pt-PT","potentialAction":[{"@type":"ReadAction","target":["https:\/\/www.altominho.tv\/site\/2021\/03\/27\/vacinacao-de-professores-e-funcionarios-do-pre-escolar-e-1-o-ciclo-arranca-hoje\/"]}]},{"@type":"ImageObject","inLanguage":"pt-PT","@id":"https:\/\/www.altominho.tv\/site\/2021\/03\/27\/vacinacao-de-professores-e-funcionarios-do-pre-escolar-e-1-o-ciclo-arranca-hoje\/#primaryimage","url":"https:\/\/www.altominho.tv\/site\/wp-content\/uploads\/2021\/03\/Vacinac\u0327a\u0303o_professores_.jpg","contentUrl":"https:\/\/www.altominho.tv\/site\/wp-content\/uploads\/2021\/03\/Vacinac\u0327a\u0303o_professores_.jpg","width":1260,"height":709},{"@type":"BreadcrumbList","@id":"https:\/\/www.altominho.tv\/site\/2021\/03\/27\/vacinacao-de-professores-e-funcionarios-do-pre-escolar-e-1-o-ciclo-arranca-hoje\/#breadcrumb","itemListElement":[{"@type":"ListItem","position":1,"name":"In\u00edcio","item":"https:\/\/www.altominho.tv\/site\/"},{"@type":"ListItem","position":2,"name":"Vacina\u00e7\u00e3o de professores e funcion\u00e1rios do pr\u00e9-escolar e 1.\u00ba ciclo arranca hoje"}]},{"@type":"WebSite","@id":"https:\/\/www.altominho.tv\/site\/#website","url":"https:\/\/www.altominho.tv\/site\/","name":"Altominho.tv","description":"A sua regi\u00e3o \u00e0 dist\u00e2ncia de um clique...","potentialAction":[{"@type":"SearchAction","target":{"@type":"EntryPoint","urlTemplate":"https:\/\/www.altominho.tv\/site\/?s={search_term_string}"},"query-input":{"@type":"PropertyValueSpecification","valueRequired":true,"valueName":"search_term_string"}}],"inLanguage":"pt-PT"},{"@type":"Person","@id":"https:\/\/www.altominho.tv\/site\/#\/schema\/person\/63f693da3e1899361cbe955c46f3232e","name":"Lusa","image":{"@type":"ImageObject","inLanguage":"pt-PT","@id":"https:\/\/www.altominho.tv\/site\/wp-content\/uploads\/2019\/08\/LUSA_Logo.gif","url":"https:\/\/www.altominho.tv\/site\/wp-content\/uploads\/2019\/08\/LUSA_Logo.gif","contentUrl":"https:\/\/www.altominho.tv\/site\/wp-content\/uploads\/2019\/08\/LUSA_Logo.gif","caption":"Lusa"},"sameAs":["http:\/\/\/\/www.altominho.tv\/site"],"url":"https:\/\/www.altominho.tv\/site\/author\/lusa\/"}]}},"_links":{"self":[{"href":"https:\/\/www.altominho.tv\/site\/wp-json\/wp\/v2\/posts\/64393","targetHints":{"allow":["GET"]}}],"collection":[{"href":"https:\/\/www.altominho.tv\/site\/wp-json\/wp\/v2\/posts"}],"about":[{"href":"https:\/\/www.altominho.tv\/site\/wp-json\/wp\/v2\/types\/post"}],"author":[{"embeddable":true,"href":"https:\/\/www.altominho.tv\/site\/wp-json\/wp\/v2\/users\/13"}],"replies":[{"embeddable":true,"href":"https:\/\/www.altominho.tv\/site\/wp-json\/wp\/v2\/comments?post=64393"}],"version-history":[{"count":0,"href":"https:\/\/www.altominho.tv\/site\/wp-json\/wp\/v2\/posts\/64393\/revisions"}],"wp:featuredmedia":[{"embeddable":true,"href":"https:\/\/www.altominho.tv\/site\/wp-json\/wp\/v2\/media\/63872"}],"wp:attachment":[{"href":"https:\/\/www.altominho.tv\/site\/wp-json\/wp\/v2\/media?parent=64393"}],"wp:term":[{"taxonomy":"category","embeddable":true,"href":"https:\/\/www.altominho.tv\/site\/wp-json\/wp\/v2\/categories?post=64393"},{"taxonomy":"post_tag","embeddable":true,"href":"https:\/\/www.altominho.tv\/site\/wp-json\/wp\/v2\/tags?post=64393"}],"curies":[{"name":"wp","href":"https:\/\/api.w.org\/{rel}","templated":true}]}}