{"id":64367,"date":"2021-03-26T14:35:35","date_gmt":"2021-03-26T14:35:35","guid":{"rendered":"https:\/\/www.altominho.tv\/site\/?p=64367"},"modified":"2021-03-26T14:35:39","modified_gmt":"2021-03-26T14:35:39","slug":"portugal-regista-mais-cinco-mortes-e-488-casos-nas-ultimas-24-horas","status":"publish","type":"post","link":"https:\/\/www.altominho.tv\/site\/2021\/03\/26\/portugal-regista-mais-cinco-mortes-e-488-casos-nas-ultimas-24-horas\/","title":{"rendered":"Portugal regista mais cinco mortes e 488 casos nas \u00faltimas 24 horas"},"content":{"rendered":"<p>Nas \u00faltimas 24 horas, Portugal registou\u00a0mais cinco mortes\u00a0e mais 488 casos de Covid-19 abaixo das nove do dia anterior. H\u00e1\u00a0menos 408 casos ativos, de um total de 31 540, mas h\u00e1\u00a0mais 264\u00a0contactos em vigil\u00e2ncia, que passam a ser 15.299 ao todo. At\u00e9 hoje, j\u00e1 recuperaram da doen\u00e7a 771.339 pessoas,\u00a0891\u00a0das quais no \u00faltimo dia.<\/p>\n<p>Os dados de hoje refletem um aumento de 0,06% relativamente aos novos casos e de 0,03% no que diz respeito \u00e0s mortes.<\/p>\n<p>De assinalar que<span class=\"news_bold\">\u00a0desde o dia 10 de outubro que n\u00e3o se registava um n\u00famero t\u00e3o baixo de \u00f3bitos<\/span>.<\/p>\n<p>Por regi\u00f5es, Lisboa e Vale do Tejo reportou 210 casos e sete mortes por Covid-19. O Norte, que n\u00e3o regista novamente qualquer morte relacionada com a doen\u00e7a, diagnosticou 120 novos cont\u00e1gios. O Centro reportou 53 novos casos e duas mortes. O Alentejo diagnosticou 52 casos e uma morte e, sem qualquer \u00f3bito, o Algarve somou mais oito infetados.<\/p>\n<p>Desde o in\u00edcio da pandemia, em mar\u00e7o de 2020, o pa\u00eds contabiliza\u00a016 819 \u00f3bitos\u00a0associados \u00e0 covid-19 e um total de\u00a0819 698 casos\u00a0de infe\u00e7\u00e3o confirmados.<\/p>\n","protected":false},"excerpt":{"rendered":"<p>Nas \u00faltimas 24 horas, Portugal registou\u00a0mais cinco mortes\u00a0e mais 488 casos de Covid-19 abaixo das nove do dia anterior. H\u00e1\u00a0menos 408 casos ativos, de um total de 31 540, mas h\u00e1\u00a0mais 264\u00a0contactos em vigil\u00e2ncia, que passam a ser 15.299 ao todo. At\u00e9 hoje, j\u00e1 recuperaram da doen\u00e7a 771.339 pessoas,\u00a0891\u00a0das quais no \u00faltimo dia. Os dados [&hellip;]<\/p>\n","protected":false},"author":8,"featured_media":64368,"comment_status":"closed","ping_status":"closed","sticky":false,"template":"","format":"standard","meta":{"_exactmetrics_skip_tracking":false,"_exactmetrics_sitenote_active":false,"_exactmetrics_sitenote_note":"","_exactmetrics_sitenote_category":0,"footnotes":""},"categories":[42722],"tags":[26,27],"class_list":["post-64367","post","type-post","status-publish","format-standard","has-post-thumbnail","hentry","category-covid-19","tag-saude","tag-sociedade"],"yoast_head":"<!-- This site is optimized with the Yoast SEO Premium plugin v27.5 (Yoast SEO v27.5) - https:\/\/yoast.com\/product\/yoast-seo-premium-wordpress\/ -->\n<title>Portugal regista mais cinco mortes e 488 casos nas \u00faltimas 24 horas<\/title>\n<meta name=\"robots\" content=\"index, follow, max-snippet:-1, max-image-preview:large, max-video-preview:-1\" \/>\n<link rel=\"canonical\" href=\"https:\/\/www.altominho.tv\/site\/2021\/03\/26\/portugal-regista-mais-cinco-mortes-e-488-casos-nas-ultimas-24-horas\/\" \/>\n<meta property=\"og:locale\" content=\"pt_PT\" \/>\n<meta property=\"og:type\" content=\"article\" \/>\n<meta property=\"og:title\" content=\"Portugal regista mais cinco mortes e 488 casos nas \u00faltimas 24 horas\" \/>\n<meta property=\"og:description\" content=\"Nas \u00faltimas 24 horas, Portugal registou\u00a0mais cinco mortes\u00a0e mais 488 casos de Covid-19 abaixo das nove do dia anterior. H\u00e1\u00a0menos 408 casos ativos, de um total de 31 540, mas h\u00e1\u00a0mais 264\u00a0contactos em vigil\u00e2ncia, que passam a ser 15.299 ao todo. At\u00e9 hoje, j\u00e1 recuperaram da doen\u00e7a 771.339 pessoas,\u00a0891\u00a0das quais no \u00faltimo dia. Os dados [&hellip;]\" \/>\n<meta property=\"og:url\" content=\"https:\/\/www.altominho.tv\/site\/2021\/03\/26\/portugal-regista-mais-cinco-mortes-e-488-casos-nas-ultimas-24-horas\/\" \/>\n<meta property=\"og:site_name\" content=\"Altominho.tv\" \/>\n<meta property=\"article:publisher\" content=\"https:\/\/www.facebook.com\/altominhotv\" \/>\n<meta property=\"article:published_time\" content=\"2021-03-26T14:35:35+00:00\" \/>\n<meta property=\"article:modified_time\" content=\"2021-03-26T14:35:39+00:00\" \/>\n<meta property=\"og:image\" content=\"https:\/\/www.altominho.tv\/site\/wp-content\/uploads\/2021\/03\/Untitled-Project-8-740x416-1.jpeg\" \/>\n\t<meta property=\"og:image:width\" content=\"740\" \/>\n\t<meta property=\"og:image:height\" content=\"416\" \/>\n\t<meta property=\"og:image:type\" content=\"image\/jpeg\" \/>\n<meta name=\"author\" content=\"Alexandre Ferreira\" \/>\n<meta name=\"twitter:card\" content=\"summary_large_image\" \/>\n<meta name=\"twitter:creator\" content=\"@altominhoTV\" \/>\n<meta name=\"twitter:site\" content=\"@altominhoTV\" \/>\n<meta name=\"twitter:label1\" content=\"Escrito por\" \/>\n\t<meta name=\"twitter:data1\" content=\"Alexandre Ferreira\" \/>\n\t<meta name=\"twitter:label2\" content=\"Tempo estimado de leitura\" \/>\n\t<meta name=\"twitter:data2\" content=\"1 minuto\" \/>\n<script type=\"application\/ld+json\" class=\"yoast-schema-graph\">{\"@context\":\"https:\\\/\\\/schema.org\",\"@graph\":[{\"@type\":\"Article\",\"@id\":\"https:\\\/\\\/www.altominho.tv\\\/site\\\/2021\\\/03\\\/26\\\/portugal-regista-mais-cinco-mortes-e-488-casos-nas-ultimas-24-horas\\\/#article\",\"isPartOf\":{\"@id\":\"https:\\\/\\\/www.altominho.tv\\\/site\\\/2021\\\/03\\\/26\\\/portugal-regista-mais-cinco-mortes-e-488-casos-nas-ultimas-24-horas\\\/\"},\"author\":{\"name\":\"Alexandre Ferreira\",\"@id\":\"https:\\\/\\\/www.altominho.tv\\\/site\\\/#\\\/schema\\\/person\\\/56c462a0f6591602f4e9fb3fa6ea49bd\"},\"headline\":\"Portugal regista mais cinco mortes e 488 casos nas \u00faltimas 24 horas\",\"datePublished\":\"2021-03-26T14:35:35+00:00\",\"dateModified\":\"2021-03-26T14:35:39+00:00\",\"mainEntityOfPage\":{\"@id\":\"https:\\\/\\\/www.altominho.tv\\\/site\\\/2021\\\/03\\\/26\\\/portugal-regista-mais-cinco-mortes-e-488-casos-nas-ultimas-24-horas\\\/\"},\"wordCount\":188,\"image\":{\"@id\":\"https:\\\/\\\/www.altominho.tv\\\/site\\\/2021\\\/03\\\/26\\\/portugal-regista-mais-cinco-mortes-e-488-casos-nas-ultimas-24-horas\\\/#primaryimage\"},\"thumbnailUrl\":\"https:\\\/\\\/www.altominho.tv\\\/site\\\/wp-content\\\/uploads\\\/2021\\\/03\\\/Untitled-Project-8-740x416-1.jpeg\",\"keywords\":[\"Sa\u00fade\",\"Sociedade\"],\"articleSection\":[\"Coronav\u00edrus\"],\"inLanguage\":\"pt-PT\",\"copyrightYear\":\"2021\",\"copyrightHolder\":{\"@id\":\"https:\\\/\\\/www.altominho.tv\\\/site\\\/#organization\"}},{\"@type\":\"WebPage\",\"@id\":\"https:\\\/\\\/www.altominho.tv\\\/site\\\/2021\\\/03\\\/26\\\/portugal-regista-mais-cinco-mortes-e-488-casos-nas-ultimas-24-horas\\\/\",\"url\":\"https:\\\/\\\/www.altominho.tv\\\/site\\\/2021\\\/03\\\/26\\\/portugal-regista-mais-cinco-mortes-e-488-casos-nas-ultimas-24-horas\\\/\",\"name\":\"Portugal regista mais cinco mortes e 488 casos nas \u00faltimas 24 horas\",\"isPartOf\":{\"@id\":\"https:\\\/\\\/www.altominho.tv\\\/site\\\/#website\"},\"primaryImageOfPage\":{\"@id\":\"https:\\\/\\\/www.altominho.tv\\\/site\\\/2021\\\/03\\\/26\\\/portugal-regista-mais-cinco-mortes-e-488-casos-nas-ultimas-24-horas\\\/#primaryimage\"},\"image\":{\"@id\":\"https:\\\/\\\/www.altominho.tv\\\/site\\\/2021\\\/03\\\/26\\\/portugal-regista-mais-cinco-mortes-e-488-casos-nas-ultimas-24-horas\\\/#primaryimage\"},\"thumbnailUrl\":\"https:\\\/\\\/www.altominho.tv\\\/site\\\/wp-content\\\/uploads\\\/2021\\\/03\\\/Untitled-Project-8-740x416-1.jpeg\",\"datePublished\":\"2021-03-26T14:35:35+00:00\",\"dateModified\":\"2021-03-26T14:35:39+00:00\",\"author\":{\"@id\":\"https:\\\/\\\/www.altominho.tv\\\/site\\\/#\\\/schema\\\/person\\\/56c462a0f6591602f4e9fb3fa6ea49bd\"},\"breadcrumb\":{\"@id\":\"https:\\\/\\\/www.altominho.tv\\\/site\\\/2021\\\/03\\\/26\\\/portugal-regista-mais-cinco-mortes-e-488-casos-nas-ultimas-24-horas\\\/#breadcrumb\"},\"inLanguage\":\"pt-PT\",\"potentialAction\":[{\"@type\":\"ReadAction\",\"target\":[\"https:\\\/\\\/www.altominho.tv\\\/site\\\/2021\\\/03\\\/26\\\/portugal-regista-mais-cinco-mortes-e-488-casos-nas-ultimas-24-horas\\\/\"]}]},{\"@type\":\"ImageObject\",\"inLanguage\":\"pt-PT\",\"@id\":\"https:\\\/\\\/www.altominho.tv\\\/site\\\/2021\\\/03\\\/26\\\/portugal-regista-mais-cinco-mortes-e-488-casos-nas-ultimas-24-horas\\\/#primaryimage\",\"url\":\"https:\\\/\\\/www.altominho.tv\\\/site\\\/wp-content\\\/uploads\\\/2021\\\/03\\\/Untitled-Project-8-740x416-1.jpeg\",\"contentUrl\":\"https:\\\/\\\/www.altominho.tv\\\/site\\\/wp-content\\\/uploads\\\/2021\\\/03\\\/Untitled-Project-8-740x416-1.jpeg\",\"width\":740,\"height\":416},{\"@type\":\"BreadcrumbList\",\"@id\":\"https:\\\/\\\/www.altominho.tv\\\/site\\\/2021\\\/03\\\/26\\\/portugal-regista-mais-cinco-mortes-e-488-casos-nas-ultimas-24-horas\\\/#breadcrumb\",\"itemListElement\":[{\"@type\":\"ListItem\",\"position\":1,\"name\":\"In\u00edcio\",\"item\":\"https:\\\/\\\/www.altominho.tv\\\/site\\\/\"},{\"@type\":\"ListItem\",\"position\":2,\"name\":\"Portugal regista mais cinco mortes e 488 casos nas \u00faltimas 24 horas\"}]},{\"@type\":\"WebSite\",\"@id\":\"https:\\\/\\\/www.altominho.tv\\\/site\\\/#website\",\"url\":\"https:\\\/\\\/www.altominho.tv\\\/site\\\/\",\"name\":\"Altominho.tv\",\"description\":\"A sua regi\u00e3o \u00e0 dist\u00e2ncia de um clique...\",\"potentialAction\":[{\"@type\":\"SearchAction\",\"target\":{\"@type\":\"EntryPoint\",\"urlTemplate\":\"https:\\\/\\\/www.altominho.tv\\\/site\\\/?s={search_term_string}\"},\"query-input\":{\"@type\":\"PropertyValueSpecification\",\"valueRequired\":true,\"valueName\":\"search_term_string\"}}],\"inLanguage\":\"pt-PT\"},{\"@type\":\"Person\",\"@id\":\"https:\\\/\\\/www.altominho.tv\\\/site\\\/#\\\/schema\\\/person\\\/56c462a0f6591602f4e9fb3fa6ea49bd\",\"name\":\"Alexandre Ferreira\",\"image\":{\"@type\":\"ImageObject\",\"inLanguage\":\"pt-PT\",\"@id\":\"https:\\\/\\\/www.altominho.tv\\\/site\\\/wp-content\\\/uploads\\\/2017\\\/11\\\/Alexandre-150x150.jpg\",\"url\":\"https:\\\/\\\/www.altominho.tv\\\/site\\\/wp-content\\\/uploads\\\/2017\\\/11\\\/Alexandre-150x150.jpg\",\"contentUrl\":\"https:\\\/\\\/www.altominho.tv\\\/site\\\/wp-content\\\/uploads\\\/2017\\\/11\\\/Alexandre-150x150.jpg\",\"caption\":\"Alexandre Ferreira\"},\"url\":\"https:\\\/\\\/www.altominho.tv\\\/site\\\/author\\\/alexandreferreira\\\/\"}]}<\/script>\n<!-- \/ Yoast SEO Premium plugin. -->","yoast_head_json":{"title":"Portugal regista mais cinco mortes e 488 casos nas \u00faltimas 24 horas","robots":{"index":"index","follow":"follow","max-snippet":"max-snippet:-1","max-image-preview":"max-image-preview:large","max-video-preview":"max-video-preview:-1"},"canonical":"https:\/\/www.altominho.tv\/site\/2021\/03\/26\/portugal-regista-mais-cinco-mortes-e-488-casos-nas-ultimas-24-horas\/","og_locale":"pt_PT","og_type":"article","og_title":"Portugal regista mais cinco mortes e 488 casos nas \u00faltimas 24 horas","og_description":"Nas \u00faltimas 24 horas, Portugal registou\u00a0mais cinco mortes\u00a0e mais 488 casos de Covid-19 abaixo das nove do dia anterior. H\u00e1\u00a0menos 408 casos ativos, de um total de 31 540, mas h\u00e1\u00a0mais 264\u00a0contactos em vigil\u00e2ncia, que passam a ser 15.299 ao todo. At\u00e9 hoje, j\u00e1 recuperaram da doen\u00e7a 771.339 pessoas,\u00a0891\u00a0das quais no \u00faltimo dia. Os dados [&hellip;]","og_url":"https:\/\/www.altominho.tv\/site\/2021\/03\/26\/portugal-regista-mais-cinco-mortes-e-488-casos-nas-ultimas-24-horas\/","og_site_name":"Altominho.tv","article_publisher":"https:\/\/www.facebook.com\/altominhotv","article_published_time":"2021-03-26T14:35:35+00:00","article_modified_time":"2021-03-26T14:35:39+00:00","og_image":[{"width":740,"height":416,"url":"https:\/\/www.altominho.tv\/site\/wp-content\/uploads\/2021\/03\/Untitled-Project-8-740x416-1.jpeg","type":"image\/jpeg"}],"author":"Alexandre Ferreira","twitter_card":"summary_large_image","twitter_creator":"@altominhoTV","twitter_site":"@altominhoTV","twitter_misc":{"Escrito por":"Alexandre Ferreira","Tempo estimado de leitura":"1 minuto"},"schema":{"@context":"https:\/\/schema.org","@graph":[{"@type":"Article","@id":"https:\/\/www.altominho.tv\/site\/2021\/03\/26\/portugal-regista-mais-cinco-mortes-e-488-casos-nas-ultimas-24-horas\/#article","isPartOf":{"@id":"https:\/\/www.altominho.tv\/site\/2021\/03\/26\/portugal-regista-mais-cinco-mortes-e-488-casos-nas-ultimas-24-horas\/"},"author":{"name":"Alexandre Ferreira","@id":"https:\/\/www.altominho.tv\/site\/#\/schema\/person\/56c462a0f6591602f4e9fb3fa6ea49bd"},"headline":"Portugal regista mais cinco mortes e 488 casos nas \u00faltimas 24 horas","datePublished":"2021-03-26T14:35:35+00:00","dateModified":"2021-03-26T14:35:39+00:00","mainEntityOfPage":{"@id":"https:\/\/www.altominho.tv\/site\/2021\/03\/26\/portugal-regista-mais-cinco-mortes-e-488-casos-nas-ultimas-24-horas\/"},"wordCount":188,"image":{"@id":"https:\/\/www.altominho.tv\/site\/2021\/03\/26\/portugal-regista-mais-cinco-mortes-e-488-casos-nas-ultimas-24-horas\/#primaryimage"},"thumbnailUrl":"https:\/\/www.altominho.tv\/site\/wp-content\/uploads\/2021\/03\/Untitled-Project-8-740x416-1.jpeg","keywords":["Sa\u00fade","Sociedade"],"articleSection":["Coronav\u00edrus"],"inLanguage":"pt-PT","copyrightYear":"2021","copyrightHolder":{"@id":"https:\/\/www.altominho.tv\/site\/#organization"}},{"@type":"WebPage","@id":"https:\/\/www.altominho.tv\/site\/2021\/03\/26\/portugal-regista-mais-cinco-mortes-e-488-casos-nas-ultimas-24-horas\/","url":"https:\/\/www.altominho.tv\/site\/2021\/03\/26\/portugal-regista-mais-cinco-mortes-e-488-casos-nas-ultimas-24-horas\/","name":"Portugal regista mais cinco mortes e 488 casos nas \u00faltimas 24 horas","isPartOf":{"@id":"https:\/\/www.altominho.tv\/site\/#website"},"primaryImageOfPage":{"@id":"https:\/\/www.altominho.tv\/site\/2021\/03\/26\/portugal-regista-mais-cinco-mortes-e-488-casos-nas-ultimas-24-horas\/#primaryimage"},"image":{"@id":"https:\/\/www.altominho.tv\/site\/2021\/03\/26\/portugal-regista-mais-cinco-mortes-e-488-casos-nas-ultimas-24-horas\/#primaryimage"},"thumbnailUrl":"https:\/\/www.altominho.tv\/site\/wp-content\/uploads\/2021\/03\/Untitled-Project-8-740x416-1.jpeg","datePublished":"2021-03-26T14:35:35+00:00","dateModified":"2021-03-26T14:35:39+00:00","author":{"@id":"https:\/\/www.altominho.tv\/site\/#\/schema\/person\/56c462a0f6591602f4e9fb3fa6ea49bd"},"breadcrumb":{"@id":"https:\/\/www.altominho.tv\/site\/2021\/03\/26\/portugal-regista-mais-cinco-mortes-e-488-casos-nas-ultimas-24-horas\/#breadcrumb"},"inLanguage":"pt-PT","potentialAction":[{"@type":"ReadAction","target":["https:\/\/www.altominho.tv\/site\/2021\/03\/26\/portugal-regista-mais-cinco-mortes-e-488-casos-nas-ultimas-24-horas\/"]}]},{"@type":"ImageObject","inLanguage":"pt-PT","@id":"https:\/\/www.altominho.tv\/site\/2021\/03\/26\/portugal-regista-mais-cinco-mortes-e-488-casos-nas-ultimas-24-horas\/#primaryimage","url":"https:\/\/www.altominho.tv\/site\/wp-content\/uploads\/2021\/03\/Untitled-Project-8-740x416-1.jpeg","contentUrl":"https:\/\/www.altominho.tv\/site\/wp-content\/uploads\/2021\/03\/Untitled-Project-8-740x416-1.jpeg","width":740,"height":416},{"@type":"BreadcrumbList","@id":"https:\/\/www.altominho.tv\/site\/2021\/03\/26\/portugal-regista-mais-cinco-mortes-e-488-casos-nas-ultimas-24-horas\/#breadcrumb","itemListElement":[{"@type":"ListItem","position":1,"name":"In\u00edcio","item":"https:\/\/www.altominho.tv\/site\/"},{"@type":"ListItem","position":2,"name":"Portugal regista mais cinco mortes e 488 casos nas \u00faltimas 24 horas"}]},{"@type":"WebSite","@id":"https:\/\/www.altominho.tv\/site\/#website","url":"https:\/\/www.altominho.tv\/site\/","name":"Altominho.tv","description":"A sua regi\u00e3o \u00e0 dist\u00e2ncia de um clique...","potentialAction":[{"@type":"SearchAction","target":{"@type":"EntryPoint","urlTemplate":"https:\/\/www.altominho.tv\/site\/?s={search_term_string}"},"query-input":{"@type":"PropertyValueSpecification","valueRequired":true,"valueName":"search_term_string"}}],"inLanguage":"pt-PT"},{"@type":"Person","@id":"https:\/\/www.altominho.tv\/site\/#\/schema\/person\/56c462a0f6591602f4e9fb3fa6ea49bd","name":"Alexandre Ferreira","image":{"@type":"ImageObject","inLanguage":"pt-PT","@id":"https:\/\/www.altominho.tv\/site\/wp-content\/uploads\/2017\/11\/Alexandre-150x150.jpg","url":"https:\/\/www.altominho.tv\/site\/wp-content\/uploads\/2017\/11\/Alexandre-150x150.jpg","contentUrl":"https:\/\/www.altominho.tv\/site\/wp-content\/uploads\/2017\/11\/Alexandre-150x150.jpg","caption":"Alexandre Ferreira"},"url":"https:\/\/www.altominho.tv\/site\/author\/alexandreferreira\/"}]}},"_links":{"self":[{"href":"https:\/\/www.altominho.tv\/site\/wp-json\/wp\/v2\/posts\/64367","targetHints":{"allow":["GET"]}}],"collection":[{"href":"https:\/\/www.altominho.tv\/site\/wp-json\/wp\/v2\/posts"}],"about":[{"href":"https:\/\/www.altominho.tv\/site\/wp-json\/wp\/v2\/types\/post"}],"author":[{"embeddable":true,"href":"https:\/\/www.altominho.tv\/site\/wp-json\/wp\/v2\/users\/8"}],"replies":[{"embeddable":true,"href":"https:\/\/www.altominho.tv\/site\/wp-json\/wp\/v2\/comments?post=64367"}],"version-history":[{"count":0,"href":"https:\/\/www.altominho.tv\/site\/wp-json\/wp\/v2\/posts\/64367\/revisions"}],"wp:featuredmedia":[{"embeddable":true,"href":"https:\/\/www.altominho.tv\/site\/wp-json\/wp\/v2\/media\/64368"}],"wp:attachment":[{"href":"https:\/\/www.altominho.tv\/site\/wp-json\/wp\/v2\/media?parent=64367"}],"wp:term":[{"taxonomy":"category","embeddable":true,"href":"https:\/\/www.altominho.tv\/site\/wp-json\/wp\/v2\/categories?post=64367"},{"taxonomy":"post_tag","embeddable":true,"href":"https:\/\/www.altominho.tv\/site\/wp-json\/wp\/v2\/tags?post=64367"}],"curies":[{"name":"wp","href":"https:\/\/api.w.org\/{rel}","templated":true}]}}