{"id":64354,"date":"2021-03-26T10:38:41","date_gmt":"2021-03-26T10:38:41","guid":{"rendered":"https:\/\/www.altominho.tv\/site\/?p=64354"},"modified":"2021-03-26T12:29:02","modified_gmt":"2021-03-26T12:29:02","slug":"remocao-de-placas-de-fibrocimento-na-escola-eb-2-3-deu-la-deu-martins","status":"publish","type":"post","link":"https:\/\/www.altominho.tv\/site\/2021\/03\/26\/remocao-de-placas-de-fibrocimento-na-escola-eb-2-3-deu-la-deu-martins\/","title":{"rendered":"Remo\u00e7\u00e3o de placas de fibrocimento na escola EB 2.3 Deu-la-Deu Martins"},"content":{"rendered":"<p>A C\u00e2mara de Mon\u00e7\u00e3o, no distrito de Viana do Castelo, informou hoje ter sido iniciada a interven\u00e7\u00e3o de remo\u00e7\u00e3o das placas de fibrocimento, no edif\u00edcio principal e no balne\u00e1rio de apoio ao polidesportivo da EB 2.3 Deu-la-Deu Martins.<\/p>\n<p>Em comunicado enviado hoje \u00e0 imprensa, o munic\u00edpio adiantou que a interven\u00e7\u00e3o, iniciada esta semana, representando um investimento de 89.366,76 euros, imposto inclu\u00eddo, foi entregue \u00e0 empresa Margem D\u00b4Erro, Unipessoal, Lda.<\/p>\n<p>O novo revestimento &#8220;ser\u00e1 feito em pain\u00e9is &#8216;sandwich&#8217; de a\u00e7o, dupla face com isolante, e 30 mil\u00edmetros de espessura preenchida em poliuretano&#8221;.<\/p>\n<p>Para Ant\u00f3nio Barbosa, citado na nota, &#8220;a interven\u00e7\u00e3o garante o cumprimento do quadro legislativo em vigor e os crit\u00e9rios que estiveram na origem da Carta Educativa de Mon\u00e7\u00e3o, cujo objetivo consiste na cria\u00e7\u00e3o das melhores condi\u00e7\u00f5es de seguran\u00e7a e salubridade, visando uma aprendizagem bem-sucedida dos jovens mon\u00e7anenses&#8221;<\/p>\n","protected":false},"excerpt":{"rendered":"<p>A C\u00e2mara de Mon\u00e7\u00e3o, no distrito de Viana do Castelo, informou hoje ter sido iniciada a interven\u00e7\u00e3o de remo\u00e7\u00e3o das placas de fibrocimento, no edif\u00edcio principal e no balne\u00e1rio de apoio ao polidesportivo da EB 2.3 Deu-la-Deu Martins. Em comunicado enviado hoje \u00e0 imprensa, o munic\u00edpio adiantou que a interven\u00e7\u00e3o, iniciada esta semana, representando um [&hellip;]<\/p>\n","protected":false},"author":13,"featured_media":64358,"comment_status":"closed","ping_status":"closed","sticky":false,"template":"","format":"standard","meta":{"_exactmetrics_skip_tracking":false,"footnotes":""},"categories":[9],"tags":[22,27],"class_list":["post-64354","post","type-post","status-publish","format-standard","has-post-thumbnail","hentry","category-moncao","tag-educacao","tag-sociedade"],"yoast_head":"<!-- This site is optimized with the Yoast SEO Premium plugin v28.3 (Yoast SEO v28.3) - https:\/\/yoast.com\/product\/yoast-seo-premium-wordpress\/ -->\n<title>Remo\u00e7\u00e3o de placas de fibrocimento na escola EB 2.3 Deu-la-Deu Martins<\/title>\n<meta name=\"robots\" content=\"index, follow, max-snippet:-1, max-image-preview:large, max-video-preview:-1\" \/>\n<link rel=\"canonical\" href=\"https:\/\/www.altominho.tv\/site\/2021\/03\/26\/remocao-de-placas-de-fibrocimento-na-escola-eb-2-3-deu-la-deu-martins\/\" \/>\n<meta property=\"og:locale\" content=\"pt_PT\" \/>\n<meta property=\"og:type\" content=\"article\" \/>\n<meta property=\"og:title\" content=\"Remo\u00e7\u00e3o de placas de fibrocimento na escola EB 2.3 Deu-la-Deu Martins\" \/>\n<meta property=\"og:description\" content=\"A C\u00e2mara de Mon\u00e7\u00e3o, no distrito de Viana do Castelo, informou hoje ter sido iniciada a interven\u00e7\u00e3o de remo\u00e7\u00e3o das placas de fibrocimento, no edif\u00edcio principal e no balne\u00e1rio de apoio ao polidesportivo da EB 2.3 Deu-la-Deu Martins. Em comunicado enviado hoje \u00e0 imprensa, o munic\u00edpio adiantou que a interven\u00e7\u00e3o, iniciada esta semana, representando um [&hellip;]\" \/>\n<meta property=\"og:url\" content=\"https:\/\/www.altominho.tv\/site\/2021\/03\/26\/remocao-de-placas-de-fibrocimento-na-escola-eb-2-3-deu-la-deu-martins\/\" \/>\n<meta property=\"og:site_name\" content=\"Altominho.tv\" \/>\n<meta property=\"article:publisher\" content=\"https:\/\/www.facebook.com\/altominhotv\" \/>\n<meta property=\"article:published_time\" content=\"2021-03-26T10:38:41+00:00\" \/>\n<meta property=\"article:modified_time\" content=\"2021-03-26T12:29:02+00:00\" \/>\n<meta property=\"og:image\" content=\"https:\/\/www.altominho.tv\/site\/wp-content\/uploads\/2021\/03\/Fibrocimento_Moncao.jpg\" \/>\n\t<meta property=\"og:image:width\" content=\"1795\" \/>\n\t<meta property=\"og:image:height\" content=\"1187\" \/>\n\t<meta property=\"og:image:type\" content=\"image\/jpeg\" \/>\n<meta name=\"author\" content=\"Lusa\" \/>\n<meta name=\"twitter:card\" content=\"summary_large_image\" \/>\n<meta name=\"twitter:creator\" content=\"@altominhoTV\" \/>\n<meta name=\"twitter:site\" content=\"@altominhoTV\" \/>\n<meta name=\"twitter:label1\" content=\"Escrito por\" \/>\n\t<meta name=\"twitter:data1\" content=\"Lusa\" \/>\n\t<meta name=\"twitter:label2\" content=\"Tempo estimado de leitura\" \/>\n\t<meta name=\"twitter:data2\" content=\"1 minuto\" \/>\n<script type=\"application\/ld+json\" class=\"yoast-schema-graph\">{\"@context\":\"https:\\\/\\\/schema.org\",\"@graph\":[{\"@type\":\"Article\",\"@id\":\"https:\\\/\\\/www.altominho.tv\\\/site\\\/2021\\\/03\\\/26\\\/remocao-de-placas-de-fibrocimento-na-escola-eb-2-3-deu-la-deu-martins\\\/#article\",\"isPartOf\":{\"@id\":\"https:\\\/\\\/www.altominho.tv\\\/site\\\/2021\\\/03\\\/26\\\/remocao-de-placas-de-fibrocimento-na-escola-eb-2-3-deu-la-deu-martins\\\/\"},\"author\":{\"name\":\"Lusa\",\"@id\":\"https:\\\/\\\/www.altominho.tv\\\/site\\\/#\\\/schema\\\/person\\\/63f693da3e1899361cbe955c46f3232e\"},\"headline\":\"Remo\u00e7\u00e3o de placas de fibrocimento na escola EB 2.3 Deu-la-Deu Martins\",\"datePublished\":\"2021-03-26T10:38:41+00:00\",\"dateModified\":\"2021-03-26T12:29:02+00:00\",\"mainEntityOfPage\":{\"@id\":\"https:\\\/\\\/www.altominho.tv\\\/site\\\/2021\\\/03\\\/26\\\/remocao-de-placas-de-fibrocimento-na-escola-eb-2-3-deu-la-deu-martins\\\/\"},\"wordCount\":165,\"image\":{\"@id\":\"https:\\\/\\\/www.altominho.tv\\\/site\\\/2021\\\/03\\\/26\\\/remocao-de-placas-de-fibrocimento-na-escola-eb-2-3-deu-la-deu-martins\\\/#primaryimage\"},\"thumbnailUrl\":\"https:\\\/\\\/www.altominho.tv\\\/site\\\/wp-content\\\/uploads\\\/2021\\\/03\\\/Fibrocimento_Moncao.jpg\",\"keywords\":[\"Educa\u00e7\u00e3o\",\"Sociedade\"],\"articleSection\":[\"Mon\u00e7\u00e3o\"],\"inLanguage\":\"pt-PT\",\"copyrightYear\":\"2021\",\"copyrightHolder\":{\"@id\":\"https:\\\/\\\/www.altominho.tv\\\/site\\\/#organization\"}},{\"@type\":\"WebPage\",\"@id\":\"https:\\\/\\\/www.altominho.tv\\\/site\\\/2021\\\/03\\\/26\\\/remocao-de-placas-de-fibrocimento-na-escola-eb-2-3-deu-la-deu-martins\\\/\",\"url\":\"https:\\\/\\\/www.altominho.tv\\\/site\\\/2021\\\/03\\\/26\\\/remocao-de-placas-de-fibrocimento-na-escola-eb-2-3-deu-la-deu-martins\\\/\",\"name\":\"Remo\u00e7\u00e3o de placas de fibrocimento na escola EB 2.3 Deu-la-Deu Martins\",\"isPartOf\":{\"@id\":\"https:\\\/\\\/www.altominho.tv\\\/site\\\/#website\"},\"primaryImageOfPage\":{\"@id\":\"https:\\\/\\\/www.altominho.tv\\\/site\\\/2021\\\/03\\\/26\\\/remocao-de-placas-de-fibrocimento-na-escola-eb-2-3-deu-la-deu-martins\\\/#primaryimage\"},\"image\":{\"@id\":\"https:\\\/\\\/www.altominho.tv\\\/site\\\/2021\\\/03\\\/26\\\/remocao-de-placas-de-fibrocimento-na-escola-eb-2-3-deu-la-deu-martins\\\/#primaryimage\"},\"thumbnailUrl\":\"https:\\\/\\\/www.altominho.tv\\\/site\\\/wp-content\\\/uploads\\\/2021\\\/03\\\/Fibrocimento_Moncao.jpg\",\"datePublished\":\"2021-03-26T10:38:41+00:00\",\"dateModified\":\"2021-03-26T12:29:02+00:00\",\"author\":{\"@id\":\"https:\\\/\\\/www.altominho.tv\\\/site\\\/#\\\/schema\\\/person\\\/63f693da3e1899361cbe955c46f3232e\"},\"breadcrumb\":{\"@id\":\"https:\\\/\\\/www.altominho.tv\\\/site\\\/2021\\\/03\\\/26\\\/remocao-de-placas-de-fibrocimento-na-escola-eb-2-3-deu-la-deu-martins\\\/#breadcrumb\"},\"inLanguage\":\"pt-PT\",\"potentialAction\":[{\"@type\":\"ReadAction\",\"target\":[\"https:\\\/\\\/www.altominho.tv\\\/site\\\/2021\\\/03\\\/26\\\/remocao-de-placas-de-fibrocimento-na-escola-eb-2-3-deu-la-deu-martins\\\/\"]}]},{\"@type\":\"ImageObject\",\"inLanguage\":\"pt-PT\",\"@id\":\"https:\\\/\\\/www.altominho.tv\\\/site\\\/2021\\\/03\\\/26\\\/remocao-de-placas-de-fibrocimento-na-escola-eb-2-3-deu-la-deu-martins\\\/#primaryimage\",\"url\":\"https:\\\/\\\/www.altominho.tv\\\/site\\\/wp-content\\\/uploads\\\/2021\\\/03\\\/Fibrocimento_Moncao.jpg\",\"contentUrl\":\"https:\\\/\\\/www.altominho.tv\\\/site\\\/wp-content\\\/uploads\\\/2021\\\/03\\\/Fibrocimento_Moncao.jpg\",\"width\":1795,\"height\":1187,\"caption\":\"CM MON\u00c7\u00c3O\"},{\"@type\":\"BreadcrumbList\",\"@id\":\"https:\\\/\\\/www.altominho.tv\\\/site\\\/2021\\\/03\\\/26\\\/remocao-de-placas-de-fibrocimento-na-escola-eb-2-3-deu-la-deu-martins\\\/#breadcrumb\",\"itemListElement\":[{\"@type\":\"ListItem\",\"position\":1,\"name\":\"In\u00edcio\",\"item\":\"https:\\\/\\\/www.altominho.tv\\\/site\\\/\"},{\"@type\":\"ListItem\",\"position\":2,\"name\":\"Remo\u00e7\u00e3o de placas de fibrocimento na escola EB 2.3 Deu-la-Deu Martins\"}]},{\"@type\":\"WebSite\",\"@id\":\"https:\\\/\\\/www.altominho.tv\\\/site\\\/#website\",\"url\":\"https:\\\/\\\/www.altominho.tv\\\/site\\\/\",\"name\":\"Altominho.tv\",\"description\":\"A sua regi\u00e3o \u00e0 dist\u00e2ncia de um clique...\",\"potentialAction\":[{\"@type\":\"SearchAction\",\"target\":{\"@type\":\"EntryPoint\",\"urlTemplate\":\"https:\\\/\\\/www.altominho.tv\\\/site\\\/?s={search_term_string}\"},\"query-input\":{\"@type\":\"PropertyValueSpecification\",\"valueRequired\":true,\"valueName\":\"search_term_string\"}}],\"inLanguage\":\"pt-PT\"},{\"@type\":\"Person\",\"@id\":\"https:\\\/\\\/www.altominho.tv\\\/site\\\/#\\\/schema\\\/person\\\/63f693da3e1899361cbe955c46f3232e\",\"name\":\"Lusa\",\"image\":{\"@type\":\"ImageObject\",\"inLanguage\":\"pt-PT\",\"@id\":\"https:\\\/\\\/www.altominho.tv\\\/site\\\/wp-content\\\/uploads\\\/2019\\\/08\\\/LUSA_Logo.gif\",\"url\":\"https:\\\/\\\/www.altominho.tv\\\/site\\\/wp-content\\\/uploads\\\/2019\\\/08\\\/LUSA_Logo.gif\",\"contentUrl\":\"https:\\\/\\\/www.altominho.tv\\\/site\\\/wp-content\\\/uploads\\\/2019\\\/08\\\/LUSA_Logo.gif\",\"caption\":\"Lusa\"},\"sameAs\":[\"http:\\\/\\\/\\\/\\\/www.altominho.tv\\\/site\"],\"url\":\"https:\\\/\\\/www.altominho.tv\\\/site\\\/author\\\/lusa\\\/\"}]}<\/script>\n<!-- \/ Yoast SEO Premium plugin. -->","yoast_head_json":{"title":"Remo\u00e7\u00e3o de placas de fibrocimento na escola EB 2.3 Deu-la-Deu Martins","robots":{"index":"index","follow":"follow","max-snippet":"max-snippet:-1","max-image-preview":"max-image-preview:large","max-video-preview":"max-video-preview:-1"},"canonical":"https:\/\/www.altominho.tv\/site\/2021\/03\/26\/remocao-de-placas-de-fibrocimento-na-escola-eb-2-3-deu-la-deu-martins\/","og_locale":"pt_PT","og_type":"article","og_title":"Remo\u00e7\u00e3o de placas de fibrocimento na escola EB 2.3 Deu-la-Deu Martins","og_description":"A C\u00e2mara de Mon\u00e7\u00e3o, no distrito de Viana do Castelo, informou hoje ter sido iniciada a interven\u00e7\u00e3o de remo\u00e7\u00e3o das placas de fibrocimento, no edif\u00edcio principal e no balne\u00e1rio de apoio ao polidesportivo da EB 2.3 Deu-la-Deu Martins. Em comunicado enviado hoje \u00e0 imprensa, o munic\u00edpio adiantou que a interven\u00e7\u00e3o, iniciada esta semana, representando um [&hellip;]","og_url":"https:\/\/www.altominho.tv\/site\/2021\/03\/26\/remocao-de-placas-de-fibrocimento-na-escola-eb-2-3-deu-la-deu-martins\/","og_site_name":"Altominho.tv","article_publisher":"https:\/\/www.facebook.com\/altominhotv","article_published_time":"2021-03-26T10:38:41+00:00","article_modified_time":"2021-03-26T12:29:02+00:00","og_image":[{"width":1795,"height":1187,"url":"https:\/\/www.altominho.tv\/site\/wp-content\/uploads\/2021\/03\/Fibrocimento_Moncao.jpg","type":"image\/jpeg"}],"author":"Lusa","twitter_card":"summary_large_image","twitter_creator":"@altominhoTV","twitter_site":"@altominhoTV","twitter_misc":{"Escrito por":"Lusa","Tempo estimado de leitura":"1 minuto"},"schema":{"@context":"https:\/\/schema.org","@graph":[{"@type":"Article","@id":"https:\/\/www.altominho.tv\/site\/2021\/03\/26\/remocao-de-placas-de-fibrocimento-na-escola-eb-2-3-deu-la-deu-martins\/#article","isPartOf":{"@id":"https:\/\/www.altominho.tv\/site\/2021\/03\/26\/remocao-de-placas-de-fibrocimento-na-escola-eb-2-3-deu-la-deu-martins\/"},"author":{"name":"Lusa","@id":"https:\/\/www.altominho.tv\/site\/#\/schema\/person\/63f693da3e1899361cbe955c46f3232e"},"headline":"Remo\u00e7\u00e3o de placas de fibrocimento na escola EB 2.3 Deu-la-Deu Martins","datePublished":"2021-03-26T10:38:41+00:00","dateModified":"2021-03-26T12:29:02+00:00","mainEntityOfPage":{"@id":"https:\/\/www.altominho.tv\/site\/2021\/03\/26\/remocao-de-placas-de-fibrocimento-na-escola-eb-2-3-deu-la-deu-martins\/"},"wordCount":165,"image":{"@id":"https:\/\/www.altominho.tv\/site\/2021\/03\/26\/remocao-de-placas-de-fibrocimento-na-escola-eb-2-3-deu-la-deu-martins\/#primaryimage"},"thumbnailUrl":"https:\/\/www.altominho.tv\/site\/wp-content\/uploads\/2021\/03\/Fibrocimento_Moncao.jpg","keywords":["Educa\u00e7\u00e3o","Sociedade"],"articleSection":["Mon\u00e7\u00e3o"],"inLanguage":"pt-PT","copyrightYear":"2021","copyrightHolder":{"@id":"https:\/\/www.altominho.tv\/site\/#organization"}},{"@type":"WebPage","@id":"https:\/\/www.altominho.tv\/site\/2021\/03\/26\/remocao-de-placas-de-fibrocimento-na-escola-eb-2-3-deu-la-deu-martins\/","url":"https:\/\/www.altominho.tv\/site\/2021\/03\/26\/remocao-de-placas-de-fibrocimento-na-escola-eb-2-3-deu-la-deu-martins\/","name":"Remo\u00e7\u00e3o de placas de fibrocimento na escola EB 2.3 Deu-la-Deu Martins","isPartOf":{"@id":"https:\/\/www.altominho.tv\/site\/#website"},"primaryImageOfPage":{"@id":"https:\/\/www.altominho.tv\/site\/2021\/03\/26\/remocao-de-placas-de-fibrocimento-na-escola-eb-2-3-deu-la-deu-martins\/#primaryimage"},"image":{"@id":"https:\/\/www.altominho.tv\/site\/2021\/03\/26\/remocao-de-placas-de-fibrocimento-na-escola-eb-2-3-deu-la-deu-martins\/#primaryimage"},"thumbnailUrl":"https:\/\/www.altominho.tv\/site\/wp-content\/uploads\/2021\/03\/Fibrocimento_Moncao.jpg","datePublished":"2021-03-26T10:38:41+00:00","dateModified":"2021-03-26T12:29:02+00:00","author":{"@id":"https:\/\/www.altominho.tv\/site\/#\/schema\/person\/63f693da3e1899361cbe955c46f3232e"},"breadcrumb":{"@id":"https:\/\/www.altominho.tv\/site\/2021\/03\/26\/remocao-de-placas-de-fibrocimento-na-escola-eb-2-3-deu-la-deu-martins\/#breadcrumb"},"inLanguage":"pt-PT","potentialAction":[{"@type":"ReadAction","target":["https:\/\/www.altominho.tv\/site\/2021\/03\/26\/remocao-de-placas-de-fibrocimento-na-escola-eb-2-3-deu-la-deu-martins\/"]}]},{"@type":"ImageObject","inLanguage":"pt-PT","@id":"https:\/\/www.altominho.tv\/site\/2021\/03\/26\/remocao-de-placas-de-fibrocimento-na-escola-eb-2-3-deu-la-deu-martins\/#primaryimage","url":"https:\/\/www.altominho.tv\/site\/wp-content\/uploads\/2021\/03\/Fibrocimento_Moncao.jpg","contentUrl":"https:\/\/www.altominho.tv\/site\/wp-content\/uploads\/2021\/03\/Fibrocimento_Moncao.jpg","width":1795,"height":1187,"caption":"CM MON\u00c7\u00c3O"},{"@type":"BreadcrumbList","@id":"https:\/\/www.altominho.tv\/site\/2021\/03\/26\/remocao-de-placas-de-fibrocimento-na-escola-eb-2-3-deu-la-deu-martins\/#breadcrumb","itemListElement":[{"@type":"ListItem","position":1,"name":"In\u00edcio","item":"https:\/\/www.altominho.tv\/site\/"},{"@type":"ListItem","position":2,"name":"Remo\u00e7\u00e3o de placas de fibrocimento na escola EB 2.3 Deu-la-Deu Martins"}]},{"@type":"WebSite","@id":"https:\/\/www.altominho.tv\/site\/#website","url":"https:\/\/www.altominho.tv\/site\/","name":"Altominho.tv","description":"A sua regi\u00e3o \u00e0 dist\u00e2ncia de um clique...","potentialAction":[{"@type":"SearchAction","target":{"@type":"EntryPoint","urlTemplate":"https:\/\/www.altominho.tv\/site\/?s={search_term_string}"},"query-input":{"@type":"PropertyValueSpecification","valueRequired":true,"valueName":"search_term_string"}}],"inLanguage":"pt-PT"},{"@type":"Person","@id":"https:\/\/www.altominho.tv\/site\/#\/schema\/person\/63f693da3e1899361cbe955c46f3232e","name":"Lusa","image":{"@type":"ImageObject","inLanguage":"pt-PT","@id":"https:\/\/www.altominho.tv\/site\/wp-content\/uploads\/2019\/08\/LUSA_Logo.gif","url":"https:\/\/www.altominho.tv\/site\/wp-content\/uploads\/2019\/08\/LUSA_Logo.gif","contentUrl":"https:\/\/www.altominho.tv\/site\/wp-content\/uploads\/2019\/08\/LUSA_Logo.gif","caption":"Lusa"},"sameAs":["http:\/\/\/\/www.altominho.tv\/site"],"url":"https:\/\/www.altominho.tv\/site\/author\/lusa\/"}]}},"_links":{"self":[{"href":"https:\/\/www.altominho.tv\/site\/wp-json\/wp\/v2\/posts\/64354","targetHints":{"allow":["GET"]}}],"collection":[{"href":"https:\/\/www.altominho.tv\/site\/wp-json\/wp\/v2\/posts"}],"about":[{"href":"https:\/\/www.altominho.tv\/site\/wp-json\/wp\/v2\/types\/post"}],"author":[{"embeddable":true,"href":"https:\/\/www.altominho.tv\/site\/wp-json\/wp\/v2\/users\/13"}],"replies":[{"embeddable":true,"href":"https:\/\/www.altominho.tv\/site\/wp-json\/wp\/v2\/comments?post=64354"}],"version-history":[{"count":0,"href":"https:\/\/www.altominho.tv\/site\/wp-json\/wp\/v2\/posts\/64354\/revisions"}],"wp:featuredmedia":[{"embeddable":true,"href":"https:\/\/www.altominho.tv\/site\/wp-json\/wp\/v2\/media\/64358"}],"wp:attachment":[{"href":"https:\/\/www.altominho.tv\/site\/wp-json\/wp\/v2\/media?parent=64354"}],"wp:term":[{"taxonomy":"category","embeddable":true,"href":"https:\/\/www.altominho.tv\/site\/wp-json\/wp\/v2\/categories?post=64354"},{"taxonomy":"post_tag","embeddable":true,"href":"https:\/\/www.altominho.tv\/site\/wp-json\/wp\/v2\/tags?post=64354"}],"curies":[{"name":"wp","href":"https:\/\/api.w.org\/{rel}","templated":true}]}}