{"id":64288,"date":"2021-03-25T10:05:36","date_gmt":"2021-03-25T10:05:36","guid":{"rendered":"https:\/\/www.altominho.tv\/site\/?p=64288"},"modified":"2021-03-25T10:05:40","modified_gmt":"2021-03-25T10:05:40","slug":"investimento-de-14-milhoes-de-euros-permite-atingir-93-de-cobertura-de-agua-em-covas","status":"publish","type":"post","link":"https:\/\/www.altominho.tv\/site\/2021\/03\/25\/investimento-de-14-milhoes-de-euros-permite-atingir-93-de-cobertura-de-agua-em-covas\/","title":{"rendered":"Investimento de 1,4 milh\u00f5es de euros permite atingir 93% de cobertura de \u00e1gua em Covas"},"content":{"rendered":"<p>A C\u00e2mara de Vila Nova de Cerveira viu aprovada uma candidatura de 1,4 milh\u00f5es de euros para a constru\u00e7\u00e3o de 22 quil\u00f3metros de rede de abastecimento de \u00e1gua na freguesia de Covas.<\/p>\n<p>Em comunicado, a autarquia adiantou que aquela empreitada vai permitir &#8220;servir 505 habita\u00e7\u00f5es, do universo das 635 segundo os Censos de 2011&#8221;.<\/p>\n<p>A obra, &#8220;iniciada no dia 17, \u00e9 financiada pelo Programa Operacional Sustentabilidade e Efici\u00eancia no Uso de Recursos (POSEUR) com comparticipa\u00e7\u00e3o do Fundo Coes\u00e3o em cerca de 735 mil euros&#8221;.<\/p>\n<p>&#8220;Com mais de 40 anos, a rede de abastecimento de \u00e1gua da Freguesia de Covas consistia num sistema aut\u00f3nomo com 26 capta\u00e7\u00f5es de \u00e1gua para o consumo humano, sem a necess\u00e1ria e permanente manuten\u00e7\u00e3o&#8221;, explica o munic\u00edpio.<\/p>\n<p>A presente empreitada j\u00e1 iniciada, e cujo prazo de execu\u00e7\u00e3o \u00e9 de 12 meses, visa a constru\u00e7\u00e3o de infraestruturas de abastecimento de \u00e1gua em Covas, permitindo atingir 93% da cobertura de abastecimento de \u00e1gua na freguesia.<\/p>\n<p>&#8220;Atualmente, as infraestruturas existentes e em funcionamento, constru\u00eddas no \u00e2mbito do sistema em \u2018baixa\u2019, n\u00e3o abrangem a totalidade da popula\u00e7\u00e3o residente em quantidade e em qualidade, pelo que se tornou imprescind\u00edvel a extens\u00e3o do servi\u00e7o \u00e0 \u00e1rea de influ\u00eancia dos sistemas designados de Covas Norte e Covas Sul&#8221;, especifica a nota.<\/p>\n<p>Com a realiza\u00e7\u00e3o deste investimento de 1,4 milh\u00f5es de euros, e de acordo com a autarquia, &#8220;o encerramento do sistema de abastecimento de \u00e1gua de Covas fica condicionado \u00e0 concretiza\u00e7\u00e3o da extens\u00e3o de rede a tr\u00eas pequenos aglomerados populacionais, nomeadamente, Ch\u00e3os, Ledo e Vilarinho&#8221;, que n\u00e3o est\u00e3o inclu\u00eddos na presente empreitada por se tratarem de subsistemas aut\u00f3nomos.<\/p>\n","protected":false},"excerpt":{"rendered":"<p>A C\u00e2mara de Vila Nova de Cerveira viu aprovada uma candidatura de 1,4 milh\u00f5es de euros para a constru\u00e7\u00e3o de 22 quil\u00f3metros de rede de abastecimento de \u00e1gua na freguesia de Covas. Em comunicado, a autarquia adiantou que aquela empreitada vai permitir &#8220;servir 505 habita\u00e7\u00f5es, do universo das 635 segundo os Censos de 2011&#8221;. A [&hellip;]<\/p>\n","protected":false},"author":12,"featured_media":64289,"comment_status":"closed","ping_status":"closed","sticky":false,"template":"","format":"standard","meta":{"_exactmetrics_skip_tracking":false,"_exactmetrics_sitenote_active":false,"_exactmetrics_sitenote_note":"","_exactmetrics_sitenote_category":0,"footnotes":""},"categories":[15],"tags":[21,27],"class_list":["post-64288","post","type-post","status-publish","format-standard","has-post-thumbnail","hentry","category-vila-nova-de-cerveira","tag-economia","tag-sociedade"],"yoast_head":"<!-- This site is optimized with the Yoast SEO Premium plugin v27.5 (Yoast SEO v27.5) - https:\/\/yoast.com\/product\/yoast-seo-premium-wordpress\/ -->\n<title>Investimento de 1,4 milh\u00f5es de euros permite atingir 93% de cobertura de \u00e1gua em Covas<\/title>\n<meta name=\"robots\" content=\"index, follow, max-snippet:-1, max-image-preview:large, max-video-preview:-1\" \/>\n<link rel=\"canonical\" href=\"https:\/\/www.altominho.tv\/site\/2021\/03\/25\/investimento-de-14-milhoes-de-euros-permite-atingir-93-de-cobertura-de-agua-em-covas\/\" \/>\n<meta property=\"og:locale\" content=\"pt_PT\" \/>\n<meta property=\"og:type\" content=\"article\" \/>\n<meta property=\"og:title\" content=\"Investimento de 1,4 milh\u00f5es de euros permite atingir 93% de cobertura de \u00e1gua em Covas\" \/>\n<meta property=\"og:description\" content=\"A C\u00e2mara de Vila Nova de Cerveira viu aprovada uma candidatura de 1,4 milh\u00f5es de euros para a constru\u00e7\u00e3o de 22 quil\u00f3metros de rede de abastecimento de \u00e1gua na freguesia de Covas. Em comunicado, a autarquia adiantou que aquela empreitada vai permitir &#8220;servir 505 habita\u00e7\u00f5es, do universo das 635 segundo os Censos de 2011&#8221;. A [&hellip;]\" \/>\n<meta property=\"og:url\" content=\"https:\/\/www.altominho.tv\/site\/2021\/03\/25\/investimento-de-14-milhoes-de-euros-permite-atingir-93-de-cobertura-de-agua-em-covas\/\" \/>\n<meta property=\"og:site_name\" content=\"Altominho.tv\" \/>\n<meta property=\"article:publisher\" content=\"https:\/\/www.facebook.com\/altominhotv\" \/>\n<meta property=\"article:published_time\" content=\"2021-03-25T10:05:36+00:00\" \/>\n<meta property=\"article:modified_time\" content=\"2021-03-25T10:05:40+00:00\" \/>\n<meta property=\"og:image\" content=\"https:\/\/www.altominho.tv\/site\/wp-content\/uploads\/2021\/03\/3-fase-Agua-Covas-e1616664199268.jpg\" \/>\n\t<meta property=\"og:image:width\" content=\"1838\" \/>\n\t<meta property=\"og:image:height\" content=\"1027\" \/>\n\t<meta property=\"og:image:type\" content=\"image\/jpeg\" \/>\n<meta name=\"author\" content=\"Andreia Ferreira\" \/>\n<meta name=\"twitter:card\" content=\"summary_large_image\" \/>\n<meta name=\"twitter:creator\" content=\"@altominhoTV\" \/>\n<meta name=\"twitter:site\" content=\"@altominhoTV\" \/>\n<meta name=\"twitter:label1\" content=\"Escrito por\" \/>\n\t<meta name=\"twitter:data1\" content=\"Andreia Ferreira\" \/>\n\t<meta name=\"twitter:label2\" content=\"Tempo estimado de leitura\" \/>\n\t<meta name=\"twitter:data2\" content=\"1 minuto\" \/>\n<script type=\"application\/ld+json\" class=\"yoast-schema-graph\">{\"@context\":\"https:\\\/\\\/schema.org\",\"@graph\":[{\"@type\":\"Article\",\"@id\":\"https:\\\/\\\/www.altominho.tv\\\/site\\\/2021\\\/03\\\/25\\\/investimento-de-14-milhoes-de-euros-permite-atingir-93-de-cobertura-de-agua-em-covas\\\/#article\",\"isPartOf\":{\"@id\":\"https:\\\/\\\/www.altominho.tv\\\/site\\\/2021\\\/03\\\/25\\\/investimento-de-14-milhoes-de-euros-permite-atingir-93-de-cobertura-de-agua-em-covas\\\/\"},\"author\":{\"name\":\"Andreia Ferreira\",\"@id\":\"https:\\\/\\\/www.altominho.tv\\\/site\\\/#\\\/schema\\\/person\\\/d9be4265364723f14ea8e0d56a1d38cd\"},\"headline\":\"Investimento de 1,4 milh\u00f5es de euros permite atingir 93% de cobertura de \u00e1gua em Covas\",\"datePublished\":\"2021-03-25T10:05:36+00:00\",\"dateModified\":\"2021-03-25T10:05:40+00:00\",\"mainEntityOfPage\":{\"@id\":\"https:\\\/\\\/www.altominho.tv\\\/site\\\/2021\\\/03\\\/25\\\/investimento-de-14-milhoes-de-euros-permite-atingir-93-de-cobertura-de-agua-em-covas\\\/\"},\"wordCount\":295,\"image\":{\"@id\":\"https:\\\/\\\/www.altominho.tv\\\/site\\\/2021\\\/03\\\/25\\\/investimento-de-14-milhoes-de-euros-permite-atingir-93-de-cobertura-de-agua-em-covas\\\/#primaryimage\"},\"thumbnailUrl\":\"https:\\\/\\\/www.altominho.tv\\\/site\\\/wp-content\\\/uploads\\\/2021\\\/03\\\/3-fase-Agua-Covas-e1616664199268.jpg\",\"keywords\":[\"Economia\",\"Sociedade\"],\"articleSection\":[\"Vila Nova de Cerveira\"],\"inLanguage\":\"pt-PT\",\"copyrightYear\":\"2021\",\"copyrightHolder\":{\"@id\":\"https:\\\/\\\/www.altominho.tv\\\/site\\\/#organization\"}},{\"@type\":\"WebPage\",\"@id\":\"https:\\\/\\\/www.altominho.tv\\\/site\\\/2021\\\/03\\\/25\\\/investimento-de-14-milhoes-de-euros-permite-atingir-93-de-cobertura-de-agua-em-covas\\\/\",\"url\":\"https:\\\/\\\/www.altominho.tv\\\/site\\\/2021\\\/03\\\/25\\\/investimento-de-14-milhoes-de-euros-permite-atingir-93-de-cobertura-de-agua-em-covas\\\/\",\"name\":\"Investimento de 1,4 milh\u00f5es de euros permite atingir 93% de cobertura de \u00e1gua em Covas\",\"isPartOf\":{\"@id\":\"https:\\\/\\\/www.altominho.tv\\\/site\\\/#website\"},\"primaryImageOfPage\":{\"@id\":\"https:\\\/\\\/www.altominho.tv\\\/site\\\/2021\\\/03\\\/25\\\/investimento-de-14-milhoes-de-euros-permite-atingir-93-de-cobertura-de-agua-em-covas\\\/#primaryimage\"},\"image\":{\"@id\":\"https:\\\/\\\/www.altominho.tv\\\/site\\\/2021\\\/03\\\/25\\\/investimento-de-14-milhoes-de-euros-permite-atingir-93-de-cobertura-de-agua-em-covas\\\/#primaryimage\"},\"thumbnailUrl\":\"https:\\\/\\\/www.altominho.tv\\\/site\\\/wp-content\\\/uploads\\\/2021\\\/03\\\/3-fase-Agua-Covas-e1616664199268.jpg\",\"datePublished\":\"2021-03-25T10:05:36+00:00\",\"dateModified\":\"2021-03-25T10:05:40+00:00\",\"author\":{\"@id\":\"https:\\\/\\\/www.altominho.tv\\\/site\\\/#\\\/schema\\\/person\\\/d9be4265364723f14ea8e0d56a1d38cd\"},\"breadcrumb\":{\"@id\":\"https:\\\/\\\/www.altominho.tv\\\/site\\\/2021\\\/03\\\/25\\\/investimento-de-14-milhoes-de-euros-permite-atingir-93-de-cobertura-de-agua-em-covas\\\/#breadcrumb\"},\"inLanguage\":\"pt-PT\",\"potentialAction\":[{\"@type\":\"ReadAction\",\"target\":[\"https:\\\/\\\/www.altominho.tv\\\/site\\\/2021\\\/03\\\/25\\\/investimento-de-14-milhoes-de-euros-permite-atingir-93-de-cobertura-de-agua-em-covas\\\/\"]}]},{\"@type\":\"ImageObject\",\"inLanguage\":\"pt-PT\",\"@id\":\"https:\\\/\\\/www.altominho.tv\\\/site\\\/2021\\\/03\\\/25\\\/investimento-de-14-milhoes-de-euros-permite-atingir-93-de-cobertura-de-agua-em-covas\\\/#primaryimage\",\"url\":\"https:\\\/\\\/www.altominho.tv\\\/site\\\/wp-content\\\/uploads\\\/2021\\\/03\\\/3-fase-Agua-Covas-e1616664199268.jpg\",\"contentUrl\":\"https:\\\/\\\/www.altominho.tv\\\/site\\\/wp-content\\\/uploads\\\/2021\\\/03\\\/3-fase-Agua-Covas-e1616664199268.jpg\",\"width\":1838,\"height\":1027},{\"@type\":\"BreadcrumbList\",\"@id\":\"https:\\\/\\\/www.altominho.tv\\\/site\\\/2021\\\/03\\\/25\\\/investimento-de-14-milhoes-de-euros-permite-atingir-93-de-cobertura-de-agua-em-covas\\\/#breadcrumb\",\"itemListElement\":[{\"@type\":\"ListItem\",\"position\":1,\"name\":\"In\u00edcio\",\"item\":\"https:\\\/\\\/www.altominho.tv\\\/site\\\/\"},{\"@type\":\"ListItem\",\"position\":2,\"name\":\"Investimento de 1,4 milh\u00f5es de euros permite atingir 93% de cobertura de \u00e1gua em Covas\"}]},{\"@type\":\"WebSite\",\"@id\":\"https:\\\/\\\/www.altominho.tv\\\/site\\\/#website\",\"url\":\"https:\\\/\\\/www.altominho.tv\\\/site\\\/\",\"name\":\"Altominho.tv\",\"description\":\"A sua regi\u00e3o \u00e0 dist\u00e2ncia de um clique...\",\"potentialAction\":[{\"@type\":\"SearchAction\",\"target\":{\"@type\":\"EntryPoint\",\"urlTemplate\":\"https:\\\/\\\/www.altominho.tv\\\/site\\\/?s={search_term_string}\"},\"query-input\":{\"@type\":\"PropertyValueSpecification\",\"valueRequired\":true,\"valueName\":\"search_term_string\"}}],\"inLanguage\":\"pt-PT\"},{\"@type\":\"Person\",\"@id\":\"https:\\\/\\\/www.altominho.tv\\\/site\\\/#\\\/schema\\\/person\\\/d9be4265364723f14ea8e0d56a1d38cd\",\"name\":\"Andreia Ferreira\",\"image\":{\"@type\":\"ImageObject\",\"inLanguage\":\"pt-PT\",\"@id\":\"https:\\\/\\\/www.altominho.tv\\\/site\\\/wp-content\\\/uploads\\\/2021\\\/01\\\/AndreiaFerreira-150x150.jpg\",\"url\":\"https:\\\/\\\/www.altominho.tv\\\/site\\\/wp-content\\\/uploads\\\/2021\\\/01\\\/AndreiaFerreira-150x150.jpg\",\"contentUrl\":\"https:\\\/\\\/www.altominho.tv\\\/site\\\/wp-content\\\/uploads\\\/2021\\\/01\\\/AndreiaFerreira-150x150.jpg\",\"caption\":\"Andreia Ferreira\"},\"url\":\"https:\\\/\\\/www.altominho.tv\\\/site\\\/author\\\/andreiaferreira\\\/\"}]}<\/script>\n<!-- \/ Yoast SEO Premium plugin. -->","yoast_head_json":{"title":"Investimento de 1,4 milh\u00f5es de euros permite atingir 93% de cobertura de \u00e1gua em Covas","robots":{"index":"index","follow":"follow","max-snippet":"max-snippet:-1","max-image-preview":"max-image-preview:large","max-video-preview":"max-video-preview:-1"},"canonical":"https:\/\/www.altominho.tv\/site\/2021\/03\/25\/investimento-de-14-milhoes-de-euros-permite-atingir-93-de-cobertura-de-agua-em-covas\/","og_locale":"pt_PT","og_type":"article","og_title":"Investimento de 1,4 milh\u00f5es de euros permite atingir 93% de cobertura de \u00e1gua em Covas","og_description":"A C\u00e2mara de Vila Nova de Cerveira viu aprovada uma candidatura de 1,4 milh\u00f5es de euros para a constru\u00e7\u00e3o de 22 quil\u00f3metros de rede de abastecimento de \u00e1gua na freguesia de Covas. Em comunicado, a autarquia adiantou que aquela empreitada vai permitir &#8220;servir 505 habita\u00e7\u00f5es, do universo das 635 segundo os Censos de 2011&#8221;. A [&hellip;]","og_url":"https:\/\/www.altominho.tv\/site\/2021\/03\/25\/investimento-de-14-milhoes-de-euros-permite-atingir-93-de-cobertura-de-agua-em-covas\/","og_site_name":"Altominho.tv","article_publisher":"https:\/\/www.facebook.com\/altominhotv","article_published_time":"2021-03-25T10:05:36+00:00","article_modified_time":"2021-03-25T10:05:40+00:00","og_image":[{"width":1838,"height":1027,"url":"https:\/\/www.altominho.tv\/site\/wp-content\/uploads\/2021\/03\/3-fase-Agua-Covas-e1616664199268.jpg","type":"image\/jpeg"}],"author":"Andreia Ferreira","twitter_card":"summary_large_image","twitter_creator":"@altominhoTV","twitter_site":"@altominhoTV","twitter_misc":{"Escrito por":"Andreia Ferreira","Tempo estimado de leitura":"1 minuto"},"schema":{"@context":"https:\/\/schema.org","@graph":[{"@type":"Article","@id":"https:\/\/www.altominho.tv\/site\/2021\/03\/25\/investimento-de-14-milhoes-de-euros-permite-atingir-93-de-cobertura-de-agua-em-covas\/#article","isPartOf":{"@id":"https:\/\/www.altominho.tv\/site\/2021\/03\/25\/investimento-de-14-milhoes-de-euros-permite-atingir-93-de-cobertura-de-agua-em-covas\/"},"author":{"name":"Andreia Ferreira","@id":"https:\/\/www.altominho.tv\/site\/#\/schema\/person\/d9be4265364723f14ea8e0d56a1d38cd"},"headline":"Investimento de 1,4 milh\u00f5es de euros permite atingir 93% de cobertura de \u00e1gua em Covas","datePublished":"2021-03-25T10:05:36+00:00","dateModified":"2021-03-25T10:05:40+00:00","mainEntityOfPage":{"@id":"https:\/\/www.altominho.tv\/site\/2021\/03\/25\/investimento-de-14-milhoes-de-euros-permite-atingir-93-de-cobertura-de-agua-em-covas\/"},"wordCount":295,"image":{"@id":"https:\/\/www.altominho.tv\/site\/2021\/03\/25\/investimento-de-14-milhoes-de-euros-permite-atingir-93-de-cobertura-de-agua-em-covas\/#primaryimage"},"thumbnailUrl":"https:\/\/www.altominho.tv\/site\/wp-content\/uploads\/2021\/03\/3-fase-Agua-Covas-e1616664199268.jpg","keywords":["Economia","Sociedade"],"articleSection":["Vila Nova de Cerveira"],"inLanguage":"pt-PT","copyrightYear":"2021","copyrightHolder":{"@id":"https:\/\/www.altominho.tv\/site\/#organization"}},{"@type":"WebPage","@id":"https:\/\/www.altominho.tv\/site\/2021\/03\/25\/investimento-de-14-milhoes-de-euros-permite-atingir-93-de-cobertura-de-agua-em-covas\/","url":"https:\/\/www.altominho.tv\/site\/2021\/03\/25\/investimento-de-14-milhoes-de-euros-permite-atingir-93-de-cobertura-de-agua-em-covas\/","name":"Investimento de 1,4 milh\u00f5es de euros permite atingir 93% de cobertura de \u00e1gua em Covas","isPartOf":{"@id":"https:\/\/www.altominho.tv\/site\/#website"},"primaryImageOfPage":{"@id":"https:\/\/www.altominho.tv\/site\/2021\/03\/25\/investimento-de-14-milhoes-de-euros-permite-atingir-93-de-cobertura-de-agua-em-covas\/#primaryimage"},"image":{"@id":"https:\/\/www.altominho.tv\/site\/2021\/03\/25\/investimento-de-14-milhoes-de-euros-permite-atingir-93-de-cobertura-de-agua-em-covas\/#primaryimage"},"thumbnailUrl":"https:\/\/www.altominho.tv\/site\/wp-content\/uploads\/2021\/03\/3-fase-Agua-Covas-e1616664199268.jpg","datePublished":"2021-03-25T10:05:36+00:00","dateModified":"2021-03-25T10:05:40+00:00","author":{"@id":"https:\/\/www.altominho.tv\/site\/#\/schema\/person\/d9be4265364723f14ea8e0d56a1d38cd"},"breadcrumb":{"@id":"https:\/\/www.altominho.tv\/site\/2021\/03\/25\/investimento-de-14-milhoes-de-euros-permite-atingir-93-de-cobertura-de-agua-em-covas\/#breadcrumb"},"inLanguage":"pt-PT","potentialAction":[{"@type":"ReadAction","target":["https:\/\/www.altominho.tv\/site\/2021\/03\/25\/investimento-de-14-milhoes-de-euros-permite-atingir-93-de-cobertura-de-agua-em-covas\/"]}]},{"@type":"ImageObject","inLanguage":"pt-PT","@id":"https:\/\/www.altominho.tv\/site\/2021\/03\/25\/investimento-de-14-milhoes-de-euros-permite-atingir-93-de-cobertura-de-agua-em-covas\/#primaryimage","url":"https:\/\/www.altominho.tv\/site\/wp-content\/uploads\/2021\/03\/3-fase-Agua-Covas-e1616664199268.jpg","contentUrl":"https:\/\/www.altominho.tv\/site\/wp-content\/uploads\/2021\/03\/3-fase-Agua-Covas-e1616664199268.jpg","width":1838,"height":1027},{"@type":"BreadcrumbList","@id":"https:\/\/www.altominho.tv\/site\/2021\/03\/25\/investimento-de-14-milhoes-de-euros-permite-atingir-93-de-cobertura-de-agua-em-covas\/#breadcrumb","itemListElement":[{"@type":"ListItem","position":1,"name":"In\u00edcio","item":"https:\/\/www.altominho.tv\/site\/"},{"@type":"ListItem","position":2,"name":"Investimento de 1,4 milh\u00f5es de euros permite atingir 93% de cobertura de \u00e1gua em Covas"}]},{"@type":"WebSite","@id":"https:\/\/www.altominho.tv\/site\/#website","url":"https:\/\/www.altominho.tv\/site\/","name":"Altominho.tv","description":"A sua regi\u00e3o \u00e0 dist\u00e2ncia de um clique...","potentialAction":[{"@type":"SearchAction","target":{"@type":"EntryPoint","urlTemplate":"https:\/\/www.altominho.tv\/site\/?s={search_term_string}"},"query-input":{"@type":"PropertyValueSpecification","valueRequired":true,"valueName":"search_term_string"}}],"inLanguage":"pt-PT"},{"@type":"Person","@id":"https:\/\/www.altominho.tv\/site\/#\/schema\/person\/d9be4265364723f14ea8e0d56a1d38cd","name":"Andreia Ferreira","image":{"@type":"ImageObject","inLanguage":"pt-PT","@id":"https:\/\/www.altominho.tv\/site\/wp-content\/uploads\/2021\/01\/AndreiaFerreira-150x150.jpg","url":"https:\/\/www.altominho.tv\/site\/wp-content\/uploads\/2021\/01\/AndreiaFerreira-150x150.jpg","contentUrl":"https:\/\/www.altominho.tv\/site\/wp-content\/uploads\/2021\/01\/AndreiaFerreira-150x150.jpg","caption":"Andreia Ferreira"},"url":"https:\/\/www.altominho.tv\/site\/author\/andreiaferreira\/"}]}},"_links":{"self":[{"href":"https:\/\/www.altominho.tv\/site\/wp-json\/wp\/v2\/posts\/64288","targetHints":{"allow":["GET"]}}],"collection":[{"href":"https:\/\/www.altominho.tv\/site\/wp-json\/wp\/v2\/posts"}],"about":[{"href":"https:\/\/www.altominho.tv\/site\/wp-json\/wp\/v2\/types\/post"}],"author":[{"embeddable":true,"href":"https:\/\/www.altominho.tv\/site\/wp-json\/wp\/v2\/users\/12"}],"replies":[{"embeddable":true,"href":"https:\/\/www.altominho.tv\/site\/wp-json\/wp\/v2\/comments?post=64288"}],"version-history":[{"count":0,"href":"https:\/\/www.altominho.tv\/site\/wp-json\/wp\/v2\/posts\/64288\/revisions"}],"wp:featuredmedia":[{"embeddable":true,"href":"https:\/\/www.altominho.tv\/site\/wp-json\/wp\/v2\/media\/64289"}],"wp:attachment":[{"href":"https:\/\/www.altominho.tv\/site\/wp-json\/wp\/v2\/media?parent=64288"}],"wp:term":[{"taxonomy":"category","embeddable":true,"href":"https:\/\/www.altominho.tv\/site\/wp-json\/wp\/v2\/categories?post=64288"},{"taxonomy":"post_tag","embeddable":true,"href":"https:\/\/www.altominho.tv\/site\/wp-json\/wp\/v2\/tags?post=64288"}],"curies":[{"name":"wp","href":"https:\/\/api.w.org\/{rel}","templated":true}]}}