{"id":64256,"date":"2021-03-24T10:14:15","date_gmt":"2021-03-24T10:14:15","guid":{"rendered":"https:\/\/www.altominho.tv\/site\/?p=64256"},"modified":"2021-03-24T10:14:20","modified_gmt":"2021-03-24T10:14:20","slug":"governo-disponivel-para-discutir-reabertura-de-bares-e-discotecas","status":"publish","type":"post","link":"https:\/\/www.altominho.tv\/site\/2021\/03\/24\/governo-disponivel-para-discutir-reabertura-de-bares-e-discotecas\/","title":{"rendered":"Governo dispon\u00edvel para discutir reabertura de bares e discotecas"},"content":{"rendered":"\n<p>A Associa\u00e7\u00e3o Nacional de Discotecas (AND) disse ontem que o Governo mostrou disponibilidade para aumentar os apoios ao setor e discutir a reabertura dos espa\u00e7os de divers\u00e3o noturna, encerrados desde mar\u00e7o de 2020 devido \u00e0 pandemia.<\/p>\n\n\n\n<p>Segundo a AND, estas garantias foram dadas pelo secret\u00e1rio de Estado do Com\u00e9rcio, Servi\u00e7os e Defesa do Consumidor, Jo\u00e3o Torres, no decorrer de uma reuni\u00e3o em Lisboa com a associa\u00e7\u00e3o sobre o plano de desconfinamento, no \u00e2mbito da pandemia da covid-19.<\/p>\n\n\n\n<p>A ag\u00eancia Lusa tentou obter um coment\u00e1rio por parte do Minist\u00e9rio da Economia, mas tal n\u00e3o foi poss\u00edvel.<\/p>\n\n\n\n<p>\u201cVemos com bons olhos todas as ideias que o que o secret\u00e1rio Jo\u00e3o Torres nos apresentou. Ficou uma porta aberta para a discuss\u00e3o sobre as reaberturas junto da Dire\u00e7\u00e3o-Geral da Sa\u00fade (DGS) e a ADN quer participar\u201d, adiantou \u00e0 ag\u00eancia Lusa o presidente da AND, Jos\u00e9 Gouveia.<\/p>\n\n\n\n<p>Apesar da disponibilidade da tutela para, atrav\u00e9s da DGS, discutir, \u201cde forma c\u00e9lere\u201d, um plano de reabertura, Jos\u00e9 Gouveia ressalvou que n\u00e3o foi adiantado qualquer prazo.<\/p>\n\n\n\n<p>\u201cDesde j\u00e1 vamos ser indicados para discuss\u00e3o e aquilo que se pretende \u00e9 estarmos presentes e podermos mostrar com casos reais o que se pode ou n\u00e3o fazer e o que \u00e9 exequ\u00edvel para este setor poder reabrir as suas portas. Este setor n\u00e3o pode arriscar ficar mais um ano nestas discuss\u00f5es. \u00c9 uma discuss\u00e3o que tem de ser feita\u201d, apontou.<\/p>\n\n\n\n<p>Para a AND, existem condi\u00e7\u00f5es para que os bares e espa\u00e7os ao ar livre possam reabrir as portas j\u00e1 em julho e as discotecas, com espa\u00e7o \u2018indoor\u2019, o possam fazer em agosto.<\/p>\n\n\n\n<p>\u201cN\u00f3s acreditamos que n\u00e3o podemos estar a pensar em discotecas abertas no seu esplendor, at\u00e9 \u00e0s 06:00 ou com pistas de dan\u00e7a a funcionar, mas podemos pensar em discotecas com lugares sentados, m\u00fasica e servi\u00e7o de bebidas\u201d, exemplificou.<\/p>\n\n\n\n<p>Por outro lado, segundo Jos\u00e9 Gouveia, o Governo comprometeu-se a majorar os apoios ao setor, nomeadamente no apoio das rendas, que ser\u00e1 feito nas pr\u00f3ximas semanas, e agiliza\u00e7\u00e3o de candidaturas que est\u00e3o \u00e0 espera de serem aprovadas.<\/p>\n\n\n\n<p>\u201cDizer que sa\u00edmos satisfeitos com os apoios n\u00e3o \u00e9 poss\u00edvel porque qualquer tipo de apoio ser\u00e1 sempre insuficiente, mas como um \u00e9 melhor do que zero, sem d\u00favida nenhuma\u201d, acrescentou.<\/p>\n\n\n\n<p>A pandemia de covid-19 provocou, pelo menos, 2.732.899 mortos no mundo, resultantes de cerca de 123,6 milh\u00f5es de casos de infe\u00e7\u00e3o, segundo um balan\u00e7o feito pela ag\u00eancia francesa AFP.<\/p>\n\n\n\n<p>Em Portugal, morreram 16.794 pessoas dos 818.212 casos de infe\u00e7\u00e3o confirmados, de acordo com o boletim mais recente da Dire\u00e7\u00e3o-Geral da Sa\u00fade.<\/p>\n","protected":false},"excerpt":{"rendered":"<p>A Associa\u00e7\u00e3o Nacional de Discotecas (AND) disse ontem que o Governo mostrou disponibilidade para aumentar os apoios ao setor e discutir a reabertura dos espa\u00e7os de divers\u00e3o noturna, encerrados desde mar\u00e7o de 2020 devido \u00e0 pandemia. Segundo a AND, estas garantias foram dadas pelo secret\u00e1rio de Estado do Com\u00e9rcio, Servi\u00e7os e Defesa do Consumidor, Jo\u00e3o [&hellip;]<\/p>\n","protected":false},"author":16,"featured_media":64259,"comment_status":"closed","ping_status":"closed","sticky":false,"template":"","format":"standard","meta":{"_exactmetrics_skip_tracking":false,"_exactmetrics_sitenote_active":false,"_exactmetrics_sitenote_note":"","_exactmetrics_sitenote_category":0,"footnotes":""},"categories":[42722],"tags":[27],"class_list":["post-64256","post","type-post","status-publish","format-standard","has-post-thumbnail","hentry","category-covid-19","tag-sociedade"],"yoast_head":"<!-- This site is optimized with the Yoast SEO Premium plugin v27.5 (Yoast SEO v27.5) - https:\/\/yoast.com\/product\/yoast-seo-premium-wordpress\/ -->\n<title>Governo dispon\u00edvel para discutir reabertura de bares e discotecas<\/title>\n<meta name=\"robots\" content=\"index, follow, max-snippet:-1, max-image-preview:large, max-video-preview:-1\" \/>\n<link rel=\"canonical\" href=\"https:\/\/www.altominho.tv\/site\/2021\/03\/24\/governo-disponivel-para-discutir-reabertura-de-bares-e-discotecas\/\" \/>\n<meta property=\"og:locale\" content=\"pt_PT\" \/>\n<meta property=\"og:type\" content=\"article\" \/>\n<meta property=\"og:title\" content=\"Governo dispon\u00edvel para discutir reabertura de bares e discotecas\" \/>\n<meta property=\"og:description\" content=\"A Associa\u00e7\u00e3o Nacional de Discotecas (AND) disse ontem que o Governo mostrou disponibilidade para aumentar os apoios ao setor e discutir a reabertura dos espa\u00e7os de divers\u00e3o noturna, encerrados desde mar\u00e7o de 2020 devido \u00e0 pandemia. Segundo a AND, estas garantias foram dadas pelo secret\u00e1rio de Estado do Com\u00e9rcio, Servi\u00e7os e Defesa do Consumidor, Jo\u00e3o [&hellip;]\" \/>\n<meta property=\"og:url\" content=\"https:\/\/www.altominho.tv\/site\/2021\/03\/24\/governo-disponivel-para-discutir-reabertura-de-bares-e-discotecas\/\" \/>\n<meta property=\"og:site_name\" content=\"Altominho.tv\" \/>\n<meta property=\"article:publisher\" content=\"https:\/\/www.facebook.com\/altominhotv\" \/>\n<meta property=\"article:published_time\" content=\"2021-03-24T10:14:15+00:00\" \/>\n<meta property=\"article:modified_time\" content=\"2021-03-24T10:14:20+00:00\" \/>\n<meta property=\"og:image\" content=\"https:\/\/www.altominho.tv\/site\/wp-content\/uploads\/2021\/03\/discotecas-1.png\" \/>\n\t<meta property=\"og:image:width\" content=\"740\" \/>\n\t<meta property=\"og:image:height\" content=\"389\" \/>\n\t<meta property=\"og:image:type\" content=\"image\/png\" \/>\n<meta name=\"author\" content=\"Andreia Cunha | Lusa\" \/>\n<meta name=\"twitter:card\" content=\"summary_large_image\" \/>\n<meta name=\"twitter:creator\" content=\"@altominhoTV\" \/>\n<meta name=\"twitter:site\" content=\"@altominhoTV\" \/>\n<meta name=\"twitter:label1\" content=\"Escrito por\" \/>\n\t<meta name=\"twitter:data1\" content=\"Andreia Cunha | Lusa\" \/>\n\t<meta name=\"twitter:label2\" content=\"Tempo estimado de leitura\" \/>\n\t<meta name=\"twitter:data2\" content=\"2 minutos\" \/>\n<script type=\"application\/ld+json\" class=\"yoast-schema-graph\">{\"@context\":\"https:\\\/\\\/schema.org\",\"@graph\":[{\"@type\":\"Article\",\"@id\":\"https:\\\/\\\/www.altominho.tv\\\/site\\\/2021\\\/03\\\/24\\\/governo-disponivel-para-discutir-reabertura-de-bares-e-discotecas\\\/#article\",\"isPartOf\":{\"@id\":\"https:\\\/\\\/www.altominho.tv\\\/site\\\/2021\\\/03\\\/24\\\/governo-disponivel-para-discutir-reabertura-de-bares-e-discotecas\\\/\"},\"author\":{\"name\":\"Andreia Cunha | Lusa\",\"@id\":\"https:\\\/\\\/www.altominho.tv\\\/site\\\/#\\\/schema\\\/person\\\/dbaf181c01b51ff40c9f461a905d321e\"},\"headline\":\"Governo dispon\u00edvel para discutir reabertura de bares e discotecas\",\"datePublished\":\"2021-03-24T10:14:15+00:00\",\"dateModified\":\"2021-03-24T10:14:20+00:00\",\"mainEntityOfPage\":{\"@id\":\"https:\\\/\\\/www.altominho.tv\\\/site\\\/2021\\\/03\\\/24\\\/governo-disponivel-para-discutir-reabertura-de-bares-e-discotecas\\\/\"},\"wordCount\":465,\"image\":{\"@id\":\"https:\\\/\\\/www.altominho.tv\\\/site\\\/2021\\\/03\\\/24\\\/governo-disponivel-para-discutir-reabertura-de-bares-e-discotecas\\\/#primaryimage\"},\"thumbnailUrl\":\"https:\\\/\\\/www.altominho.tv\\\/site\\\/wp-content\\\/uploads\\\/2021\\\/03\\\/discotecas-1.png\",\"keywords\":[\"Sociedade\"],\"articleSection\":[\"Coronav\u00edrus\"],\"inLanguage\":\"pt-PT\",\"copyrightYear\":\"2021\",\"copyrightHolder\":{\"@id\":\"https:\\\/\\\/www.altominho.tv\\\/site\\\/#organization\"}},{\"@type\":\"WebPage\",\"@id\":\"https:\\\/\\\/www.altominho.tv\\\/site\\\/2021\\\/03\\\/24\\\/governo-disponivel-para-discutir-reabertura-de-bares-e-discotecas\\\/\",\"url\":\"https:\\\/\\\/www.altominho.tv\\\/site\\\/2021\\\/03\\\/24\\\/governo-disponivel-para-discutir-reabertura-de-bares-e-discotecas\\\/\",\"name\":\"Governo dispon\u00edvel para discutir reabertura de bares e discotecas\",\"isPartOf\":{\"@id\":\"https:\\\/\\\/www.altominho.tv\\\/site\\\/#website\"},\"primaryImageOfPage\":{\"@id\":\"https:\\\/\\\/www.altominho.tv\\\/site\\\/2021\\\/03\\\/24\\\/governo-disponivel-para-discutir-reabertura-de-bares-e-discotecas\\\/#primaryimage\"},\"image\":{\"@id\":\"https:\\\/\\\/www.altominho.tv\\\/site\\\/2021\\\/03\\\/24\\\/governo-disponivel-para-discutir-reabertura-de-bares-e-discotecas\\\/#primaryimage\"},\"thumbnailUrl\":\"https:\\\/\\\/www.altominho.tv\\\/site\\\/wp-content\\\/uploads\\\/2021\\\/03\\\/discotecas-1.png\",\"datePublished\":\"2021-03-24T10:14:15+00:00\",\"dateModified\":\"2021-03-24T10:14:20+00:00\",\"author\":{\"@id\":\"https:\\\/\\\/www.altominho.tv\\\/site\\\/#\\\/schema\\\/person\\\/dbaf181c01b51ff40c9f461a905d321e\"},\"breadcrumb\":{\"@id\":\"https:\\\/\\\/www.altominho.tv\\\/site\\\/2021\\\/03\\\/24\\\/governo-disponivel-para-discutir-reabertura-de-bares-e-discotecas\\\/#breadcrumb\"},\"inLanguage\":\"pt-PT\",\"potentialAction\":[{\"@type\":\"ReadAction\",\"target\":[\"https:\\\/\\\/www.altominho.tv\\\/site\\\/2021\\\/03\\\/24\\\/governo-disponivel-para-discutir-reabertura-de-bares-e-discotecas\\\/\"]}]},{\"@type\":\"ImageObject\",\"inLanguage\":\"pt-PT\",\"@id\":\"https:\\\/\\\/www.altominho.tv\\\/site\\\/2021\\\/03\\\/24\\\/governo-disponivel-para-discutir-reabertura-de-bares-e-discotecas\\\/#primaryimage\",\"url\":\"https:\\\/\\\/www.altominho.tv\\\/site\\\/wp-content\\\/uploads\\\/2021\\\/03\\\/discotecas-1.png\",\"contentUrl\":\"https:\\\/\\\/www.altominho.tv\\\/site\\\/wp-content\\\/uploads\\\/2021\\\/03\\\/discotecas-1.png\",\"width\":740,\"height\":389},{\"@type\":\"BreadcrumbList\",\"@id\":\"https:\\\/\\\/www.altominho.tv\\\/site\\\/2021\\\/03\\\/24\\\/governo-disponivel-para-discutir-reabertura-de-bares-e-discotecas\\\/#breadcrumb\",\"itemListElement\":[{\"@type\":\"ListItem\",\"position\":1,\"name\":\"In\u00edcio\",\"item\":\"https:\\\/\\\/www.altominho.tv\\\/site\\\/\"},{\"@type\":\"ListItem\",\"position\":2,\"name\":\"Governo dispon\u00edvel para discutir reabertura de bares e discotecas\"}]},{\"@type\":\"WebSite\",\"@id\":\"https:\\\/\\\/www.altominho.tv\\\/site\\\/#website\",\"url\":\"https:\\\/\\\/www.altominho.tv\\\/site\\\/\",\"name\":\"Altominho.tv\",\"description\":\"A sua regi\u00e3o \u00e0 dist\u00e2ncia de um clique...\",\"potentialAction\":[{\"@type\":\"SearchAction\",\"target\":{\"@type\":\"EntryPoint\",\"urlTemplate\":\"https:\\\/\\\/www.altominho.tv\\\/site\\\/?s={search_term_string}\"},\"query-input\":{\"@type\":\"PropertyValueSpecification\",\"valueRequired\":true,\"valueName\":\"search_term_string\"}}],\"inLanguage\":\"pt-PT\"},{\"@type\":\"Person\",\"@id\":\"https:\\\/\\\/www.altominho.tv\\\/site\\\/#\\\/schema\\\/person\\\/dbaf181c01b51ff40c9f461a905d321e\",\"name\":\"Andreia Cunha | Lusa\",\"image\":{\"@type\":\"ImageObject\",\"inLanguage\":\"pt-PT\",\"@id\":\"https:\\\/\\\/www.altominho.tv\\\/site\\\/wp-content\\\/uploads\\\/2017\\\/11\\\/Andreia_Cunha-1-150x150.jpg\",\"url\":\"https:\\\/\\\/www.altominho.tv\\\/site\\\/wp-content\\\/uploads\\\/2017\\\/11\\\/Andreia_Cunha-1-150x150.jpg\",\"contentUrl\":\"https:\\\/\\\/www.altominho.tv\\\/site\\\/wp-content\\\/uploads\\\/2017\\\/11\\\/Andreia_Cunha-1-150x150.jpg\",\"caption\":\"Andreia Cunha | Lusa\"},\"sameAs\":[\"https:\\\/\\\/www.altominho.tv\\\/site\"],\"url\":\"https:\\\/\\\/www.altominho.tv\\\/site\\\/author\\\/andreiacunhalusa\\\/\"}]}<\/script>\n<!-- \/ Yoast SEO Premium plugin. -->","yoast_head_json":{"title":"Governo dispon\u00edvel para discutir reabertura de bares e discotecas","robots":{"index":"index","follow":"follow","max-snippet":"max-snippet:-1","max-image-preview":"max-image-preview:large","max-video-preview":"max-video-preview:-1"},"canonical":"https:\/\/www.altominho.tv\/site\/2021\/03\/24\/governo-disponivel-para-discutir-reabertura-de-bares-e-discotecas\/","og_locale":"pt_PT","og_type":"article","og_title":"Governo dispon\u00edvel para discutir reabertura de bares e discotecas","og_description":"A Associa\u00e7\u00e3o Nacional de Discotecas (AND) disse ontem que o Governo mostrou disponibilidade para aumentar os apoios ao setor e discutir a reabertura dos espa\u00e7os de divers\u00e3o noturna, encerrados desde mar\u00e7o de 2020 devido \u00e0 pandemia. Segundo a AND, estas garantias foram dadas pelo secret\u00e1rio de Estado do Com\u00e9rcio, Servi\u00e7os e Defesa do Consumidor, Jo\u00e3o [&hellip;]","og_url":"https:\/\/www.altominho.tv\/site\/2021\/03\/24\/governo-disponivel-para-discutir-reabertura-de-bares-e-discotecas\/","og_site_name":"Altominho.tv","article_publisher":"https:\/\/www.facebook.com\/altominhotv","article_published_time":"2021-03-24T10:14:15+00:00","article_modified_time":"2021-03-24T10:14:20+00:00","og_image":[{"width":740,"height":389,"url":"https:\/\/www.altominho.tv\/site\/wp-content\/uploads\/2021\/03\/discotecas-1.png","type":"image\/png"}],"author":"Andreia Cunha | Lusa","twitter_card":"summary_large_image","twitter_creator":"@altominhoTV","twitter_site":"@altominhoTV","twitter_misc":{"Escrito por":"Andreia Cunha | Lusa","Tempo estimado de leitura":"2 minutos"},"schema":{"@context":"https:\/\/schema.org","@graph":[{"@type":"Article","@id":"https:\/\/www.altominho.tv\/site\/2021\/03\/24\/governo-disponivel-para-discutir-reabertura-de-bares-e-discotecas\/#article","isPartOf":{"@id":"https:\/\/www.altominho.tv\/site\/2021\/03\/24\/governo-disponivel-para-discutir-reabertura-de-bares-e-discotecas\/"},"author":{"name":"Andreia Cunha | Lusa","@id":"https:\/\/www.altominho.tv\/site\/#\/schema\/person\/dbaf181c01b51ff40c9f461a905d321e"},"headline":"Governo dispon\u00edvel para discutir reabertura de bares e discotecas","datePublished":"2021-03-24T10:14:15+00:00","dateModified":"2021-03-24T10:14:20+00:00","mainEntityOfPage":{"@id":"https:\/\/www.altominho.tv\/site\/2021\/03\/24\/governo-disponivel-para-discutir-reabertura-de-bares-e-discotecas\/"},"wordCount":465,"image":{"@id":"https:\/\/www.altominho.tv\/site\/2021\/03\/24\/governo-disponivel-para-discutir-reabertura-de-bares-e-discotecas\/#primaryimage"},"thumbnailUrl":"https:\/\/www.altominho.tv\/site\/wp-content\/uploads\/2021\/03\/discotecas-1.png","keywords":["Sociedade"],"articleSection":["Coronav\u00edrus"],"inLanguage":"pt-PT","copyrightYear":"2021","copyrightHolder":{"@id":"https:\/\/www.altominho.tv\/site\/#organization"}},{"@type":"WebPage","@id":"https:\/\/www.altominho.tv\/site\/2021\/03\/24\/governo-disponivel-para-discutir-reabertura-de-bares-e-discotecas\/","url":"https:\/\/www.altominho.tv\/site\/2021\/03\/24\/governo-disponivel-para-discutir-reabertura-de-bares-e-discotecas\/","name":"Governo dispon\u00edvel para discutir reabertura de bares e discotecas","isPartOf":{"@id":"https:\/\/www.altominho.tv\/site\/#website"},"primaryImageOfPage":{"@id":"https:\/\/www.altominho.tv\/site\/2021\/03\/24\/governo-disponivel-para-discutir-reabertura-de-bares-e-discotecas\/#primaryimage"},"image":{"@id":"https:\/\/www.altominho.tv\/site\/2021\/03\/24\/governo-disponivel-para-discutir-reabertura-de-bares-e-discotecas\/#primaryimage"},"thumbnailUrl":"https:\/\/www.altominho.tv\/site\/wp-content\/uploads\/2021\/03\/discotecas-1.png","datePublished":"2021-03-24T10:14:15+00:00","dateModified":"2021-03-24T10:14:20+00:00","author":{"@id":"https:\/\/www.altominho.tv\/site\/#\/schema\/person\/dbaf181c01b51ff40c9f461a905d321e"},"breadcrumb":{"@id":"https:\/\/www.altominho.tv\/site\/2021\/03\/24\/governo-disponivel-para-discutir-reabertura-de-bares-e-discotecas\/#breadcrumb"},"inLanguage":"pt-PT","potentialAction":[{"@type":"ReadAction","target":["https:\/\/www.altominho.tv\/site\/2021\/03\/24\/governo-disponivel-para-discutir-reabertura-de-bares-e-discotecas\/"]}]},{"@type":"ImageObject","inLanguage":"pt-PT","@id":"https:\/\/www.altominho.tv\/site\/2021\/03\/24\/governo-disponivel-para-discutir-reabertura-de-bares-e-discotecas\/#primaryimage","url":"https:\/\/www.altominho.tv\/site\/wp-content\/uploads\/2021\/03\/discotecas-1.png","contentUrl":"https:\/\/www.altominho.tv\/site\/wp-content\/uploads\/2021\/03\/discotecas-1.png","width":740,"height":389},{"@type":"BreadcrumbList","@id":"https:\/\/www.altominho.tv\/site\/2021\/03\/24\/governo-disponivel-para-discutir-reabertura-de-bares-e-discotecas\/#breadcrumb","itemListElement":[{"@type":"ListItem","position":1,"name":"In\u00edcio","item":"https:\/\/www.altominho.tv\/site\/"},{"@type":"ListItem","position":2,"name":"Governo dispon\u00edvel para discutir reabertura de bares e discotecas"}]},{"@type":"WebSite","@id":"https:\/\/www.altominho.tv\/site\/#website","url":"https:\/\/www.altominho.tv\/site\/","name":"Altominho.tv","description":"A sua regi\u00e3o \u00e0 dist\u00e2ncia de um clique...","potentialAction":[{"@type":"SearchAction","target":{"@type":"EntryPoint","urlTemplate":"https:\/\/www.altominho.tv\/site\/?s={search_term_string}"},"query-input":{"@type":"PropertyValueSpecification","valueRequired":true,"valueName":"search_term_string"}}],"inLanguage":"pt-PT"},{"@type":"Person","@id":"https:\/\/www.altominho.tv\/site\/#\/schema\/person\/dbaf181c01b51ff40c9f461a905d321e","name":"Andreia Cunha | Lusa","image":{"@type":"ImageObject","inLanguage":"pt-PT","@id":"https:\/\/www.altominho.tv\/site\/wp-content\/uploads\/2017\/11\/Andreia_Cunha-1-150x150.jpg","url":"https:\/\/www.altominho.tv\/site\/wp-content\/uploads\/2017\/11\/Andreia_Cunha-1-150x150.jpg","contentUrl":"https:\/\/www.altominho.tv\/site\/wp-content\/uploads\/2017\/11\/Andreia_Cunha-1-150x150.jpg","caption":"Andreia Cunha | Lusa"},"sameAs":["https:\/\/www.altominho.tv\/site"],"url":"https:\/\/www.altominho.tv\/site\/author\/andreiacunhalusa\/"}]}},"_links":{"self":[{"href":"https:\/\/www.altominho.tv\/site\/wp-json\/wp\/v2\/posts\/64256","targetHints":{"allow":["GET"]}}],"collection":[{"href":"https:\/\/www.altominho.tv\/site\/wp-json\/wp\/v2\/posts"}],"about":[{"href":"https:\/\/www.altominho.tv\/site\/wp-json\/wp\/v2\/types\/post"}],"author":[{"embeddable":true,"href":"https:\/\/www.altominho.tv\/site\/wp-json\/wp\/v2\/users\/16"}],"replies":[{"embeddable":true,"href":"https:\/\/www.altominho.tv\/site\/wp-json\/wp\/v2\/comments?post=64256"}],"version-history":[{"count":0,"href":"https:\/\/www.altominho.tv\/site\/wp-json\/wp\/v2\/posts\/64256\/revisions"}],"wp:featuredmedia":[{"embeddable":true,"href":"https:\/\/www.altominho.tv\/site\/wp-json\/wp\/v2\/media\/64259"}],"wp:attachment":[{"href":"https:\/\/www.altominho.tv\/site\/wp-json\/wp\/v2\/media?parent=64256"}],"wp:term":[{"taxonomy":"category","embeddable":true,"href":"https:\/\/www.altominho.tv\/site\/wp-json\/wp\/v2\/categories?post=64256"},{"taxonomy":"post_tag","embeddable":true,"href":"https:\/\/www.altominho.tv\/site\/wp-json\/wp\/v2\/tags?post=64256"}],"curies":[{"name":"wp","href":"https:\/\/api.w.org\/{rel}","templated":true}]}}