{"id":64250,"date":"2021-03-24T08:56:58","date_gmt":"2021-03-24T08:56:58","guid":{"rendered":"https:\/\/www.altominho.tv\/site\/?p=64250"},"modified":"2021-03-24T08:57:03","modified_gmt":"2021-03-24T08:57:03","slug":"mais-de-107-mil-pessoas-vacinadas-na-ultima-semana-471-mil-com-vacinacao-completa","status":"publish","type":"post","link":"https:\/\/www.altominho.tv\/site\/2021\/03\/24\/mais-de-107-mil-pessoas-vacinadas-na-ultima-semana-471-mil-com-vacinacao-completa\/","title":{"rendered":"Mais de 107 mil pessoas vacinadas na \u00faltima semana, 471 mil com vacina\u00e7\u00e3o completa"},"content":{"rendered":"\n<p>Mais de 470 mil pessoas t\u00eam a vacina\u00e7\u00e3o completa contra a covid-19 com a toma das duas doses, mais cerca de 107 mil do que na semana anterior, indicou hoje a Dire\u00e7\u00e3o-Geral da Sa\u00fade (DGS).<\/p>\n\n\n\n<p>Segundo o sexto relat\u00f3rio do processo de vacina\u00e7\u00e3o, que passou a incluir os dados dos A\u00e7ores e da Madeira, 471.204 pessoas j\u00e1 receberam as duas tomas da vacina contra o novo coronav\u00edrus, o que equivale a 05% da popula\u00e7\u00e3o, 107.681 das quais na \u00faltima semana.<\/p>\n\n\n\n<p>Ao todo, 942.825 pessoas j\u00e1 foram vacinadas com a primeira dose, mais 79.357 em rela\u00e7\u00e3o ao \u00faltimo relat\u00f3rio, o que representa 09% da popula\u00e7\u00e3o, indica a DGS.<\/p>\n\n\n\n<p>Por grupos et\u00e1rios, 30% das pessoas com mais de 80 anos (205.399) j\u00e1 t\u00eam a vacina\u00e7\u00e3o completa, enquanto 61% (415.341) j\u00e1 receberam a primeira dose da vacina.<\/p>\n\n\n\n<p>No grupo entre os 50 e 64 anos, 4% (80.799) j\u00e1 receberam as duas tomas e 10% (211.588) j\u00e1 tomaram a primeira dose, enquanto na faixa entre os 65 e 79 anos 03% (41.529) t\u00eam a vacina\u00e7\u00e3o completa e 06% (97.230) foram vacinados com a primeira dose.<\/p>\n\n\n\n<p>De acordo com os dados da DGS, 04% das pessoas entre os 25 e os 49 anos (132.387) tamb\u00e9m j\u00e1 receberam as duas tomas e 06% (200.568) j\u00e1 viram ser administrada a primeira dose.<\/p>\n\n\n\n<p>No total, Portugal recebeu 1.713.540 vacinas, tendo sido distribu\u00eddas pelos postos de vacina\u00e7\u00e3o do pa\u00eds 1.462.079 doses.<\/p>\n\n\n\n<p>Por regi\u00f5es, j\u00e1 foram administradas no Norte 449.858 vacinas, seguindo-se Lisboa e Vale do Tejo (440.279), o Centro (310.964), o Alentejo (97.249), o Algarve (51.051), a Madeira (40.582) e os A\u00e7ores (22.221).<\/p>\n\n\n\n<p>Sobre os A\u00e7ores, o relat\u00f3rio refere que foi identificado pela entidade respons\u00e1vel nesta regi\u00e3o aut\u00f3noma um atraso entre as vacinas administradas e o seu registo, pelo que os indicadores apresentados poder\u00e3o estar subestimados.<\/p>\n\n\n\n<p>A pandemia de covid-19 provocou, pelo menos, 2.732.899 mortos no mundo, resultantes de cerca de 123,6 milh\u00f5es de casos de infe\u00e7\u00e3o, segundo um balan\u00e7o feito pela ag\u00eancia francesa AFP.<\/p>\n\n\n\n<p>Em Portugal, morreram 16.794 pessoas dos 818.212 casos de infe\u00e7\u00e3o confirmados, de acordo com o boletim mais recente da Dire\u00e7\u00e3o-Geral da Sa\u00fade.<\/p>\n","protected":false},"excerpt":{"rendered":"<p>Mais de 470 mil pessoas t\u00eam a vacina\u00e7\u00e3o completa contra a covid-19 com a toma das duas doses, mais cerca de 107 mil do que na semana anterior, indicou hoje a Dire\u00e7\u00e3o-Geral da Sa\u00fade (DGS). Segundo o sexto relat\u00f3rio do processo de vacina\u00e7\u00e3o, que passou a incluir os dados dos A\u00e7ores e da Madeira, 471.204 [&hellip;]<\/p>\n","protected":false},"author":16,"featured_media":64251,"comment_status":"closed","ping_status":"closed","sticky":false,"template":"","format":"standard","meta":{"_exactmetrics_skip_tracking":false,"_exactmetrics_sitenote_active":false,"_exactmetrics_sitenote_note":"","_exactmetrics_sitenote_category":0,"footnotes":""},"categories":[42722],"tags":[26],"class_list":["post-64250","post","type-post","status-publish","format-standard","has-post-thumbnail","hentry","category-covid-19","tag-saude"],"yoast_head":"<!-- This site is optimized with the Yoast SEO Premium plugin v27.5 (Yoast SEO v27.5) - https:\/\/yoast.com\/product\/yoast-seo-premium-wordpress\/ -->\n<title>Mais de 107 mil pessoas vacinadas na \u00faltima semana, 471 mil com vacina\u00e7\u00e3o completa<\/title>\n<meta name=\"robots\" content=\"index, follow, max-snippet:-1, max-image-preview:large, max-video-preview:-1\" \/>\n<link rel=\"canonical\" href=\"https:\/\/www.altominho.tv\/site\/2021\/03\/24\/mais-de-107-mil-pessoas-vacinadas-na-ultima-semana-471-mil-com-vacinacao-completa\/\" \/>\n<meta property=\"og:locale\" content=\"pt_PT\" \/>\n<meta property=\"og:type\" content=\"article\" \/>\n<meta property=\"og:title\" content=\"Mais de 107 mil pessoas vacinadas na \u00faltima semana, 471 mil com vacina\u00e7\u00e3o completa\" \/>\n<meta property=\"og:description\" content=\"Mais de 470 mil pessoas t\u00eam a vacina\u00e7\u00e3o completa contra a covid-19 com a toma das duas doses, mais cerca de 107 mil do que na semana anterior, indicou hoje a Dire\u00e7\u00e3o-Geral da Sa\u00fade (DGS). Segundo o sexto relat\u00f3rio do processo de vacina\u00e7\u00e3o, que passou a incluir os dados dos A\u00e7ores e da Madeira, 471.204 [&hellip;]\" \/>\n<meta property=\"og:url\" content=\"https:\/\/www.altominho.tv\/site\/2021\/03\/24\/mais-de-107-mil-pessoas-vacinadas-na-ultima-semana-471-mil-com-vacinacao-completa\/\" \/>\n<meta property=\"og:site_name\" content=\"Altominho.tv\" \/>\n<meta property=\"article:publisher\" content=\"https:\/\/www.facebook.com\/altominhotv\" \/>\n<meta property=\"article:published_time\" content=\"2021-03-24T08:56:58+00:00\" \/>\n<meta property=\"article:modified_time\" content=\"2021-03-24T08:57:03+00:00\" \/>\n<meta property=\"og:image\" content=\"https:\/\/www.altominho.tv\/site\/wp-content\/uploads\/2021\/03\/vacinas.jpg\" \/>\n\t<meta property=\"og:image:width\" content=\"1141\" \/>\n\t<meta property=\"og:image:height\" content=\"642\" \/>\n\t<meta property=\"og:image:type\" content=\"image\/jpeg\" \/>\n<meta name=\"author\" content=\"Andreia Cunha | Lusa\" \/>\n<meta name=\"twitter:card\" content=\"summary_large_image\" \/>\n<meta name=\"twitter:creator\" content=\"@altominhoTV\" \/>\n<meta name=\"twitter:site\" content=\"@altominhoTV\" \/>\n<meta name=\"twitter:label1\" content=\"Escrito por\" \/>\n\t<meta name=\"twitter:data1\" content=\"Andreia Cunha | Lusa\" \/>\n\t<meta name=\"twitter:label2\" content=\"Tempo estimado de leitura\" \/>\n\t<meta name=\"twitter:data2\" content=\"2 minutos\" \/>\n<script type=\"application\/ld+json\" class=\"yoast-schema-graph\">{\"@context\":\"https:\\\/\\\/schema.org\",\"@graph\":[{\"@type\":\"Article\",\"@id\":\"https:\\\/\\\/www.altominho.tv\\\/site\\\/2021\\\/03\\\/24\\\/mais-de-107-mil-pessoas-vacinadas-na-ultima-semana-471-mil-com-vacinacao-completa\\\/#article\",\"isPartOf\":{\"@id\":\"https:\\\/\\\/www.altominho.tv\\\/site\\\/2021\\\/03\\\/24\\\/mais-de-107-mil-pessoas-vacinadas-na-ultima-semana-471-mil-com-vacinacao-completa\\\/\"},\"author\":{\"name\":\"Andreia Cunha | Lusa\",\"@id\":\"https:\\\/\\\/www.altominho.tv\\\/site\\\/#\\\/schema\\\/person\\\/dbaf181c01b51ff40c9f461a905d321e\"},\"headline\":\"Mais de 107 mil pessoas vacinadas na \u00faltima semana, 471 mil com vacina\u00e7\u00e3o completa\",\"datePublished\":\"2021-03-24T08:56:58+00:00\",\"dateModified\":\"2021-03-24T08:57:03+00:00\",\"mainEntityOfPage\":{\"@id\":\"https:\\\/\\\/www.altominho.tv\\\/site\\\/2021\\\/03\\\/24\\\/mais-de-107-mil-pessoas-vacinadas-na-ultima-semana-471-mil-com-vacinacao-completa\\\/\"},\"wordCount\":353,\"image\":{\"@id\":\"https:\\\/\\\/www.altominho.tv\\\/site\\\/2021\\\/03\\\/24\\\/mais-de-107-mil-pessoas-vacinadas-na-ultima-semana-471-mil-com-vacinacao-completa\\\/#primaryimage\"},\"thumbnailUrl\":\"https:\\\/\\\/www.altominho.tv\\\/site\\\/wp-content\\\/uploads\\\/2021\\\/03\\\/vacinas.jpg\",\"keywords\":[\"Sa\u00fade\"],\"articleSection\":[\"Coronav\u00edrus\"],\"inLanguage\":\"pt-PT\",\"copyrightYear\":\"2021\",\"copyrightHolder\":{\"@id\":\"https:\\\/\\\/www.altominho.tv\\\/site\\\/#organization\"}},{\"@type\":\"WebPage\",\"@id\":\"https:\\\/\\\/www.altominho.tv\\\/site\\\/2021\\\/03\\\/24\\\/mais-de-107-mil-pessoas-vacinadas-na-ultima-semana-471-mil-com-vacinacao-completa\\\/\",\"url\":\"https:\\\/\\\/www.altominho.tv\\\/site\\\/2021\\\/03\\\/24\\\/mais-de-107-mil-pessoas-vacinadas-na-ultima-semana-471-mil-com-vacinacao-completa\\\/\",\"name\":\"Mais de 107 mil pessoas vacinadas na \u00faltima semana, 471 mil com vacina\u00e7\u00e3o completa\",\"isPartOf\":{\"@id\":\"https:\\\/\\\/www.altominho.tv\\\/site\\\/#website\"},\"primaryImageOfPage\":{\"@id\":\"https:\\\/\\\/www.altominho.tv\\\/site\\\/2021\\\/03\\\/24\\\/mais-de-107-mil-pessoas-vacinadas-na-ultima-semana-471-mil-com-vacinacao-completa\\\/#primaryimage\"},\"image\":{\"@id\":\"https:\\\/\\\/www.altominho.tv\\\/site\\\/2021\\\/03\\\/24\\\/mais-de-107-mil-pessoas-vacinadas-na-ultima-semana-471-mil-com-vacinacao-completa\\\/#primaryimage\"},\"thumbnailUrl\":\"https:\\\/\\\/www.altominho.tv\\\/site\\\/wp-content\\\/uploads\\\/2021\\\/03\\\/vacinas.jpg\",\"datePublished\":\"2021-03-24T08:56:58+00:00\",\"dateModified\":\"2021-03-24T08:57:03+00:00\",\"author\":{\"@id\":\"https:\\\/\\\/www.altominho.tv\\\/site\\\/#\\\/schema\\\/person\\\/dbaf181c01b51ff40c9f461a905d321e\"},\"breadcrumb\":{\"@id\":\"https:\\\/\\\/www.altominho.tv\\\/site\\\/2021\\\/03\\\/24\\\/mais-de-107-mil-pessoas-vacinadas-na-ultima-semana-471-mil-com-vacinacao-completa\\\/#breadcrumb\"},\"inLanguage\":\"pt-PT\",\"potentialAction\":[{\"@type\":\"ReadAction\",\"target\":[\"https:\\\/\\\/www.altominho.tv\\\/site\\\/2021\\\/03\\\/24\\\/mais-de-107-mil-pessoas-vacinadas-na-ultima-semana-471-mil-com-vacinacao-completa\\\/\"]}]},{\"@type\":\"ImageObject\",\"inLanguage\":\"pt-PT\",\"@id\":\"https:\\\/\\\/www.altominho.tv\\\/site\\\/2021\\\/03\\\/24\\\/mais-de-107-mil-pessoas-vacinadas-na-ultima-semana-471-mil-com-vacinacao-completa\\\/#primaryimage\",\"url\":\"https:\\\/\\\/www.altominho.tv\\\/site\\\/wp-content\\\/uploads\\\/2021\\\/03\\\/vacinas.jpg\",\"contentUrl\":\"https:\\\/\\\/www.altominho.tv\\\/site\\\/wp-content\\\/uploads\\\/2021\\\/03\\\/vacinas.jpg\",\"width\":1141,\"height\":642},{\"@type\":\"BreadcrumbList\",\"@id\":\"https:\\\/\\\/www.altominho.tv\\\/site\\\/2021\\\/03\\\/24\\\/mais-de-107-mil-pessoas-vacinadas-na-ultima-semana-471-mil-com-vacinacao-completa\\\/#breadcrumb\",\"itemListElement\":[{\"@type\":\"ListItem\",\"position\":1,\"name\":\"In\u00edcio\",\"item\":\"https:\\\/\\\/www.altominho.tv\\\/site\\\/\"},{\"@type\":\"ListItem\",\"position\":2,\"name\":\"Mais de 107 mil pessoas vacinadas na \u00faltima semana, 471 mil com vacina\u00e7\u00e3o completa\"}]},{\"@type\":\"WebSite\",\"@id\":\"https:\\\/\\\/www.altominho.tv\\\/site\\\/#website\",\"url\":\"https:\\\/\\\/www.altominho.tv\\\/site\\\/\",\"name\":\"Altominho.tv\",\"description\":\"A sua regi\u00e3o \u00e0 dist\u00e2ncia de um clique...\",\"potentialAction\":[{\"@type\":\"SearchAction\",\"target\":{\"@type\":\"EntryPoint\",\"urlTemplate\":\"https:\\\/\\\/www.altominho.tv\\\/site\\\/?s={search_term_string}\"},\"query-input\":{\"@type\":\"PropertyValueSpecification\",\"valueRequired\":true,\"valueName\":\"search_term_string\"}}],\"inLanguage\":\"pt-PT\"},{\"@type\":\"Person\",\"@id\":\"https:\\\/\\\/www.altominho.tv\\\/site\\\/#\\\/schema\\\/person\\\/dbaf181c01b51ff40c9f461a905d321e\",\"name\":\"Andreia Cunha | Lusa\",\"image\":{\"@type\":\"ImageObject\",\"inLanguage\":\"pt-PT\",\"@id\":\"https:\\\/\\\/www.altominho.tv\\\/site\\\/wp-content\\\/uploads\\\/2017\\\/11\\\/Andreia_Cunha-1-150x150.jpg\",\"url\":\"https:\\\/\\\/www.altominho.tv\\\/site\\\/wp-content\\\/uploads\\\/2017\\\/11\\\/Andreia_Cunha-1-150x150.jpg\",\"contentUrl\":\"https:\\\/\\\/www.altominho.tv\\\/site\\\/wp-content\\\/uploads\\\/2017\\\/11\\\/Andreia_Cunha-1-150x150.jpg\",\"caption\":\"Andreia Cunha | Lusa\"},\"sameAs\":[\"https:\\\/\\\/www.altominho.tv\\\/site\"],\"url\":\"https:\\\/\\\/www.altominho.tv\\\/site\\\/author\\\/andreiacunhalusa\\\/\"}]}<\/script>\n<!-- \/ Yoast SEO Premium plugin. -->","yoast_head_json":{"title":"Mais de 107 mil pessoas vacinadas na \u00faltima semana, 471 mil com vacina\u00e7\u00e3o completa","robots":{"index":"index","follow":"follow","max-snippet":"max-snippet:-1","max-image-preview":"max-image-preview:large","max-video-preview":"max-video-preview:-1"},"canonical":"https:\/\/www.altominho.tv\/site\/2021\/03\/24\/mais-de-107-mil-pessoas-vacinadas-na-ultima-semana-471-mil-com-vacinacao-completa\/","og_locale":"pt_PT","og_type":"article","og_title":"Mais de 107 mil pessoas vacinadas na \u00faltima semana, 471 mil com vacina\u00e7\u00e3o completa","og_description":"Mais de 470 mil pessoas t\u00eam a vacina\u00e7\u00e3o completa contra a covid-19 com a toma das duas doses, mais cerca de 107 mil do que na semana anterior, indicou hoje a Dire\u00e7\u00e3o-Geral da Sa\u00fade (DGS). Segundo o sexto relat\u00f3rio do processo de vacina\u00e7\u00e3o, que passou a incluir os dados dos A\u00e7ores e da Madeira, 471.204 [&hellip;]","og_url":"https:\/\/www.altominho.tv\/site\/2021\/03\/24\/mais-de-107-mil-pessoas-vacinadas-na-ultima-semana-471-mil-com-vacinacao-completa\/","og_site_name":"Altominho.tv","article_publisher":"https:\/\/www.facebook.com\/altominhotv","article_published_time":"2021-03-24T08:56:58+00:00","article_modified_time":"2021-03-24T08:57:03+00:00","og_image":[{"width":1141,"height":642,"url":"https:\/\/www.altominho.tv\/site\/wp-content\/uploads\/2021\/03\/vacinas.jpg","type":"image\/jpeg"}],"author":"Andreia Cunha | Lusa","twitter_card":"summary_large_image","twitter_creator":"@altominhoTV","twitter_site":"@altominhoTV","twitter_misc":{"Escrito por":"Andreia Cunha | Lusa","Tempo estimado de leitura":"2 minutos"},"schema":{"@context":"https:\/\/schema.org","@graph":[{"@type":"Article","@id":"https:\/\/www.altominho.tv\/site\/2021\/03\/24\/mais-de-107-mil-pessoas-vacinadas-na-ultima-semana-471-mil-com-vacinacao-completa\/#article","isPartOf":{"@id":"https:\/\/www.altominho.tv\/site\/2021\/03\/24\/mais-de-107-mil-pessoas-vacinadas-na-ultima-semana-471-mil-com-vacinacao-completa\/"},"author":{"name":"Andreia Cunha | Lusa","@id":"https:\/\/www.altominho.tv\/site\/#\/schema\/person\/dbaf181c01b51ff40c9f461a905d321e"},"headline":"Mais de 107 mil pessoas vacinadas na \u00faltima semana, 471 mil com vacina\u00e7\u00e3o completa","datePublished":"2021-03-24T08:56:58+00:00","dateModified":"2021-03-24T08:57:03+00:00","mainEntityOfPage":{"@id":"https:\/\/www.altominho.tv\/site\/2021\/03\/24\/mais-de-107-mil-pessoas-vacinadas-na-ultima-semana-471-mil-com-vacinacao-completa\/"},"wordCount":353,"image":{"@id":"https:\/\/www.altominho.tv\/site\/2021\/03\/24\/mais-de-107-mil-pessoas-vacinadas-na-ultima-semana-471-mil-com-vacinacao-completa\/#primaryimage"},"thumbnailUrl":"https:\/\/www.altominho.tv\/site\/wp-content\/uploads\/2021\/03\/vacinas.jpg","keywords":["Sa\u00fade"],"articleSection":["Coronav\u00edrus"],"inLanguage":"pt-PT","copyrightYear":"2021","copyrightHolder":{"@id":"https:\/\/www.altominho.tv\/site\/#organization"}},{"@type":"WebPage","@id":"https:\/\/www.altominho.tv\/site\/2021\/03\/24\/mais-de-107-mil-pessoas-vacinadas-na-ultima-semana-471-mil-com-vacinacao-completa\/","url":"https:\/\/www.altominho.tv\/site\/2021\/03\/24\/mais-de-107-mil-pessoas-vacinadas-na-ultima-semana-471-mil-com-vacinacao-completa\/","name":"Mais de 107 mil pessoas vacinadas na \u00faltima semana, 471 mil com vacina\u00e7\u00e3o completa","isPartOf":{"@id":"https:\/\/www.altominho.tv\/site\/#website"},"primaryImageOfPage":{"@id":"https:\/\/www.altominho.tv\/site\/2021\/03\/24\/mais-de-107-mil-pessoas-vacinadas-na-ultima-semana-471-mil-com-vacinacao-completa\/#primaryimage"},"image":{"@id":"https:\/\/www.altominho.tv\/site\/2021\/03\/24\/mais-de-107-mil-pessoas-vacinadas-na-ultima-semana-471-mil-com-vacinacao-completa\/#primaryimage"},"thumbnailUrl":"https:\/\/www.altominho.tv\/site\/wp-content\/uploads\/2021\/03\/vacinas.jpg","datePublished":"2021-03-24T08:56:58+00:00","dateModified":"2021-03-24T08:57:03+00:00","author":{"@id":"https:\/\/www.altominho.tv\/site\/#\/schema\/person\/dbaf181c01b51ff40c9f461a905d321e"},"breadcrumb":{"@id":"https:\/\/www.altominho.tv\/site\/2021\/03\/24\/mais-de-107-mil-pessoas-vacinadas-na-ultima-semana-471-mil-com-vacinacao-completa\/#breadcrumb"},"inLanguage":"pt-PT","potentialAction":[{"@type":"ReadAction","target":["https:\/\/www.altominho.tv\/site\/2021\/03\/24\/mais-de-107-mil-pessoas-vacinadas-na-ultima-semana-471-mil-com-vacinacao-completa\/"]}]},{"@type":"ImageObject","inLanguage":"pt-PT","@id":"https:\/\/www.altominho.tv\/site\/2021\/03\/24\/mais-de-107-mil-pessoas-vacinadas-na-ultima-semana-471-mil-com-vacinacao-completa\/#primaryimage","url":"https:\/\/www.altominho.tv\/site\/wp-content\/uploads\/2021\/03\/vacinas.jpg","contentUrl":"https:\/\/www.altominho.tv\/site\/wp-content\/uploads\/2021\/03\/vacinas.jpg","width":1141,"height":642},{"@type":"BreadcrumbList","@id":"https:\/\/www.altominho.tv\/site\/2021\/03\/24\/mais-de-107-mil-pessoas-vacinadas-na-ultima-semana-471-mil-com-vacinacao-completa\/#breadcrumb","itemListElement":[{"@type":"ListItem","position":1,"name":"In\u00edcio","item":"https:\/\/www.altominho.tv\/site\/"},{"@type":"ListItem","position":2,"name":"Mais de 107 mil pessoas vacinadas na \u00faltima semana, 471 mil com vacina\u00e7\u00e3o completa"}]},{"@type":"WebSite","@id":"https:\/\/www.altominho.tv\/site\/#website","url":"https:\/\/www.altominho.tv\/site\/","name":"Altominho.tv","description":"A sua regi\u00e3o \u00e0 dist\u00e2ncia de um clique...","potentialAction":[{"@type":"SearchAction","target":{"@type":"EntryPoint","urlTemplate":"https:\/\/www.altominho.tv\/site\/?s={search_term_string}"},"query-input":{"@type":"PropertyValueSpecification","valueRequired":true,"valueName":"search_term_string"}}],"inLanguage":"pt-PT"},{"@type":"Person","@id":"https:\/\/www.altominho.tv\/site\/#\/schema\/person\/dbaf181c01b51ff40c9f461a905d321e","name":"Andreia Cunha | Lusa","image":{"@type":"ImageObject","inLanguage":"pt-PT","@id":"https:\/\/www.altominho.tv\/site\/wp-content\/uploads\/2017\/11\/Andreia_Cunha-1-150x150.jpg","url":"https:\/\/www.altominho.tv\/site\/wp-content\/uploads\/2017\/11\/Andreia_Cunha-1-150x150.jpg","contentUrl":"https:\/\/www.altominho.tv\/site\/wp-content\/uploads\/2017\/11\/Andreia_Cunha-1-150x150.jpg","caption":"Andreia Cunha | Lusa"},"sameAs":["https:\/\/www.altominho.tv\/site"],"url":"https:\/\/www.altominho.tv\/site\/author\/andreiacunhalusa\/"}]}},"_links":{"self":[{"href":"https:\/\/www.altominho.tv\/site\/wp-json\/wp\/v2\/posts\/64250","targetHints":{"allow":["GET"]}}],"collection":[{"href":"https:\/\/www.altominho.tv\/site\/wp-json\/wp\/v2\/posts"}],"about":[{"href":"https:\/\/www.altominho.tv\/site\/wp-json\/wp\/v2\/types\/post"}],"author":[{"embeddable":true,"href":"https:\/\/www.altominho.tv\/site\/wp-json\/wp\/v2\/users\/16"}],"replies":[{"embeddable":true,"href":"https:\/\/www.altominho.tv\/site\/wp-json\/wp\/v2\/comments?post=64250"}],"version-history":[{"count":0,"href":"https:\/\/www.altominho.tv\/site\/wp-json\/wp\/v2\/posts\/64250\/revisions"}],"wp:featuredmedia":[{"embeddable":true,"href":"https:\/\/www.altominho.tv\/site\/wp-json\/wp\/v2\/media\/64251"}],"wp:attachment":[{"href":"https:\/\/www.altominho.tv\/site\/wp-json\/wp\/v2\/media?parent=64250"}],"wp:term":[{"taxonomy":"category","embeddable":true,"href":"https:\/\/www.altominho.tv\/site\/wp-json\/wp\/v2\/categories?post=64250"},{"taxonomy":"post_tag","embeddable":true,"href":"https:\/\/www.altominho.tv\/site\/wp-json\/wp\/v2\/tags?post=64250"}],"curies":[{"name":"wp","href":"https:\/\/api.w.org\/{rel}","templated":true}]}}