{"id":64052,"date":"2021-03-19T10:25:12","date_gmt":"2021-03-19T10:25:12","guid":{"rendered":"https:\/\/www.altominho.tv\/site\/?p=64052"},"modified":"2021-03-19T14:19:21","modified_gmt":"2021-03-19T14:19:21","slug":"proibido-circular-entre-concelhos-entre-2000-de-hoje-e-0500-de-segunda-feira-2","status":"publish","type":"post","link":"https:\/\/www.altominho.tv\/site\/2021\/03\/19\/proibido-circular-entre-concelhos-entre-2000-de-hoje-e-0500-de-segunda-feira-2\/","title":{"rendered":"Proibido circular entre concelhos entre 20h00 de hoje e 05h00 de segunda-feira"},"content":{"rendered":"\n<p>A circula\u00e7\u00e3o entre concelhos em Portugal continental volta a estar proibida entre as 20h00 de hoje e as 05h00 de segunda-feira, sem preju\u00edzo das exce\u00e7\u00f5es previstas, no \u00e2mbito do estado de emerg\u00eancia para combater a pandemia de covid-19.<\/p>\n\n\n\n<p>Al\u00e9m deste fim de semana, de 20 e 21 de mar\u00e7o, a proibi\u00e7\u00e3o de circula\u00e7\u00e3o entre os 278 munic\u00edpios do continente vai ser aplicada no per\u00edodo da P\u00e1scoa, diariamente, a partir de 26 de mar\u00e7o a at\u00e9 05 de abril, segundo o plano do Governo de desconfinamento \u201ca conta-gotas\u201d do pa\u00eds, apresentado em 11 de mar\u00e7o e que come\u00e7ou a ser aplicado na segunda-feira.<\/p>\n\n\n\n<p>A&nbsp;medida pretende \u201cgarantir que a P\u00e1scoa n\u00e3o \u00e9 um momento de desloca\u00e7\u00e3o e de encontro, mas, pelo contr\u00e1rio, mais um momento de confinamento\u201d, justificou o primeiro-ministro, Ant\u00f3nio Costa, na apresenta\u00e7\u00e3o do plano de desconfinamento.<\/p>\n\n\n\n<p>\u201c\u00c9 proibida a circula\u00e7\u00e3o para fora do concelho do domic\u00edlio no per\u00edodo compreendido entre as 20h00 de sexta-feira e as 05h00 de segunda-feira e, diariamente, a partir do dia 26 de mar\u00e7o, sem preju\u00edzo das exce\u00e7\u00f5es previstas no artigo 11.\u00ba do decreto n.\u00ba 9\/2020, de 21 de novembro, as quais s\u00e3o aplic\u00e1veis com as necess\u00e1rias adapta\u00e7\u00f5es\u201d, l\u00ea-se no diploma do Governo que regulamenta o estado de emerg\u00eancia.<\/p>\n\n\n\n<p>Decretado pelo Presidente da Rep\u00fablica, o 13.\u00ba estado de emerg\u00eancia, ap\u00f3s renova\u00e7\u00e3o por mais 15 dias, entrou em vigor \u00e0s 00:00 de 17 de mar\u00e7o e termina \u00e0s 23:59 de 31 de mar\u00e7o, \u201csem preju\u00edzo de eventuais renova\u00e7\u00f5es, nos termos da lei\u201d.<\/p>\n\n\n\n<p>Para que a proibi\u00e7\u00e3o de circula\u00e7\u00e3o entre concelhos seja aplicada no per\u00edodo da P\u00e1scoa, o estado de emerg\u00eancia deve ser, novamente, renovado. A dura\u00e7\u00e3o de cada estado de emerg\u00eancia tem sido de 15 dias, mas j\u00e1 aconteceu uma renova\u00e7\u00e3o por oito dias, justificada por falta de dados suficientes relativamente ao per\u00edodo de Natal.<\/p>\n\n\n\n<p>A proibi\u00e7\u00e3o de circula\u00e7\u00e3o entre concelhos do continente, &#8220;salvo por motivos de sa\u00fade, de urg\u00eancia imperiosa ou outros especificamente previstos&#8221; esteve em vigor no per\u00edodo do Ano Novo e, depois, com o confinamento geral, que entrou em vigor em 15 de janeiro, tem-se repetido todos os fins de semana.<\/p>\n\n\n\n<p>Segundo o diploma do Governo, existe um conjunto de exce\u00e7\u00f5es \u00e0 proibi\u00e7\u00e3o de circula\u00e7\u00e3o entre concelhos, inclusive desloca\u00e7\u00f5es para desempenho de fun\u00e7\u00f5es profissionais (conforme atestado por declara\u00e7\u00e3o emitida pela entidade empregadora ou equiparada), por motivos de sa\u00fade e para cumprimento de responsabilidades parentais.<\/p>\n\n\n\n<p>Al\u00e9m desta restri\u00e7\u00e3o, o 13.\u00ba estado de emerg\u00eancia mant\u00e9m em vigor o \u201cdever geral de recolhimento domicili\u00e1rio\u201d, em que a principal regra \u00e9 ficar em casa, determinando que \u201cos cidad\u00e3os n\u00e3o podem circular em espa\u00e7os e vias p\u00fablicas, bem como em espa\u00e7os e vias privadas equiparadas a vias p\u00fablicas, e devem permanecer no respetivo domic\u00edlio, exceto para desloca\u00e7\u00f5es autorizadas\u201d, desde ir comprar bens e servi\u00e7os essenciais \u00e0 pr\u00e1tica de atividade f\u00edsica e desportiva ao ar livre.<\/p>\n\n\n\n<p>Desde segunda-feira, os estabelecimentos de bens e servi\u00e7os abertos ao p\u00fablico t\u00eam de encerrar at\u00e9 \u00e0s 21h00 nos dias \u00fateis e at\u00e9 \u00e0s 13h00 aos fins de semana e feriados, exceto o retalho alimentar, que pode funcionar aos fins de semana at\u00e9 \u00e0s 19h00.<\/p>\n\n\n\n<p>Tamb\u00e9m passou a ser permitido o com\u00e9rcio ao postigo e o funcionamento de cabeleireiros, manicures e similares, assim como de livrarias, bibliotecas e arquivos.<\/p>\n\n\n\n<p>Segundo o boletim da Dire\u00e7\u00e3o-Geral da Sa\u00fade (DGS), divulgado na segunda-feira, do total de 308 munic\u00edpios portugueses, entre 24 de fevereiro e 09 de mar\u00e7o, 69 concelhos registaram uma incid\u00eancia cumulativa a 14 dias superior a 120 casos por 100 mil habitantes, limite definido pelo Governo como um dos indicadores para a revis\u00e3o das medidas de desconfinamento.<\/p>\n\n\n\n<p>Destes 69 concelhos, 13 pertencem \u00e0 \u00c1rea Metropolitana de Lisboa, nomeadamente, Alcochete, Almada, Amadora, Lisboa, Loures, Moita, Montijo, Sesimbra, Set\u00fabal, Sintra, Odivelas, Palmela e Vila Franca de Xira, de acordo com os dados da DGS.<\/p>\n\n\n\n<p>Na apresenta\u00e7\u00e3o do plano de desconfinamento, o primeiro-ministro, Ant\u00f3nio Costa, avisou que as medidas da reabertura ser\u00e3o revistas sempre que Portugal ultrapassar os &#8220;120 novos casos por dia por 100 mil habitantes a 14 dias&#8221; ou sempre que o Rt &#8211; o n\u00famero m\u00e9dio de casos secund\u00e1rios que resultam de um caso infetado pelo v\u00edrus &#8211; ultrapasse o 1.<\/p>\n\n\n\n<p>Assim, as medidas definidas &#8220;podem ser ajustadas no sentido de se aplicarem a n\u00edvel local, tendo em conta a incid\u00eancia&#8221;, ou seja, o pa\u00eds pode desconfinar em velocidades diferentes.<\/p>\n","protected":false},"excerpt":{"rendered":"<p>A circula\u00e7\u00e3o entre concelhos em Portugal continental volta a estar proibida entre as 20h00 de hoje e as 05h00 de segunda-feira, sem preju\u00edzo das exce\u00e7\u00f5es previstas, no \u00e2mbito do estado de emerg\u00eancia para combater a pandemia de covid-19. Al\u00e9m deste fim de semana, de 20 e 21 de mar\u00e7o, a proibi\u00e7\u00e3o de circula\u00e7\u00e3o entre os [&hellip;]<\/p>\n","protected":false},"author":13,"featured_media":61241,"comment_status":"closed","ping_status":"closed","sticky":false,"template":"","format":"standard","meta":{"_exactmetrics_skip_tracking":false,"_exactmetrics_sitenote_active":false,"_exactmetrics_sitenote_note":"","_exactmetrics_sitenote_category":0,"footnotes":""},"categories":[73],"tags":[27],"class_list":["post-64052","post","type-post","status-publish","format-standard","has-post-thumbnail","hentry","category-alto-minho","tag-sociedade"],"yoast_head":"<!-- This site is optimized with the Yoast SEO Premium plugin v27.4 (Yoast SEO v27.4) - https:\/\/yoast.com\/product\/yoast-seo-premium-wordpress\/ -->\n<title>Proibido circular entre concelhos entre 20h00 de hoje e 05h00 de segunda-feira<\/title>\n<meta name=\"robots\" content=\"index, follow, max-snippet:-1, max-image-preview:large, max-video-preview:-1\" \/>\n<link rel=\"canonical\" href=\"https:\/\/www.altominho.tv\/site\/2021\/03\/19\/proibido-circular-entre-concelhos-entre-2000-de-hoje-e-0500-de-segunda-feira-2\/\" \/>\n<meta property=\"og:locale\" content=\"pt_PT\" \/>\n<meta property=\"og:type\" content=\"article\" \/>\n<meta property=\"og:title\" content=\"Proibido circular entre concelhos entre 20h00 de hoje e 05h00 de segunda-feira\" \/>\n<meta property=\"og:description\" content=\"A circula\u00e7\u00e3o entre concelhos em Portugal continental volta a estar proibida entre as 20h00 de hoje e as 05h00 de segunda-feira, sem preju\u00edzo das exce\u00e7\u00f5es previstas, no \u00e2mbito do estado de emerg\u00eancia para combater a pandemia de covid-19. Al\u00e9m deste fim de semana, de 20 e 21 de mar\u00e7o, a proibi\u00e7\u00e3o de circula\u00e7\u00e3o entre os [&hellip;]\" \/>\n<meta property=\"og:url\" content=\"https:\/\/www.altominho.tv\/site\/2021\/03\/19\/proibido-circular-entre-concelhos-entre-2000-de-hoje-e-0500-de-segunda-feira-2\/\" \/>\n<meta property=\"og:site_name\" content=\"Altominho.tv\" \/>\n<meta property=\"article:publisher\" content=\"https:\/\/www.facebook.com\/altominhotv\" \/>\n<meta property=\"article:published_time\" content=\"2021-03-19T10:25:12+00:00\" \/>\n<meta property=\"article:modified_time\" content=\"2021-03-19T14:19:21+00:00\" \/>\n<meta property=\"og:image\" content=\"https:\/\/www.altominho.tv\/site\/wp-content\/uploads\/2021\/02\/PSP_ATV1.jpg\" \/>\n\t<meta property=\"og:image:width\" content=\"1920\" \/>\n\t<meta property=\"og:image:height\" content=\"1080\" \/>\n\t<meta property=\"og:image:type\" content=\"image\/jpeg\" \/>\n<meta name=\"author\" content=\"Lusa\" \/>\n<meta name=\"twitter:card\" content=\"summary_large_image\" \/>\n<meta name=\"twitter:creator\" content=\"@altominhoTV\" \/>\n<meta name=\"twitter:site\" content=\"@altominhoTV\" \/>\n<meta name=\"twitter:label1\" content=\"Escrito por\" \/>\n\t<meta name=\"twitter:data1\" content=\"Lusa\" \/>\n\t<meta name=\"twitter:label2\" content=\"Tempo estimado de leitura\" \/>\n\t<meta name=\"twitter:data2\" content=\"4 minutos\" \/>\n<script type=\"application\/ld+json\" class=\"yoast-schema-graph\">{\"@context\":\"https:\\\/\\\/schema.org\",\"@graph\":[{\"@type\":\"Article\",\"@id\":\"https:\\\/\\\/www.altominho.tv\\\/site\\\/2021\\\/03\\\/19\\\/proibido-circular-entre-concelhos-entre-2000-de-hoje-e-0500-de-segunda-feira-2\\\/#article\",\"isPartOf\":{\"@id\":\"https:\\\/\\\/www.altominho.tv\\\/site\\\/2021\\\/03\\\/19\\\/proibido-circular-entre-concelhos-entre-2000-de-hoje-e-0500-de-segunda-feira-2\\\/\"},\"author\":{\"name\":\"Lusa\",\"@id\":\"https:\\\/\\\/www.altominho.tv\\\/site\\\/#\\\/schema\\\/person\\\/63f693da3e1899361cbe955c46f3232e\"},\"headline\":\"Proibido circular entre concelhos entre 20h00 de hoje e 05h00 de segunda-feira\",\"datePublished\":\"2021-03-19T10:25:12+00:00\",\"dateModified\":\"2021-03-19T14:19:21+00:00\",\"mainEntityOfPage\":{\"@id\":\"https:\\\/\\\/www.altominho.tv\\\/site\\\/2021\\\/03\\\/19\\\/proibido-circular-entre-concelhos-entre-2000-de-hoje-e-0500-de-segunda-feira-2\\\/\"},\"wordCount\":790,\"image\":{\"@id\":\"https:\\\/\\\/www.altominho.tv\\\/site\\\/2021\\\/03\\\/19\\\/proibido-circular-entre-concelhos-entre-2000-de-hoje-e-0500-de-segunda-feira-2\\\/#primaryimage\"},\"thumbnailUrl\":\"https:\\\/\\\/www.altominho.tv\\\/site\\\/wp-content\\\/uploads\\\/2021\\\/02\\\/PSP_ATV1.jpg\",\"keywords\":[\"Sociedade\"],\"articleSection\":[\"Alto Minho\"],\"inLanguage\":\"pt-PT\",\"copyrightYear\":\"2021\",\"copyrightHolder\":{\"@id\":\"https:\\\/\\\/www.altominho.tv\\\/site\\\/#organization\"}},{\"@type\":\"WebPage\",\"@id\":\"https:\\\/\\\/www.altominho.tv\\\/site\\\/2021\\\/03\\\/19\\\/proibido-circular-entre-concelhos-entre-2000-de-hoje-e-0500-de-segunda-feira-2\\\/\",\"url\":\"https:\\\/\\\/www.altominho.tv\\\/site\\\/2021\\\/03\\\/19\\\/proibido-circular-entre-concelhos-entre-2000-de-hoje-e-0500-de-segunda-feira-2\\\/\",\"name\":\"Proibido circular entre concelhos entre 20h00 de hoje e 05h00 de segunda-feira\",\"isPartOf\":{\"@id\":\"https:\\\/\\\/www.altominho.tv\\\/site\\\/#website\"},\"primaryImageOfPage\":{\"@id\":\"https:\\\/\\\/www.altominho.tv\\\/site\\\/2021\\\/03\\\/19\\\/proibido-circular-entre-concelhos-entre-2000-de-hoje-e-0500-de-segunda-feira-2\\\/#primaryimage\"},\"image\":{\"@id\":\"https:\\\/\\\/www.altominho.tv\\\/site\\\/2021\\\/03\\\/19\\\/proibido-circular-entre-concelhos-entre-2000-de-hoje-e-0500-de-segunda-feira-2\\\/#primaryimage\"},\"thumbnailUrl\":\"https:\\\/\\\/www.altominho.tv\\\/site\\\/wp-content\\\/uploads\\\/2021\\\/02\\\/PSP_ATV1.jpg\",\"datePublished\":\"2021-03-19T10:25:12+00:00\",\"dateModified\":\"2021-03-19T14:19:21+00:00\",\"author\":{\"@id\":\"https:\\\/\\\/www.altominho.tv\\\/site\\\/#\\\/schema\\\/person\\\/63f693da3e1899361cbe955c46f3232e\"},\"breadcrumb\":{\"@id\":\"https:\\\/\\\/www.altominho.tv\\\/site\\\/2021\\\/03\\\/19\\\/proibido-circular-entre-concelhos-entre-2000-de-hoje-e-0500-de-segunda-feira-2\\\/#breadcrumb\"},\"inLanguage\":\"pt-PT\",\"potentialAction\":[{\"@type\":\"ReadAction\",\"target\":[\"https:\\\/\\\/www.altominho.tv\\\/site\\\/2021\\\/03\\\/19\\\/proibido-circular-entre-concelhos-entre-2000-de-hoje-e-0500-de-segunda-feira-2\\\/\"]}]},{\"@type\":\"ImageObject\",\"inLanguage\":\"pt-PT\",\"@id\":\"https:\\\/\\\/www.altominho.tv\\\/site\\\/2021\\\/03\\\/19\\\/proibido-circular-entre-concelhos-entre-2000-de-hoje-e-0500-de-segunda-feira-2\\\/#primaryimage\",\"url\":\"https:\\\/\\\/www.altominho.tv\\\/site\\\/wp-content\\\/uploads\\\/2021\\\/02\\\/PSP_ATV1.jpg\",\"contentUrl\":\"https:\\\/\\\/www.altominho.tv\\\/site\\\/wp-content\\\/uploads\\\/2021\\\/02\\\/PSP_ATV1.jpg\",\"width\":1920,\"height\":1080},{\"@type\":\"BreadcrumbList\",\"@id\":\"https:\\\/\\\/www.altominho.tv\\\/site\\\/2021\\\/03\\\/19\\\/proibido-circular-entre-concelhos-entre-2000-de-hoje-e-0500-de-segunda-feira-2\\\/#breadcrumb\",\"itemListElement\":[{\"@type\":\"ListItem\",\"position\":1,\"name\":\"In\u00edcio\",\"item\":\"https:\\\/\\\/www.altominho.tv\\\/site\\\/\"},{\"@type\":\"ListItem\",\"position\":2,\"name\":\"Proibido circular entre concelhos entre 20h00 de hoje e 05h00 de segunda-feira\"}]},{\"@type\":\"WebSite\",\"@id\":\"https:\\\/\\\/www.altominho.tv\\\/site\\\/#website\",\"url\":\"https:\\\/\\\/www.altominho.tv\\\/site\\\/\",\"name\":\"Altominho.tv\",\"description\":\"A sua regi\u00e3o \u00e0 dist\u00e2ncia de um clique...\",\"potentialAction\":[{\"@type\":\"SearchAction\",\"target\":{\"@type\":\"EntryPoint\",\"urlTemplate\":\"https:\\\/\\\/www.altominho.tv\\\/site\\\/?s={search_term_string}\"},\"query-input\":{\"@type\":\"PropertyValueSpecification\",\"valueRequired\":true,\"valueName\":\"search_term_string\"}}],\"inLanguage\":\"pt-PT\"},{\"@type\":\"Person\",\"@id\":\"https:\\\/\\\/www.altominho.tv\\\/site\\\/#\\\/schema\\\/person\\\/63f693da3e1899361cbe955c46f3232e\",\"name\":\"Lusa\",\"image\":{\"@type\":\"ImageObject\",\"inLanguage\":\"pt-PT\",\"@id\":\"https:\\\/\\\/www.altominho.tv\\\/site\\\/wp-content\\\/uploads\\\/2019\\\/08\\\/LUSA_Logo.gif\",\"url\":\"https:\\\/\\\/www.altominho.tv\\\/site\\\/wp-content\\\/uploads\\\/2019\\\/08\\\/LUSA_Logo.gif\",\"contentUrl\":\"https:\\\/\\\/www.altominho.tv\\\/site\\\/wp-content\\\/uploads\\\/2019\\\/08\\\/LUSA_Logo.gif\",\"caption\":\"Lusa\"},\"sameAs\":[\"http:\\\/\\\/\\\/\\\/www.altominho.tv\\\/site\"],\"url\":\"https:\\\/\\\/www.altominho.tv\\\/site\\\/author\\\/lusa\\\/\"}]}<\/script>\n<!-- \/ Yoast SEO Premium plugin. -->","yoast_head_json":{"title":"Proibido circular entre concelhos entre 20h00 de hoje e 05h00 de segunda-feira","robots":{"index":"index","follow":"follow","max-snippet":"max-snippet:-1","max-image-preview":"max-image-preview:large","max-video-preview":"max-video-preview:-1"},"canonical":"https:\/\/www.altominho.tv\/site\/2021\/03\/19\/proibido-circular-entre-concelhos-entre-2000-de-hoje-e-0500-de-segunda-feira-2\/","og_locale":"pt_PT","og_type":"article","og_title":"Proibido circular entre concelhos entre 20h00 de hoje e 05h00 de segunda-feira","og_description":"A circula\u00e7\u00e3o entre concelhos em Portugal continental volta a estar proibida entre as 20h00 de hoje e as 05h00 de segunda-feira, sem preju\u00edzo das exce\u00e7\u00f5es previstas, no \u00e2mbito do estado de emerg\u00eancia para combater a pandemia de covid-19. Al\u00e9m deste fim de semana, de 20 e 21 de mar\u00e7o, a proibi\u00e7\u00e3o de circula\u00e7\u00e3o entre os [&hellip;]","og_url":"https:\/\/www.altominho.tv\/site\/2021\/03\/19\/proibido-circular-entre-concelhos-entre-2000-de-hoje-e-0500-de-segunda-feira-2\/","og_site_name":"Altominho.tv","article_publisher":"https:\/\/www.facebook.com\/altominhotv","article_published_time":"2021-03-19T10:25:12+00:00","article_modified_time":"2021-03-19T14:19:21+00:00","og_image":[{"width":1920,"height":1080,"url":"https:\/\/www.altominho.tv\/site\/wp-content\/uploads\/2021\/02\/PSP_ATV1.jpg","type":"image\/jpeg"}],"author":"Lusa","twitter_card":"summary_large_image","twitter_creator":"@altominhoTV","twitter_site":"@altominhoTV","twitter_misc":{"Escrito por":"Lusa","Tempo estimado de leitura":"4 minutos"},"schema":{"@context":"https:\/\/schema.org","@graph":[{"@type":"Article","@id":"https:\/\/www.altominho.tv\/site\/2021\/03\/19\/proibido-circular-entre-concelhos-entre-2000-de-hoje-e-0500-de-segunda-feira-2\/#article","isPartOf":{"@id":"https:\/\/www.altominho.tv\/site\/2021\/03\/19\/proibido-circular-entre-concelhos-entre-2000-de-hoje-e-0500-de-segunda-feira-2\/"},"author":{"name":"Lusa","@id":"https:\/\/www.altominho.tv\/site\/#\/schema\/person\/63f693da3e1899361cbe955c46f3232e"},"headline":"Proibido circular entre concelhos entre 20h00 de hoje e 05h00 de segunda-feira","datePublished":"2021-03-19T10:25:12+00:00","dateModified":"2021-03-19T14:19:21+00:00","mainEntityOfPage":{"@id":"https:\/\/www.altominho.tv\/site\/2021\/03\/19\/proibido-circular-entre-concelhos-entre-2000-de-hoje-e-0500-de-segunda-feira-2\/"},"wordCount":790,"image":{"@id":"https:\/\/www.altominho.tv\/site\/2021\/03\/19\/proibido-circular-entre-concelhos-entre-2000-de-hoje-e-0500-de-segunda-feira-2\/#primaryimage"},"thumbnailUrl":"https:\/\/www.altominho.tv\/site\/wp-content\/uploads\/2021\/02\/PSP_ATV1.jpg","keywords":["Sociedade"],"articleSection":["Alto Minho"],"inLanguage":"pt-PT","copyrightYear":"2021","copyrightHolder":{"@id":"https:\/\/www.altominho.tv\/site\/#organization"}},{"@type":"WebPage","@id":"https:\/\/www.altominho.tv\/site\/2021\/03\/19\/proibido-circular-entre-concelhos-entre-2000-de-hoje-e-0500-de-segunda-feira-2\/","url":"https:\/\/www.altominho.tv\/site\/2021\/03\/19\/proibido-circular-entre-concelhos-entre-2000-de-hoje-e-0500-de-segunda-feira-2\/","name":"Proibido circular entre concelhos entre 20h00 de hoje e 05h00 de segunda-feira","isPartOf":{"@id":"https:\/\/www.altominho.tv\/site\/#website"},"primaryImageOfPage":{"@id":"https:\/\/www.altominho.tv\/site\/2021\/03\/19\/proibido-circular-entre-concelhos-entre-2000-de-hoje-e-0500-de-segunda-feira-2\/#primaryimage"},"image":{"@id":"https:\/\/www.altominho.tv\/site\/2021\/03\/19\/proibido-circular-entre-concelhos-entre-2000-de-hoje-e-0500-de-segunda-feira-2\/#primaryimage"},"thumbnailUrl":"https:\/\/www.altominho.tv\/site\/wp-content\/uploads\/2021\/02\/PSP_ATV1.jpg","datePublished":"2021-03-19T10:25:12+00:00","dateModified":"2021-03-19T14:19:21+00:00","author":{"@id":"https:\/\/www.altominho.tv\/site\/#\/schema\/person\/63f693da3e1899361cbe955c46f3232e"},"breadcrumb":{"@id":"https:\/\/www.altominho.tv\/site\/2021\/03\/19\/proibido-circular-entre-concelhos-entre-2000-de-hoje-e-0500-de-segunda-feira-2\/#breadcrumb"},"inLanguage":"pt-PT","potentialAction":[{"@type":"ReadAction","target":["https:\/\/www.altominho.tv\/site\/2021\/03\/19\/proibido-circular-entre-concelhos-entre-2000-de-hoje-e-0500-de-segunda-feira-2\/"]}]},{"@type":"ImageObject","inLanguage":"pt-PT","@id":"https:\/\/www.altominho.tv\/site\/2021\/03\/19\/proibido-circular-entre-concelhos-entre-2000-de-hoje-e-0500-de-segunda-feira-2\/#primaryimage","url":"https:\/\/www.altominho.tv\/site\/wp-content\/uploads\/2021\/02\/PSP_ATV1.jpg","contentUrl":"https:\/\/www.altominho.tv\/site\/wp-content\/uploads\/2021\/02\/PSP_ATV1.jpg","width":1920,"height":1080},{"@type":"BreadcrumbList","@id":"https:\/\/www.altominho.tv\/site\/2021\/03\/19\/proibido-circular-entre-concelhos-entre-2000-de-hoje-e-0500-de-segunda-feira-2\/#breadcrumb","itemListElement":[{"@type":"ListItem","position":1,"name":"In\u00edcio","item":"https:\/\/www.altominho.tv\/site\/"},{"@type":"ListItem","position":2,"name":"Proibido circular entre concelhos entre 20h00 de hoje e 05h00 de segunda-feira"}]},{"@type":"WebSite","@id":"https:\/\/www.altominho.tv\/site\/#website","url":"https:\/\/www.altominho.tv\/site\/","name":"Altominho.tv","description":"A sua regi\u00e3o \u00e0 dist\u00e2ncia de um clique...","potentialAction":[{"@type":"SearchAction","target":{"@type":"EntryPoint","urlTemplate":"https:\/\/www.altominho.tv\/site\/?s={search_term_string}"},"query-input":{"@type":"PropertyValueSpecification","valueRequired":true,"valueName":"search_term_string"}}],"inLanguage":"pt-PT"},{"@type":"Person","@id":"https:\/\/www.altominho.tv\/site\/#\/schema\/person\/63f693da3e1899361cbe955c46f3232e","name":"Lusa","image":{"@type":"ImageObject","inLanguage":"pt-PT","@id":"https:\/\/www.altominho.tv\/site\/wp-content\/uploads\/2019\/08\/LUSA_Logo.gif","url":"https:\/\/www.altominho.tv\/site\/wp-content\/uploads\/2019\/08\/LUSA_Logo.gif","contentUrl":"https:\/\/www.altominho.tv\/site\/wp-content\/uploads\/2019\/08\/LUSA_Logo.gif","caption":"Lusa"},"sameAs":["http:\/\/\/\/www.altominho.tv\/site"],"url":"https:\/\/www.altominho.tv\/site\/author\/lusa\/"}]}},"_links":{"self":[{"href":"https:\/\/www.altominho.tv\/site\/wp-json\/wp\/v2\/posts\/64052","targetHints":{"allow":["GET"]}}],"collection":[{"href":"https:\/\/www.altominho.tv\/site\/wp-json\/wp\/v2\/posts"}],"about":[{"href":"https:\/\/www.altominho.tv\/site\/wp-json\/wp\/v2\/types\/post"}],"author":[{"embeddable":true,"href":"https:\/\/www.altominho.tv\/site\/wp-json\/wp\/v2\/users\/13"}],"replies":[{"embeddable":true,"href":"https:\/\/www.altominho.tv\/site\/wp-json\/wp\/v2\/comments?post=64052"}],"version-history":[{"count":0,"href":"https:\/\/www.altominho.tv\/site\/wp-json\/wp\/v2\/posts\/64052\/revisions"}],"wp:featuredmedia":[{"embeddable":true,"href":"https:\/\/www.altominho.tv\/site\/wp-json\/wp\/v2\/media\/61241"}],"wp:attachment":[{"href":"https:\/\/www.altominho.tv\/site\/wp-json\/wp\/v2\/media?parent=64052"}],"wp:term":[{"taxonomy":"category","embeddable":true,"href":"https:\/\/www.altominho.tv\/site\/wp-json\/wp\/v2\/categories?post=64052"},{"taxonomy":"post_tag","embeddable":true,"href":"https:\/\/www.altominho.tv\/site\/wp-json\/wp\/v2\/tags?post=64052"}],"curies":[{"name":"wp","href":"https:\/\/api.w.org\/{rel}","templated":true}]}}