{"id":63991,"date":"2021-03-17T19:24:51","date_gmt":"2021-03-17T19:24:51","guid":{"rendered":"https:\/\/www.altominho.tv\/site\/?p=63991"},"modified":"2021-03-17T19:27:41","modified_gmt":"2021-03-17T19:27:41","slug":"ceval-e-grupo-neivagest-criam-apoio-ate-25-mil-euros-para-estimular-negocios","status":"publish","type":"post","link":"https:\/\/www.altominho.tv\/site\/2021\/03\/17\/ceval-e-grupo-neivagest-criam-apoio-ate-25-mil-euros-para-estimular-negocios\/","title":{"rendered":"CEVAL e grupo NeivaGest criam apoio at\u00e9 25 mil euros para estimular neg\u00f3cios"},"content":{"rendered":"<p>A Confedera\u00e7\u00e3o Empresarial do Alto Minho (CEVAL) e o grupo NeivaGest, com sede em Viana do Castelo, anunciaram hoje o lan\u00e7amento do projeto &#8220;Alto Minho Business Angels&#8221; para apoiar, at\u00e9 25 mil euros, novas ideias de neg\u00f3cio.<\/p>\n<p>Em comunicado enviado \u00e0s reda\u00e7\u00f5es, as duas entidades parceiras sublinham que o objetivo da iniciativa passa por &#8220;apostar na promo\u00e7\u00e3o do esp\u00edrito empresarial no Alto Minho, apoiando ideias de neg\u00f3cio inovadoras, que assentem na cria\u00e7\u00e3o de novos produtos ou servi\u00e7os, apoio que pode chegar aos 25.000 euros&#8221;.<\/p>\n<p>A &#8220;uni\u00e3o&#8221; entre a CEVAL, que representa cerca de 5.000 empresas do distrito de Viana do Castelo que empregam mais de 19.000 trabalhadores e o grupo NeivaGest resultou em &#8220;um projeto de capitais exclusivamente privados, que nasce com o objetivo de apoiar novas ideias de neg\u00f3cio e contribuir para um aumento do empreendedorismo qualificado na regi\u00e3o&#8221;.<\/p>\n<p>&#8220;Numa altura em que o tecido empresarial tem sido amplamente afetado pela crise social e econ\u00f3mica motivada por uma pandemia sem precedentes, a CEVAL e a NeivaGest Group, procuram em contraciclo dar um sinal positivo e de esperan\u00e7a aos empreendedores e \u00e0 regi\u00e3o do Alto Minho&#8221;, sustenta a nota.<\/p>\n<p>As candidaturas ao projeto &#8220;Alto Minho Business Angels&#8221; dever\u00e3o ser feitas atrav\u00e9s do site da CEVAL (<a href=\"http:\/\/www.ceval.pt\/altominhobusinessangels\" target=\"_blank\" rel=\"noopener noreferrer\" data-saferedirecturl=\"https:\/\/www.google.com\/url?q=http:\/\/www.ceval.pt\/altominhobusinessangels&amp;source=gmail&amp;ust=1616095114367000&amp;usg=AFQjCNEA8kEX7E5b_HHse6JTlXC9-mWGrA\">www.ceval.pt\/altominhobusinessangels<\/a>).<\/p>\n<p>As propostas apresentadas &#8220;ser\u00e3o analisadas por um j\u00fari que validar\u00e1 o interesse de investimento&#8221;, sendo que &#8220;em caso afirmativo, os empreendedores passam \u00e0 fase seguinte e negociar\u00e3o com a NeivaGest as condi\u00e7\u00f5es do apoio&#8221;.<\/p>\n<p>A pandemia de Covid-19 provocou, pelo menos, 2.671.720 mortos no mundo, resultantes de mais de 120,6 milh\u00f5es de casos de infe\u00e7\u00e3o, segundo um balan\u00e7o feito pela ag\u00eancia francesa AFP.<\/p>\n<p>Em Portugal, morreram 16.722 pessoas dos 815.570 casos de infe\u00e7\u00e3o confirmados, de acordo com o boletim mais recente da Dire\u00e7\u00e3o-Geral da Sa\u00fade.<\/p>\n<p>A doen\u00e7a \u00e9 transmitida por um novo coronav\u00edrus detetado no final de 2019, em Wuhan, uma cidade do centro da China.<\/p>\n","protected":false},"excerpt":{"rendered":"<p>A Confedera\u00e7\u00e3o Empresarial do Alto Minho (CEVAL) e o grupo NeivaGest, com sede em Viana do Castelo, anunciaram hoje o lan\u00e7amento do projeto &#8220;Alto Minho Business Angels&#8221; para apoiar, at\u00e9 25 mil euros, novas ideias de neg\u00f3cio. Em comunicado enviado \u00e0s reda\u00e7\u00f5es, as duas entidades parceiras sublinham que o objetivo da iniciativa passa por &#8220;apostar [&hellip;]<\/p>\n","protected":false},"author":13,"featured_media":63992,"comment_status":"closed","ping_status":"closed","sticky":false,"template":"","format":"standard","meta":{"_exactmetrics_skip_tracking":false,"_exactmetrics_sitenote_active":false,"_exactmetrics_sitenote_note":"","_exactmetrics_sitenote_category":0,"footnotes":""},"categories":[73],"tags":[21],"class_list":["post-63991","post","type-post","status-publish","format-standard","has-post-thumbnail","hentry","category-alto-minho","tag-economia"],"yoast_head":"<!-- This site is optimized with the Yoast SEO Premium plugin v27.4 (Yoast SEO v27.4) - https:\/\/yoast.com\/product\/yoast-seo-premium-wordpress\/ -->\n<title>CEVAL e grupo NeivaGest criam apoio at\u00e9 25 mil euros para estimular neg\u00f3cios<\/title>\n<meta name=\"robots\" content=\"index, follow, max-snippet:-1, max-image-preview:large, max-video-preview:-1\" \/>\n<link rel=\"canonical\" href=\"https:\/\/www.altominho.tv\/site\/2021\/03\/17\/ceval-e-grupo-neivagest-criam-apoio-ate-25-mil-euros-para-estimular-negocios\/\" \/>\n<meta property=\"og:locale\" content=\"pt_PT\" \/>\n<meta property=\"og:type\" content=\"article\" \/>\n<meta property=\"og:title\" content=\"CEVAL e grupo NeivaGest criam apoio at\u00e9 25 mil euros para estimular neg\u00f3cios\" \/>\n<meta property=\"og:description\" content=\"A Confedera\u00e7\u00e3o Empresarial do Alto Minho (CEVAL) e o grupo NeivaGest, com sede em Viana do Castelo, anunciaram hoje o lan\u00e7amento do projeto &#8220;Alto Minho Business Angels&#8221; para apoiar, at\u00e9 25 mil euros, novas ideias de neg\u00f3cio. Em comunicado enviado \u00e0s reda\u00e7\u00f5es, as duas entidades parceiras sublinham que o objetivo da iniciativa passa por &#8220;apostar [&hellip;]\" \/>\n<meta property=\"og:url\" content=\"https:\/\/www.altominho.tv\/site\/2021\/03\/17\/ceval-e-grupo-neivagest-criam-apoio-ate-25-mil-euros-para-estimular-negocios\/\" \/>\n<meta property=\"og:site_name\" content=\"Altominho.tv\" \/>\n<meta property=\"article:publisher\" content=\"https:\/\/www.facebook.com\/altominhotv\" \/>\n<meta property=\"article:published_time\" content=\"2021-03-17T19:24:51+00:00\" \/>\n<meta property=\"article:modified_time\" content=\"2021-03-17T19:27:41+00:00\" \/>\n<meta property=\"og:image\" content=\"https:\/\/www.altominho.tv\/site\/wp-content\/uploads\/2021\/03\/ceval-e-neiva.jpg\" \/>\n\t<meta property=\"og:image:width\" content=\"2056\" \/>\n\t<meta property=\"og:image:height\" content=\"992\" \/>\n\t<meta property=\"og:image:type\" content=\"image\/jpeg\" \/>\n<meta name=\"author\" content=\"Lusa\" \/>\n<meta name=\"twitter:card\" content=\"summary_large_image\" \/>\n<meta name=\"twitter:creator\" content=\"@altominhoTV\" \/>\n<meta name=\"twitter:site\" content=\"@altominhoTV\" \/>\n<meta name=\"twitter:label1\" content=\"Escrito por\" \/>\n\t<meta name=\"twitter:data1\" content=\"Lusa\" \/>\n\t<meta name=\"twitter:label2\" content=\"Tempo estimado de leitura\" \/>\n\t<meta name=\"twitter:data2\" content=\"2 minutos\" \/>\n<script type=\"application\/ld+json\" class=\"yoast-schema-graph\">{\"@context\":\"https:\\\/\\\/schema.org\",\"@graph\":[{\"@type\":\"Article\",\"@id\":\"https:\\\/\\\/www.altominho.tv\\\/site\\\/2021\\\/03\\\/17\\\/ceval-e-grupo-neivagest-criam-apoio-ate-25-mil-euros-para-estimular-negocios\\\/#article\",\"isPartOf\":{\"@id\":\"https:\\\/\\\/www.altominho.tv\\\/site\\\/2021\\\/03\\\/17\\\/ceval-e-grupo-neivagest-criam-apoio-ate-25-mil-euros-para-estimular-negocios\\\/\"},\"author\":{\"name\":\"Lusa\",\"@id\":\"https:\\\/\\\/www.altominho.tv\\\/site\\\/#\\\/schema\\\/person\\\/63f693da3e1899361cbe955c46f3232e\"},\"headline\":\"CEVAL e grupo NeivaGest criam apoio at\u00e9 25 mil euros para estimular neg\u00f3cios\",\"datePublished\":\"2021-03-17T19:24:51+00:00\",\"dateModified\":\"2021-03-17T19:27:41+00:00\",\"mainEntityOfPage\":{\"@id\":\"https:\\\/\\\/www.altominho.tv\\\/site\\\/2021\\\/03\\\/17\\\/ceval-e-grupo-neivagest-criam-apoio-ate-25-mil-euros-para-estimular-negocios\\\/\"},\"wordCount\":346,\"image\":{\"@id\":\"https:\\\/\\\/www.altominho.tv\\\/site\\\/2021\\\/03\\\/17\\\/ceval-e-grupo-neivagest-criam-apoio-ate-25-mil-euros-para-estimular-negocios\\\/#primaryimage\"},\"thumbnailUrl\":\"https:\\\/\\\/www.altominho.tv\\\/site\\\/wp-content\\\/uploads\\\/2021\\\/03\\\/ceval-e-neiva.jpg\",\"keywords\":[\"Economia\"],\"articleSection\":[\"Alto Minho\"],\"inLanguage\":\"pt-PT\",\"copyrightYear\":\"2021\",\"copyrightHolder\":{\"@id\":\"https:\\\/\\\/www.altominho.tv\\\/site\\\/#organization\"}},{\"@type\":\"WebPage\",\"@id\":\"https:\\\/\\\/www.altominho.tv\\\/site\\\/2021\\\/03\\\/17\\\/ceval-e-grupo-neivagest-criam-apoio-ate-25-mil-euros-para-estimular-negocios\\\/\",\"url\":\"https:\\\/\\\/www.altominho.tv\\\/site\\\/2021\\\/03\\\/17\\\/ceval-e-grupo-neivagest-criam-apoio-ate-25-mil-euros-para-estimular-negocios\\\/\",\"name\":\"CEVAL e grupo NeivaGest criam apoio at\u00e9 25 mil euros para estimular neg\u00f3cios\",\"isPartOf\":{\"@id\":\"https:\\\/\\\/www.altominho.tv\\\/site\\\/#website\"},\"primaryImageOfPage\":{\"@id\":\"https:\\\/\\\/www.altominho.tv\\\/site\\\/2021\\\/03\\\/17\\\/ceval-e-grupo-neivagest-criam-apoio-ate-25-mil-euros-para-estimular-negocios\\\/#primaryimage\"},\"image\":{\"@id\":\"https:\\\/\\\/www.altominho.tv\\\/site\\\/2021\\\/03\\\/17\\\/ceval-e-grupo-neivagest-criam-apoio-ate-25-mil-euros-para-estimular-negocios\\\/#primaryimage\"},\"thumbnailUrl\":\"https:\\\/\\\/www.altominho.tv\\\/site\\\/wp-content\\\/uploads\\\/2021\\\/03\\\/ceval-e-neiva.jpg\",\"datePublished\":\"2021-03-17T19:24:51+00:00\",\"dateModified\":\"2021-03-17T19:27:41+00:00\",\"author\":{\"@id\":\"https:\\\/\\\/www.altominho.tv\\\/site\\\/#\\\/schema\\\/person\\\/63f693da3e1899361cbe955c46f3232e\"},\"breadcrumb\":{\"@id\":\"https:\\\/\\\/www.altominho.tv\\\/site\\\/2021\\\/03\\\/17\\\/ceval-e-grupo-neivagest-criam-apoio-ate-25-mil-euros-para-estimular-negocios\\\/#breadcrumb\"},\"inLanguage\":\"pt-PT\",\"potentialAction\":[{\"@type\":\"ReadAction\",\"target\":[\"https:\\\/\\\/www.altominho.tv\\\/site\\\/2021\\\/03\\\/17\\\/ceval-e-grupo-neivagest-criam-apoio-ate-25-mil-euros-para-estimular-negocios\\\/\"]}]},{\"@type\":\"ImageObject\",\"inLanguage\":\"pt-PT\",\"@id\":\"https:\\\/\\\/www.altominho.tv\\\/site\\\/2021\\\/03\\\/17\\\/ceval-e-grupo-neivagest-criam-apoio-ate-25-mil-euros-para-estimular-negocios\\\/#primaryimage\",\"url\":\"https:\\\/\\\/www.altominho.tv\\\/site\\\/wp-content\\\/uploads\\\/2021\\\/03\\\/ceval-e-neiva.jpg\",\"contentUrl\":\"https:\\\/\\\/www.altominho.tv\\\/site\\\/wp-content\\\/uploads\\\/2021\\\/03\\\/ceval-e-neiva.jpg\",\"width\":2056,\"height\":992},{\"@type\":\"BreadcrumbList\",\"@id\":\"https:\\\/\\\/www.altominho.tv\\\/site\\\/2021\\\/03\\\/17\\\/ceval-e-grupo-neivagest-criam-apoio-ate-25-mil-euros-para-estimular-negocios\\\/#breadcrumb\",\"itemListElement\":[{\"@type\":\"ListItem\",\"position\":1,\"name\":\"In\u00edcio\",\"item\":\"https:\\\/\\\/www.altominho.tv\\\/site\\\/\"},{\"@type\":\"ListItem\",\"position\":2,\"name\":\"CEVAL e grupo NeivaGest criam apoio at\u00e9 25 mil euros para estimular neg\u00f3cios\"}]},{\"@type\":\"WebSite\",\"@id\":\"https:\\\/\\\/www.altominho.tv\\\/site\\\/#website\",\"url\":\"https:\\\/\\\/www.altominho.tv\\\/site\\\/\",\"name\":\"Altominho.tv\",\"description\":\"A sua regi\u00e3o \u00e0 dist\u00e2ncia de um clique...\",\"potentialAction\":[{\"@type\":\"SearchAction\",\"target\":{\"@type\":\"EntryPoint\",\"urlTemplate\":\"https:\\\/\\\/www.altominho.tv\\\/site\\\/?s={search_term_string}\"},\"query-input\":{\"@type\":\"PropertyValueSpecification\",\"valueRequired\":true,\"valueName\":\"search_term_string\"}}],\"inLanguage\":\"pt-PT\"},{\"@type\":\"Person\",\"@id\":\"https:\\\/\\\/www.altominho.tv\\\/site\\\/#\\\/schema\\\/person\\\/63f693da3e1899361cbe955c46f3232e\",\"name\":\"Lusa\",\"image\":{\"@type\":\"ImageObject\",\"inLanguage\":\"pt-PT\",\"@id\":\"https:\\\/\\\/www.altominho.tv\\\/site\\\/wp-content\\\/uploads\\\/2019\\\/08\\\/LUSA_Logo.gif\",\"url\":\"https:\\\/\\\/www.altominho.tv\\\/site\\\/wp-content\\\/uploads\\\/2019\\\/08\\\/LUSA_Logo.gif\",\"contentUrl\":\"https:\\\/\\\/www.altominho.tv\\\/site\\\/wp-content\\\/uploads\\\/2019\\\/08\\\/LUSA_Logo.gif\",\"caption\":\"Lusa\"},\"sameAs\":[\"http:\\\/\\\/\\\/\\\/www.altominho.tv\\\/site\"],\"url\":\"https:\\\/\\\/www.altominho.tv\\\/site\\\/author\\\/lusa\\\/\"}]}<\/script>\n<!-- \/ Yoast SEO Premium plugin. -->","yoast_head_json":{"title":"CEVAL e grupo NeivaGest criam apoio at\u00e9 25 mil euros para estimular neg\u00f3cios","robots":{"index":"index","follow":"follow","max-snippet":"max-snippet:-1","max-image-preview":"max-image-preview:large","max-video-preview":"max-video-preview:-1"},"canonical":"https:\/\/www.altominho.tv\/site\/2021\/03\/17\/ceval-e-grupo-neivagest-criam-apoio-ate-25-mil-euros-para-estimular-negocios\/","og_locale":"pt_PT","og_type":"article","og_title":"CEVAL e grupo NeivaGest criam apoio at\u00e9 25 mil euros para estimular neg\u00f3cios","og_description":"A Confedera\u00e7\u00e3o Empresarial do Alto Minho (CEVAL) e o grupo NeivaGest, com sede em Viana do Castelo, anunciaram hoje o lan\u00e7amento do projeto &#8220;Alto Minho Business Angels&#8221; para apoiar, at\u00e9 25 mil euros, novas ideias de neg\u00f3cio. Em comunicado enviado \u00e0s reda\u00e7\u00f5es, as duas entidades parceiras sublinham que o objetivo da iniciativa passa por &#8220;apostar [&hellip;]","og_url":"https:\/\/www.altominho.tv\/site\/2021\/03\/17\/ceval-e-grupo-neivagest-criam-apoio-ate-25-mil-euros-para-estimular-negocios\/","og_site_name":"Altominho.tv","article_publisher":"https:\/\/www.facebook.com\/altominhotv","article_published_time":"2021-03-17T19:24:51+00:00","article_modified_time":"2021-03-17T19:27:41+00:00","og_image":[{"width":2056,"height":992,"url":"https:\/\/www.altominho.tv\/site\/wp-content\/uploads\/2021\/03\/ceval-e-neiva.jpg","type":"image\/jpeg"}],"author":"Lusa","twitter_card":"summary_large_image","twitter_creator":"@altominhoTV","twitter_site":"@altominhoTV","twitter_misc":{"Escrito por":"Lusa","Tempo estimado de leitura":"2 minutos"},"schema":{"@context":"https:\/\/schema.org","@graph":[{"@type":"Article","@id":"https:\/\/www.altominho.tv\/site\/2021\/03\/17\/ceval-e-grupo-neivagest-criam-apoio-ate-25-mil-euros-para-estimular-negocios\/#article","isPartOf":{"@id":"https:\/\/www.altominho.tv\/site\/2021\/03\/17\/ceval-e-grupo-neivagest-criam-apoio-ate-25-mil-euros-para-estimular-negocios\/"},"author":{"name":"Lusa","@id":"https:\/\/www.altominho.tv\/site\/#\/schema\/person\/63f693da3e1899361cbe955c46f3232e"},"headline":"CEVAL e grupo NeivaGest criam apoio at\u00e9 25 mil euros para estimular neg\u00f3cios","datePublished":"2021-03-17T19:24:51+00:00","dateModified":"2021-03-17T19:27:41+00:00","mainEntityOfPage":{"@id":"https:\/\/www.altominho.tv\/site\/2021\/03\/17\/ceval-e-grupo-neivagest-criam-apoio-ate-25-mil-euros-para-estimular-negocios\/"},"wordCount":346,"image":{"@id":"https:\/\/www.altominho.tv\/site\/2021\/03\/17\/ceval-e-grupo-neivagest-criam-apoio-ate-25-mil-euros-para-estimular-negocios\/#primaryimage"},"thumbnailUrl":"https:\/\/www.altominho.tv\/site\/wp-content\/uploads\/2021\/03\/ceval-e-neiva.jpg","keywords":["Economia"],"articleSection":["Alto Minho"],"inLanguage":"pt-PT","copyrightYear":"2021","copyrightHolder":{"@id":"https:\/\/www.altominho.tv\/site\/#organization"}},{"@type":"WebPage","@id":"https:\/\/www.altominho.tv\/site\/2021\/03\/17\/ceval-e-grupo-neivagest-criam-apoio-ate-25-mil-euros-para-estimular-negocios\/","url":"https:\/\/www.altominho.tv\/site\/2021\/03\/17\/ceval-e-grupo-neivagest-criam-apoio-ate-25-mil-euros-para-estimular-negocios\/","name":"CEVAL e grupo NeivaGest criam apoio at\u00e9 25 mil euros para estimular neg\u00f3cios","isPartOf":{"@id":"https:\/\/www.altominho.tv\/site\/#website"},"primaryImageOfPage":{"@id":"https:\/\/www.altominho.tv\/site\/2021\/03\/17\/ceval-e-grupo-neivagest-criam-apoio-ate-25-mil-euros-para-estimular-negocios\/#primaryimage"},"image":{"@id":"https:\/\/www.altominho.tv\/site\/2021\/03\/17\/ceval-e-grupo-neivagest-criam-apoio-ate-25-mil-euros-para-estimular-negocios\/#primaryimage"},"thumbnailUrl":"https:\/\/www.altominho.tv\/site\/wp-content\/uploads\/2021\/03\/ceval-e-neiva.jpg","datePublished":"2021-03-17T19:24:51+00:00","dateModified":"2021-03-17T19:27:41+00:00","author":{"@id":"https:\/\/www.altominho.tv\/site\/#\/schema\/person\/63f693da3e1899361cbe955c46f3232e"},"breadcrumb":{"@id":"https:\/\/www.altominho.tv\/site\/2021\/03\/17\/ceval-e-grupo-neivagest-criam-apoio-ate-25-mil-euros-para-estimular-negocios\/#breadcrumb"},"inLanguage":"pt-PT","potentialAction":[{"@type":"ReadAction","target":["https:\/\/www.altominho.tv\/site\/2021\/03\/17\/ceval-e-grupo-neivagest-criam-apoio-ate-25-mil-euros-para-estimular-negocios\/"]}]},{"@type":"ImageObject","inLanguage":"pt-PT","@id":"https:\/\/www.altominho.tv\/site\/2021\/03\/17\/ceval-e-grupo-neivagest-criam-apoio-ate-25-mil-euros-para-estimular-negocios\/#primaryimage","url":"https:\/\/www.altominho.tv\/site\/wp-content\/uploads\/2021\/03\/ceval-e-neiva.jpg","contentUrl":"https:\/\/www.altominho.tv\/site\/wp-content\/uploads\/2021\/03\/ceval-e-neiva.jpg","width":2056,"height":992},{"@type":"BreadcrumbList","@id":"https:\/\/www.altominho.tv\/site\/2021\/03\/17\/ceval-e-grupo-neivagest-criam-apoio-ate-25-mil-euros-para-estimular-negocios\/#breadcrumb","itemListElement":[{"@type":"ListItem","position":1,"name":"In\u00edcio","item":"https:\/\/www.altominho.tv\/site\/"},{"@type":"ListItem","position":2,"name":"CEVAL e grupo NeivaGest criam apoio at\u00e9 25 mil euros para estimular neg\u00f3cios"}]},{"@type":"WebSite","@id":"https:\/\/www.altominho.tv\/site\/#website","url":"https:\/\/www.altominho.tv\/site\/","name":"Altominho.tv","description":"A sua regi\u00e3o \u00e0 dist\u00e2ncia de um clique...","potentialAction":[{"@type":"SearchAction","target":{"@type":"EntryPoint","urlTemplate":"https:\/\/www.altominho.tv\/site\/?s={search_term_string}"},"query-input":{"@type":"PropertyValueSpecification","valueRequired":true,"valueName":"search_term_string"}}],"inLanguage":"pt-PT"},{"@type":"Person","@id":"https:\/\/www.altominho.tv\/site\/#\/schema\/person\/63f693da3e1899361cbe955c46f3232e","name":"Lusa","image":{"@type":"ImageObject","inLanguage":"pt-PT","@id":"https:\/\/www.altominho.tv\/site\/wp-content\/uploads\/2019\/08\/LUSA_Logo.gif","url":"https:\/\/www.altominho.tv\/site\/wp-content\/uploads\/2019\/08\/LUSA_Logo.gif","contentUrl":"https:\/\/www.altominho.tv\/site\/wp-content\/uploads\/2019\/08\/LUSA_Logo.gif","caption":"Lusa"},"sameAs":["http:\/\/\/\/www.altominho.tv\/site"],"url":"https:\/\/www.altominho.tv\/site\/author\/lusa\/"}]}},"_links":{"self":[{"href":"https:\/\/www.altominho.tv\/site\/wp-json\/wp\/v2\/posts\/63991","targetHints":{"allow":["GET"]}}],"collection":[{"href":"https:\/\/www.altominho.tv\/site\/wp-json\/wp\/v2\/posts"}],"about":[{"href":"https:\/\/www.altominho.tv\/site\/wp-json\/wp\/v2\/types\/post"}],"author":[{"embeddable":true,"href":"https:\/\/www.altominho.tv\/site\/wp-json\/wp\/v2\/users\/13"}],"replies":[{"embeddable":true,"href":"https:\/\/www.altominho.tv\/site\/wp-json\/wp\/v2\/comments?post=63991"}],"version-history":[{"count":0,"href":"https:\/\/www.altominho.tv\/site\/wp-json\/wp\/v2\/posts\/63991\/revisions"}],"wp:featuredmedia":[{"embeddable":true,"href":"https:\/\/www.altominho.tv\/site\/wp-json\/wp\/v2\/media\/63992"}],"wp:attachment":[{"href":"https:\/\/www.altominho.tv\/site\/wp-json\/wp\/v2\/media?parent=63991"}],"wp:term":[{"taxonomy":"category","embeddable":true,"href":"https:\/\/www.altominho.tv\/site\/wp-json\/wp\/v2\/categories?post=63991"},{"taxonomy":"post_tag","embeddable":true,"href":"https:\/\/www.altominho.tv\/site\/wp-json\/wp\/v2\/tags?post=63991"}],"curies":[{"name":"wp","href":"https:\/\/api.w.org\/{rel}","templated":true}]}}